{"id":10000,"date":"2014-06-12T09:17:37","date_gmt":"2014-06-12T07:17:37","guid":{"rendered":"https:\/\/www.printweb.de\/digitaldruck\/?p=10000"},"modified":"2014-06-12T09:17:37","modified_gmt":"2014-06-12T07:17:37","slug":"edel-und-praktisch-besondere-kalenderbuecher-von-roemerturm","status":"publish","type":"post","link":"https:\/\/www.printweb.de\/digitaldruck\/edel-und-praktisch-besondere-kalenderbuecher-von-roemerturm\/10000\/","title":{"rendered":"Edel und praktisch: <br \/>Besondere Kalenderb\u00fccher von ..."},"content":{"rendered":"<p>Bereits ab einer Auflage von einem St\u00fcck produzieren die Frechener Feinstpapierspezialisten hochwertige Kalenderbooklets im Format DIN A5. F\u00fcr die Gestaltung des Covers stehen insgesamt 50 Farben des Colorplan-Sortiments sowie verschiedene Veredelungstechniken zur Auswahl.<\/p>\n<p>Ich habe einige dieser Exemplare in der Hand gehabt und muss schon sagen: Edel, edel &#8211; und trotzdem ganz nat\u00fcrlich und bodenst\u00e4ndig. Dazu tragen sicher das sch\u00f6ne <a href=\"http:\/\/www.colorplanpapers.com\" class=\"broken_link\">Colorplan-Sortiment<\/a> f\u00fcr die Umschlaggestaltung und das feine Innenleben der Booklets bei. Umschlagst\u00e4rken von bis zu 1400g und vielf\u00e4ltigste Veredlungsm\u00f6glichkeiten machen aus den Kalendern h\u00f6chst individuelle Gebrauchsgegenst\u00e4nde, die bei jeder Benutzung sinnliche Freude bereiten. Liebevoll gemacht sind auch die farblich abgestimmten Leseb\u00e4ndchen. Man merkt, dass hier viel Herzblut am Werk war. Chapeau!<\/p>\n<p>Schade eigentlich, dass die Papierprofis (noch) keinen Online-Shop f\u00fcr die Konfiguration geschaltet haben. Das w\u00fcrde zumindest meinem kreativen Spielbed\u00fcrfnis entgegenkommen und h\u00e4tte den netten Nebeneffekt, dass man gleich sieht, was der Spa\u00df kostet :-). N\u00e4here Informationen gibt es direkt bei <a href=\"http:\/\/www.roemerturm.de\/news\/Bring_Farbe_In_Den_Grauen_Alltag_\/einzelne_news\/\" class=\"broken_link\">R\u00f6merturm<\/a>.<\/p>\n<p>&nbsp;<\/p>\n<p><a href=\"https:\/\/www.printweb.de\/digitaldruck\/wp-content\/uploads\/2014\/06\/Bildschirmfoto-2014-06-12-um-09.12.48.png\"><img decoding=\"async\" class=\"aligncenter size-thumbnail wp-image-10001\" alt=\"Bildschirmfoto 2014-06-12 um 09.12.48\" src=\"https:\/\/www.printweb.de\/digitaldruck\/wp-content\/uploads\/2014\/06\/Bildschirmfoto-2014-06-12-um-09.12.48-765x508.png\" width=\"658\" height=\"437\" srcset=\"https:\/\/www.printweb.de\/digitaldruck\/wp-content\/uploads\/2014\/06\/Bildschirmfoto-2014-06-12-um-09.12.48-765x508.png 765w, https:\/\/www.printweb.de\/digitaldruck\/wp-content\/uploads\/2014\/06\/Bildschirmfoto-2014-06-12-um-09.12.48-768x510.png 768w, https:\/\/www.printweb.de\/digitaldruck\/wp-content\/uploads\/2014\/06\/Bildschirmfoto-2014-06-12-um-09.12.48-738x490.png 738w, https:\/\/www.printweb.de\/digitaldruck\/wp-content\/uploads\/2014\/06\/Bildschirmfoto-2014-06-12-um-09.12.48.png 1273w\" sizes=\"(max-width: 658px) 100vw, 658px\" \/><\/a><\/p>\n<p>&nbsp;<\/p>\n<p><a href=\"https:\/\/www.printweb.de\/digitaldruck\/wp-content\/uploads\/2014\/06\/Bildschirmfoto-2014-06-12-um-09.12.33.png\"><img decoding=\"async\" class=\"aligncenter size-thumbnail wp-image-10002\" alt=\"Bildschirmfoto 2014-06-12 um 09.12.33\" src=\"https:\/\/www.printweb.de\/digitaldruck\/wp-content\/uploads\/2014\/06\/Bildschirmfoto-2014-06-12-um-09.12.33-765x509.png\" width=\"657\" height=\"437\" srcset=\"https:\/\/www.printweb.de\/digitaldruck\/wp-content\/uploads\/2014\/06\/Bildschirmfoto-2014-06-12-um-09.12.33-765x509.png 765w, https:\/\/www.printweb.de\/digitaldruck\/wp-content\/uploads\/2014\/06\/Bildschirmfoto-2014-06-12-um-09.12.33-768x511.png 768w, https:\/\/www.printweb.de\/digitaldruck\/wp-content\/uploads\/2014\/06\/Bildschirmfoto-2014-06-12-um-09.12.33-737x490.png 737w, https:\/\/www.printweb.de\/digitaldruck\/wp-content\/uploads\/2014\/06\/Bildschirmfoto-2014-06-12-um-09.12.33.png 1272w\" sizes=\"(max-width: 657px) 100vw, 657px\" \/><\/a><\/p>\n<p style=\"text-align: center;\"><em>Klick auf&#8217;s Bild f\u00fcr eine h\u00f6here Aufl\u00f6sung.<br \/>\n<\/em><\/p>\n<p style=\"margin-top: 15px; margin-bottom: -5px;\"><a href=\"http:\/\/www.facebook.com\/printweb.de\" target=\"_blank\" class=\"broken_link\"><img decoding=\"async\" title=\"Die Colour Connection auf Facebook\" alt=\"printweb.de auf Facebook\" src=\"https:\/\/www.printweb.de\/digitaldruck\/wp-content\/uploads\/fb-postlogo.png\" \/><\/a> <a href=\"http:\/\/www.twitter.com\/digitaldruck\" target=\"_blank\" class=\"broken_link\"><img decoding=\"async\" title=\"Die Colour Connection auf Twitter\" alt=\"printweb.de auf Twitter\" src=\"https:\/\/www.printweb.de\/digitaldruck\/wp-content\/uploads\/twitter-postlogo.png\" \/> <\/a><\/p>\n","protected":false},"excerpt":{"rendered":"Bereits ab einer Auflage von einem St\u00fcck produzieren die Frechener Feinstpapierspezialisten hochwertige Kalenderbooklets im Format DIN A5. F\u00fcr &#8230; <br><br><a class=\"readmore\" href=\"https:\/\/www.printweb.de\/digitaldruck\/edel-und-praktisch-besondere-kalenderbuecher-von-roemerturm\/10000\/\">mehr<\/a>","protected":false},"author":2,"featured_media":10001,"comment_status":"open","ping_status":"open","sticky":false,"template":"","format":"standard","meta":{"_acf_changed":false,"footnotes":""},"categories":[1],"tags":[],"class_list":["post-10000","post","type-post","status-publish","format-standard","has-post-thumbnail","hentry","category-alle-beitraege"],"acf":[],"yoast_head":"<!-- This site is optimized with the Yoast SEO plugin v23.1 - https:\/\/yoast.com\/wordpress\/plugins\/seo\/ -->\n<title>Edel und praktisch: Besondere Kalenderb\u00fccher von R\u00f6merturm | Was Print bewirken kann.<\/title>\n<meta name=\"robots\" content=\"index, follow, max-snippet:-1, max-image-preview:large, max-video-preview:-1\" \/>\n<link rel=\"canonical\" href=\"https:\/\/www.printweb.de\/digitaldruck\/edel-und-praktisch-besondere-kalenderbuecher-von-roemerturm\/10000\/\" \/>\n<meta property=\"og:locale\" content=\"de_DE\" \/>\n<meta property=\"og:type\" content=\"article\" \/>\n<meta property=\"og:title\" content=\"Edel und praktisch: Besondere Kalenderb\u00fccher von R\u00f6merturm | Was Print bewirken kann.\" \/>\n<meta property=\"og:description\" content=\"Bereits ab einer Auflage von einem St\u00fcck produzieren die Frechener Feinstpapierspezialisten hochwertige Kalenderbooklets im Format DIN A5. F\u00fcr ... mehr\" \/>\n<meta property=\"og:url\" content=\"https:\/\/www.printweb.de\/digitaldruck\/edel-und-praktisch-besondere-kalenderbuecher-von-roemerturm\/10000\/\" \/>\n<meta property=\"og:site_name\" content=\"Was Print bewirken kann.\" \/>\n<meta property=\"article:publisher\" content=\"https:\/\/www.facebook.com\/printweb.de\/\" \/>\n<meta property=\"article:published_time\" content=\"2014-06-12T07:17:37+00:00\" \/>\n<meta property=\"og:image\" content=\"https:\/\/www.printweb.de\/digitaldruck\/wp-content\/uploads\/2014\/06\/Bildschirmfoto-2014-06-12-um-09.12.48.png\" \/>\n\t<meta property=\"og:image:width\" content=\"1273\" \/>\n\t<meta property=\"og:image:height\" content=\"845\" \/>\n\t<meta property=\"og:image:type\" content=\"image\/png\" \/>\n<meta name=\"author\" content=\"Ralph Hadem\" \/>\n<meta name=\"twitter:card\" content=\"summary_large_image\" \/>\n<meta name=\"twitter:creator\" content=\"@digitaldruck\" \/>\n<meta name=\"twitter:site\" content=\"@digitaldruck\" \/>\n<meta name=\"twitter:label1\" content=\"Verfasst von\" \/>\n\t<meta name=\"twitter:data1\" content=\"Ralph Hadem\" \/>\n\t<meta name=\"twitter:label2\" content=\"Gesch\u00e4tzte Lesezeit\" \/>\n\t<meta name=\"twitter:data2\" content=\"1 Minute\" \/>\n<script type=\"application\/ld+json\" class=\"yoast-schema-graph\">{\"@context\":\"https:\/\/schema.org\",\"@graph\":[{\"@type\":\"Article\",\"@id\":\"https:\/\/www.printweb.de\/digitaldruck\/edel-und-praktisch-besondere-kalenderbuecher-von-roemerturm\/10000\/#article\",\"isPartOf\":{\"@id\":\"https:\/\/www.printweb.de\/digitaldruck\/edel-und-praktisch-besondere-kalenderbuecher-von-roemerturm\/10000\/\"},\"author\":{\"name\":\"Ralph Hadem\",\"@id\":\"https:\/\/www.printweb.de\/digitaldruck\/#\/schema\/person\/0e0308818185589fb8602180e9273195\"},\"headline\":\"Edel und praktisch: Besondere Kalenderb\u00fccher von ...\",\"datePublished\":\"2014-06-12T07:17:37+00:00\",\"dateModified\":\"2014-06-12T07:17:37+00:00\",\"mainEntityOfPage\":{\"@id\":\"https:\/\/www.printweb.de\/digitaldruck\/edel-und-praktisch-besondere-kalenderbuecher-von-roemerturm\/10000\/\"},\"wordCount\":191,\"commentCount\":0,\"publisher\":{\"@id\":\"https:\/\/www.printweb.de\/digitaldruck\/#organization\"},\"image\":{\"@id\":\"https:\/\/www.printweb.de\/digitaldruck\/edel-und-praktisch-besondere-kalenderbuecher-von-roemerturm\/10000\/#primaryimage\"},\"thumbnailUrl\":\"https:\/\/www.printweb.de\/digitaldruck\/wp-content\/uploads\/2014\/06\/Bildschirmfoto-2014-06-12-um-09.12.48.png\",\"articleSection\":[\"Digitaldruck+Veredlung\"],\"inLanguage\":\"de-DE\",\"potentialAction\":[{\"@type\":\"CommentAction\",\"name\":\"Comment\",\"target\":[\"https:\/\/www.printweb.de\/digitaldruck\/edel-und-praktisch-besondere-kalenderbuecher-von-roemerturm\/10000\/#respond\"]}]},{\"@type\":\"WebPage\",\"@id\":\"https:\/\/www.printweb.de\/digitaldruck\/edel-und-praktisch-besondere-kalenderbuecher-von-roemerturm\/10000\/\",\"url\":\"https:\/\/www.printweb.de\/digitaldruck\/edel-und-praktisch-besondere-kalenderbuecher-von-roemerturm\/10000\/\",\"name\":\"Edel und praktisch: Besondere Kalenderb\u00fccher von R\u00f6merturm | Was Print bewirken kann.\",\"isPartOf\":{\"@id\":\"https:\/\/www.printweb.de\/digitaldruck\/#website\"},\"primaryImageOfPage\":{\"@id\":\"https:\/\/www.printweb.de\/digitaldruck\/edel-und-praktisch-besondere-kalenderbuecher-von-roemerturm\/10000\/#primaryimage\"},\"image\":{\"@id\":\"https:\/\/www.printweb.de\/digitaldruck\/edel-und-praktisch-besondere-kalenderbuecher-von-roemerturm\/10000\/#primaryimage\"},\"thumbnailUrl\":\"https:\/\/www.printweb.de\/digitaldruck\/wp-content\/uploads\/2014\/06\/Bildschirmfoto-2014-06-12-um-09.12.48.png\",\"datePublished\":\"2014-06-12T07:17:37+00:00\",\"dateModified\":\"2014-06-12T07:17:37+00:00\",\"inLanguage\":\"de-DE\",\"potentialAction\":[{\"@type\":\"ReadAction\",\"target\":[\"https:\/\/www.printweb.de\/digitaldruck\/edel-und-praktisch-besondere-kalenderbuecher-von-roemerturm\/10000\/\"]}]},{\"@type\":\"ImageObject\",\"inLanguage\":\"de-DE\",\"@id\":\"https:\/\/www.printweb.de\/digitaldruck\/edel-und-praktisch-besondere-kalenderbuecher-von-roemerturm\/10000\/#primaryimage\",\"url\":\"https:\/\/www.printweb.de\/digitaldruck\/wp-content\/uploads\/2014\/06\/Bildschirmfoto-2014-06-12-um-09.12.48.png\",\"contentUrl\":\"https:\/\/www.printweb.de\/digitaldruck\/wp-content\/uploads\/2014\/06\/Bildschirmfoto-2014-06-12-um-09.12.48.png\",\"width\":1273,\"height\":845},{\"@type\":\"WebSite\",\"@id\":\"https:\/\/www.printweb.de\/digitaldruck\/#website\",\"url\":\"https:\/\/www.printweb.de\/digitaldruck\/\",\"name\":\"Was Print bewirken kann.\",\"description\":\"Was Print bewirken kann \u2013 1700 Ideen.\",\"publisher\":{\"@id\":\"https:\/\/www.printweb.de\/digitaldruck\/#organization\"},\"potentialAction\":[{\"@type\":\"SearchAction\",\"target\":{\"@type\":\"EntryPoint\",\"urlTemplate\":\"https:\/\/www.printweb.de\/digitaldruck\/?s={search_term_string}\"},\"query-input\":\"required name=search_term_string\"}],\"inLanguage\":\"de-DE\"},{\"@type\":\"Organization\",\"@id\":\"https:\/\/www.printweb.de\/digitaldruck\/#organization\",\"name\":\"Colour Connection GmbH, printweb.de, Frankfurt am Main\",\"url\":\"https:\/\/www.printweb.de\/digitaldruck\/\",\"logo\":{\"@type\":\"ImageObject\",\"inLanguage\":\"de-DE\",\"@id\":\"https:\/\/www.printweb.de\/digitaldruck\/#\/schema\/logo\/image\/\",\"url\":\"https:\/\/www.printweb.de\/digitaldruck\/wp-content\/uploads\/2019\/11\/colour-connectio-printweb-logo.jpg\",\"contentUrl\":\"https:\/\/www.printweb.de\/digitaldruck\/wp-content\/uploads\/2019\/11\/colour-connectio-printweb-logo.jpg\",\"width\":1014,\"height\":229,\"caption\":\"Colour Connection GmbH, printweb.de, Frankfurt am Main\"},\"image\":{\"@id\":\"https:\/\/www.printweb.de\/digitaldruck\/#\/schema\/logo\/image\/\"},\"sameAs\":[\"https:\/\/www.facebook.com\/printweb.de\/\",\"https:\/\/x.com\/digitaldruck\",\"https:\/\/www.instagram.com\/printweb.de\/\",\"https:\/\/www.youtube.com\/user\/Digitaldruckerei\"]},{\"@type\":\"Person\",\"@id\":\"https:\/\/www.printweb.de\/digitaldruck\/#\/schema\/person\/0e0308818185589fb8602180e9273195\",\"name\":\"Ralph Hadem\",\"image\":{\"@type\":\"ImageObject\",\"inLanguage\":\"de-DE\",\"@id\":\"https:\/\/www.printweb.de\/digitaldruck\/#\/schema\/person\/image\/\",\"url\":\"https:\/\/secure.gravatar.com\/avatar\/386b1b183dce310c5ac8a8f475fdecd8?s=96&d=blank&r=g\",\"contentUrl\":\"https:\/\/secure.gravatar.com\/avatar\/386b1b183dce310c5ac8a8f475fdecd8?s=96&d=blank&r=g\",\"caption\":\"Ralph Hadem\"},\"sameAs\":[\"https:\/\/www.printweb.de\"],\"url\":\"https:\/\/www.printweb.de\/digitaldruck\/author\/ralphhadem\/\"}]}<\/script>\n<!-- \/ Yoast SEO plugin. -->","yoast_head_json":{"title":"Edel und praktisch: Besondere Kalenderb\u00fccher von R\u00f6merturm | Was Print bewirken kann.","robots":{"index":"index","follow":"follow","max-snippet":"max-snippet:-1","max-image-preview":"max-image-preview:large","max-video-preview":"max-video-preview:-1"},"canonical":"https:\/\/www.printweb.de\/digitaldruck\/edel-und-praktisch-besondere-kalenderbuecher-von-roemerturm\/10000\/","og_locale":"de_DE","og_type":"article","og_title":"Edel und praktisch: Besondere Kalenderb\u00fccher von R\u00f6merturm | Was Print bewirken kann.","og_description":"Bereits ab einer Auflage von einem St\u00fcck produzieren die Frechener Feinstpapierspezialisten hochwertige Kalenderbooklets im Format DIN A5. F\u00fcr ... mehr","og_url":"https:\/\/www.printweb.de\/digitaldruck\/edel-und-praktisch-besondere-kalenderbuecher-von-roemerturm\/10000\/","og_site_name":"Was Print bewirken kann.","article_publisher":"https:\/\/www.facebook.com\/printweb.de\/","article_published_time":"2014-06-12T07:17:37+00:00","og_image":[{"width":1273,"height":845,"url":"https:\/\/www.printweb.de\/digitaldruck\/wp-content\/uploads\/2014\/06\/Bildschirmfoto-2014-06-12-um-09.12.48.png","type":"image\/png"}],"author":"Ralph Hadem","twitter_card":"summary_large_image","twitter_creator":"@digitaldruck","twitter_site":"@digitaldruck","twitter_misc":{"Verfasst von":"Ralph Hadem","Gesch\u00e4tzte Lesezeit":"1 Minute"},"schema":{"@context":"https:\/\/schema.org","@graph":[{"@type":"Article","@id":"https:\/\/www.printweb.de\/digitaldruck\/edel-und-praktisch-besondere-kalenderbuecher-von-roemerturm\/10000\/#article","isPartOf":{"@id":"https:\/\/www.printweb.de\/digitaldruck\/edel-und-praktisch-besondere-kalenderbuecher-von-roemerturm\/10000\/"},"author":{"name":"Ralph Hadem","@id":"https:\/\/www.printweb.de\/digitaldruck\/#\/schema\/person\/0e0308818185589fb8602180e9273195"},"headline":"Edel und praktisch: Besondere Kalenderb\u00fccher von ...","datePublished":"2014-06-12T07:17:37+00:00","dateModified":"2014-06-12T07:17:37+00:00","mainEntityOfPage":{"@id":"https:\/\/www.printweb.de\/digitaldruck\/edel-und-praktisch-besondere-kalenderbuecher-von-roemerturm\/10000\/"},"wordCount":191,"commentCount":0,"publisher":{"@id":"https:\/\/www.printweb.de\/digitaldruck\/#organization"},"image":{"@id":"https:\/\/www.printweb.de\/digitaldruck\/edel-und-praktisch-besondere-kalenderbuecher-von-roemerturm\/10000\/#primaryimage"},"thumbnailUrl":"https:\/\/www.printweb.de\/digitaldruck\/wp-content\/uploads\/2014\/06\/Bildschirmfoto-2014-06-12-um-09.12.48.png","articleSection":["Digitaldruck+Veredlung"],"inLanguage":"de-DE","potentialAction":[{"@type":"CommentAction","name":"Comment","target":["https:\/\/www.printweb.de\/digitaldruck\/edel-und-praktisch-besondere-kalenderbuecher-von-roemerturm\/10000\/#respond"]}]},{"@type":"WebPage","@id":"https:\/\/www.printweb.de\/digitaldruck\/edel-und-praktisch-besondere-kalenderbuecher-von-roemerturm\/10000\/","url":"https:\/\/www.printweb.de\/digitaldruck\/edel-und-praktisch-besondere-kalenderbuecher-von-roemerturm\/10000\/","name":"Edel und praktisch: Besondere Kalenderb\u00fccher von R\u00f6merturm | Was Print bewirken kann.","isPartOf":{"@id":"https:\/\/www.printweb.de\/digitaldruck\/#website"},"primaryImageOfPage":{"@id":"https:\/\/www.printweb.de\/digitaldruck\/edel-und-praktisch-besondere-kalenderbuecher-von-roemerturm\/10000\/#primaryimage"},"image":{"@id":"https:\/\/www.printweb.de\/digitaldruck\/edel-und-praktisch-besondere-kalenderbuecher-von-roemerturm\/10000\/#primaryimage"},"thumbnailUrl":"https:\/\/www.printweb.de\/digitaldruck\/wp-content\/uploads\/2014\/06\/Bildschirmfoto-2014-06-12-um-09.12.48.png","datePublished":"2014-06-12T07:17:37+00:00","dateModified":"2014-06-12T07:17:37+00:00","inLanguage":"de-DE","potentialAction":[{"@type":"ReadAction","target":["https:\/\/www.printweb.de\/digitaldruck\/edel-und-praktisch-besondere-kalenderbuecher-von-roemerturm\/10000\/"]}]},{"@type":"ImageObject","inLanguage":"de-DE","@id":"https:\/\/www.printweb.de\/digitaldruck\/edel-und-praktisch-besondere-kalenderbuecher-von-roemerturm\/10000\/#primaryimage","url":"https:\/\/www.printweb.de\/digitaldruck\/wp-content\/uploads\/2014\/06\/Bildschirmfoto-2014-06-12-um-09.12.48.png","contentUrl":"https:\/\/www.printweb.de\/digitaldruck\/wp-content\/uploads\/2014\/06\/Bildschirmfoto-2014-06-12-um-09.12.48.png","width":1273,"height":845},{"@type":"WebSite","@id":"https:\/\/www.printweb.de\/digitaldruck\/#website","url":"https:\/\/www.printweb.de\/digitaldruck\/","name":"Was Print bewirken kann.","description":"Was Print bewirken kann \u2013 1700 Ideen.","publisher":{"@id":"https:\/\/www.printweb.de\/digitaldruck\/#organization"},"potentialAction":[{"@type":"SearchAction","target":{"@type":"EntryPoint","urlTemplate":"https:\/\/www.printweb.de\/digitaldruck\/?s={search_term_string}"},"query-input":"required name=search_term_string"}],"inLanguage":"de-DE"},{"@type":"Organization","@id":"https:\/\/www.printweb.de\/digitaldruck\/#organization","name":"Colour Connection GmbH, printweb.de, Frankfurt am Main","url":"https:\/\/www.printweb.de\/digitaldruck\/","logo":{"@type":"ImageObject","inLanguage":"de-DE","@id":"https:\/\/www.printweb.de\/digitaldruck\/#\/schema\/logo\/image\/","url":"https:\/\/www.printweb.de\/digitaldruck\/wp-content\/uploads\/2019\/11\/colour-connectio-printweb-logo.jpg","contentUrl":"https:\/\/www.printweb.de\/digitaldruck\/wp-content\/uploads\/2019\/11\/colour-connectio-printweb-logo.jpg","width":1014,"height":229,"caption":"Colour Connection GmbH, printweb.de, Frankfurt am Main"},"image":{"@id":"https:\/\/www.printweb.de\/digitaldruck\/#\/schema\/logo\/image\/"},"sameAs":["https:\/\/www.facebook.com\/printweb.de\/","https:\/\/x.com\/digitaldruck","https:\/\/www.instagram.com\/printweb.de\/","https:\/\/www.youtube.com\/user\/Digitaldruckerei"]},{"@type":"Person","@id":"https:\/\/www.printweb.de\/digitaldruck\/#\/schema\/person\/0e0308818185589fb8602180e9273195","name":"Ralph Hadem","image":{"@type":"ImageObject","inLanguage":"de-DE","@id":"https:\/\/www.printweb.de\/digitaldruck\/#\/schema\/person\/image\/","url":"https:\/\/secure.gravatar.com\/avatar\/386b1b183dce310c5ac8a8f475fdecd8?s=96&d=blank&r=g","contentUrl":"https:\/\/secure.gravatar.com\/avatar\/386b1b183dce310c5ac8a8f475fdecd8?s=96&d=blank&r=g","caption":"Ralph Hadem"},"sameAs":["https:\/\/www.printweb.de"],"url":"https:\/\/www.printweb.de\/digitaldruck\/author\/ralphhadem\/"}]}},"_links":{"self":[{"href":"https:\/\/www.printweb.de\/digitaldruck\/wp-json\/wp\/v2\/posts\/10000"}],"collection":[{"href":"https:\/\/www.printweb.de\/digitaldruck\/wp-json\/wp\/v2\/posts"}],"about":[{"href":"https:\/\/www.printweb.de\/digitaldruck\/wp-json\/wp\/v2\/types\/post"}],"author":[{"embeddable":true,"href":"https:\/\/www.printweb.de\/digitaldruck\/wp-json\/wp\/v2\/users\/2"}],"replies":[{"embeddable":true,"href":"https:\/\/www.printweb.de\/digitaldruck\/wp-json\/wp\/v2\/comments?post=10000"}],"version-history":[{"count":6,"href":"https:\/\/www.printweb.de\/digitaldruck\/wp-json\/wp\/v2\/posts\/10000\/revisions"}],"predecessor-version":[{"id":10008,"href":"https:\/\/www.printweb.de\/digitaldruck\/wp-json\/wp\/v2\/posts\/10000\/revisions\/10008"}],"wp:featuredmedia":[{"embeddable":true,"href":"https:\/\/www.printweb.de\/digitaldruck\/wp-json\/wp\/v2\/media\/10001"}],"wp:attachment":[{"href":"https:\/\/www.printweb.de\/digitaldruck\/wp-json\/wp\/v2\/media?parent=10000"}],"wp:term":[{"taxonomy":"category","embeddable":true,"href":"https:\/\/www.printweb.de\/digitaldruck\/wp-json\/wp\/v2\/categories?post=10000"},{"taxonomy":"post_tag","embeddable":true,"href":"https:\/\/www.printweb.de\/digitaldruck\/wp-json\/wp\/v2\/tags?post=10000"}],"curies":[{"name":"wp","href":"https:\/\/api.w.org\/{rel}","templated":true}]}}