{"id":10053,"date":"2014-06-25T08:39:44","date_gmt":"2014-06-25T06:39:44","guid":{"rendered":"https:\/\/www.printweb.de\/digitaldruck\/?p=10053"},"modified":"2014-06-25T08:39:44","modified_gmt":"2014-06-25T06:39:44","slug":"natuerlich-schoen-portfolio-mit-recycling-umschlag-aus-kraftkarton","status":"publish","type":"post","link":"https:\/\/www.printweb.de\/digitaldruck\/natuerlich-schoen-portfolio-mit-recycling-umschlag-aus-kraftkarton\/10053\/","title":{"rendered":"Nat\u00fcrlich sch\u00f6n: <br \/>Portfolio mit Recycling-Umschlag aus ..."},"content":{"rendered":"<p>In Anlehnung an eine ziemlich bekannte Schokolade aus deutschen Landen k\u00f6nnte man bei diesem kleinen Booklet texten: Quadratisch, praktisch, schick! Der naturbraune Umschlag aus Muskat Kraftkarton, reduziert gestaltet mit einem schwarzen Ornament, steht in einer guten Spannung zu den farbigen, fr\u00f6hlichen Designs auf den Inhaltsseiten. Solche Booklets (in diesem und zig anderen Formaten) kann man bei uns <a title=\"Brosch\u00fcren im Digitaldruck\" href=\"https:\/\/www.printweb.de\/broschueren\/rueckenstichheftung\" target=\"_blank\">online kalkulieren und bestellen<\/a>. Und das preiswert und schnell schon ab 10 Exemplaren.<\/p>\n<p>&nbsp;<\/p>\n<p><a href=\"https:\/\/www.printweb.de\/digitaldruck\/wp-content\/uploads\/2014\/06\/377-Portfolio-4851-1.jpg\"><img decoding=\"async\" class=\"aligncenter size-thumbnail wp-image-10055\" alt=\"377- Portfolio-4851--1\" src=\"https:\/\/www.printweb.de\/digitaldruck\/wp-content\/uploads\/2014\/06\/377-Portfolio-4851-1-765x765.jpg\" width=\"437\" height=\"437\" srcset=\"https:\/\/www.printweb.de\/digitaldruck\/wp-content\/uploads\/2014\/06\/377-Portfolio-4851-1-765x765.jpg 765w, https:\/\/www.printweb.de\/digitaldruck\/wp-content\/uploads\/2014\/06\/377-Portfolio-4851-1-768x768.jpg 768w, https:\/\/www.printweb.de\/digitaldruck\/wp-content\/uploads\/2014\/06\/377-Portfolio-4851-1-490x490.jpg 490w, https:\/\/www.printweb.de\/digitaldruck\/wp-content\/uploads\/2014\/06\/377-Portfolio-4851-1-65x65.jpg 65w\" sizes=\"(max-width: 437px) 100vw, 437px\" \/><\/a><\/p>\n<p>&nbsp;<\/p>\n<p><a href=\"https:\/\/www.printweb.de\/digitaldruck\/wp-content\/uploads\/2014\/06\/377-Portfolio-4854-1.jpg\"><img decoding=\"async\" class=\"aligncenter size-thumbnail wp-image-10054\" alt=\"377- Portfolio-4854--1\" src=\"https:\/\/www.printweb.de\/digitaldruck\/wp-content\/uploads\/2014\/06\/377-Portfolio-4854-1-765x453.jpg\" width=\"683\" height=\"404\" srcset=\"https:\/\/www.printweb.de\/digitaldruck\/wp-content\/uploads\/2014\/06\/377-Portfolio-4854-1-765x453.jpg 765w, https:\/\/www.printweb.de\/digitaldruck\/wp-content\/uploads\/2014\/06\/377-Portfolio-4854-1-768x455.jpg 768w\" sizes=\"(max-width: 683px) 100vw, 683px\" \/><\/a><\/p>\n<p style=\"text-align: center;\"><em>Klick auf&#8217;s Bild f\u00fcr eine h\u00f6here Aufl\u00f6sung.<br \/>\n<\/em><\/p>\n<p style=\"margin-top: 15px; margin-bottom: -5px;\"><a href=\"http:\/\/www.facebook.com\/printweb.de\" target=\"_blank\" class=\"broken_link\"><img decoding=\"async\" title=\"Die Colour Connection auf Facebook\" alt=\"printweb.de auf Facebook\" src=\"https:\/\/www.printweb.de\/digitaldruck\/wp-content\/uploads\/fb-postlogo.png\" \/><\/a> <a href=\"http:\/\/www.twitter.com\/digitaldruck\" target=\"_blank\" class=\"broken_link\"><img decoding=\"async\" title=\"Die Colour Connection auf Twitter\" alt=\"printweb.de auf Twitter\" src=\"https:\/\/www.printweb.de\/digitaldruck\/wp-content\/uploads\/twitter-postlogo.png\" \/> <\/a><\/p>\n","protected":false},"excerpt":{"rendered":"In Anlehnung an eine ziemlich bekannte Schokolade aus deutschen Landen k\u00f6nnte man bei diesem kleinen Booklet texten: Quadratisch, &#8230; <br><br><a class=\"readmore\" href=\"https:\/\/www.printweb.de\/digitaldruck\/natuerlich-schoen-portfolio-mit-recycling-umschlag-aus-kraftkarton\/10053\/\">mehr<\/a>","protected":false},"author":2,"featured_media":10055,"comment_status":"open","ping_status":"open","sticky":false,"template":"","format":"standard","meta":{"_acf_changed":false,"footnotes":""},"categories":[1,34,48,36],"tags":[],"class_list":["post-10053","post","type-post","status-publish","format-standard","has-post-thumbnail","hentry","category-alle-beitraege","category-papier-und-bedruckstoffe","category-haptik-highlights","category-broschueren"],"acf":[],"yoast_head":"<!-- This site is optimized with the Yoast SEO plugin v23.1 - https:\/\/yoast.com\/wordpress\/plugins\/seo\/ -->\n<title>Nat\u00fcrlich sch\u00f6n: Portfolio mit Recycling-Umschlag aus Kraftkarton | Was Print bewirken kann.<\/title>\n<meta name=\"robots\" content=\"index, follow, max-snippet:-1, max-image-preview:large, max-video-preview:-1\" \/>\n<link rel=\"canonical\" href=\"https:\/\/www.printweb.de\/digitaldruck\/natuerlich-schoen-portfolio-mit-recycling-umschlag-aus-kraftkarton\/10053\/\" \/>\n<meta property=\"og:locale\" content=\"de_DE\" \/>\n<meta property=\"og:type\" content=\"article\" \/>\n<meta property=\"og:title\" content=\"Nat\u00fcrlich sch\u00f6n: Portfolio mit Recycling-Umschlag aus Kraftkarton | Was Print bewirken kann.\" \/>\n<meta property=\"og:description\" content=\"In Anlehnung an eine ziemlich bekannte Schokolade aus deutschen Landen k\u00f6nnte man bei diesem kleinen Booklet texten: Quadratisch, ... mehr\" \/>\n<meta property=\"og:url\" content=\"https:\/\/www.printweb.de\/digitaldruck\/natuerlich-schoen-portfolio-mit-recycling-umschlag-aus-kraftkarton\/10053\/\" \/>\n<meta property=\"og:site_name\" content=\"Was Print bewirken kann.\" \/>\n<meta property=\"article:publisher\" content=\"https:\/\/www.facebook.com\/printweb.de\/\" \/>\n<meta property=\"article:published_time\" content=\"2014-06-25T06:39:44+00:00\" \/>\n<meta property=\"og:image\" content=\"https:\/\/www.printweb.de\/digitaldruck\/wp-content\/uploads\/2014\/06\/377-Portfolio-4851-1.jpg\" \/>\n\t<meta property=\"og:image:width\" content=\"2362\" \/>\n\t<meta property=\"og:image:height\" content=\"2362\" \/>\n\t<meta property=\"og:image:type\" content=\"image\/jpeg\" \/>\n<meta name=\"author\" content=\"Ralph Hadem\" \/>\n<meta name=\"twitter:card\" content=\"summary_large_image\" \/>\n<meta name=\"twitter:creator\" content=\"@digitaldruck\" \/>\n<meta name=\"twitter:site\" content=\"@digitaldruck\" \/>\n<meta name=\"twitter:label1\" content=\"Verfasst von\" \/>\n\t<meta name=\"twitter:data1\" content=\"Ralph Hadem\" \/>\n<script type=\"application\/ld+json\" class=\"yoast-schema-graph\">{\"@context\":\"https:\/\/schema.org\",\"@graph\":[{\"@type\":\"Article\",\"@id\":\"https:\/\/www.printweb.de\/digitaldruck\/natuerlich-schoen-portfolio-mit-recycling-umschlag-aus-kraftkarton\/10053\/#article\",\"isPartOf\":{\"@id\":\"https:\/\/www.printweb.de\/digitaldruck\/natuerlich-schoen-portfolio-mit-recycling-umschlag-aus-kraftkarton\/10053\/\"},\"author\":{\"name\":\"Ralph Hadem\",\"@id\":\"https:\/\/www.printweb.de\/digitaldruck\/#\/schema\/person\/0e0308818185589fb8602180e9273195\"},\"headline\":\"Nat\u00fcrlich sch\u00f6n: Portfolio mit Recycling-Umschlag aus ...\",\"datePublished\":\"2014-06-25T06:39:44+00:00\",\"dateModified\":\"2014-06-25T06:39:44+00:00\",\"mainEntityOfPage\":{\"@id\":\"https:\/\/www.printweb.de\/digitaldruck\/natuerlich-schoen-portfolio-mit-recycling-umschlag-aus-kraftkarton\/10053\/\"},\"wordCount\":93,\"commentCount\":0,\"publisher\":{\"@id\":\"https:\/\/www.printweb.de\/digitaldruck\/#organization\"},\"image\":{\"@id\":\"https:\/\/www.printweb.de\/digitaldruck\/natuerlich-schoen-portfolio-mit-recycling-umschlag-aus-kraftkarton\/10053\/#primaryimage\"},\"thumbnailUrl\":\"https:\/\/www.printweb.de\/digitaldruck\/wp-content\/uploads\/2014\/06\/377-Portfolio-4851-1.jpg\",\"articleSection\":[\"Digitaldruck+Veredlung\",\"Papier &amp; Bedruckstoffe\",\"Haptik-Highlights\",\"Brosch\u00fcren\"],\"inLanguage\":\"de-DE\",\"potentialAction\":[{\"@type\":\"CommentAction\",\"name\":\"Comment\",\"target\":[\"https:\/\/www.printweb.de\/digitaldruck\/natuerlich-schoen-portfolio-mit-recycling-umschlag-aus-kraftkarton\/10053\/#respond\"]}]},{\"@type\":\"WebPage\",\"@id\":\"https:\/\/www.printweb.de\/digitaldruck\/natuerlich-schoen-portfolio-mit-recycling-umschlag-aus-kraftkarton\/10053\/\",\"url\":\"https:\/\/www.printweb.de\/digitaldruck\/natuerlich-schoen-portfolio-mit-recycling-umschlag-aus-kraftkarton\/10053\/\",\"name\":\"Nat\u00fcrlich sch\u00f6n: Portfolio mit Recycling-Umschlag aus Kraftkarton | Was Print bewirken kann.\",\"isPartOf\":{\"@id\":\"https:\/\/www.printweb.de\/digitaldruck\/#website\"},\"primaryImageOfPage\":{\"@id\":\"https:\/\/www.printweb.de\/digitaldruck\/natuerlich-schoen-portfolio-mit-recycling-umschlag-aus-kraftkarton\/10053\/#primaryimage\"},\"image\":{\"@id\":\"https:\/\/www.printweb.de\/digitaldruck\/natuerlich-schoen-portfolio-mit-recycling-umschlag-aus-kraftkarton\/10053\/#primaryimage\"},\"thumbnailUrl\":\"https:\/\/www.printweb.de\/digitaldruck\/wp-content\/uploads\/2014\/06\/377-Portfolio-4851-1.jpg\",\"datePublished\":\"2014-06-25T06:39:44+00:00\",\"dateModified\":\"2014-06-25T06:39:44+00:00\",\"inLanguage\":\"de-DE\",\"potentialAction\":[{\"@type\":\"ReadAction\",\"target\":[\"https:\/\/www.printweb.de\/digitaldruck\/natuerlich-schoen-portfolio-mit-recycling-umschlag-aus-kraftkarton\/10053\/\"]}]},{\"@type\":\"ImageObject\",\"inLanguage\":\"de-DE\",\"@id\":\"https:\/\/www.printweb.de\/digitaldruck\/natuerlich-schoen-portfolio-mit-recycling-umschlag-aus-kraftkarton\/10053\/#primaryimage\",\"url\":\"https:\/\/www.printweb.de\/digitaldruck\/wp-content\/uploads\/2014\/06\/377-Portfolio-4851-1.jpg\",\"contentUrl\":\"https:\/\/www.printweb.de\/digitaldruck\/wp-content\/uploads\/2014\/06\/377-Portfolio-4851-1.jpg\",\"width\":2362,\"height\":2362},{\"@type\":\"WebSite\",\"@id\":\"https:\/\/www.printweb.de\/digitaldruck\/#website\",\"url\":\"https:\/\/www.printweb.de\/digitaldruck\/\",\"name\":\"Was Print bewirken kann.\",\"description\":\"Was Print bewirken kann \u2013 1700 Ideen.\",\"publisher\":{\"@id\":\"https:\/\/www.printweb.de\/digitaldruck\/#organization\"},\"potentialAction\":[{\"@type\":\"SearchAction\",\"target\":{\"@type\":\"EntryPoint\",\"urlTemplate\":\"https:\/\/www.printweb.de\/digitaldruck\/?s={search_term_string}\"},\"query-input\":\"required name=search_term_string\"}],\"inLanguage\":\"de-DE\"},{\"@type\":\"Organization\",\"@id\":\"https:\/\/www.printweb.de\/digitaldruck\/#organization\",\"name\":\"Colour Connection GmbH, printweb.de, Frankfurt am Main\",\"url\":\"https:\/\/www.printweb.de\/digitaldruck\/\",\"logo\":{\"@type\":\"ImageObject\",\"inLanguage\":\"de-DE\",\"@id\":\"https:\/\/www.printweb.de\/digitaldruck\/#\/schema\/logo\/image\/\",\"url\":\"https:\/\/www.printweb.de\/digitaldruck\/wp-content\/uploads\/2019\/11\/colour-connectio-printweb-logo.jpg\",\"contentUrl\":\"https:\/\/www.printweb.de\/digitaldruck\/wp-content\/uploads\/2019\/11\/colour-connectio-printweb-logo.jpg\",\"width\":1014,\"height\":229,\"caption\":\"Colour Connection GmbH, printweb.de, Frankfurt am Main\"},\"image\":{\"@id\":\"https:\/\/www.printweb.de\/digitaldruck\/#\/schema\/logo\/image\/\"},\"sameAs\":[\"https:\/\/www.facebook.com\/printweb.de\/\",\"https:\/\/x.com\/digitaldruck\",\"https:\/\/www.instagram.com\/printweb.de\/\",\"https:\/\/www.youtube.com\/user\/Digitaldruckerei\"]},{\"@type\":\"Person\",\"@id\":\"https:\/\/www.printweb.de\/digitaldruck\/#\/schema\/person\/0e0308818185589fb8602180e9273195\",\"name\":\"Ralph Hadem\",\"image\":{\"@type\":\"ImageObject\",\"inLanguage\":\"de-DE\",\"@id\":\"https:\/\/www.printweb.de\/digitaldruck\/#\/schema\/person\/image\/\",\"url\":\"https:\/\/secure.gravatar.com\/avatar\/386b1b183dce310c5ac8a8f475fdecd8?s=96&d=blank&r=g\",\"contentUrl\":\"https:\/\/secure.gravatar.com\/avatar\/386b1b183dce310c5ac8a8f475fdecd8?s=96&d=blank&r=g\",\"caption\":\"Ralph Hadem\"},\"sameAs\":[\"https:\/\/www.printweb.de\"],\"url\":\"https:\/\/www.printweb.de\/digitaldruck\/author\/ralphhadem\/\"}]}<\/script>\n<!-- \/ Yoast SEO plugin. -->","yoast_head_json":{"title":"Nat\u00fcrlich sch\u00f6n: Portfolio mit Recycling-Umschlag aus Kraftkarton | Was Print bewirken kann.","robots":{"index":"index","follow":"follow","max-snippet":"max-snippet:-1","max-image-preview":"max-image-preview:large","max-video-preview":"max-video-preview:-1"},"canonical":"https:\/\/www.printweb.de\/digitaldruck\/natuerlich-schoen-portfolio-mit-recycling-umschlag-aus-kraftkarton\/10053\/","og_locale":"de_DE","og_type":"article","og_title":"Nat\u00fcrlich sch\u00f6n: Portfolio mit Recycling-Umschlag aus Kraftkarton | Was Print bewirken kann.","og_description":"In Anlehnung an eine ziemlich bekannte Schokolade aus deutschen Landen k\u00f6nnte man bei diesem kleinen Booklet texten: Quadratisch, ... mehr","og_url":"https:\/\/www.printweb.de\/digitaldruck\/natuerlich-schoen-portfolio-mit-recycling-umschlag-aus-kraftkarton\/10053\/","og_site_name":"Was Print bewirken kann.","article_publisher":"https:\/\/www.facebook.com\/printweb.de\/","article_published_time":"2014-06-25T06:39:44+00:00","og_image":[{"width":2362,"height":2362,"url":"https:\/\/www.printweb.de\/digitaldruck\/wp-content\/uploads\/2014\/06\/377-Portfolio-4851-1.jpg","type":"image\/jpeg"}],"author":"Ralph Hadem","twitter_card":"summary_large_image","twitter_creator":"@digitaldruck","twitter_site":"@digitaldruck","twitter_misc":{"Verfasst von":"Ralph Hadem"},"schema":{"@context":"https:\/\/schema.org","@graph":[{"@type":"Article","@id":"https:\/\/www.printweb.de\/digitaldruck\/natuerlich-schoen-portfolio-mit-recycling-umschlag-aus-kraftkarton\/10053\/#article","isPartOf":{"@id":"https:\/\/www.printweb.de\/digitaldruck\/natuerlich-schoen-portfolio-mit-recycling-umschlag-aus-kraftkarton\/10053\/"},"author":{"name":"Ralph Hadem","@id":"https:\/\/www.printweb.de\/digitaldruck\/#\/schema\/person\/0e0308818185589fb8602180e9273195"},"headline":"Nat\u00fcrlich sch\u00f6n: Portfolio mit Recycling-Umschlag aus ...","datePublished":"2014-06-25T06:39:44+00:00","dateModified":"2014-06-25T06:39:44+00:00","mainEntityOfPage":{"@id":"https:\/\/www.printweb.de\/digitaldruck\/natuerlich-schoen-portfolio-mit-recycling-umschlag-aus-kraftkarton\/10053\/"},"wordCount":93,"commentCount":0,"publisher":{"@id":"https:\/\/www.printweb.de\/digitaldruck\/#organization"},"image":{"@id":"https:\/\/www.printweb.de\/digitaldruck\/natuerlich-schoen-portfolio-mit-recycling-umschlag-aus-kraftkarton\/10053\/#primaryimage"},"thumbnailUrl":"https:\/\/www.printweb.de\/digitaldruck\/wp-content\/uploads\/2014\/06\/377-Portfolio-4851-1.jpg","articleSection":["Digitaldruck+Veredlung","Papier &amp; Bedruckstoffe","Haptik-Highlights","Brosch\u00fcren"],"inLanguage":"de-DE","potentialAction":[{"@type":"CommentAction","name":"Comment","target":["https:\/\/www.printweb.de\/digitaldruck\/natuerlich-schoen-portfolio-mit-recycling-umschlag-aus-kraftkarton\/10053\/#respond"]}]},{"@type":"WebPage","@id":"https:\/\/www.printweb.de\/digitaldruck\/natuerlich-schoen-portfolio-mit-recycling-umschlag-aus-kraftkarton\/10053\/","url":"https:\/\/www.printweb.de\/digitaldruck\/natuerlich-schoen-portfolio-mit-recycling-umschlag-aus-kraftkarton\/10053\/","name":"Nat\u00fcrlich sch\u00f6n: Portfolio mit Recycling-Umschlag aus Kraftkarton | Was Print bewirken kann.","isPartOf":{"@id":"https:\/\/www.printweb.de\/digitaldruck\/#website"},"primaryImageOfPage":{"@id":"https:\/\/www.printweb.de\/digitaldruck\/natuerlich-schoen-portfolio-mit-recycling-umschlag-aus-kraftkarton\/10053\/#primaryimage"},"image":{"@id":"https:\/\/www.printweb.de\/digitaldruck\/natuerlich-schoen-portfolio-mit-recycling-umschlag-aus-kraftkarton\/10053\/#primaryimage"},"thumbnailUrl":"https:\/\/www.printweb.de\/digitaldruck\/wp-content\/uploads\/2014\/06\/377-Portfolio-4851-1.jpg","datePublished":"2014-06-25T06:39:44+00:00","dateModified":"2014-06-25T06:39:44+00:00","inLanguage":"de-DE","potentialAction":[{"@type":"ReadAction","target":["https:\/\/www.printweb.de\/digitaldruck\/natuerlich-schoen-portfolio-mit-recycling-umschlag-aus-kraftkarton\/10053\/"]}]},{"@type":"ImageObject","inLanguage":"de-DE","@id":"https:\/\/www.printweb.de\/digitaldruck\/natuerlich-schoen-portfolio-mit-recycling-umschlag-aus-kraftkarton\/10053\/#primaryimage","url":"https:\/\/www.printweb.de\/digitaldruck\/wp-content\/uploads\/2014\/06\/377-Portfolio-4851-1.jpg","contentUrl":"https:\/\/www.printweb.de\/digitaldruck\/wp-content\/uploads\/2014\/06\/377-Portfolio-4851-1.jpg","width":2362,"height":2362},{"@type":"WebSite","@id":"https:\/\/www.printweb.de\/digitaldruck\/#website","url":"https:\/\/www.printweb.de\/digitaldruck\/","name":"Was Print bewirken kann.","description":"Was Print bewirken kann \u2013 1700 Ideen.","publisher":{"@id":"https:\/\/www.printweb.de\/digitaldruck\/#organization"},"potentialAction":[{"@type":"SearchAction","target":{"@type":"EntryPoint","urlTemplate":"https:\/\/www.printweb.de\/digitaldruck\/?s={search_term_string}"},"query-input":"required name=search_term_string"}],"inLanguage":"de-DE"},{"@type":"Organization","@id":"https:\/\/www.printweb.de\/digitaldruck\/#organization","name":"Colour Connection GmbH, printweb.de, Frankfurt am Main","url":"https:\/\/www.printweb.de\/digitaldruck\/","logo":{"@type":"ImageObject","inLanguage":"de-DE","@id":"https:\/\/www.printweb.de\/digitaldruck\/#\/schema\/logo\/image\/","url":"https:\/\/www.printweb.de\/digitaldruck\/wp-content\/uploads\/2019\/11\/colour-connectio-printweb-logo.jpg","contentUrl":"https:\/\/www.printweb.de\/digitaldruck\/wp-content\/uploads\/2019\/11\/colour-connectio-printweb-logo.jpg","width":1014,"height":229,"caption":"Colour Connection GmbH, printweb.de, Frankfurt am Main"},"image":{"@id":"https:\/\/www.printweb.de\/digitaldruck\/#\/schema\/logo\/image\/"},"sameAs":["https:\/\/www.facebook.com\/printweb.de\/","https:\/\/x.com\/digitaldruck","https:\/\/www.instagram.com\/printweb.de\/","https:\/\/www.youtube.com\/user\/Digitaldruckerei"]},{"@type":"Person","@id":"https:\/\/www.printweb.de\/digitaldruck\/#\/schema\/person\/0e0308818185589fb8602180e9273195","name":"Ralph Hadem","image":{"@type":"ImageObject","inLanguage":"de-DE","@id":"https:\/\/www.printweb.de\/digitaldruck\/#\/schema\/person\/image\/","url":"https:\/\/secure.gravatar.com\/avatar\/386b1b183dce310c5ac8a8f475fdecd8?s=96&d=blank&r=g","contentUrl":"https:\/\/secure.gravatar.com\/avatar\/386b1b183dce310c5ac8a8f475fdecd8?s=96&d=blank&r=g","caption":"Ralph Hadem"},"sameAs":["https:\/\/www.printweb.de"],"url":"https:\/\/www.printweb.de\/digitaldruck\/author\/ralphhadem\/"}]}},"_links":{"self":[{"href":"https:\/\/www.printweb.de\/digitaldruck\/wp-json\/wp\/v2\/posts\/10053"}],"collection":[{"href":"https:\/\/www.printweb.de\/digitaldruck\/wp-json\/wp\/v2\/posts"}],"about":[{"href":"https:\/\/www.printweb.de\/digitaldruck\/wp-json\/wp\/v2\/types\/post"}],"author":[{"embeddable":true,"href":"https:\/\/www.printweb.de\/digitaldruck\/wp-json\/wp\/v2\/users\/2"}],"replies":[{"embeddable":true,"href":"https:\/\/www.printweb.de\/digitaldruck\/wp-json\/wp\/v2\/comments?post=10053"}],"version-history":[{"count":5,"href":"https:\/\/www.printweb.de\/digitaldruck\/wp-json\/wp\/v2\/posts\/10053\/revisions"}],"predecessor-version":[{"id":10060,"href":"https:\/\/www.printweb.de\/digitaldruck\/wp-json\/wp\/v2\/posts\/10053\/revisions\/10060"}],"wp:featuredmedia":[{"embeddable":true,"href":"https:\/\/www.printweb.de\/digitaldruck\/wp-json\/wp\/v2\/media\/10055"}],"wp:attachment":[{"href":"https:\/\/www.printweb.de\/digitaldruck\/wp-json\/wp\/v2\/media?parent=10053"}],"wp:term":[{"taxonomy":"category","embeddable":true,"href":"https:\/\/www.printweb.de\/digitaldruck\/wp-json\/wp\/v2\/categories?post=10053"},{"taxonomy":"post_tag","embeddable":true,"href":"https:\/\/www.printweb.de\/digitaldruck\/wp-json\/wp\/v2\/tags?post=10053"}],"curies":[{"name":"wp","href":"https:\/\/api.w.org\/{rel}","templated":true}]}}