{"id":10393,"date":"2014-09-10T09:10:33","date_gmt":"2014-09-10T07:10:33","guid":{"rendered":"https:\/\/www.printweb.de\/digitaldruck\/?p=10393"},"modified":"2014-09-10T09:10:33","modified_gmt":"2014-09-10T07:10:33","slug":"welche-farben-drucken-wir-im-naechsten-fruehjahr","status":"publish","type":"post","link":"https:\/\/www.printweb.de\/digitaldruck\/welche-farben-drucken-wir-im-naechsten-fruehjahr\/10393\/","title":{"rendered":"Welche Farben drucken wir im ..."},"content":{"rendered":"<p>Wenn es nach dem Pantone Fashion Color Report geht, sind k\u00fchlere, ged\u00e4mpfte Farben angesagt. In der Modewelt wird hier noch nach Damenmode und M\u00e4nnerpalette unterschieden. Auch wenn man als Designer nicht in der modewelt unterwegs ist, liefert der report interessante Anregungen f\u00fcr die eigene Arbeit. Alle Details und den Link zum kostenlosen Download des Reports gibt&#8217;s auf <a href=\"http:\/\/www.designerinaction.de\/gestaltung\/farben-fuer-das-fruehjahr-2015.html?utm_source=feedburner&amp;utm_medium=feed&amp;utm_campaign=Feed%3A+designerinaction+%28Designer+in+Action%29\" target=\"_blank\">DesignerInAction<\/a>. Dankesch\u00f6n daf\u00fcr.<\/p>\n<p>&nbsp;<\/p>\n<p><a href=\"https:\/\/www.printweb.de\/digitaldruck\/wp-content\/uploads\/2014\/09\/pantone-fashion-color-report-spring-2015.jpg\"><img decoding=\"async\" class=\"aligncenter size-thumbnail wp-image-10394\" alt=\"pantone-fashion-color-report-spring-2015\" src=\"https:\/\/www.printweb.de\/digitaldruck\/wp-content\/uploads\/2014\/09\/pantone-fashion-color-report-spring-2015.jpg\" width=\"683\" height=\"266\" \/><\/a><\/p>\n","protected":false},"excerpt":{"rendered":"Wenn es nach dem Pantone Fashion Color Report geht, sind k\u00fchlere, ged\u00e4mpfte Farben angesagt. In der Modewelt wird &#8230; <br><br><a class=\"readmore\" href=\"https:\/\/www.printweb.de\/digitaldruck\/welche-farben-drucken-wir-im-naechsten-fruehjahr\/10393\/\">mehr<\/a>","protected":false},"author":2,"featured_media":10394,"comment_status":"open","ping_status":"open","sticky":false,"template":"","format":"standard","meta":{"_acf_changed":false,"footnotes":""},"categories":[1,30],"tags":[],"class_list":["post-10393","post","type-post","status-publish","format-standard","has-post-thumbnail","hentry","category-alle-beitraege","category-passiert-notiert"],"acf":[],"yoast_head":"<!-- This site is optimized with the Yoast SEO plugin v23.1 - https:\/\/yoast.com\/wordpress\/plugins\/seo\/ -->\n<title>Welche Farben drucken wir im n\u00e4chsten Fr\u00fchjahr? | Was Print bewirken kann.<\/title>\n<meta name=\"robots\" content=\"index, follow, max-snippet:-1, max-image-preview:large, max-video-preview:-1\" \/>\n<link rel=\"canonical\" href=\"https:\/\/www.printweb.de\/digitaldruck\/welche-farben-drucken-wir-im-naechsten-fruehjahr\/10393\/\" \/>\n<meta property=\"og:locale\" content=\"de_DE\" \/>\n<meta property=\"og:type\" content=\"article\" \/>\n<meta property=\"og:title\" content=\"Welche Farben drucken wir im n\u00e4chsten Fr\u00fchjahr? | Was Print bewirken kann.\" \/>\n<meta property=\"og:description\" content=\"Wenn es nach dem Pantone Fashion Color Report geht, sind k\u00fchlere, ged\u00e4mpfte Farben angesagt. In der Modewelt wird ... mehr\" \/>\n<meta property=\"og:url\" content=\"https:\/\/www.printweb.de\/digitaldruck\/welche-farben-drucken-wir-im-naechsten-fruehjahr\/10393\/\" \/>\n<meta property=\"og:site_name\" content=\"Was Print bewirken kann.\" \/>\n<meta property=\"article:publisher\" content=\"https:\/\/www.facebook.com\/printweb.de\/\" \/>\n<meta property=\"article:published_time\" content=\"2014-09-10T07:10:33+00:00\" \/>\n<meta property=\"og:image\" content=\"https:\/\/www.printweb.de\/digitaldruck\/wp-content\/uploads\/2014\/09\/pantone-fashion-color-report-spring-2015.jpg\" \/>\n\t<meta property=\"og:image:width\" content=\"745\" \/>\n\t<meta property=\"og:image:height\" content=\"290\" \/>\n\t<meta property=\"og:image:type\" content=\"image\/jpeg\" \/>\n<meta name=\"author\" content=\"Ralph Hadem\" \/>\n<meta name=\"twitter:card\" content=\"summary_large_image\" \/>\n<meta name=\"twitter:creator\" content=\"@digitaldruck\" \/>\n<meta name=\"twitter:site\" content=\"@digitaldruck\" \/>\n<meta name=\"twitter:label1\" content=\"Verfasst von\" \/>\n\t<meta name=\"twitter:data1\" content=\"Ralph Hadem\" \/>\n<script type=\"application\/ld+json\" class=\"yoast-schema-graph\">{\"@context\":\"https:\/\/schema.org\",\"@graph\":[{\"@type\":\"Article\",\"@id\":\"https:\/\/www.printweb.de\/digitaldruck\/welche-farben-drucken-wir-im-naechsten-fruehjahr\/10393\/#article\",\"isPartOf\":{\"@id\":\"https:\/\/www.printweb.de\/digitaldruck\/welche-farben-drucken-wir-im-naechsten-fruehjahr\/10393\/\"},\"author\":{\"name\":\"Ralph Hadem\",\"@id\":\"https:\/\/www.printweb.de\/digitaldruck\/#\/schema\/person\/0e0308818185589fb8602180e9273195\"},\"headline\":\"Welche Farben drucken wir im ...\",\"datePublished\":\"2014-09-10T07:10:33+00:00\",\"dateModified\":\"2014-09-10T07:10:33+00:00\",\"mainEntityOfPage\":{\"@id\":\"https:\/\/www.printweb.de\/digitaldruck\/welche-farben-drucken-wir-im-naechsten-fruehjahr\/10393\/\"},\"wordCount\":77,\"commentCount\":0,\"publisher\":{\"@id\":\"https:\/\/www.printweb.de\/digitaldruck\/#organization\"},\"image\":{\"@id\":\"https:\/\/www.printweb.de\/digitaldruck\/welche-farben-drucken-wir-im-naechsten-fruehjahr\/10393\/#primaryimage\"},\"thumbnailUrl\":\"https:\/\/www.printweb.de\/digitaldruck\/wp-content\/uploads\/2014\/09\/pantone-fashion-color-report-spring-2015.jpg\",\"articleSection\":[\"Digitaldruck+Veredlung\",\"Passiert - notiert\"],\"inLanguage\":\"de-DE\",\"potentialAction\":[{\"@type\":\"CommentAction\",\"name\":\"Comment\",\"target\":[\"https:\/\/www.printweb.de\/digitaldruck\/welche-farben-drucken-wir-im-naechsten-fruehjahr\/10393\/#respond\"]}]},{\"@type\":\"WebPage\",\"@id\":\"https:\/\/www.printweb.de\/digitaldruck\/welche-farben-drucken-wir-im-naechsten-fruehjahr\/10393\/\",\"url\":\"https:\/\/www.printweb.de\/digitaldruck\/welche-farben-drucken-wir-im-naechsten-fruehjahr\/10393\/\",\"name\":\"Welche Farben drucken wir im n\u00e4chsten Fr\u00fchjahr? | Was Print bewirken kann.\",\"isPartOf\":{\"@id\":\"https:\/\/www.printweb.de\/digitaldruck\/#website\"},\"primaryImageOfPage\":{\"@id\":\"https:\/\/www.printweb.de\/digitaldruck\/welche-farben-drucken-wir-im-naechsten-fruehjahr\/10393\/#primaryimage\"},\"image\":{\"@id\":\"https:\/\/www.printweb.de\/digitaldruck\/welche-farben-drucken-wir-im-naechsten-fruehjahr\/10393\/#primaryimage\"},\"thumbnailUrl\":\"https:\/\/www.printweb.de\/digitaldruck\/wp-content\/uploads\/2014\/09\/pantone-fashion-color-report-spring-2015.jpg\",\"datePublished\":\"2014-09-10T07:10:33+00:00\",\"dateModified\":\"2014-09-10T07:10:33+00:00\",\"inLanguage\":\"de-DE\",\"potentialAction\":[{\"@type\":\"ReadAction\",\"target\":[\"https:\/\/www.printweb.de\/digitaldruck\/welche-farben-drucken-wir-im-naechsten-fruehjahr\/10393\/\"]}]},{\"@type\":\"ImageObject\",\"inLanguage\":\"de-DE\",\"@id\":\"https:\/\/www.printweb.de\/digitaldruck\/welche-farben-drucken-wir-im-naechsten-fruehjahr\/10393\/#primaryimage\",\"url\":\"https:\/\/www.printweb.de\/digitaldruck\/wp-content\/uploads\/2014\/09\/pantone-fashion-color-report-spring-2015.jpg\",\"contentUrl\":\"https:\/\/www.printweb.de\/digitaldruck\/wp-content\/uploads\/2014\/09\/pantone-fashion-color-report-spring-2015.jpg\",\"width\":745,\"height\":290},{\"@type\":\"WebSite\",\"@id\":\"https:\/\/www.printweb.de\/digitaldruck\/#website\",\"url\":\"https:\/\/www.printweb.de\/digitaldruck\/\",\"name\":\"Was Print bewirken kann.\",\"description\":\"Was Print bewirken kann \u2013 1700 Ideen.\",\"publisher\":{\"@id\":\"https:\/\/www.printweb.de\/digitaldruck\/#organization\"},\"potentialAction\":[{\"@type\":\"SearchAction\",\"target\":{\"@type\":\"EntryPoint\",\"urlTemplate\":\"https:\/\/www.printweb.de\/digitaldruck\/?s={search_term_string}\"},\"query-input\":\"required name=search_term_string\"}],\"inLanguage\":\"de-DE\"},{\"@type\":\"Organization\",\"@id\":\"https:\/\/www.printweb.de\/digitaldruck\/#organization\",\"name\":\"Colour Connection GmbH, printweb.de, Frankfurt am Main\",\"url\":\"https:\/\/www.printweb.de\/digitaldruck\/\",\"logo\":{\"@type\":\"ImageObject\",\"inLanguage\":\"de-DE\",\"@id\":\"https:\/\/www.printweb.de\/digitaldruck\/#\/schema\/logo\/image\/\",\"url\":\"https:\/\/www.printweb.de\/digitaldruck\/wp-content\/uploads\/2019\/11\/colour-connectio-printweb-logo.jpg\",\"contentUrl\":\"https:\/\/www.printweb.de\/digitaldruck\/wp-content\/uploads\/2019\/11\/colour-connectio-printweb-logo.jpg\",\"width\":1014,\"height\":229,\"caption\":\"Colour Connection GmbH, printweb.de, Frankfurt am Main\"},\"image\":{\"@id\":\"https:\/\/www.printweb.de\/digitaldruck\/#\/schema\/logo\/image\/\"},\"sameAs\":[\"https:\/\/www.facebook.com\/printweb.de\/\",\"https:\/\/x.com\/digitaldruck\",\"https:\/\/www.instagram.com\/printweb.de\/\",\"https:\/\/www.youtube.com\/user\/Digitaldruckerei\"]},{\"@type\":\"Person\",\"@id\":\"https:\/\/www.printweb.de\/digitaldruck\/#\/schema\/person\/0e0308818185589fb8602180e9273195\",\"name\":\"Ralph Hadem\",\"image\":{\"@type\":\"ImageObject\",\"inLanguage\":\"de-DE\",\"@id\":\"https:\/\/www.printweb.de\/digitaldruck\/#\/schema\/person\/image\/\",\"url\":\"https:\/\/secure.gravatar.com\/avatar\/386b1b183dce310c5ac8a8f475fdecd8?s=96&d=blank&r=g\",\"contentUrl\":\"https:\/\/secure.gravatar.com\/avatar\/386b1b183dce310c5ac8a8f475fdecd8?s=96&d=blank&r=g\",\"caption\":\"Ralph Hadem\"},\"sameAs\":[\"https:\/\/www.printweb.de\"],\"url\":\"https:\/\/www.printweb.de\/digitaldruck\/author\/ralphhadem\/\"}]}<\/script>\n<!-- \/ Yoast SEO plugin. -->","yoast_head_json":{"title":"Welche Farben drucken wir im n\u00e4chsten Fr\u00fchjahr? | Was Print bewirken kann.","robots":{"index":"index","follow":"follow","max-snippet":"max-snippet:-1","max-image-preview":"max-image-preview:large","max-video-preview":"max-video-preview:-1"},"canonical":"https:\/\/www.printweb.de\/digitaldruck\/welche-farben-drucken-wir-im-naechsten-fruehjahr\/10393\/","og_locale":"de_DE","og_type":"article","og_title":"Welche Farben drucken wir im n\u00e4chsten Fr\u00fchjahr? | Was Print bewirken kann.","og_description":"Wenn es nach dem Pantone Fashion Color Report geht, sind k\u00fchlere, ged\u00e4mpfte Farben angesagt. In der Modewelt wird ... mehr","og_url":"https:\/\/www.printweb.de\/digitaldruck\/welche-farben-drucken-wir-im-naechsten-fruehjahr\/10393\/","og_site_name":"Was Print bewirken kann.","article_publisher":"https:\/\/www.facebook.com\/printweb.de\/","article_published_time":"2014-09-10T07:10:33+00:00","og_image":[{"width":745,"height":290,"url":"https:\/\/www.printweb.de\/digitaldruck\/wp-content\/uploads\/2014\/09\/pantone-fashion-color-report-spring-2015.jpg","type":"image\/jpeg"}],"author":"Ralph Hadem","twitter_card":"summary_large_image","twitter_creator":"@digitaldruck","twitter_site":"@digitaldruck","twitter_misc":{"Verfasst von":"Ralph Hadem"},"schema":{"@context":"https:\/\/schema.org","@graph":[{"@type":"Article","@id":"https:\/\/www.printweb.de\/digitaldruck\/welche-farben-drucken-wir-im-naechsten-fruehjahr\/10393\/#article","isPartOf":{"@id":"https:\/\/www.printweb.de\/digitaldruck\/welche-farben-drucken-wir-im-naechsten-fruehjahr\/10393\/"},"author":{"name":"Ralph Hadem","@id":"https:\/\/www.printweb.de\/digitaldruck\/#\/schema\/person\/0e0308818185589fb8602180e9273195"},"headline":"Welche Farben drucken wir im ...","datePublished":"2014-09-10T07:10:33+00:00","dateModified":"2014-09-10T07:10:33+00:00","mainEntityOfPage":{"@id":"https:\/\/www.printweb.de\/digitaldruck\/welche-farben-drucken-wir-im-naechsten-fruehjahr\/10393\/"},"wordCount":77,"commentCount":0,"publisher":{"@id":"https:\/\/www.printweb.de\/digitaldruck\/#organization"},"image":{"@id":"https:\/\/www.printweb.de\/digitaldruck\/welche-farben-drucken-wir-im-naechsten-fruehjahr\/10393\/#primaryimage"},"thumbnailUrl":"https:\/\/www.printweb.de\/digitaldruck\/wp-content\/uploads\/2014\/09\/pantone-fashion-color-report-spring-2015.jpg","articleSection":["Digitaldruck+Veredlung","Passiert - notiert"],"inLanguage":"de-DE","potentialAction":[{"@type":"CommentAction","name":"Comment","target":["https:\/\/www.printweb.de\/digitaldruck\/welche-farben-drucken-wir-im-naechsten-fruehjahr\/10393\/#respond"]}]},{"@type":"WebPage","@id":"https:\/\/www.printweb.de\/digitaldruck\/welche-farben-drucken-wir-im-naechsten-fruehjahr\/10393\/","url":"https:\/\/www.printweb.de\/digitaldruck\/welche-farben-drucken-wir-im-naechsten-fruehjahr\/10393\/","name":"Welche Farben drucken wir im n\u00e4chsten Fr\u00fchjahr? | Was Print bewirken kann.","isPartOf":{"@id":"https:\/\/www.printweb.de\/digitaldruck\/#website"},"primaryImageOfPage":{"@id":"https:\/\/www.printweb.de\/digitaldruck\/welche-farben-drucken-wir-im-naechsten-fruehjahr\/10393\/#primaryimage"},"image":{"@id":"https:\/\/www.printweb.de\/digitaldruck\/welche-farben-drucken-wir-im-naechsten-fruehjahr\/10393\/#primaryimage"},"thumbnailUrl":"https:\/\/www.printweb.de\/digitaldruck\/wp-content\/uploads\/2014\/09\/pantone-fashion-color-report-spring-2015.jpg","datePublished":"2014-09-10T07:10:33+00:00","dateModified":"2014-09-10T07:10:33+00:00","inLanguage":"de-DE","potentialAction":[{"@type":"ReadAction","target":["https:\/\/www.printweb.de\/digitaldruck\/welche-farben-drucken-wir-im-naechsten-fruehjahr\/10393\/"]}]},{"@type":"ImageObject","inLanguage":"de-DE","@id":"https:\/\/www.printweb.de\/digitaldruck\/welche-farben-drucken-wir-im-naechsten-fruehjahr\/10393\/#primaryimage","url":"https:\/\/www.printweb.de\/digitaldruck\/wp-content\/uploads\/2014\/09\/pantone-fashion-color-report-spring-2015.jpg","contentUrl":"https:\/\/www.printweb.de\/digitaldruck\/wp-content\/uploads\/2014\/09\/pantone-fashion-color-report-spring-2015.jpg","width":745,"height":290},{"@type":"WebSite","@id":"https:\/\/www.printweb.de\/digitaldruck\/#website","url":"https:\/\/www.printweb.de\/digitaldruck\/","name":"Was Print bewirken kann.","description":"Was Print bewirken kann \u2013 1700 Ideen.","publisher":{"@id":"https:\/\/www.printweb.de\/digitaldruck\/#organization"},"potentialAction":[{"@type":"SearchAction","target":{"@type":"EntryPoint","urlTemplate":"https:\/\/www.printweb.de\/digitaldruck\/?s={search_term_string}"},"query-input":"required name=search_term_string"}],"inLanguage":"de-DE"},{"@type":"Organization","@id":"https:\/\/www.printweb.de\/digitaldruck\/#organization","name":"Colour Connection GmbH, printweb.de, Frankfurt am Main","url":"https:\/\/www.printweb.de\/digitaldruck\/","logo":{"@type":"ImageObject","inLanguage":"de-DE","@id":"https:\/\/www.printweb.de\/digitaldruck\/#\/schema\/logo\/image\/","url":"https:\/\/www.printweb.de\/digitaldruck\/wp-content\/uploads\/2019\/11\/colour-connectio-printweb-logo.jpg","contentUrl":"https:\/\/www.printweb.de\/digitaldruck\/wp-content\/uploads\/2019\/11\/colour-connectio-printweb-logo.jpg","width":1014,"height":229,"caption":"Colour Connection GmbH, printweb.de, Frankfurt am Main"},"image":{"@id":"https:\/\/www.printweb.de\/digitaldruck\/#\/schema\/logo\/image\/"},"sameAs":["https:\/\/www.facebook.com\/printweb.de\/","https:\/\/x.com\/digitaldruck","https:\/\/www.instagram.com\/printweb.de\/","https:\/\/www.youtube.com\/user\/Digitaldruckerei"]},{"@type":"Person","@id":"https:\/\/www.printweb.de\/digitaldruck\/#\/schema\/person\/0e0308818185589fb8602180e9273195","name":"Ralph Hadem","image":{"@type":"ImageObject","inLanguage":"de-DE","@id":"https:\/\/www.printweb.de\/digitaldruck\/#\/schema\/person\/image\/","url":"https:\/\/secure.gravatar.com\/avatar\/386b1b183dce310c5ac8a8f475fdecd8?s=96&d=blank&r=g","contentUrl":"https:\/\/secure.gravatar.com\/avatar\/386b1b183dce310c5ac8a8f475fdecd8?s=96&d=blank&r=g","caption":"Ralph Hadem"},"sameAs":["https:\/\/www.printweb.de"],"url":"https:\/\/www.printweb.de\/digitaldruck\/author\/ralphhadem\/"}]}},"_links":{"self":[{"href":"https:\/\/www.printweb.de\/digitaldruck\/wp-json\/wp\/v2\/posts\/10393"}],"collection":[{"href":"https:\/\/www.printweb.de\/digitaldruck\/wp-json\/wp\/v2\/posts"}],"about":[{"href":"https:\/\/www.printweb.de\/digitaldruck\/wp-json\/wp\/v2\/types\/post"}],"author":[{"embeddable":true,"href":"https:\/\/www.printweb.de\/digitaldruck\/wp-json\/wp\/v2\/users\/2"}],"replies":[{"embeddable":true,"href":"https:\/\/www.printweb.de\/digitaldruck\/wp-json\/wp\/v2\/comments?post=10393"}],"version-history":[{"count":3,"href":"https:\/\/www.printweb.de\/digitaldruck\/wp-json\/wp\/v2\/posts\/10393\/revisions"}],"predecessor-version":[{"id":10397,"href":"https:\/\/www.printweb.de\/digitaldruck\/wp-json\/wp\/v2\/posts\/10393\/revisions\/10397"}],"wp:featuredmedia":[{"embeddable":true,"href":"https:\/\/www.printweb.de\/digitaldruck\/wp-json\/wp\/v2\/media\/10394"}],"wp:attachment":[{"href":"https:\/\/www.printweb.de\/digitaldruck\/wp-json\/wp\/v2\/media?parent=10393"}],"wp:term":[{"taxonomy":"category","embeddable":true,"href":"https:\/\/www.printweb.de\/digitaldruck\/wp-json\/wp\/v2\/categories?post=10393"},{"taxonomy":"post_tag","embeddable":true,"href":"https:\/\/www.printweb.de\/digitaldruck\/wp-json\/wp\/v2\/tags?post=10393"}],"curies":[{"name":"wp","href":"https:\/\/api.w.org\/{rel}","templated":true}]}}