{"id":10669,"date":"2015-01-05T09:59:16","date_gmt":"2015-01-05T08:59:16","guid":{"rendered":"https:\/\/www.printweb.de\/digitaldruck\/?p=10669"},"modified":"2015-08-04T18:07:35","modified_gmt":"2015-08-04T16:07:35","slug":"neues-jahr-neue-projekte","status":"publish","type":"post","link":"https:\/\/www.printweb.de\/digitaldruck\/neues-jahr-neue-projekte\/10669\/","title":{"rendered":"Neues Jahr &#8211; neue Projekte :-)"},"content":{"rendered":"<p>Allen Leserinnen und Lesern unseres Blogs w\u00fcnschen wir alles Gute f\u00fcr 2015. Gute Gesundheit, Zufriedenheit sowie spannende Projekte und Kunden.<\/p>\n<p>Bei uns geht&#8217;s gleich heute gut los. Unsere Kodak Nexpress (das Arbeitstier, das f\u00fcr den gr\u00f6\u00dften Umsatzanteil verantwortlich ist), wird gegen eine neue Maschine aus gleichem Haus getauscht. Das gute St\u00fcck nennt sich Kodak Nexpress 3900 SX. Die Druckqualit\u00e4t verbessert sich nochmals und das Druckformat w\u00e4chst auf 35 x 100 cm. Perfekt f\u00fcr querfomatige Brosch\u00fcren, Leporellos sowie 6- oder 8-seitige Folder. Im Gegensatz zu unserer alten Rollendigitaldruckmaschine (die im Rahmen dieser Aktion abgebaut wurde), stehen f\u00fcr das \u00dcberformat jetzt alle Papiere zur Verf\u00fcgung, die auch im \u201ekleinen\u201d Bogenformat funktionieren. Im Grunde also alle Offsetpapiere bis 350g (bzw. einer St\u00e4rke von 0,42 mm).<\/p>\n<p>Weiterhin werden wir in diesem Jahr die Hardcoverproduktion f\u00fcr B\u00fccher starten und diverse kleine Systeme f\u00fcr kreative Brosch\u00fcren in Betrieb nehmen. Dazu geh\u00f6rt zum Beispiel die F\u00e4lzelbandbindung und die Bindung per Gummiband (jeweils in tollen Farben und mit vielf\u00e4ltigen M\u00f6glichkeiten). Auch das Thema Hei\u00dffolienpr\u00e4gung steht auf dem Plan und wird im Laufe des Jahres realisiert werden.<\/p>\n<p>Die Nachhaltigkeit erf\u00e4hrt zum Jahresende eine weitere Verbesserung: Nach langen und z\u00e4hen Bem\u00fchungen ist es uns endlich gelungen, einen Anbieter f\u00fcr 100% regenerativen Strom zu finden, der uns auch beliefern will (die Situation im Jade-Haus ist etwas speziell).<\/p>\n<p>Es wird alles &#8211; nur nicht langweilig :-).<\/p>\n","protected":false},"excerpt":{"rendered":"Allen Leserinnen und Lesern unseres Blogs w\u00fcnschen wir alles Gute f\u00fcr 2015. Gute Gesundheit, Zufriedenheit sowie spannende Projekte &#8230; <br><br><a class=\"readmore\" href=\"https:\/\/www.printweb.de\/digitaldruck\/neues-jahr-neue-projekte\/10669\/\">mehr<\/a>","protected":false},"author":2,"featured_media":11574,"comment_status":"open","ping_status":"open","sticky":false,"template":"","format":"standard","meta":{"_acf_changed":false,"footnotes":""},"categories":[1,66,30],"tags":[],"class_list":["post-10669","post","type-post","status-publish","format-standard","has-post-thumbnail","hentry","category-alle-beitraege","category-individuelle-hardcover","category-passiert-notiert"],"acf":[],"yoast_head":"<!-- This site is optimized with the Yoast SEO plugin v23.1 - https:\/\/yoast.com\/wordpress\/plugins\/seo\/ -->\n<title>Neues Jahr - neue Projekte :-) | Was Print bewirken kann.<\/title>\n<meta name=\"robots\" content=\"index, follow, max-snippet:-1, max-image-preview:large, max-video-preview:-1\" \/>\n<link rel=\"canonical\" href=\"https:\/\/www.printweb.de\/digitaldruck\/neues-jahr-neue-projekte\/10669\/\" \/>\n<meta property=\"og:locale\" content=\"de_DE\" \/>\n<meta property=\"og:type\" content=\"article\" \/>\n<meta property=\"og:title\" content=\"Neues Jahr - neue Projekte :-) | Was Print bewirken kann.\" \/>\n<meta property=\"og:description\" content=\"Allen Leserinnen und Lesern unseres Blogs w\u00fcnschen wir alles Gute f\u00fcr 2015. Gute Gesundheit, Zufriedenheit sowie spannende Projekte ... mehr\" \/>\n<meta property=\"og:url\" content=\"https:\/\/www.printweb.de\/digitaldruck\/neues-jahr-neue-projekte\/10669\/\" \/>\n<meta property=\"og:site_name\" content=\"Was Print bewirken kann.\" \/>\n<meta property=\"article:publisher\" content=\"https:\/\/www.facebook.com\/printweb.de\/\" \/>\n<meta property=\"article:published_time\" content=\"2015-01-05T08:59:16+00:00\" \/>\n<meta property=\"article:modified_time\" content=\"2015-08-04T16:07:35+00:00\" \/>\n<meta property=\"og:image\" content=\"https:\/\/www.printweb.de\/digitaldruck\/wp-content\/uploads\/2015\/07\/col_blog_ph.jpg\" \/>\n\t<meta property=\"og:image:width\" content=\"683\" \/>\n\t<meta property=\"og:image:height\" content=\"437\" \/>\n\t<meta property=\"og:image:type\" content=\"image\/jpeg\" \/>\n<meta name=\"author\" content=\"Ralph Hadem\" \/>\n<meta name=\"twitter:card\" content=\"summary_large_image\" \/>\n<meta name=\"twitter:creator\" content=\"@digitaldruck\" \/>\n<meta name=\"twitter:site\" content=\"@digitaldruck\" \/>\n<meta name=\"twitter:label1\" content=\"Verfasst von\" \/>\n\t<meta name=\"twitter:data1\" content=\"Ralph Hadem\" \/>\n\t<meta name=\"twitter:label2\" content=\"Gesch\u00e4tzte Lesezeit\" \/>\n\t<meta name=\"twitter:data2\" content=\"1 Minute\" \/>\n<script type=\"application\/ld+json\" class=\"yoast-schema-graph\">{\"@context\":\"https:\/\/schema.org\",\"@graph\":[{\"@type\":\"Article\",\"@id\":\"https:\/\/www.printweb.de\/digitaldruck\/neues-jahr-neue-projekte\/10669\/#article\",\"isPartOf\":{\"@id\":\"https:\/\/www.printweb.de\/digitaldruck\/neues-jahr-neue-projekte\/10669\/\"},\"author\":{\"name\":\"Ralph Hadem\",\"@id\":\"https:\/\/www.printweb.de\/digitaldruck\/#\/schema\/person\/0e0308818185589fb8602180e9273195\"},\"headline\":\"Neues Jahr &#8211; neue Projekte :-)\",\"datePublished\":\"2015-01-05T08:59:16+00:00\",\"dateModified\":\"2015-08-04T16:07:35+00:00\",\"mainEntityOfPage\":{\"@id\":\"https:\/\/www.printweb.de\/digitaldruck\/neues-jahr-neue-projekte\/10669\/\"},\"wordCount\":251,\"commentCount\":0,\"publisher\":{\"@id\":\"https:\/\/www.printweb.de\/digitaldruck\/#organization\"},\"image\":{\"@id\":\"https:\/\/www.printweb.de\/digitaldruck\/neues-jahr-neue-projekte\/10669\/#primaryimage\"},\"thumbnailUrl\":\"https:\/\/www.printweb.de\/digitaldruck\/wp-content\/uploads\/2015\/07\/col_blog_ph.jpg\",\"articleSection\":[\"Digitaldruck+Veredlung\",\"Individuelle Hardcover\",\"Passiert - notiert\"],\"inLanguage\":\"de-DE\",\"potentialAction\":[{\"@type\":\"CommentAction\",\"name\":\"Comment\",\"target\":[\"https:\/\/www.printweb.de\/digitaldruck\/neues-jahr-neue-projekte\/10669\/#respond\"]}]},{\"@type\":\"WebPage\",\"@id\":\"https:\/\/www.printweb.de\/digitaldruck\/neues-jahr-neue-projekte\/10669\/\",\"url\":\"https:\/\/www.printweb.de\/digitaldruck\/neues-jahr-neue-projekte\/10669\/\",\"name\":\"Neues Jahr - neue Projekte :-) | Was Print bewirken kann.\",\"isPartOf\":{\"@id\":\"https:\/\/www.printweb.de\/digitaldruck\/#website\"},\"primaryImageOfPage\":{\"@id\":\"https:\/\/www.printweb.de\/digitaldruck\/neues-jahr-neue-projekte\/10669\/#primaryimage\"},\"image\":{\"@id\":\"https:\/\/www.printweb.de\/digitaldruck\/neues-jahr-neue-projekte\/10669\/#primaryimage\"},\"thumbnailUrl\":\"https:\/\/www.printweb.de\/digitaldruck\/wp-content\/uploads\/2015\/07\/col_blog_ph.jpg\",\"datePublished\":\"2015-01-05T08:59:16+00:00\",\"dateModified\":\"2015-08-04T16:07:35+00:00\",\"inLanguage\":\"de-DE\",\"potentialAction\":[{\"@type\":\"ReadAction\",\"target\":[\"https:\/\/www.printweb.de\/digitaldruck\/neues-jahr-neue-projekte\/10669\/\"]}]},{\"@type\":\"ImageObject\",\"inLanguage\":\"de-DE\",\"@id\":\"https:\/\/www.printweb.de\/digitaldruck\/neues-jahr-neue-projekte\/10669\/#primaryimage\",\"url\":\"https:\/\/www.printweb.de\/digitaldruck\/wp-content\/uploads\/2015\/07\/col_blog_ph.jpg\",\"contentUrl\":\"https:\/\/www.printweb.de\/digitaldruck\/wp-content\/uploads\/2015\/07\/col_blog_ph.jpg\",\"width\":683,\"height\":437},{\"@type\":\"WebSite\",\"@id\":\"https:\/\/www.printweb.de\/digitaldruck\/#website\",\"url\":\"https:\/\/www.printweb.de\/digitaldruck\/\",\"name\":\"Was Print bewirken kann.\",\"description\":\"Was Print bewirken kann \u2013 1700 Ideen.\",\"publisher\":{\"@id\":\"https:\/\/www.printweb.de\/digitaldruck\/#organization\"},\"potentialAction\":[{\"@type\":\"SearchAction\",\"target\":{\"@type\":\"EntryPoint\",\"urlTemplate\":\"https:\/\/www.printweb.de\/digitaldruck\/?s={search_term_string}\"},\"query-input\":\"required name=search_term_string\"}],\"inLanguage\":\"de-DE\"},{\"@type\":\"Organization\",\"@id\":\"https:\/\/www.printweb.de\/digitaldruck\/#organization\",\"name\":\"Colour Connection GmbH, printweb.de, Frankfurt am Main\",\"url\":\"https:\/\/www.printweb.de\/digitaldruck\/\",\"logo\":{\"@type\":\"ImageObject\",\"inLanguage\":\"de-DE\",\"@id\":\"https:\/\/www.printweb.de\/digitaldruck\/#\/schema\/logo\/image\/\",\"url\":\"https:\/\/www.printweb.de\/digitaldruck\/wp-content\/uploads\/2019\/11\/colour-connectio-printweb-logo.jpg\",\"contentUrl\":\"https:\/\/www.printweb.de\/digitaldruck\/wp-content\/uploads\/2019\/11\/colour-connectio-printweb-logo.jpg\",\"width\":1014,\"height\":229,\"caption\":\"Colour Connection GmbH, printweb.de, Frankfurt am Main\"},\"image\":{\"@id\":\"https:\/\/www.printweb.de\/digitaldruck\/#\/schema\/logo\/image\/\"},\"sameAs\":[\"https:\/\/www.facebook.com\/printweb.de\/\",\"https:\/\/x.com\/digitaldruck\",\"https:\/\/www.instagram.com\/printweb.de\/\",\"https:\/\/www.youtube.com\/user\/Digitaldruckerei\"]},{\"@type\":\"Person\",\"@id\":\"https:\/\/www.printweb.de\/digitaldruck\/#\/schema\/person\/0e0308818185589fb8602180e9273195\",\"name\":\"Ralph Hadem\",\"image\":{\"@type\":\"ImageObject\",\"inLanguage\":\"de-DE\",\"@id\":\"https:\/\/www.printweb.de\/digitaldruck\/#\/schema\/person\/image\/\",\"url\":\"https:\/\/secure.gravatar.com\/avatar\/386b1b183dce310c5ac8a8f475fdecd8?s=96&d=blank&r=g\",\"contentUrl\":\"https:\/\/secure.gravatar.com\/avatar\/386b1b183dce310c5ac8a8f475fdecd8?s=96&d=blank&r=g\",\"caption\":\"Ralph Hadem\"},\"sameAs\":[\"https:\/\/www.printweb.de\"],\"url\":\"https:\/\/www.printweb.de\/digitaldruck\/author\/ralphhadem\/\"}]}<\/script>\n<!-- \/ Yoast SEO plugin. -->","yoast_head_json":{"title":"Neues Jahr - neue Projekte :-) | Was Print bewirken kann.","robots":{"index":"index","follow":"follow","max-snippet":"max-snippet:-1","max-image-preview":"max-image-preview:large","max-video-preview":"max-video-preview:-1"},"canonical":"https:\/\/www.printweb.de\/digitaldruck\/neues-jahr-neue-projekte\/10669\/","og_locale":"de_DE","og_type":"article","og_title":"Neues Jahr - neue Projekte :-) | Was Print bewirken kann.","og_description":"Allen Leserinnen und Lesern unseres Blogs w\u00fcnschen wir alles Gute f\u00fcr 2015. Gute Gesundheit, Zufriedenheit sowie spannende Projekte ... mehr","og_url":"https:\/\/www.printweb.de\/digitaldruck\/neues-jahr-neue-projekte\/10669\/","og_site_name":"Was Print bewirken kann.","article_publisher":"https:\/\/www.facebook.com\/printweb.de\/","article_published_time":"2015-01-05T08:59:16+00:00","article_modified_time":"2015-08-04T16:07:35+00:00","og_image":[{"width":683,"height":437,"url":"https:\/\/www.printweb.de\/digitaldruck\/wp-content\/uploads\/2015\/07\/col_blog_ph.jpg","type":"image\/jpeg"}],"author":"Ralph Hadem","twitter_card":"summary_large_image","twitter_creator":"@digitaldruck","twitter_site":"@digitaldruck","twitter_misc":{"Verfasst von":"Ralph Hadem","Gesch\u00e4tzte Lesezeit":"1 Minute"},"schema":{"@context":"https:\/\/schema.org","@graph":[{"@type":"Article","@id":"https:\/\/www.printweb.de\/digitaldruck\/neues-jahr-neue-projekte\/10669\/#article","isPartOf":{"@id":"https:\/\/www.printweb.de\/digitaldruck\/neues-jahr-neue-projekte\/10669\/"},"author":{"name":"Ralph Hadem","@id":"https:\/\/www.printweb.de\/digitaldruck\/#\/schema\/person\/0e0308818185589fb8602180e9273195"},"headline":"Neues Jahr &#8211; neue Projekte :-)","datePublished":"2015-01-05T08:59:16+00:00","dateModified":"2015-08-04T16:07:35+00:00","mainEntityOfPage":{"@id":"https:\/\/www.printweb.de\/digitaldruck\/neues-jahr-neue-projekte\/10669\/"},"wordCount":251,"commentCount":0,"publisher":{"@id":"https:\/\/www.printweb.de\/digitaldruck\/#organization"},"image":{"@id":"https:\/\/www.printweb.de\/digitaldruck\/neues-jahr-neue-projekte\/10669\/#primaryimage"},"thumbnailUrl":"https:\/\/www.printweb.de\/digitaldruck\/wp-content\/uploads\/2015\/07\/col_blog_ph.jpg","articleSection":["Digitaldruck+Veredlung","Individuelle Hardcover","Passiert - notiert"],"inLanguage":"de-DE","potentialAction":[{"@type":"CommentAction","name":"Comment","target":["https:\/\/www.printweb.de\/digitaldruck\/neues-jahr-neue-projekte\/10669\/#respond"]}]},{"@type":"WebPage","@id":"https:\/\/www.printweb.de\/digitaldruck\/neues-jahr-neue-projekte\/10669\/","url":"https:\/\/www.printweb.de\/digitaldruck\/neues-jahr-neue-projekte\/10669\/","name":"Neues Jahr - neue Projekte :-) | Was Print bewirken kann.","isPartOf":{"@id":"https:\/\/www.printweb.de\/digitaldruck\/#website"},"primaryImageOfPage":{"@id":"https:\/\/www.printweb.de\/digitaldruck\/neues-jahr-neue-projekte\/10669\/#primaryimage"},"image":{"@id":"https:\/\/www.printweb.de\/digitaldruck\/neues-jahr-neue-projekte\/10669\/#primaryimage"},"thumbnailUrl":"https:\/\/www.printweb.de\/digitaldruck\/wp-content\/uploads\/2015\/07\/col_blog_ph.jpg","datePublished":"2015-01-05T08:59:16+00:00","dateModified":"2015-08-04T16:07:35+00:00","inLanguage":"de-DE","potentialAction":[{"@type":"ReadAction","target":["https:\/\/www.printweb.de\/digitaldruck\/neues-jahr-neue-projekte\/10669\/"]}]},{"@type":"ImageObject","inLanguage":"de-DE","@id":"https:\/\/www.printweb.de\/digitaldruck\/neues-jahr-neue-projekte\/10669\/#primaryimage","url":"https:\/\/www.printweb.de\/digitaldruck\/wp-content\/uploads\/2015\/07\/col_blog_ph.jpg","contentUrl":"https:\/\/www.printweb.de\/digitaldruck\/wp-content\/uploads\/2015\/07\/col_blog_ph.jpg","width":683,"height":437},{"@type":"WebSite","@id":"https:\/\/www.printweb.de\/digitaldruck\/#website","url":"https:\/\/www.printweb.de\/digitaldruck\/","name":"Was Print bewirken kann.","description":"Was Print bewirken kann \u2013 1700 Ideen.","publisher":{"@id":"https:\/\/www.printweb.de\/digitaldruck\/#organization"},"potentialAction":[{"@type":"SearchAction","target":{"@type":"EntryPoint","urlTemplate":"https:\/\/www.printweb.de\/digitaldruck\/?s={search_term_string}"},"query-input":"required name=search_term_string"}],"inLanguage":"de-DE"},{"@type":"Organization","@id":"https:\/\/www.printweb.de\/digitaldruck\/#organization","name":"Colour Connection GmbH, printweb.de, Frankfurt am Main","url":"https:\/\/www.printweb.de\/digitaldruck\/","logo":{"@type":"ImageObject","inLanguage":"de-DE","@id":"https:\/\/www.printweb.de\/digitaldruck\/#\/schema\/logo\/image\/","url":"https:\/\/www.printweb.de\/digitaldruck\/wp-content\/uploads\/2019\/11\/colour-connectio-printweb-logo.jpg","contentUrl":"https:\/\/www.printweb.de\/digitaldruck\/wp-content\/uploads\/2019\/11\/colour-connectio-printweb-logo.jpg","width":1014,"height":229,"caption":"Colour Connection GmbH, printweb.de, Frankfurt am Main"},"image":{"@id":"https:\/\/www.printweb.de\/digitaldruck\/#\/schema\/logo\/image\/"},"sameAs":["https:\/\/www.facebook.com\/printweb.de\/","https:\/\/x.com\/digitaldruck","https:\/\/www.instagram.com\/printweb.de\/","https:\/\/www.youtube.com\/user\/Digitaldruckerei"]},{"@type":"Person","@id":"https:\/\/www.printweb.de\/digitaldruck\/#\/schema\/person\/0e0308818185589fb8602180e9273195","name":"Ralph Hadem","image":{"@type":"ImageObject","inLanguage":"de-DE","@id":"https:\/\/www.printweb.de\/digitaldruck\/#\/schema\/person\/image\/","url":"https:\/\/secure.gravatar.com\/avatar\/386b1b183dce310c5ac8a8f475fdecd8?s=96&d=blank&r=g","contentUrl":"https:\/\/secure.gravatar.com\/avatar\/386b1b183dce310c5ac8a8f475fdecd8?s=96&d=blank&r=g","caption":"Ralph Hadem"},"sameAs":["https:\/\/www.printweb.de"],"url":"https:\/\/www.printweb.de\/digitaldruck\/author\/ralphhadem\/"}]}},"_links":{"self":[{"href":"https:\/\/www.printweb.de\/digitaldruck\/wp-json\/wp\/v2\/posts\/10669"}],"collection":[{"href":"https:\/\/www.printweb.de\/digitaldruck\/wp-json\/wp\/v2\/posts"}],"about":[{"href":"https:\/\/www.printweb.de\/digitaldruck\/wp-json\/wp\/v2\/types\/post"}],"author":[{"embeddable":true,"href":"https:\/\/www.printweb.de\/digitaldruck\/wp-json\/wp\/v2\/users\/2"}],"replies":[{"embeddable":true,"href":"https:\/\/www.printweb.de\/digitaldruck\/wp-json\/wp\/v2\/comments?post=10669"}],"version-history":[{"count":4,"href":"https:\/\/www.printweb.de\/digitaldruck\/wp-json\/wp\/v2\/posts\/10669\/revisions"}],"predecessor-version":[{"id":10672,"href":"https:\/\/www.printweb.de\/digitaldruck\/wp-json\/wp\/v2\/posts\/10669\/revisions\/10672"}],"wp:featuredmedia":[{"embeddable":true,"href":"https:\/\/www.printweb.de\/digitaldruck\/wp-json\/wp\/v2\/media\/11574"}],"wp:attachment":[{"href":"https:\/\/www.printweb.de\/digitaldruck\/wp-json\/wp\/v2\/media?parent=10669"}],"wp:term":[{"taxonomy":"category","embeddable":true,"href":"https:\/\/www.printweb.de\/digitaldruck\/wp-json\/wp\/v2\/categories?post=10669"},{"taxonomy":"post_tag","embeddable":true,"href":"https:\/\/www.printweb.de\/digitaldruck\/wp-json\/wp\/v2\/tags?post=10669"}],"curies":[{"name":"wp","href":"https:\/\/api.w.org\/{rel}","templated":true}]}}