{"id":10777,"date":"2015-01-21T10:17:19","date_gmt":"2015-01-21T09:17:19","guid":{"rendered":"https:\/\/www.printweb.de\/digitaldruck\/?p=10777"},"modified":"2016-10-05T11:50:08","modified_gmt":"2016-10-05T09:50:08","slug":"schicke-faltschachtel-fuer-einen-usb-stick","status":"publish","type":"post","link":"https:\/\/www.printweb.de\/digitaldruck\/schicke-faltschachtel-fuer-einen-usb-stick\/10777\/","title":{"rendered":"Schicke Faltschachtel f\u00fcr einen ..."},"content":{"rendered":"<p>Die sieht gut aus und l\u00f6st ein Problem. Es liegt in der Natur der Sache, dass Verpackungen oder Schachteln f\u00fcr USB-Sticks eher klein sind. Dumm nur, wenn man die digitalen Helferlein zu Promotionzwecken einsetzen m\u00f6chte und der Platz f\u00fcr Werbung so begrenzt ist.<\/p>\n<p>Unsere schicke USB-Verpackung l\u00f6st das Problem und ist zudem in kleinen und mittleren Auflagen komplett digital zu realisieren. Auch eine <a title=\"Alle M\u00f6glichkeiten aus einer Hand: Digitaldruck von dern Colour Connection aus Frankfurt\" href=\"https:\/\/www.printweb.de\" target=\"_blank\">Personalisierung im Digitaldruck<\/a>, zum Beispiel im Rahmen eines Events ist schnell gemacht und somit innerhalb weniger Tage und preiswert zu realisieren. Mehr Informationen und Preise finden Sie <a title=\"Faltschachtel f\u00fcr USB-Stick\" href=\"https:\/\/www.printweb.de\/ideen-aus-karton-faltschachteln-mappen-displays\/medienverpackungen-usb-stick.html\">hier<\/a>.<\/p>\n<p>&nbsp;<\/p>\n<p style=\"text-align: center;\"><a href=\"https:\/\/www.printweb.de\/digitaldruck\/wp-content\/uploads\/2015\/01\/467-kleine-Schachtel-2.jpg\"><img decoding=\"async\" class=\"aligncenter size-thumbnail wp-image-10779\" alt=\"Faltschachtel f\u00fcr USB-Stick\" src=\"https:\/\/www.printweb.de\/digitaldruck\/wp-content\/uploads\/2015\/01\/467-kleine-Schachtel-2-683x437.jpg\" width=\"683\" height=\"437\" \/><\/a><\/p>\n<p style=\"text-align: center;\"><em>Klick auf&#8217;s Bild f\u00fcr eine h\u00f6here Aufl\u00f6sung.<br \/>\n<\/em><\/p>\n<p style=\"margin-top: 15px; margin-bottom: -5px;\"><a href=\"http:\/\/www.facebook.com\/printweb.de\" target=\"_blank\" class=\"broken_link\"><img decoding=\"async\" title=\"Die Colour Connection auf Facebook\" alt=\"printweb.de auf Facebook\" src=\"https:\/\/www.printweb.de\/digitaldruck\/wp-content\/uploads\/fb-postlogo.png\" \/><\/a> <a href=\"http:\/\/www.twitter.com\/digitaldruck\" target=\"_blank\" class=\"broken_link\"><img decoding=\"async\" title=\"Die Colour Connection auf Twitter\" alt=\"printweb.de auf Twitter\" src=\"https:\/\/www.printweb.de\/digitaldruck\/wp-content\/uploads\/twitter-postlogo.png\" \/> <\/a><\/p>\n","protected":false},"excerpt":{"rendered":"Die sieht gut aus und l\u00f6st ein Problem. Es liegt in der Natur der Sache, dass Verpackungen oder &#8230; <br><br><a class=\"readmore\" href=\"https:\/\/www.printweb.de\/digitaldruck\/schicke-faltschachtel-fuer-einen-usb-stick\/10777\/\">mehr<\/a>","protected":false},"author":2,"featured_media":10779,"comment_status":"open","ping_status":"open","sticky":false,"template":"","format":"standard","meta":{"_acf_changed":false,"footnotes":""},"categories":[1,31,50,71,67],"tags":[],"class_list":["post-10777","post","type-post","status-publish","format-standard","has-post-thumbnail","hentry","category-alle-beitraege","category-weiterverarbeitung","category-digitale-stanze","category-individuelle-verpackungen","category-1to1-marketing"],"acf":[],"yoast_head":"<!-- This site is optimized with the Yoast SEO plugin v23.1 - https:\/\/yoast.com\/wordpress\/plugins\/seo\/ -->\n<title>Schicke Faltschachtel f\u00fcr einen USB-Stick | Was Print bewirken kann.<\/title>\n<meta name=\"robots\" content=\"index, follow, max-snippet:-1, max-image-preview:large, max-video-preview:-1\" \/>\n<link rel=\"canonical\" href=\"https:\/\/www.printweb.de\/digitaldruck\/schicke-faltschachtel-fuer-einen-usb-stick\/10777\/\" \/>\n<meta property=\"og:locale\" content=\"de_DE\" \/>\n<meta property=\"og:type\" content=\"article\" \/>\n<meta property=\"og:title\" content=\"Schicke Faltschachtel f\u00fcr einen USB-Stick | Was Print bewirken kann.\" \/>\n<meta property=\"og:description\" content=\"Die sieht gut aus und l\u00f6st ein Problem. Es liegt in der Natur der Sache, dass Verpackungen oder ... mehr\" \/>\n<meta property=\"og:url\" content=\"https:\/\/www.printweb.de\/digitaldruck\/schicke-faltschachtel-fuer-einen-usb-stick\/10777\/\" \/>\n<meta property=\"og:site_name\" content=\"Was Print bewirken kann.\" \/>\n<meta property=\"article:publisher\" content=\"https:\/\/www.facebook.com\/printweb.de\/\" \/>\n<meta property=\"article:published_time\" content=\"2015-01-21T09:17:19+00:00\" \/>\n<meta property=\"article:modified_time\" content=\"2016-10-05T09:50:08+00:00\" \/>\n<meta property=\"og:image\" content=\"https:\/\/www.printweb.de\/digitaldruck\/wp-content\/uploads\/2015\/01\/467-kleine-Schachtel-2.jpg\" \/>\n\t<meta property=\"og:image:width\" content=\"2834\" \/>\n\t<meta property=\"og:image:height\" content=\"2126\" \/>\n\t<meta property=\"og:image:type\" content=\"image\/jpeg\" \/>\n<meta name=\"author\" content=\"Ralph Hadem\" \/>\n<meta name=\"twitter:card\" content=\"summary_large_image\" \/>\n<meta name=\"twitter:creator\" content=\"@digitaldruck\" \/>\n<meta name=\"twitter:site\" content=\"@digitaldruck\" \/>\n<meta name=\"twitter:label1\" content=\"Verfasst von\" \/>\n\t<meta name=\"twitter:data1\" content=\"Ralph Hadem\" \/>\n\t<meta name=\"twitter:label2\" content=\"Gesch\u00e4tzte Lesezeit\" \/>\n\t<meta name=\"twitter:data2\" content=\"1 Minute\" \/>\n<script type=\"application\/ld+json\" class=\"yoast-schema-graph\">{\"@context\":\"https:\/\/schema.org\",\"@graph\":[{\"@type\":\"Article\",\"@id\":\"https:\/\/www.printweb.de\/digitaldruck\/schicke-faltschachtel-fuer-einen-usb-stick\/10777\/#article\",\"isPartOf\":{\"@id\":\"https:\/\/www.printweb.de\/digitaldruck\/schicke-faltschachtel-fuer-einen-usb-stick\/10777\/\"},\"author\":{\"name\":\"Ralph Hadem\",\"@id\":\"https:\/\/www.printweb.de\/digitaldruck\/#\/schema\/person\/0e0308818185589fb8602180e9273195\"},\"headline\":\"Schicke Faltschachtel f\u00fcr einen ...\",\"datePublished\":\"2015-01-21T09:17:19+00:00\",\"dateModified\":\"2016-10-05T09:50:08+00:00\",\"mainEntityOfPage\":{\"@id\":\"https:\/\/www.printweb.de\/digitaldruck\/schicke-faltschachtel-fuer-einen-usb-stick\/10777\/\"},\"wordCount\":114,\"commentCount\":0,\"publisher\":{\"@id\":\"https:\/\/www.printweb.de\/digitaldruck\/#organization\"},\"image\":{\"@id\":\"https:\/\/www.printweb.de\/digitaldruck\/schicke-faltschachtel-fuer-einen-usb-stick\/10777\/#primaryimage\"},\"thumbnailUrl\":\"https:\/\/www.printweb.de\/digitaldruck\/wp-content\/uploads\/2015\/01\/467-kleine-Schachtel-2.jpg\",\"articleSection\":[\"Digitaldruck+Veredlung\",\"Weiterverarbeitung\",\"Digitale Stanze\",\"Individuelle Verpackungen\",\"1to1-Marketing\"],\"inLanguage\":\"de-DE\",\"potentialAction\":[{\"@type\":\"CommentAction\",\"name\":\"Comment\",\"target\":[\"https:\/\/www.printweb.de\/digitaldruck\/schicke-faltschachtel-fuer-einen-usb-stick\/10777\/#respond\"]}]},{\"@type\":\"WebPage\",\"@id\":\"https:\/\/www.printweb.de\/digitaldruck\/schicke-faltschachtel-fuer-einen-usb-stick\/10777\/\",\"url\":\"https:\/\/www.printweb.de\/digitaldruck\/schicke-faltschachtel-fuer-einen-usb-stick\/10777\/\",\"name\":\"Schicke Faltschachtel f\u00fcr einen USB-Stick | Was Print bewirken kann.\",\"isPartOf\":{\"@id\":\"https:\/\/www.printweb.de\/digitaldruck\/#website\"},\"primaryImageOfPage\":{\"@id\":\"https:\/\/www.printweb.de\/digitaldruck\/schicke-faltschachtel-fuer-einen-usb-stick\/10777\/#primaryimage\"},\"image\":{\"@id\":\"https:\/\/www.printweb.de\/digitaldruck\/schicke-faltschachtel-fuer-einen-usb-stick\/10777\/#primaryimage\"},\"thumbnailUrl\":\"https:\/\/www.printweb.de\/digitaldruck\/wp-content\/uploads\/2015\/01\/467-kleine-Schachtel-2.jpg\",\"datePublished\":\"2015-01-21T09:17:19+00:00\",\"dateModified\":\"2016-10-05T09:50:08+00:00\",\"inLanguage\":\"de-DE\",\"potentialAction\":[{\"@type\":\"ReadAction\",\"target\":[\"https:\/\/www.printweb.de\/digitaldruck\/schicke-faltschachtel-fuer-einen-usb-stick\/10777\/\"]}]},{\"@type\":\"ImageObject\",\"inLanguage\":\"de-DE\",\"@id\":\"https:\/\/www.printweb.de\/digitaldruck\/schicke-faltschachtel-fuer-einen-usb-stick\/10777\/#primaryimage\",\"url\":\"https:\/\/www.printweb.de\/digitaldruck\/wp-content\/uploads\/2015\/01\/467-kleine-Schachtel-2.jpg\",\"contentUrl\":\"https:\/\/www.printweb.de\/digitaldruck\/wp-content\/uploads\/2015\/01\/467-kleine-Schachtel-2.jpg\",\"width\":2834,\"height\":2126,\"caption\":\"Kartonfaltschachtel f\u00fcr einen USB-Stick, Produktion komplett digital ohne Werkzeuge\"},{\"@type\":\"WebSite\",\"@id\":\"https:\/\/www.printweb.de\/digitaldruck\/#website\",\"url\":\"https:\/\/www.printweb.de\/digitaldruck\/\",\"name\":\"Was Print bewirken kann.\",\"description\":\"Was Print bewirken kann \u2013 1700 Ideen.\",\"publisher\":{\"@id\":\"https:\/\/www.printweb.de\/digitaldruck\/#organization\"},\"potentialAction\":[{\"@type\":\"SearchAction\",\"target\":{\"@type\":\"EntryPoint\",\"urlTemplate\":\"https:\/\/www.printweb.de\/digitaldruck\/?s={search_term_string}\"},\"query-input\":\"required name=search_term_string\"}],\"inLanguage\":\"de-DE\"},{\"@type\":\"Organization\",\"@id\":\"https:\/\/www.printweb.de\/digitaldruck\/#organization\",\"name\":\"Colour Connection GmbH, printweb.de, Frankfurt am Main\",\"url\":\"https:\/\/www.printweb.de\/digitaldruck\/\",\"logo\":{\"@type\":\"ImageObject\",\"inLanguage\":\"de-DE\",\"@id\":\"https:\/\/www.printweb.de\/digitaldruck\/#\/schema\/logo\/image\/\",\"url\":\"https:\/\/www.printweb.de\/digitaldruck\/wp-content\/uploads\/2019\/11\/colour-connectio-printweb-logo.jpg\",\"contentUrl\":\"https:\/\/www.printweb.de\/digitaldruck\/wp-content\/uploads\/2019\/11\/colour-connectio-printweb-logo.jpg\",\"width\":1014,\"height\":229,\"caption\":\"Colour Connection GmbH, printweb.de, Frankfurt am Main\"},\"image\":{\"@id\":\"https:\/\/www.printweb.de\/digitaldruck\/#\/schema\/logo\/image\/\"},\"sameAs\":[\"https:\/\/www.facebook.com\/printweb.de\/\",\"https:\/\/x.com\/digitaldruck\",\"https:\/\/www.instagram.com\/printweb.de\/\",\"https:\/\/www.youtube.com\/user\/Digitaldruckerei\"]},{\"@type\":\"Person\",\"@id\":\"https:\/\/www.printweb.de\/digitaldruck\/#\/schema\/person\/0e0308818185589fb8602180e9273195\",\"name\":\"Ralph Hadem\",\"image\":{\"@type\":\"ImageObject\",\"inLanguage\":\"de-DE\",\"@id\":\"https:\/\/www.printweb.de\/digitaldruck\/#\/schema\/person\/image\/\",\"url\":\"https:\/\/secure.gravatar.com\/avatar\/386b1b183dce310c5ac8a8f475fdecd8?s=96&d=blank&r=g\",\"contentUrl\":\"https:\/\/secure.gravatar.com\/avatar\/386b1b183dce310c5ac8a8f475fdecd8?s=96&d=blank&r=g\",\"caption\":\"Ralph Hadem\"},\"sameAs\":[\"https:\/\/www.printweb.de\"],\"url\":\"https:\/\/www.printweb.de\/digitaldruck\/author\/ralphhadem\/\"}]}<\/script>\n<!-- \/ Yoast SEO plugin. -->","yoast_head_json":{"title":"Schicke Faltschachtel f\u00fcr einen USB-Stick | Was Print bewirken kann.","robots":{"index":"index","follow":"follow","max-snippet":"max-snippet:-1","max-image-preview":"max-image-preview:large","max-video-preview":"max-video-preview:-1"},"canonical":"https:\/\/www.printweb.de\/digitaldruck\/schicke-faltschachtel-fuer-einen-usb-stick\/10777\/","og_locale":"de_DE","og_type":"article","og_title":"Schicke Faltschachtel f\u00fcr einen USB-Stick | Was Print bewirken kann.","og_description":"Die sieht gut aus und l\u00f6st ein Problem. Es liegt in der Natur der Sache, dass Verpackungen oder ... mehr","og_url":"https:\/\/www.printweb.de\/digitaldruck\/schicke-faltschachtel-fuer-einen-usb-stick\/10777\/","og_site_name":"Was Print bewirken kann.","article_publisher":"https:\/\/www.facebook.com\/printweb.de\/","article_published_time":"2015-01-21T09:17:19+00:00","article_modified_time":"2016-10-05T09:50:08+00:00","og_image":[{"width":2834,"height":2126,"url":"https:\/\/www.printweb.de\/digitaldruck\/wp-content\/uploads\/2015\/01\/467-kleine-Schachtel-2.jpg","type":"image\/jpeg"}],"author":"Ralph Hadem","twitter_card":"summary_large_image","twitter_creator":"@digitaldruck","twitter_site":"@digitaldruck","twitter_misc":{"Verfasst von":"Ralph Hadem","Gesch\u00e4tzte Lesezeit":"1 Minute"},"schema":{"@context":"https:\/\/schema.org","@graph":[{"@type":"Article","@id":"https:\/\/www.printweb.de\/digitaldruck\/schicke-faltschachtel-fuer-einen-usb-stick\/10777\/#article","isPartOf":{"@id":"https:\/\/www.printweb.de\/digitaldruck\/schicke-faltschachtel-fuer-einen-usb-stick\/10777\/"},"author":{"name":"Ralph Hadem","@id":"https:\/\/www.printweb.de\/digitaldruck\/#\/schema\/person\/0e0308818185589fb8602180e9273195"},"headline":"Schicke Faltschachtel f\u00fcr einen ...","datePublished":"2015-01-21T09:17:19+00:00","dateModified":"2016-10-05T09:50:08+00:00","mainEntityOfPage":{"@id":"https:\/\/www.printweb.de\/digitaldruck\/schicke-faltschachtel-fuer-einen-usb-stick\/10777\/"},"wordCount":114,"commentCount":0,"publisher":{"@id":"https:\/\/www.printweb.de\/digitaldruck\/#organization"},"image":{"@id":"https:\/\/www.printweb.de\/digitaldruck\/schicke-faltschachtel-fuer-einen-usb-stick\/10777\/#primaryimage"},"thumbnailUrl":"https:\/\/www.printweb.de\/digitaldruck\/wp-content\/uploads\/2015\/01\/467-kleine-Schachtel-2.jpg","articleSection":["Digitaldruck+Veredlung","Weiterverarbeitung","Digitale Stanze","Individuelle Verpackungen","1to1-Marketing"],"inLanguage":"de-DE","potentialAction":[{"@type":"CommentAction","name":"Comment","target":["https:\/\/www.printweb.de\/digitaldruck\/schicke-faltschachtel-fuer-einen-usb-stick\/10777\/#respond"]}]},{"@type":"WebPage","@id":"https:\/\/www.printweb.de\/digitaldruck\/schicke-faltschachtel-fuer-einen-usb-stick\/10777\/","url":"https:\/\/www.printweb.de\/digitaldruck\/schicke-faltschachtel-fuer-einen-usb-stick\/10777\/","name":"Schicke Faltschachtel f\u00fcr einen USB-Stick | Was Print bewirken kann.","isPartOf":{"@id":"https:\/\/www.printweb.de\/digitaldruck\/#website"},"primaryImageOfPage":{"@id":"https:\/\/www.printweb.de\/digitaldruck\/schicke-faltschachtel-fuer-einen-usb-stick\/10777\/#primaryimage"},"image":{"@id":"https:\/\/www.printweb.de\/digitaldruck\/schicke-faltschachtel-fuer-einen-usb-stick\/10777\/#primaryimage"},"thumbnailUrl":"https:\/\/www.printweb.de\/digitaldruck\/wp-content\/uploads\/2015\/01\/467-kleine-Schachtel-2.jpg","datePublished":"2015-01-21T09:17:19+00:00","dateModified":"2016-10-05T09:50:08+00:00","inLanguage":"de-DE","potentialAction":[{"@type":"ReadAction","target":["https:\/\/www.printweb.de\/digitaldruck\/schicke-faltschachtel-fuer-einen-usb-stick\/10777\/"]}]},{"@type":"ImageObject","inLanguage":"de-DE","@id":"https:\/\/www.printweb.de\/digitaldruck\/schicke-faltschachtel-fuer-einen-usb-stick\/10777\/#primaryimage","url":"https:\/\/www.printweb.de\/digitaldruck\/wp-content\/uploads\/2015\/01\/467-kleine-Schachtel-2.jpg","contentUrl":"https:\/\/www.printweb.de\/digitaldruck\/wp-content\/uploads\/2015\/01\/467-kleine-Schachtel-2.jpg","width":2834,"height":2126,"caption":"Kartonfaltschachtel f\u00fcr einen USB-Stick, Produktion komplett digital ohne Werkzeuge"},{"@type":"WebSite","@id":"https:\/\/www.printweb.de\/digitaldruck\/#website","url":"https:\/\/www.printweb.de\/digitaldruck\/","name":"Was Print bewirken kann.","description":"Was Print bewirken kann \u2013 1700 Ideen.","publisher":{"@id":"https:\/\/www.printweb.de\/digitaldruck\/#organization"},"potentialAction":[{"@type":"SearchAction","target":{"@type":"EntryPoint","urlTemplate":"https:\/\/www.printweb.de\/digitaldruck\/?s={search_term_string}"},"query-input":"required name=search_term_string"}],"inLanguage":"de-DE"},{"@type":"Organization","@id":"https:\/\/www.printweb.de\/digitaldruck\/#organization","name":"Colour Connection GmbH, printweb.de, Frankfurt am Main","url":"https:\/\/www.printweb.de\/digitaldruck\/","logo":{"@type":"ImageObject","inLanguage":"de-DE","@id":"https:\/\/www.printweb.de\/digitaldruck\/#\/schema\/logo\/image\/","url":"https:\/\/www.printweb.de\/digitaldruck\/wp-content\/uploads\/2019\/11\/colour-connectio-printweb-logo.jpg","contentUrl":"https:\/\/www.printweb.de\/digitaldruck\/wp-content\/uploads\/2019\/11\/colour-connectio-printweb-logo.jpg","width":1014,"height":229,"caption":"Colour Connection GmbH, printweb.de, Frankfurt am Main"},"image":{"@id":"https:\/\/www.printweb.de\/digitaldruck\/#\/schema\/logo\/image\/"},"sameAs":["https:\/\/www.facebook.com\/printweb.de\/","https:\/\/x.com\/digitaldruck","https:\/\/www.instagram.com\/printweb.de\/","https:\/\/www.youtube.com\/user\/Digitaldruckerei"]},{"@type":"Person","@id":"https:\/\/www.printweb.de\/digitaldruck\/#\/schema\/person\/0e0308818185589fb8602180e9273195","name":"Ralph Hadem","image":{"@type":"ImageObject","inLanguage":"de-DE","@id":"https:\/\/www.printweb.de\/digitaldruck\/#\/schema\/person\/image\/","url":"https:\/\/secure.gravatar.com\/avatar\/386b1b183dce310c5ac8a8f475fdecd8?s=96&d=blank&r=g","contentUrl":"https:\/\/secure.gravatar.com\/avatar\/386b1b183dce310c5ac8a8f475fdecd8?s=96&d=blank&r=g","caption":"Ralph Hadem"},"sameAs":["https:\/\/www.printweb.de"],"url":"https:\/\/www.printweb.de\/digitaldruck\/author\/ralphhadem\/"}]}},"_links":{"self":[{"href":"https:\/\/www.printweb.de\/digitaldruck\/wp-json\/wp\/v2\/posts\/10777"}],"collection":[{"href":"https:\/\/www.printweb.de\/digitaldruck\/wp-json\/wp\/v2\/posts"}],"about":[{"href":"https:\/\/www.printweb.de\/digitaldruck\/wp-json\/wp\/v2\/types\/post"}],"author":[{"embeddable":true,"href":"https:\/\/www.printweb.de\/digitaldruck\/wp-json\/wp\/v2\/users\/2"}],"replies":[{"embeddable":true,"href":"https:\/\/www.printweb.de\/digitaldruck\/wp-json\/wp\/v2\/comments?post=10777"}],"version-history":[{"count":8,"href":"https:\/\/www.printweb.de\/digitaldruck\/wp-json\/wp\/v2\/posts\/10777\/revisions"}],"predecessor-version":[{"id":13076,"href":"https:\/\/www.printweb.de\/digitaldruck\/wp-json\/wp\/v2\/posts\/10777\/revisions\/13076"}],"wp:featuredmedia":[{"embeddable":true,"href":"https:\/\/www.printweb.de\/digitaldruck\/wp-json\/wp\/v2\/media\/10779"}],"wp:attachment":[{"href":"https:\/\/www.printweb.de\/digitaldruck\/wp-json\/wp\/v2\/media?parent=10777"}],"wp:term":[{"taxonomy":"category","embeddable":true,"href":"https:\/\/www.printweb.de\/digitaldruck\/wp-json\/wp\/v2\/categories?post=10777"},{"taxonomy":"post_tag","embeddable":true,"href":"https:\/\/www.printweb.de\/digitaldruck\/wp-json\/wp\/v2\/tags?post=10777"}],"curies":[{"name":"wp","href":"https:\/\/api.w.org\/{rel}","templated":true}]}}