{"id":10845,"date":"2015-02-04T08:27:35","date_gmt":"2015-02-04T07:27:35","guid":{"rendered":"https:\/\/www.printweb.de\/digitaldruck\/?p=10845"},"modified":"2015-02-17T15:28:45","modified_gmt":"2015-02-17T14:28:45","slug":"laserstanzung-auf-druckfein-von-roemerturm-gutes-material-und-gute-idee","status":"publish","type":"post","link":"https:\/\/www.printweb.de\/digitaldruck\/laserstanzung-auf-druckfein-von-roemerturm-gutes-material-und-gute-idee\/10845\/","title":{"rendered":"Laserstanzung auf Druckfein von <br \/>R\u00f6merturm: Gutes Material und gute Idee"},"content":{"rendered":"<p>Da l\u00e4sst man sich gerne einwickeln ;-). Diese quadratische Klappkarte mit Wickelfalz macht deutlich, wie einfach es sein kann, sich aus der grauen Masse der DIN lang Klappkarten heraus zu heben. Lediglich beim Porto empfiehlt es sich, vorher kurz zu pr\u00fcfen, ob die Idee und das Budget zusammen passen. Quadratische Umschl\u00e4ge bef\u00f6rdert die Post f\u00fcr EUR 0,90 als Kompaktbrief &#8211; und somit f\u00fcr EUR 0,30 mehr als ein Standardbrief. Das macht bei 200 Aussendungen Mehrkosten von EUR 60,00 aus.<\/p>\n<p>Sollte der Umschlag schwerer als 20g sein, entstehen keinerlei Mehrkosten f\u00fcr das schicke Format. Inzwischen gibt es auch eine Vielzahl quadratischer Umschl\u00e4ge in wei\u00df, farbig <a title=\"Digitaldruck auf zahlreichen Materialien, auch Briefumschl\u00e4gen - printweb.de\" href=\"https:\/\/www.printweb.de\">sowie zahlreichen Sonderpapieren (Bedruckung im Digitaldruck ist m\u00f6glich)<\/a>. Wir beraten Sie und helfen bei der Auswahl.<\/p>\n<p>&nbsp;<\/p>\n<p style=\"text-align: center;\"><a href=\"https:\/\/www.printweb.de\/digitaldruck\/wp-content\/uploads\/2015\/02\/473-130x130_300g-Druckfein_Wickelfalz-6783-1.jpg\"><img decoding=\"async\" class=\"aligncenter size-thumbnail wp-image-10846\" alt=\"Charmante Karte mit Wickelfalz, Papier Druckfein Karton, Laserstanzung im Titel\" src=\"https:\/\/www.printweb.de\/digitaldruck\/wp-content\/uploads\/2015\/02\/473-130x130_300g-Druckfein_Wickelfalz-6783-1-765x765.jpg\" width=\"437\" height=\"437\" srcset=\"https:\/\/www.printweb.de\/digitaldruck\/wp-content\/uploads\/2015\/02\/473-130x130_300g-Druckfein_Wickelfalz-6783-1-765x765.jpg 765w, https:\/\/www.printweb.de\/digitaldruck\/wp-content\/uploads\/2015\/02\/473-130x130_300g-Druckfein_Wickelfalz-6783-1-768x768.jpg 768w, https:\/\/www.printweb.de\/digitaldruck\/wp-content\/uploads\/2015\/02\/473-130x130_300g-Druckfein_Wickelfalz-6783-1-490x490.jpg 490w, https:\/\/www.printweb.de\/digitaldruck\/wp-content\/uploads\/2015\/02\/473-130x130_300g-Druckfein_Wickelfalz-6783-1-65x65.jpg 65w\" sizes=\"(max-width: 437px) 100vw, 437px\" \/><\/a><\/p>\n<p style=\"text-align: center;\"><em>Klick auf&#8217;s Bild f\u00fcr eine h\u00f6here Aufl\u00f6sung.<br \/>\n<\/em><\/p>\n<p style=\"margin-top: 15px; margin-bottom: -5px;\"><a href=\"http:\/\/www.facebook.com\/printweb.de\" target=\"_blank\" class=\"broken_link\"><img decoding=\"async\" title=\"Die Colour Connection auf Facebook\" alt=\"printweb.de auf Facebook\" src=\"https:\/\/www.printweb.de\/digitaldruck\/wp-content\/uploads\/fb-postlogo.png\" \/><\/a> <a href=\"http:\/\/www.twitter.com\/digitaldruck\" target=\"_blank\" class=\"broken_link\"><img decoding=\"async\" title=\"Die Colour Connection auf Twitter\" alt=\"printweb.de auf Twitter\" src=\"https:\/\/www.printweb.de\/digitaldruck\/wp-content\/uploads\/twitter-postlogo.png\" \/> <\/a><\/p>\n","protected":false},"excerpt":{"rendered":"Da l\u00e4sst man sich gerne einwickeln ;-). Diese quadratische Klappkarte mit Wickelfalz macht deutlich, wie einfach es sein &#8230; <br><br><a class=\"readmore\" href=\"https:\/\/www.printweb.de\/digitaldruck\/laserstanzung-auf-druckfein-von-roemerturm-gutes-material-und-gute-idee\/10845\/\">mehr<\/a>","protected":false},"author":2,"featured_media":10846,"comment_status":"open","ping_status":"open","sticky":false,"template":"","format":"standard","meta":{"_acf_changed":false,"footnotes":""},"categories":[1,34,31,48,49,18],"tags":[],"class_list":["post-10845","post","type-post","status-publish","format-standard","has-post-thumbnail","hentry","category-alle-beitraege","category-papier-und-bedruckstoffe","category-weiterverarbeitung","category-haptik-highlights","category-laserbearbeitung","category-flyer-und-karten"],"acf":[],"yoast_head":"<!-- This site is optimized with the Yoast SEO plugin v23.1 - https:\/\/yoast.com\/wordpress\/plugins\/seo\/ -->\n<title>Laserstanzung auf Druckfein von R\u00f6merturm: Gutes Material und gute Idee | Was Print bewirken kann.<\/title>\n<meta name=\"robots\" content=\"index, follow, max-snippet:-1, max-image-preview:large, max-video-preview:-1\" \/>\n<link rel=\"canonical\" href=\"https:\/\/www.printweb.de\/digitaldruck\/laserstanzung-auf-druckfein-von-roemerturm-gutes-material-und-gute-idee\/10845\/\" \/>\n<meta property=\"og:locale\" content=\"de_DE\" \/>\n<meta property=\"og:type\" content=\"article\" \/>\n<meta property=\"og:title\" content=\"Laserstanzung auf Druckfein von R\u00f6merturm: Gutes Material und gute Idee | Was Print bewirken kann.\" \/>\n<meta property=\"og:description\" content=\"Da l\u00e4sst man sich gerne einwickeln ;-). Diese quadratische Klappkarte mit Wickelfalz macht deutlich, wie einfach es sein ... mehr\" \/>\n<meta property=\"og:url\" content=\"https:\/\/www.printweb.de\/digitaldruck\/laserstanzung-auf-druckfein-von-roemerturm-gutes-material-und-gute-idee\/10845\/\" \/>\n<meta property=\"og:site_name\" content=\"Was Print bewirken kann.\" \/>\n<meta property=\"article:publisher\" content=\"https:\/\/www.facebook.com\/printweb.de\/\" \/>\n<meta property=\"article:published_time\" content=\"2015-02-04T07:27:35+00:00\" \/>\n<meta property=\"article:modified_time\" content=\"2015-02-17T14:28:45+00:00\" \/>\n<meta property=\"og:image\" content=\"https:\/\/www.printweb.de\/digitaldruck\/wp-content\/uploads\/2015\/02\/473-130x130_300g-Druckfein_Wickelfalz-6783-1.jpg\" \/>\n\t<meta property=\"og:image:width\" content=\"2244\" \/>\n\t<meta property=\"og:image:height\" content=\"2244\" \/>\n\t<meta property=\"og:image:type\" content=\"image\/jpeg\" \/>\n<meta name=\"author\" content=\"Ralph Hadem\" \/>\n<meta name=\"twitter:card\" content=\"summary_large_image\" \/>\n<meta name=\"twitter:creator\" content=\"@digitaldruck\" \/>\n<meta name=\"twitter:site\" content=\"@digitaldruck\" \/>\n<meta name=\"twitter:label1\" content=\"Verfasst von\" \/>\n\t<meta name=\"twitter:data1\" content=\"Ralph Hadem\" \/>\n\t<meta name=\"twitter:label2\" content=\"Gesch\u00e4tzte Lesezeit\" \/>\n\t<meta name=\"twitter:data2\" content=\"1 Minute\" \/>\n<script type=\"application\/ld+json\" class=\"yoast-schema-graph\">{\"@context\":\"https:\/\/schema.org\",\"@graph\":[{\"@type\":\"Article\",\"@id\":\"https:\/\/www.printweb.de\/digitaldruck\/laserstanzung-auf-druckfein-von-roemerturm-gutes-material-und-gute-idee\/10845\/#article\",\"isPartOf\":{\"@id\":\"https:\/\/www.printweb.de\/digitaldruck\/laserstanzung-auf-druckfein-von-roemerturm-gutes-material-und-gute-idee\/10845\/\"},\"author\":{\"name\":\"Ralph Hadem\",\"@id\":\"https:\/\/www.printweb.de\/digitaldruck\/#\/schema\/person\/0e0308818185589fb8602180e9273195\"},\"headline\":\"Laserstanzung auf Druckfein von R\u00f6merturm: Gutes Material und gute Idee\",\"datePublished\":\"2015-02-04T07:27:35+00:00\",\"dateModified\":\"2015-02-17T14:28:45+00:00\",\"mainEntityOfPage\":{\"@id\":\"https:\/\/www.printweb.de\/digitaldruck\/laserstanzung-auf-druckfein-von-roemerturm-gutes-material-und-gute-idee\/10845\/\"},\"wordCount\":148,\"commentCount\":0,\"publisher\":{\"@id\":\"https:\/\/www.printweb.de\/digitaldruck\/#organization\"},\"image\":{\"@id\":\"https:\/\/www.printweb.de\/digitaldruck\/laserstanzung-auf-druckfein-von-roemerturm-gutes-material-und-gute-idee\/10845\/#primaryimage\"},\"thumbnailUrl\":\"https:\/\/www.printweb.de\/digitaldruck\/wp-content\/uploads\/2015\/02\/473-130x130_300g-Druckfein_Wickelfalz-6783-1.jpg\",\"articleSection\":[\"Digitaldruck+Veredlung\",\"Papier &amp; Bedruckstoffe\",\"Weiterverarbeitung\",\"Haptik-Highlights\",\"Laserbearbeitung\",\"Flyer, Folder und Karten\"],\"inLanguage\":\"de-DE\",\"potentialAction\":[{\"@type\":\"CommentAction\",\"name\":\"Comment\",\"target\":[\"https:\/\/www.printweb.de\/digitaldruck\/laserstanzung-auf-druckfein-von-roemerturm-gutes-material-und-gute-idee\/10845\/#respond\"]}]},{\"@type\":\"WebPage\",\"@id\":\"https:\/\/www.printweb.de\/digitaldruck\/laserstanzung-auf-druckfein-von-roemerturm-gutes-material-und-gute-idee\/10845\/\",\"url\":\"https:\/\/www.printweb.de\/digitaldruck\/laserstanzung-auf-druckfein-von-roemerturm-gutes-material-und-gute-idee\/10845\/\",\"name\":\"Laserstanzung auf Druckfein von R\u00f6merturm: Gutes Material und gute Idee | Was Print bewirken kann.\",\"isPartOf\":{\"@id\":\"https:\/\/www.printweb.de\/digitaldruck\/#website\"},\"primaryImageOfPage\":{\"@id\":\"https:\/\/www.printweb.de\/digitaldruck\/laserstanzung-auf-druckfein-von-roemerturm-gutes-material-und-gute-idee\/10845\/#primaryimage\"},\"image\":{\"@id\":\"https:\/\/www.printweb.de\/digitaldruck\/laserstanzung-auf-druckfein-von-roemerturm-gutes-material-und-gute-idee\/10845\/#primaryimage\"},\"thumbnailUrl\":\"https:\/\/www.printweb.de\/digitaldruck\/wp-content\/uploads\/2015\/02\/473-130x130_300g-Druckfein_Wickelfalz-6783-1.jpg\",\"datePublished\":\"2015-02-04T07:27:35+00:00\",\"dateModified\":\"2015-02-17T14:28:45+00:00\",\"inLanguage\":\"de-DE\",\"potentialAction\":[{\"@type\":\"ReadAction\",\"target\":[\"https:\/\/www.printweb.de\/digitaldruck\/laserstanzung-auf-druckfein-von-roemerturm-gutes-material-und-gute-idee\/10845\/\"]}]},{\"@type\":\"ImageObject\",\"inLanguage\":\"de-DE\",\"@id\":\"https:\/\/www.printweb.de\/digitaldruck\/laserstanzung-auf-druckfein-von-roemerturm-gutes-material-und-gute-idee\/10845\/#primaryimage\",\"url\":\"https:\/\/www.printweb.de\/digitaldruck\/wp-content\/uploads\/2015\/02\/473-130x130_300g-Druckfein_Wickelfalz-6783-1.jpg\",\"contentUrl\":\"https:\/\/www.printweb.de\/digitaldruck\/wp-content\/uploads\/2015\/02\/473-130x130_300g-Druckfein_Wickelfalz-6783-1.jpg\",\"width\":2244,\"height\":2244},{\"@type\":\"WebSite\",\"@id\":\"https:\/\/www.printweb.de\/digitaldruck\/#website\",\"url\":\"https:\/\/www.printweb.de\/digitaldruck\/\",\"name\":\"Was Print bewirken kann.\",\"description\":\"Was Print bewirken kann \u2013 1700 Ideen.\",\"publisher\":{\"@id\":\"https:\/\/www.printweb.de\/digitaldruck\/#organization\"},\"potentialAction\":[{\"@type\":\"SearchAction\",\"target\":{\"@type\":\"EntryPoint\",\"urlTemplate\":\"https:\/\/www.printweb.de\/digitaldruck\/?s={search_term_string}\"},\"query-input\":\"required name=search_term_string\"}],\"inLanguage\":\"de-DE\"},{\"@type\":\"Organization\",\"@id\":\"https:\/\/www.printweb.de\/digitaldruck\/#organization\",\"name\":\"Colour Connection GmbH, printweb.de, Frankfurt am Main\",\"url\":\"https:\/\/www.printweb.de\/digitaldruck\/\",\"logo\":{\"@type\":\"ImageObject\",\"inLanguage\":\"de-DE\",\"@id\":\"https:\/\/www.printweb.de\/digitaldruck\/#\/schema\/logo\/image\/\",\"url\":\"https:\/\/www.printweb.de\/digitaldruck\/wp-content\/uploads\/2019\/11\/colour-connectio-printweb-logo.jpg\",\"contentUrl\":\"https:\/\/www.printweb.de\/digitaldruck\/wp-content\/uploads\/2019\/11\/colour-connectio-printweb-logo.jpg\",\"width\":1014,\"height\":229,\"caption\":\"Colour Connection GmbH, printweb.de, Frankfurt am Main\"},\"image\":{\"@id\":\"https:\/\/www.printweb.de\/digitaldruck\/#\/schema\/logo\/image\/\"},\"sameAs\":[\"https:\/\/www.facebook.com\/printweb.de\/\",\"https:\/\/x.com\/digitaldruck\",\"https:\/\/www.instagram.com\/printweb.de\/\",\"https:\/\/www.youtube.com\/user\/Digitaldruckerei\"]},{\"@type\":\"Person\",\"@id\":\"https:\/\/www.printweb.de\/digitaldruck\/#\/schema\/person\/0e0308818185589fb8602180e9273195\",\"name\":\"Ralph Hadem\",\"image\":{\"@type\":\"ImageObject\",\"inLanguage\":\"de-DE\",\"@id\":\"https:\/\/www.printweb.de\/digitaldruck\/#\/schema\/person\/image\/\",\"url\":\"https:\/\/secure.gravatar.com\/avatar\/386b1b183dce310c5ac8a8f475fdecd8?s=96&d=blank&r=g\",\"contentUrl\":\"https:\/\/secure.gravatar.com\/avatar\/386b1b183dce310c5ac8a8f475fdecd8?s=96&d=blank&r=g\",\"caption\":\"Ralph Hadem\"},\"sameAs\":[\"https:\/\/www.printweb.de\"],\"url\":\"https:\/\/www.printweb.de\/digitaldruck\/author\/ralphhadem\/\"}]}<\/script>\n<!-- \/ Yoast SEO plugin. -->","yoast_head_json":{"title":"Laserstanzung auf Druckfein von R\u00f6merturm: Gutes Material und gute Idee | Was Print bewirken kann.","robots":{"index":"index","follow":"follow","max-snippet":"max-snippet:-1","max-image-preview":"max-image-preview:large","max-video-preview":"max-video-preview:-1"},"canonical":"https:\/\/www.printweb.de\/digitaldruck\/laserstanzung-auf-druckfein-von-roemerturm-gutes-material-und-gute-idee\/10845\/","og_locale":"de_DE","og_type":"article","og_title":"Laserstanzung auf Druckfein von R\u00f6merturm: Gutes Material und gute Idee | Was Print bewirken kann.","og_description":"Da l\u00e4sst man sich gerne einwickeln ;-). Diese quadratische Klappkarte mit Wickelfalz macht deutlich, wie einfach es sein ... mehr","og_url":"https:\/\/www.printweb.de\/digitaldruck\/laserstanzung-auf-druckfein-von-roemerturm-gutes-material-und-gute-idee\/10845\/","og_site_name":"Was Print bewirken kann.","article_publisher":"https:\/\/www.facebook.com\/printweb.de\/","article_published_time":"2015-02-04T07:27:35+00:00","article_modified_time":"2015-02-17T14:28:45+00:00","og_image":[{"width":2244,"height":2244,"url":"https:\/\/www.printweb.de\/digitaldruck\/wp-content\/uploads\/2015\/02\/473-130x130_300g-Druckfein_Wickelfalz-6783-1.jpg","type":"image\/jpeg"}],"author":"Ralph Hadem","twitter_card":"summary_large_image","twitter_creator":"@digitaldruck","twitter_site":"@digitaldruck","twitter_misc":{"Verfasst von":"Ralph Hadem","Gesch\u00e4tzte Lesezeit":"1 Minute"},"schema":{"@context":"https:\/\/schema.org","@graph":[{"@type":"Article","@id":"https:\/\/www.printweb.de\/digitaldruck\/laserstanzung-auf-druckfein-von-roemerturm-gutes-material-und-gute-idee\/10845\/#article","isPartOf":{"@id":"https:\/\/www.printweb.de\/digitaldruck\/laserstanzung-auf-druckfein-von-roemerturm-gutes-material-und-gute-idee\/10845\/"},"author":{"name":"Ralph Hadem","@id":"https:\/\/www.printweb.de\/digitaldruck\/#\/schema\/person\/0e0308818185589fb8602180e9273195"},"headline":"Laserstanzung auf Druckfein von R\u00f6merturm: Gutes Material und gute Idee","datePublished":"2015-02-04T07:27:35+00:00","dateModified":"2015-02-17T14:28:45+00:00","mainEntityOfPage":{"@id":"https:\/\/www.printweb.de\/digitaldruck\/laserstanzung-auf-druckfein-von-roemerturm-gutes-material-und-gute-idee\/10845\/"},"wordCount":148,"commentCount":0,"publisher":{"@id":"https:\/\/www.printweb.de\/digitaldruck\/#organization"},"image":{"@id":"https:\/\/www.printweb.de\/digitaldruck\/laserstanzung-auf-druckfein-von-roemerturm-gutes-material-und-gute-idee\/10845\/#primaryimage"},"thumbnailUrl":"https:\/\/www.printweb.de\/digitaldruck\/wp-content\/uploads\/2015\/02\/473-130x130_300g-Druckfein_Wickelfalz-6783-1.jpg","articleSection":["Digitaldruck+Veredlung","Papier &amp; Bedruckstoffe","Weiterverarbeitung","Haptik-Highlights","Laserbearbeitung","Flyer, Folder und Karten"],"inLanguage":"de-DE","potentialAction":[{"@type":"CommentAction","name":"Comment","target":["https:\/\/www.printweb.de\/digitaldruck\/laserstanzung-auf-druckfein-von-roemerturm-gutes-material-und-gute-idee\/10845\/#respond"]}]},{"@type":"WebPage","@id":"https:\/\/www.printweb.de\/digitaldruck\/laserstanzung-auf-druckfein-von-roemerturm-gutes-material-und-gute-idee\/10845\/","url":"https:\/\/www.printweb.de\/digitaldruck\/laserstanzung-auf-druckfein-von-roemerturm-gutes-material-und-gute-idee\/10845\/","name":"Laserstanzung auf Druckfein von R\u00f6merturm: Gutes Material und gute Idee | Was Print bewirken kann.","isPartOf":{"@id":"https:\/\/www.printweb.de\/digitaldruck\/#website"},"primaryImageOfPage":{"@id":"https:\/\/www.printweb.de\/digitaldruck\/laserstanzung-auf-druckfein-von-roemerturm-gutes-material-und-gute-idee\/10845\/#primaryimage"},"image":{"@id":"https:\/\/www.printweb.de\/digitaldruck\/laserstanzung-auf-druckfein-von-roemerturm-gutes-material-und-gute-idee\/10845\/#primaryimage"},"thumbnailUrl":"https:\/\/www.printweb.de\/digitaldruck\/wp-content\/uploads\/2015\/02\/473-130x130_300g-Druckfein_Wickelfalz-6783-1.jpg","datePublished":"2015-02-04T07:27:35+00:00","dateModified":"2015-02-17T14:28:45+00:00","inLanguage":"de-DE","potentialAction":[{"@type":"ReadAction","target":["https:\/\/www.printweb.de\/digitaldruck\/laserstanzung-auf-druckfein-von-roemerturm-gutes-material-und-gute-idee\/10845\/"]}]},{"@type":"ImageObject","inLanguage":"de-DE","@id":"https:\/\/www.printweb.de\/digitaldruck\/laserstanzung-auf-druckfein-von-roemerturm-gutes-material-und-gute-idee\/10845\/#primaryimage","url":"https:\/\/www.printweb.de\/digitaldruck\/wp-content\/uploads\/2015\/02\/473-130x130_300g-Druckfein_Wickelfalz-6783-1.jpg","contentUrl":"https:\/\/www.printweb.de\/digitaldruck\/wp-content\/uploads\/2015\/02\/473-130x130_300g-Druckfein_Wickelfalz-6783-1.jpg","width":2244,"height":2244},{"@type":"WebSite","@id":"https:\/\/www.printweb.de\/digitaldruck\/#website","url":"https:\/\/www.printweb.de\/digitaldruck\/","name":"Was Print bewirken kann.","description":"Was Print bewirken kann \u2013 1700 Ideen.","publisher":{"@id":"https:\/\/www.printweb.de\/digitaldruck\/#organization"},"potentialAction":[{"@type":"SearchAction","target":{"@type":"EntryPoint","urlTemplate":"https:\/\/www.printweb.de\/digitaldruck\/?s={search_term_string}"},"query-input":"required name=search_term_string"}],"inLanguage":"de-DE"},{"@type":"Organization","@id":"https:\/\/www.printweb.de\/digitaldruck\/#organization","name":"Colour Connection GmbH, printweb.de, Frankfurt am Main","url":"https:\/\/www.printweb.de\/digitaldruck\/","logo":{"@type":"ImageObject","inLanguage":"de-DE","@id":"https:\/\/www.printweb.de\/digitaldruck\/#\/schema\/logo\/image\/","url":"https:\/\/www.printweb.de\/digitaldruck\/wp-content\/uploads\/2019\/11\/colour-connectio-printweb-logo.jpg","contentUrl":"https:\/\/www.printweb.de\/digitaldruck\/wp-content\/uploads\/2019\/11\/colour-connectio-printweb-logo.jpg","width":1014,"height":229,"caption":"Colour Connection GmbH, printweb.de, Frankfurt am Main"},"image":{"@id":"https:\/\/www.printweb.de\/digitaldruck\/#\/schema\/logo\/image\/"},"sameAs":["https:\/\/www.facebook.com\/printweb.de\/","https:\/\/x.com\/digitaldruck","https:\/\/www.instagram.com\/printweb.de\/","https:\/\/www.youtube.com\/user\/Digitaldruckerei"]},{"@type":"Person","@id":"https:\/\/www.printweb.de\/digitaldruck\/#\/schema\/person\/0e0308818185589fb8602180e9273195","name":"Ralph Hadem","image":{"@type":"ImageObject","inLanguage":"de-DE","@id":"https:\/\/www.printweb.de\/digitaldruck\/#\/schema\/person\/image\/","url":"https:\/\/secure.gravatar.com\/avatar\/386b1b183dce310c5ac8a8f475fdecd8?s=96&d=blank&r=g","contentUrl":"https:\/\/secure.gravatar.com\/avatar\/386b1b183dce310c5ac8a8f475fdecd8?s=96&d=blank&r=g","caption":"Ralph Hadem"},"sameAs":["https:\/\/www.printweb.de"],"url":"https:\/\/www.printweb.de\/digitaldruck\/author\/ralphhadem\/"}]}},"_links":{"self":[{"href":"https:\/\/www.printweb.de\/digitaldruck\/wp-json\/wp\/v2\/posts\/10845"}],"collection":[{"href":"https:\/\/www.printweb.de\/digitaldruck\/wp-json\/wp\/v2\/posts"}],"about":[{"href":"https:\/\/www.printweb.de\/digitaldruck\/wp-json\/wp\/v2\/types\/post"}],"author":[{"embeddable":true,"href":"https:\/\/www.printweb.de\/digitaldruck\/wp-json\/wp\/v2\/users\/2"}],"replies":[{"embeddable":true,"href":"https:\/\/www.printweb.de\/digitaldruck\/wp-json\/wp\/v2\/comments?post=10845"}],"version-history":[{"count":5,"href":"https:\/\/www.printweb.de\/digitaldruck\/wp-json\/wp\/v2\/posts\/10845\/revisions"}],"predecessor-version":[{"id":11007,"href":"https:\/\/www.printweb.de\/digitaldruck\/wp-json\/wp\/v2\/posts\/10845\/revisions\/11007"}],"wp:featuredmedia":[{"embeddable":true,"href":"https:\/\/www.printweb.de\/digitaldruck\/wp-json\/wp\/v2\/media\/10846"}],"wp:attachment":[{"href":"https:\/\/www.printweb.de\/digitaldruck\/wp-json\/wp\/v2\/media?parent=10845"}],"wp:term":[{"taxonomy":"category","embeddable":true,"href":"https:\/\/www.printweb.de\/digitaldruck\/wp-json\/wp\/v2\/categories?post=10845"},{"taxonomy":"post_tag","embeddable":true,"href":"https:\/\/www.printweb.de\/digitaldruck\/wp-json\/wp\/v2\/tags?post=10845"}],"curies":[{"name":"wp","href":"https:\/\/api.w.org\/{rel}","templated":true}]}}