{"id":11098,"date":"2015-03-05T11:55:06","date_gmt":"2015-03-05T10:55:06","guid":{"rendered":"https:\/\/www.printweb.de\/digitaldruck\/?p=11098"},"modified":"2015-03-05T11:55:06","modified_gmt":"2015-03-05T10:55:06","slug":"die-outdoor-saison-steht-in-den-startloechern","status":"publish","type":"post","link":"https:\/\/www.printweb.de\/digitaldruck\/die-outdoor-saison-steht-in-den-startloechern\/11098\/","title":{"rendered":"Die Outdoor-Saison steht in den ..."},"content":{"rendered":"<p>Und dazu passt diese sch\u00f6ne Karte wie bestellt ;-). Die ungew\u00f6hnliche Falzung tr\u00e4gt ihren Teil dazu bei, um die lasergeschnittenen Figuren zur Geltung kommen zu lassen. Wie so oft bin ich erstaunt dar\u00fcber, was in den K\u00f6pfen unserer Kunden so f\u00fcr Filme ablaufen. Aber die Ergebnisse sprechen f\u00fcr sich &#8230;<br \/>\nDie Produktion erfolgte komplett im Digitaldruck. Laserstanzung mit einem Galvo-Laser. Diese Laser haben den Vorteil, dass auch filigrane Muster sehr schnell geschnitten werden &#8211; und das macht sich in kurzen Maschinenlaufzeiten und entsprechend g\u00fcnstigen Preisen bemerkbar.<\/p>\n<p>&nbsp;<\/p>\n<p><a href=\"https:\/\/www.printweb.de\/digitaldruck\/wp-content\/uploads\/2015\/03\/Lasergestanzte-Karte-auf-300g-Planojet-100x210mm-6873-1.jpg\"><img decoding=\"async\" class=\"aligncenter size-thumbnail wp-image-11099\" alt=\"Lasergestanzte-Karte-auf-300g-Planojet-100x210mm-6873--1\" src=\"https:\/\/www.printweb.de\/digitaldruck\/wp-content\/uploads\/2015\/03\/Lasergestanzte-Karte-auf-300g-Planojet-100x210mm-6873-1-765x492.jpg\" width=\"679\" height=\"437\" srcset=\"https:\/\/www.printweb.de\/digitaldruck\/wp-content\/uploads\/2015\/03\/Lasergestanzte-Karte-auf-300g-Planojet-100x210mm-6873-1-765x492.jpg 765w, https:\/\/www.printweb.de\/digitaldruck\/wp-content\/uploads\/2015\/03\/Lasergestanzte-Karte-auf-300g-Planojet-100x210mm-6873-1-768x494.jpg 768w, https:\/\/www.printweb.de\/digitaldruck\/wp-content\/uploads\/2015\/03\/Lasergestanzte-Karte-auf-300g-Planojet-100x210mm-6873-1-762x490.jpg 762w, https:\/\/www.printweb.de\/digitaldruck\/wp-content\/uploads\/2015\/03\/Lasergestanzte-Karte-auf-300g-Planojet-100x210mm-6873-1-370x237.jpg 370w, https:\/\/www.printweb.de\/digitaldruck\/wp-content\/uploads\/2015\/03\/Lasergestanzte-Karte-auf-300g-Planojet-100x210mm-6873-1-133x85.jpg 133w, https:\/\/www.printweb.de\/digitaldruck\/wp-content\/uploads\/2015\/03\/Lasergestanzte-Karte-auf-300g-Planojet-100x210mm-6873-1-211x135.jpg 211w\" sizes=\"(max-width: 679px) 100vw, 679px\" \/><\/a><\/p>\n<p style=\"text-align: center;\"><em>Klick auf&#8217;s Bild f\u00fcr eine h\u00f6here Aufl\u00f6sung.<br \/>\n<\/em><\/p>\n<p style=\"margin-top: 15px; margin-bottom: -5px;\"><a href=\"http:\/\/www.facebook.com\/printweb.de\" target=\"_blank\" class=\"broken_link\"><img decoding=\"async\" title=\"Die Colour Connection auf Facebook\" alt=\"printweb.de auf Facebook\" src=\"https:\/\/www.printweb.de\/digitaldruck\/wp-content\/uploads\/fb-postlogo.png\" \/><\/a> <a href=\"http:\/\/www.twitter.com\/digitaldruck\" target=\"_blank\" class=\"broken_link\"><img decoding=\"async\" title=\"Die Colour Connection auf Twitter\" alt=\"printweb.de auf Twitter\" src=\"https:\/\/www.printweb.de\/digitaldruck\/wp-content\/uploads\/twitter-postlogo.png\" \/> <\/a><\/p>\n","protected":false},"excerpt":{"rendered":"Und dazu passt diese sch\u00f6ne Karte wie bestellt ;-). Die ungew\u00f6hnliche Falzung tr\u00e4gt ihren Teil dazu bei, um &#8230; <br><br><a class=\"readmore\" href=\"https:\/\/www.printweb.de\/digitaldruck\/die-outdoor-saison-steht-in-den-startloechern\/11098\/\">mehr<\/a>","protected":false},"author":2,"featured_media":11099,"comment_status":"open","ping_status":"open","sticky":false,"template":"","format":"standard","meta":{"_acf_changed":false,"footnotes":""},"categories":[1],"tags":[],"class_list":["post-11098","post","type-post","status-publish","format-standard","has-post-thumbnail","hentry","category-alle-beitraege"],"acf":[],"yoast_head":"<!-- This site is optimized with the Yoast SEO plugin v23.1 - https:\/\/yoast.com\/wordpress\/plugins\/seo\/ -->\n<title>Die Outdoor-Saison steht in den Startl\u00f6chern | Was Print bewirken kann.<\/title>\n<meta name=\"robots\" content=\"index, follow, max-snippet:-1, max-image-preview:large, max-video-preview:-1\" \/>\n<link rel=\"canonical\" href=\"https:\/\/www.printweb.de\/digitaldruck\/die-outdoor-saison-steht-in-den-startloechern\/11098\/\" \/>\n<meta property=\"og:locale\" content=\"de_DE\" \/>\n<meta property=\"og:type\" content=\"article\" \/>\n<meta property=\"og:title\" content=\"Die Outdoor-Saison steht in den Startl\u00f6chern | Was Print bewirken kann.\" \/>\n<meta property=\"og:description\" content=\"Und dazu passt diese sch\u00f6ne Karte wie bestellt ;-). Die ungew\u00f6hnliche Falzung tr\u00e4gt ihren Teil dazu bei, um ... mehr\" \/>\n<meta property=\"og:url\" content=\"https:\/\/www.printweb.de\/digitaldruck\/die-outdoor-saison-steht-in-den-startloechern\/11098\/\" \/>\n<meta property=\"og:site_name\" content=\"Was Print bewirken kann.\" \/>\n<meta property=\"article:publisher\" content=\"https:\/\/www.facebook.com\/printweb.de\/\" \/>\n<meta property=\"article:published_time\" content=\"2015-03-05T10:55:06+00:00\" \/>\n<meta property=\"og:image\" content=\"https:\/\/www.printweb.de\/digitaldruck\/wp-content\/uploads\/2015\/03\/Lasergestanzte-Karte-auf-300g-Planojet-100x210mm-6873-1.jpg\" \/>\n\t<meta property=\"og:image:width\" content=\"2362\" \/>\n\t<meta property=\"og:image:height\" content=\"1519\" \/>\n\t<meta property=\"og:image:type\" content=\"image\/jpeg\" \/>\n<meta name=\"author\" content=\"Ralph Hadem\" \/>\n<meta name=\"twitter:card\" content=\"summary_large_image\" \/>\n<meta name=\"twitter:creator\" content=\"@digitaldruck\" \/>\n<meta name=\"twitter:site\" content=\"@digitaldruck\" \/>\n<meta name=\"twitter:label1\" content=\"Verfasst von\" \/>\n\t<meta name=\"twitter:data1\" content=\"Ralph Hadem\" \/>\n\t<meta name=\"twitter:label2\" content=\"Gesch\u00e4tzte Lesezeit\" \/>\n\t<meta name=\"twitter:data2\" content=\"1 Minute\" \/>\n<script type=\"application\/ld+json\" class=\"yoast-schema-graph\">{\"@context\":\"https:\/\/schema.org\",\"@graph\":[{\"@type\":\"Article\",\"@id\":\"https:\/\/www.printweb.de\/digitaldruck\/die-outdoor-saison-steht-in-den-startloechern\/11098\/#article\",\"isPartOf\":{\"@id\":\"https:\/\/www.printweb.de\/digitaldruck\/die-outdoor-saison-steht-in-den-startloechern\/11098\/\"},\"author\":{\"name\":\"Ralph Hadem\",\"@id\":\"https:\/\/www.printweb.de\/digitaldruck\/#\/schema\/person\/0e0308818185589fb8602180e9273195\"},\"headline\":\"Die Outdoor-Saison steht in den ...\",\"datePublished\":\"2015-03-05T10:55:06+00:00\",\"dateModified\":\"2015-03-05T10:55:06+00:00\",\"mainEntityOfPage\":{\"@id\":\"https:\/\/www.printweb.de\/digitaldruck\/die-outdoor-saison-steht-in-den-startloechern\/11098\/\"},\"wordCount\":112,\"commentCount\":0,\"publisher\":{\"@id\":\"https:\/\/www.printweb.de\/digitaldruck\/#organization\"},\"image\":{\"@id\":\"https:\/\/www.printweb.de\/digitaldruck\/die-outdoor-saison-steht-in-den-startloechern\/11098\/#primaryimage\"},\"thumbnailUrl\":\"https:\/\/www.printweb.de\/digitaldruck\/wp-content\/uploads\/2015\/03\/Lasergestanzte-Karte-auf-300g-Planojet-100x210mm-6873-1.jpg\",\"articleSection\":[\"Digitaldruck+Veredlung\"],\"inLanguage\":\"de-DE\",\"potentialAction\":[{\"@type\":\"CommentAction\",\"name\":\"Comment\",\"target\":[\"https:\/\/www.printweb.de\/digitaldruck\/die-outdoor-saison-steht-in-den-startloechern\/11098\/#respond\"]}]},{\"@type\":\"WebPage\",\"@id\":\"https:\/\/www.printweb.de\/digitaldruck\/die-outdoor-saison-steht-in-den-startloechern\/11098\/\",\"url\":\"https:\/\/www.printweb.de\/digitaldruck\/die-outdoor-saison-steht-in-den-startloechern\/11098\/\",\"name\":\"Die Outdoor-Saison steht in den Startl\u00f6chern | Was Print bewirken kann.\",\"isPartOf\":{\"@id\":\"https:\/\/www.printweb.de\/digitaldruck\/#website\"},\"primaryImageOfPage\":{\"@id\":\"https:\/\/www.printweb.de\/digitaldruck\/die-outdoor-saison-steht-in-den-startloechern\/11098\/#primaryimage\"},\"image\":{\"@id\":\"https:\/\/www.printweb.de\/digitaldruck\/die-outdoor-saison-steht-in-den-startloechern\/11098\/#primaryimage\"},\"thumbnailUrl\":\"https:\/\/www.printweb.de\/digitaldruck\/wp-content\/uploads\/2015\/03\/Lasergestanzte-Karte-auf-300g-Planojet-100x210mm-6873-1.jpg\",\"datePublished\":\"2015-03-05T10:55:06+00:00\",\"dateModified\":\"2015-03-05T10:55:06+00:00\",\"inLanguage\":\"de-DE\",\"potentialAction\":[{\"@type\":\"ReadAction\",\"target\":[\"https:\/\/www.printweb.de\/digitaldruck\/die-outdoor-saison-steht-in-den-startloechern\/11098\/\"]}]},{\"@type\":\"ImageObject\",\"inLanguage\":\"de-DE\",\"@id\":\"https:\/\/www.printweb.de\/digitaldruck\/die-outdoor-saison-steht-in-den-startloechern\/11098\/#primaryimage\",\"url\":\"https:\/\/www.printweb.de\/digitaldruck\/wp-content\/uploads\/2015\/03\/Lasergestanzte-Karte-auf-300g-Planojet-100x210mm-6873-1.jpg\",\"contentUrl\":\"https:\/\/www.printweb.de\/digitaldruck\/wp-content\/uploads\/2015\/03\/Lasergestanzte-Karte-auf-300g-Planojet-100x210mm-6873-1.jpg\",\"width\":2362,\"height\":1519},{\"@type\":\"WebSite\",\"@id\":\"https:\/\/www.printweb.de\/digitaldruck\/#website\",\"url\":\"https:\/\/www.printweb.de\/digitaldruck\/\",\"name\":\"Was Print bewirken kann.\",\"description\":\"Was Print bewirken kann \u2013 1700 Ideen.\",\"publisher\":{\"@id\":\"https:\/\/www.printweb.de\/digitaldruck\/#organization\"},\"potentialAction\":[{\"@type\":\"SearchAction\",\"target\":{\"@type\":\"EntryPoint\",\"urlTemplate\":\"https:\/\/www.printweb.de\/digitaldruck\/?s={search_term_string}\"},\"query-input\":\"required name=search_term_string\"}],\"inLanguage\":\"de-DE\"},{\"@type\":\"Organization\",\"@id\":\"https:\/\/www.printweb.de\/digitaldruck\/#organization\",\"name\":\"Colour Connection GmbH, printweb.de, Frankfurt am Main\",\"url\":\"https:\/\/www.printweb.de\/digitaldruck\/\",\"logo\":{\"@type\":\"ImageObject\",\"inLanguage\":\"de-DE\",\"@id\":\"https:\/\/www.printweb.de\/digitaldruck\/#\/schema\/logo\/image\/\",\"url\":\"https:\/\/www.printweb.de\/digitaldruck\/wp-content\/uploads\/2019\/11\/colour-connectio-printweb-logo.jpg\",\"contentUrl\":\"https:\/\/www.printweb.de\/digitaldruck\/wp-content\/uploads\/2019\/11\/colour-connectio-printweb-logo.jpg\",\"width\":1014,\"height\":229,\"caption\":\"Colour Connection GmbH, printweb.de, Frankfurt am Main\"},\"image\":{\"@id\":\"https:\/\/www.printweb.de\/digitaldruck\/#\/schema\/logo\/image\/\"},\"sameAs\":[\"https:\/\/www.facebook.com\/printweb.de\/\",\"https:\/\/x.com\/digitaldruck\",\"https:\/\/www.instagram.com\/printweb.de\/\",\"https:\/\/www.youtube.com\/user\/Digitaldruckerei\"]},{\"@type\":\"Person\",\"@id\":\"https:\/\/www.printweb.de\/digitaldruck\/#\/schema\/person\/0e0308818185589fb8602180e9273195\",\"name\":\"Ralph Hadem\",\"image\":{\"@type\":\"ImageObject\",\"inLanguage\":\"de-DE\",\"@id\":\"https:\/\/www.printweb.de\/digitaldruck\/#\/schema\/person\/image\/\",\"url\":\"https:\/\/secure.gravatar.com\/avatar\/386b1b183dce310c5ac8a8f475fdecd8?s=96&d=blank&r=g\",\"contentUrl\":\"https:\/\/secure.gravatar.com\/avatar\/386b1b183dce310c5ac8a8f475fdecd8?s=96&d=blank&r=g\",\"caption\":\"Ralph Hadem\"},\"sameAs\":[\"https:\/\/www.printweb.de\"],\"url\":\"https:\/\/www.printweb.de\/digitaldruck\/author\/ralphhadem\/\"}]}<\/script>\n<!-- \/ Yoast SEO plugin. -->","yoast_head_json":{"title":"Die Outdoor-Saison steht in den Startl\u00f6chern | Was Print bewirken kann.","robots":{"index":"index","follow":"follow","max-snippet":"max-snippet:-1","max-image-preview":"max-image-preview:large","max-video-preview":"max-video-preview:-1"},"canonical":"https:\/\/www.printweb.de\/digitaldruck\/die-outdoor-saison-steht-in-den-startloechern\/11098\/","og_locale":"de_DE","og_type":"article","og_title":"Die Outdoor-Saison steht in den Startl\u00f6chern | Was Print bewirken kann.","og_description":"Und dazu passt diese sch\u00f6ne Karte wie bestellt ;-). Die ungew\u00f6hnliche Falzung tr\u00e4gt ihren Teil dazu bei, um ... mehr","og_url":"https:\/\/www.printweb.de\/digitaldruck\/die-outdoor-saison-steht-in-den-startloechern\/11098\/","og_site_name":"Was Print bewirken kann.","article_publisher":"https:\/\/www.facebook.com\/printweb.de\/","article_published_time":"2015-03-05T10:55:06+00:00","og_image":[{"width":2362,"height":1519,"url":"https:\/\/www.printweb.de\/digitaldruck\/wp-content\/uploads\/2015\/03\/Lasergestanzte-Karte-auf-300g-Planojet-100x210mm-6873-1.jpg","type":"image\/jpeg"}],"author":"Ralph Hadem","twitter_card":"summary_large_image","twitter_creator":"@digitaldruck","twitter_site":"@digitaldruck","twitter_misc":{"Verfasst von":"Ralph Hadem","Gesch\u00e4tzte Lesezeit":"1 Minute"},"schema":{"@context":"https:\/\/schema.org","@graph":[{"@type":"Article","@id":"https:\/\/www.printweb.de\/digitaldruck\/die-outdoor-saison-steht-in-den-startloechern\/11098\/#article","isPartOf":{"@id":"https:\/\/www.printweb.de\/digitaldruck\/die-outdoor-saison-steht-in-den-startloechern\/11098\/"},"author":{"name":"Ralph Hadem","@id":"https:\/\/www.printweb.de\/digitaldruck\/#\/schema\/person\/0e0308818185589fb8602180e9273195"},"headline":"Die Outdoor-Saison steht in den ...","datePublished":"2015-03-05T10:55:06+00:00","dateModified":"2015-03-05T10:55:06+00:00","mainEntityOfPage":{"@id":"https:\/\/www.printweb.de\/digitaldruck\/die-outdoor-saison-steht-in-den-startloechern\/11098\/"},"wordCount":112,"commentCount":0,"publisher":{"@id":"https:\/\/www.printweb.de\/digitaldruck\/#organization"},"image":{"@id":"https:\/\/www.printweb.de\/digitaldruck\/die-outdoor-saison-steht-in-den-startloechern\/11098\/#primaryimage"},"thumbnailUrl":"https:\/\/www.printweb.de\/digitaldruck\/wp-content\/uploads\/2015\/03\/Lasergestanzte-Karte-auf-300g-Planojet-100x210mm-6873-1.jpg","articleSection":["Digitaldruck+Veredlung"],"inLanguage":"de-DE","potentialAction":[{"@type":"CommentAction","name":"Comment","target":["https:\/\/www.printweb.de\/digitaldruck\/die-outdoor-saison-steht-in-den-startloechern\/11098\/#respond"]}]},{"@type":"WebPage","@id":"https:\/\/www.printweb.de\/digitaldruck\/die-outdoor-saison-steht-in-den-startloechern\/11098\/","url":"https:\/\/www.printweb.de\/digitaldruck\/die-outdoor-saison-steht-in-den-startloechern\/11098\/","name":"Die Outdoor-Saison steht in den Startl\u00f6chern | Was Print bewirken kann.","isPartOf":{"@id":"https:\/\/www.printweb.de\/digitaldruck\/#website"},"primaryImageOfPage":{"@id":"https:\/\/www.printweb.de\/digitaldruck\/die-outdoor-saison-steht-in-den-startloechern\/11098\/#primaryimage"},"image":{"@id":"https:\/\/www.printweb.de\/digitaldruck\/die-outdoor-saison-steht-in-den-startloechern\/11098\/#primaryimage"},"thumbnailUrl":"https:\/\/www.printweb.de\/digitaldruck\/wp-content\/uploads\/2015\/03\/Lasergestanzte-Karte-auf-300g-Planojet-100x210mm-6873-1.jpg","datePublished":"2015-03-05T10:55:06+00:00","dateModified":"2015-03-05T10:55:06+00:00","inLanguage":"de-DE","potentialAction":[{"@type":"ReadAction","target":["https:\/\/www.printweb.de\/digitaldruck\/die-outdoor-saison-steht-in-den-startloechern\/11098\/"]}]},{"@type":"ImageObject","inLanguage":"de-DE","@id":"https:\/\/www.printweb.de\/digitaldruck\/die-outdoor-saison-steht-in-den-startloechern\/11098\/#primaryimage","url":"https:\/\/www.printweb.de\/digitaldruck\/wp-content\/uploads\/2015\/03\/Lasergestanzte-Karte-auf-300g-Planojet-100x210mm-6873-1.jpg","contentUrl":"https:\/\/www.printweb.de\/digitaldruck\/wp-content\/uploads\/2015\/03\/Lasergestanzte-Karte-auf-300g-Planojet-100x210mm-6873-1.jpg","width":2362,"height":1519},{"@type":"WebSite","@id":"https:\/\/www.printweb.de\/digitaldruck\/#website","url":"https:\/\/www.printweb.de\/digitaldruck\/","name":"Was Print bewirken kann.","description":"Was Print bewirken kann \u2013 1700 Ideen.","publisher":{"@id":"https:\/\/www.printweb.de\/digitaldruck\/#organization"},"potentialAction":[{"@type":"SearchAction","target":{"@type":"EntryPoint","urlTemplate":"https:\/\/www.printweb.de\/digitaldruck\/?s={search_term_string}"},"query-input":"required name=search_term_string"}],"inLanguage":"de-DE"},{"@type":"Organization","@id":"https:\/\/www.printweb.de\/digitaldruck\/#organization","name":"Colour Connection GmbH, printweb.de, Frankfurt am Main","url":"https:\/\/www.printweb.de\/digitaldruck\/","logo":{"@type":"ImageObject","inLanguage":"de-DE","@id":"https:\/\/www.printweb.de\/digitaldruck\/#\/schema\/logo\/image\/","url":"https:\/\/www.printweb.de\/digitaldruck\/wp-content\/uploads\/2019\/11\/colour-connectio-printweb-logo.jpg","contentUrl":"https:\/\/www.printweb.de\/digitaldruck\/wp-content\/uploads\/2019\/11\/colour-connectio-printweb-logo.jpg","width":1014,"height":229,"caption":"Colour Connection GmbH, printweb.de, Frankfurt am Main"},"image":{"@id":"https:\/\/www.printweb.de\/digitaldruck\/#\/schema\/logo\/image\/"},"sameAs":["https:\/\/www.facebook.com\/printweb.de\/","https:\/\/x.com\/digitaldruck","https:\/\/www.instagram.com\/printweb.de\/","https:\/\/www.youtube.com\/user\/Digitaldruckerei"]},{"@type":"Person","@id":"https:\/\/www.printweb.de\/digitaldruck\/#\/schema\/person\/0e0308818185589fb8602180e9273195","name":"Ralph Hadem","image":{"@type":"ImageObject","inLanguage":"de-DE","@id":"https:\/\/www.printweb.de\/digitaldruck\/#\/schema\/person\/image\/","url":"https:\/\/secure.gravatar.com\/avatar\/386b1b183dce310c5ac8a8f475fdecd8?s=96&d=blank&r=g","contentUrl":"https:\/\/secure.gravatar.com\/avatar\/386b1b183dce310c5ac8a8f475fdecd8?s=96&d=blank&r=g","caption":"Ralph Hadem"},"sameAs":["https:\/\/www.printweb.de"],"url":"https:\/\/www.printweb.de\/digitaldruck\/author\/ralphhadem\/"}]}},"_links":{"self":[{"href":"https:\/\/www.printweb.de\/digitaldruck\/wp-json\/wp\/v2\/posts\/11098"}],"collection":[{"href":"https:\/\/www.printweb.de\/digitaldruck\/wp-json\/wp\/v2\/posts"}],"about":[{"href":"https:\/\/www.printweb.de\/digitaldruck\/wp-json\/wp\/v2\/types\/post"}],"author":[{"embeddable":true,"href":"https:\/\/www.printweb.de\/digitaldruck\/wp-json\/wp\/v2\/users\/2"}],"replies":[{"embeddable":true,"href":"https:\/\/www.printweb.de\/digitaldruck\/wp-json\/wp\/v2\/comments?post=11098"}],"version-history":[{"count":5,"href":"https:\/\/www.printweb.de\/digitaldruck\/wp-json\/wp\/v2\/posts\/11098\/revisions"}],"predecessor-version":[{"id":11104,"href":"https:\/\/www.printweb.de\/digitaldruck\/wp-json\/wp\/v2\/posts\/11098\/revisions\/11104"}],"wp:featuredmedia":[{"embeddable":true,"href":"https:\/\/www.printweb.de\/digitaldruck\/wp-json\/wp\/v2\/media\/11099"}],"wp:attachment":[{"href":"https:\/\/www.printweb.de\/digitaldruck\/wp-json\/wp\/v2\/media?parent=11098"}],"wp:term":[{"taxonomy":"category","embeddable":true,"href":"https:\/\/www.printweb.de\/digitaldruck\/wp-json\/wp\/v2\/categories?post=11098"},{"taxonomy":"post_tag","embeddable":true,"href":"https:\/\/www.printweb.de\/digitaldruck\/wp-json\/wp\/v2\/tags?post=11098"}],"curies":[{"name":"wp","href":"https:\/\/api.w.org\/{rel}","templated":true}]}}