{"id":12676,"date":"2016-03-29T11:56:56","date_gmt":"2016-03-29T09:56:56","guid":{"rendered":"https:\/\/www.printweb.de\/digitaldruck\/?p=12676"},"modified":"2016-03-29T11:56:56","modified_gmt":"2016-03-29T09:56:56","slug":"partieller-hochglanzlack-leider-nicht-ganz-digital","status":"publish","type":"post","link":"https:\/\/www.printweb.de\/digitaldruck\/partieller-hochglanzlack-leider-nicht-ganz-digital\/12676\/","title":{"rendered":"Partieller Hochglanzlack: <br \/>Leider nicht (ganz) digital"},"content":{"rendered":"<p>An diesem Thema arbeiten die Maschinenhersteller der digitalen Druck- und Veredelungssysteme intensiv. Allerdings sind (noch) keine kleinen Systeme auf dem Markt, mit denen sich solche Aufgabenstellungen f\u00fcr kleine und schnelle Auflagen preisg\u00fcnstig l\u00f6sen lassen.<\/p>\n<p>Wir veredeln daher Kleinmengen nach wir vor im Siebdruck. Das ist immer noch abenteuerlich aufwendig gegen\u00fcber digitalen L\u00f6sungen aber zur Zeit das Mittel der Wahl bei Auflagen von wenigen hundert Exemplaren.<\/p>\n<p>Bei der unten zu sehenden Einladungskarte wurde das mittige Quadrat selektiv mit Hochglanzlack veredelt. Die Herstellung erfolgte wie oben beschrieben. Es ist bei diesem Verfahren (bei kleinen Auflagen) \u00fcbrigens nicht wirklich relevant, wie gro\u00df das Motiv ist, das den partiellen Hochglanzlack \u201everpasst\u201d bekommt.<a href=\"https:\/\/www.printweb.de\/digitaldruck\/wp-content\/uploads\/2016\/03\/615-einladung-210x210mm-1327-1.jpg\"><img decoding=\"async\" width=\"765\" height=\"579\" class=\"aligncenter size-thumbnail wp-image-12677\" src=\"https:\/\/www.printweb.de\/digitaldruck\/wp-content\/uploads\/2016\/03\/615-einladung-210x210mm-1327-1-765x579.jpg\" alt=\"615-Einladung 210x210mm-1327--1\" srcset=\"https:\/\/www.printweb.de\/digitaldruck\/wp-content\/uploads\/2016\/03\/615-einladung-210x210mm-1327-1-765x579.jpg 765w, https:\/\/www.printweb.de\/digitaldruck\/wp-content\/uploads\/2016\/03\/615-einladung-210x210mm-1327-1-768x581.jpg 768w, https:\/\/www.printweb.de\/digitaldruck\/wp-content\/uploads\/2016\/03\/615-einladung-210x210mm-1327-1-647x490.jpg 647w\" sizes=\"(max-width: 765px) 100vw, 765px\" \/><\/a><\/p>\n<p style=\"text-align: center;\">Klick auf&#8217;s Bild f\u00fcr eine h\u00f6here Aufl\u00f6sung.<\/p>\n","protected":false},"excerpt":{"rendered":"An diesem Thema arbeiten die Maschinenhersteller der digitalen Druck- und Veredelungssysteme intensiv. Allerdings sind (noch) keine kleinen Systeme &#8230; <br><br><a class=\"readmore\" href=\"https:\/\/www.printweb.de\/digitaldruck\/partieller-hochglanzlack-leider-nicht-ganz-digital\/12676\/\">mehr<\/a>","protected":false},"author":2,"featured_media":12677,"comment_status":"open","ping_status":"open","sticky":false,"template":"","format":"standard","meta":{"_acf_changed":false,"footnotes":""},"categories":[1,18,63],"tags":[],"class_list":["post-12676","post","type-post","status-publish","format-standard","has-post-thumbnail","hentry","category-alle-beitraege","category-flyer-und-karten","category-feature"],"acf":[],"yoast_head":"<!-- This site is optimized with the Yoast SEO plugin v23.1 - https:\/\/yoast.com\/wordpress\/plugins\/seo\/ -->\n<title>Partieller Hochglanzlack: Leider nicht (ganz) digital | Was Print bewirken kann.<\/title>\n<meta name=\"robots\" content=\"index, follow, max-snippet:-1, max-image-preview:large, max-video-preview:-1\" \/>\n<link rel=\"canonical\" href=\"https:\/\/www.printweb.de\/digitaldruck\/partieller-hochglanzlack-leider-nicht-ganz-digital\/12676\/\" \/>\n<meta property=\"og:locale\" content=\"de_DE\" \/>\n<meta property=\"og:type\" content=\"article\" \/>\n<meta property=\"og:title\" content=\"Partieller Hochglanzlack: Leider nicht (ganz) digital | Was Print bewirken kann.\" \/>\n<meta property=\"og:description\" content=\"An diesem Thema arbeiten die Maschinenhersteller der digitalen Druck- und Veredelungssysteme intensiv. Allerdings sind (noch) keine kleinen Systeme ... mehr\" \/>\n<meta property=\"og:url\" content=\"https:\/\/www.printweb.de\/digitaldruck\/partieller-hochglanzlack-leider-nicht-ganz-digital\/12676\/\" \/>\n<meta property=\"og:site_name\" content=\"Was Print bewirken kann.\" \/>\n<meta property=\"article:publisher\" content=\"https:\/\/www.facebook.com\/printweb.de\/\" \/>\n<meta property=\"article:published_time\" content=\"2016-03-29T09:56:56+00:00\" \/>\n<meta property=\"og:image\" content=\"https:\/\/www.printweb.de\/digitaldruck\/wp-content\/uploads\/2016\/03\/615-einladung-210x210mm-1327-1-765x490.jpg\" \/>\n\t<meta property=\"og:image:width\" content=\"765\" \/>\n\t<meta property=\"og:image:height\" content=\"490\" \/>\n\t<meta property=\"og:image:type\" content=\"image\/jpeg\" \/>\n<meta name=\"author\" content=\"Ralph Hadem\" \/>\n<meta name=\"twitter:card\" content=\"summary_large_image\" \/>\n<meta name=\"twitter:creator\" content=\"@digitaldruck\" \/>\n<meta name=\"twitter:site\" content=\"@digitaldruck\" \/>\n<meta name=\"twitter:label1\" content=\"Verfasst von\" \/>\n\t<meta name=\"twitter:data1\" content=\"Ralph Hadem\" \/>\n\t<meta name=\"twitter:label2\" content=\"Gesch\u00e4tzte Lesezeit\" \/>\n\t<meta name=\"twitter:data2\" content=\"1 Minute\" \/>\n<script type=\"application\/ld+json\" class=\"yoast-schema-graph\">{\"@context\":\"https:\/\/schema.org\",\"@graph\":[{\"@type\":\"Article\",\"@id\":\"https:\/\/www.printweb.de\/digitaldruck\/partieller-hochglanzlack-leider-nicht-ganz-digital\/12676\/#article\",\"isPartOf\":{\"@id\":\"https:\/\/www.printweb.de\/digitaldruck\/partieller-hochglanzlack-leider-nicht-ganz-digital\/12676\/\"},\"author\":{\"name\":\"Ralph Hadem\",\"@id\":\"https:\/\/www.printweb.de\/digitaldruck\/#\/schema\/person\/0e0308818185589fb8602180e9273195\"},\"headline\":\"Partieller Hochglanzlack: Leider nicht (ganz) digital\",\"datePublished\":\"2016-03-29T09:56:56+00:00\",\"dateModified\":\"2016-03-29T09:56:56+00:00\",\"mainEntityOfPage\":{\"@id\":\"https:\/\/www.printweb.de\/digitaldruck\/partieller-hochglanzlack-leider-nicht-ganz-digital\/12676\/\"},\"wordCount\":130,\"commentCount\":0,\"publisher\":{\"@id\":\"https:\/\/www.printweb.de\/digitaldruck\/#organization\"},\"image\":{\"@id\":\"https:\/\/www.printweb.de\/digitaldruck\/partieller-hochglanzlack-leider-nicht-ganz-digital\/12676\/#primaryimage\"},\"thumbnailUrl\":\"https:\/\/www.printweb.de\/digitaldruck\/wp-content\/uploads\/2016\/03\/615-einladung-210x210mm-1327-1.jpg\",\"articleSection\":[\"Digitaldruck+Veredlung\",\"Flyer, Folder und Karten\",\"Feature\"],\"inLanguage\":\"de-DE\",\"potentialAction\":[{\"@type\":\"CommentAction\",\"name\":\"Comment\",\"target\":[\"https:\/\/www.printweb.de\/digitaldruck\/partieller-hochglanzlack-leider-nicht-ganz-digital\/12676\/#respond\"]}]},{\"@type\":\"WebPage\",\"@id\":\"https:\/\/www.printweb.de\/digitaldruck\/partieller-hochglanzlack-leider-nicht-ganz-digital\/12676\/\",\"url\":\"https:\/\/www.printweb.de\/digitaldruck\/partieller-hochglanzlack-leider-nicht-ganz-digital\/12676\/\",\"name\":\"Partieller Hochglanzlack: Leider nicht (ganz) digital | Was Print bewirken kann.\",\"isPartOf\":{\"@id\":\"https:\/\/www.printweb.de\/digitaldruck\/#website\"},\"primaryImageOfPage\":{\"@id\":\"https:\/\/www.printweb.de\/digitaldruck\/partieller-hochglanzlack-leider-nicht-ganz-digital\/12676\/#primaryimage\"},\"image\":{\"@id\":\"https:\/\/www.printweb.de\/digitaldruck\/partieller-hochglanzlack-leider-nicht-ganz-digital\/12676\/#primaryimage\"},\"thumbnailUrl\":\"https:\/\/www.printweb.de\/digitaldruck\/wp-content\/uploads\/2016\/03\/615-einladung-210x210mm-1327-1.jpg\",\"datePublished\":\"2016-03-29T09:56:56+00:00\",\"dateModified\":\"2016-03-29T09:56:56+00:00\",\"inLanguage\":\"de-DE\",\"potentialAction\":[{\"@type\":\"ReadAction\",\"target\":[\"https:\/\/www.printweb.de\/digitaldruck\/partieller-hochglanzlack-leider-nicht-ganz-digital\/12676\/\"]}]},{\"@type\":\"ImageObject\",\"inLanguage\":\"de-DE\",\"@id\":\"https:\/\/www.printweb.de\/digitaldruck\/partieller-hochglanzlack-leider-nicht-ganz-digital\/12676\/#primaryimage\",\"url\":\"https:\/\/www.printweb.de\/digitaldruck\/wp-content\/uploads\/2016\/03\/615-einladung-210x210mm-1327-1.jpg\",\"contentUrl\":\"https:\/\/www.printweb.de\/digitaldruck\/wp-content\/uploads\/2016\/03\/615-einladung-210x210mm-1327-1.jpg\",\"width\":2362,\"height\":1788},{\"@type\":\"WebSite\",\"@id\":\"https:\/\/www.printweb.de\/digitaldruck\/#website\",\"url\":\"https:\/\/www.printweb.de\/digitaldruck\/\",\"name\":\"Was Print bewirken kann.\",\"description\":\"Was Print bewirken kann \u2013 1700 Ideen.\",\"publisher\":{\"@id\":\"https:\/\/www.printweb.de\/digitaldruck\/#organization\"},\"potentialAction\":[{\"@type\":\"SearchAction\",\"target\":{\"@type\":\"EntryPoint\",\"urlTemplate\":\"https:\/\/www.printweb.de\/digitaldruck\/?s={search_term_string}\"},\"query-input\":\"required name=search_term_string\"}],\"inLanguage\":\"de-DE\"},{\"@type\":\"Organization\",\"@id\":\"https:\/\/www.printweb.de\/digitaldruck\/#organization\",\"name\":\"Colour Connection GmbH, printweb.de, Frankfurt am Main\",\"url\":\"https:\/\/www.printweb.de\/digitaldruck\/\",\"logo\":{\"@type\":\"ImageObject\",\"inLanguage\":\"de-DE\",\"@id\":\"https:\/\/www.printweb.de\/digitaldruck\/#\/schema\/logo\/image\/\",\"url\":\"https:\/\/www.printweb.de\/digitaldruck\/wp-content\/uploads\/2019\/11\/colour-connectio-printweb-logo.jpg\",\"contentUrl\":\"https:\/\/www.printweb.de\/digitaldruck\/wp-content\/uploads\/2019\/11\/colour-connectio-printweb-logo.jpg\",\"width\":1014,\"height\":229,\"caption\":\"Colour Connection GmbH, printweb.de, Frankfurt am Main\"},\"image\":{\"@id\":\"https:\/\/www.printweb.de\/digitaldruck\/#\/schema\/logo\/image\/\"},\"sameAs\":[\"https:\/\/www.facebook.com\/printweb.de\/\",\"https:\/\/x.com\/digitaldruck\",\"https:\/\/www.instagram.com\/printweb.de\/\",\"https:\/\/www.youtube.com\/user\/Digitaldruckerei\"]},{\"@type\":\"Person\",\"@id\":\"https:\/\/www.printweb.de\/digitaldruck\/#\/schema\/person\/0e0308818185589fb8602180e9273195\",\"name\":\"Ralph Hadem\",\"image\":{\"@type\":\"ImageObject\",\"inLanguage\":\"de-DE\",\"@id\":\"https:\/\/www.printweb.de\/digitaldruck\/#\/schema\/person\/image\/\",\"url\":\"https:\/\/secure.gravatar.com\/avatar\/386b1b183dce310c5ac8a8f475fdecd8?s=96&d=blank&r=g\",\"contentUrl\":\"https:\/\/secure.gravatar.com\/avatar\/386b1b183dce310c5ac8a8f475fdecd8?s=96&d=blank&r=g\",\"caption\":\"Ralph Hadem\"},\"sameAs\":[\"https:\/\/www.printweb.de\"],\"url\":\"https:\/\/www.printweb.de\/digitaldruck\/author\/ralphhadem\/\"}]}<\/script>\n<!-- \/ Yoast SEO plugin. -->","yoast_head_json":{"title":"Partieller Hochglanzlack: Leider nicht (ganz) digital | Was Print bewirken kann.","robots":{"index":"index","follow":"follow","max-snippet":"max-snippet:-1","max-image-preview":"max-image-preview:large","max-video-preview":"max-video-preview:-1"},"canonical":"https:\/\/www.printweb.de\/digitaldruck\/partieller-hochglanzlack-leider-nicht-ganz-digital\/12676\/","og_locale":"de_DE","og_type":"article","og_title":"Partieller Hochglanzlack: Leider nicht (ganz) digital | Was Print bewirken kann.","og_description":"An diesem Thema arbeiten die Maschinenhersteller der digitalen Druck- und Veredelungssysteme intensiv. Allerdings sind (noch) keine kleinen Systeme ... mehr","og_url":"https:\/\/www.printweb.de\/digitaldruck\/partieller-hochglanzlack-leider-nicht-ganz-digital\/12676\/","og_site_name":"Was Print bewirken kann.","article_publisher":"https:\/\/www.facebook.com\/printweb.de\/","article_published_time":"2016-03-29T09:56:56+00:00","og_image":[{"width":765,"height":490,"url":"https:\/\/www.printweb.de\/digitaldruck\/wp-content\/uploads\/2016\/03\/615-einladung-210x210mm-1327-1-765x490.jpg","type":"image\/jpeg"}],"author":"Ralph Hadem","twitter_card":"summary_large_image","twitter_creator":"@digitaldruck","twitter_site":"@digitaldruck","twitter_misc":{"Verfasst von":"Ralph Hadem","Gesch\u00e4tzte Lesezeit":"1 Minute"},"schema":{"@context":"https:\/\/schema.org","@graph":[{"@type":"Article","@id":"https:\/\/www.printweb.de\/digitaldruck\/partieller-hochglanzlack-leider-nicht-ganz-digital\/12676\/#article","isPartOf":{"@id":"https:\/\/www.printweb.de\/digitaldruck\/partieller-hochglanzlack-leider-nicht-ganz-digital\/12676\/"},"author":{"name":"Ralph Hadem","@id":"https:\/\/www.printweb.de\/digitaldruck\/#\/schema\/person\/0e0308818185589fb8602180e9273195"},"headline":"Partieller Hochglanzlack: Leider nicht (ganz) digital","datePublished":"2016-03-29T09:56:56+00:00","dateModified":"2016-03-29T09:56:56+00:00","mainEntityOfPage":{"@id":"https:\/\/www.printweb.de\/digitaldruck\/partieller-hochglanzlack-leider-nicht-ganz-digital\/12676\/"},"wordCount":130,"commentCount":0,"publisher":{"@id":"https:\/\/www.printweb.de\/digitaldruck\/#organization"},"image":{"@id":"https:\/\/www.printweb.de\/digitaldruck\/partieller-hochglanzlack-leider-nicht-ganz-digital\/12676\/#primaryimage"},"thumbnailUrl":"https:\/\/www.printweb.de\/digitaldruck\/wp-content\/uploads\/2016\/03\/615-einladung-210x210mm-1327-1.jpg","articleSection":["Digitaldruck+Veredlung","Flyer, Folder und Karten","Feature"],"inLanguage":"de-DE","potentialAction":[{"@type":"CommentAction","name":"Comment","target":["https:\/\/www.printweb.de\/digitaldruck\/partieller-hochglanzlack-leider-nicht-ganz-digital\/12676\/#respond"]}]},{"@type":"WebPage","@id":"https:\/\/www.printweb.de\/digitaldruck\/partieller-hochglanzlack-leider-nicht-ganz-digital\/12676\/","url":"https:\/\/www.printweb.de\/digitaldruck\/partieller-hochglanzlack-leider-nicht-ganz-digital\/12676\/","name":"Partieller Hochglanzlack: Leider nicht (ganz) digital | Was Print bewirken kann.","isPartOf":{"@id":"https:\/\/www.printweb.de\/digitaldruck\/#website"},"primaryImageOfPage":{"@id":"https:\/\/www.printweb.de\/digitaldruck\/partieller-hochglanzlack-leider-nicht-ganz-digital\/12676\/#primaryimage"},"image":{"@id":"https:\/\/www.printweb.de\/digitaldruck\/partieller-hochglanzlack-leider-nicht-ganz-digital\/12676\/#primaryimage"},"thumbnailUrl":"https:\/\/www.printweb.de\/digitaldruck\/wp-content\/uploads\/2016\/03\/615-einladung-210x210mm-1327-1.jpg","datePublished":"2016-03-29T09:56:56+00:00","dateModified":"2016-03-29T09:56:56+00:00","inLanguage":"de-DE","potentialAction":[{"@type":"ReadAction","target":["https:\/\/www.printweb.de\/digitaldruck\/partieller-hochglanzlack-leider-nicht-ganz-digital\/12676\/"]}]},{"@type":"ImageObject","inLanguage":"de-DE","@id":"https:\/\/www.printweb.de\/digitaldruck\/partieller-hochglanzlack-leider-nicht-ganz-digital\/12676\/#primaryimage","url":"https:\/\/www.printweb.de\/digitaldruck\/wp-content\/uploads\/2016\/03\/615-einladung-210x210mm-1327-1.jpg","contentUrl":"https:\/\/www.printweb.de\/digitaldruck\/wp-content\/uploads\/2016\/03\/615-einladung-210x210mm-1327-1.jpg","width":2362,"height":1788},{"@type":"WebSite","@id":"https:\/\/www.printweb.de\/digitaldruck\/#website","url":"https:\/\/www.printweb.de\/digitaldruck\/","name":"Was Print bewirken kann.","description":"Was Print bewirken kann \u2013 1700 Ideen.","publisher":{"@id":"https:\/\/www.printweb.de\/digitaldruck\/#organization"},"potentialAction":[{"@type":"SearchAction","target":{"@type":"EntryPoint","urlTemplate":"https:\/\/www.printweb.de\/digitaldruck\/?s={search_term_string}"},"query-input":"required name=search_term_string"}],"inLanguage":"de-DE"},{"@type":"Organization","@id":"https:\/\/www.printweb.de\/digitaldruck\/#organization","name":"Colour Connection GmbH, printweb.de, Frankfurt am Main","url":"https:\/\/www.printweb.de\/digitaldruck\/","logo":{"@type":"ImageObject","inLanguage":"de-DE","@id":"https:\/\/www.printweb.de\/digitaldruck\/#\/schema\/logo\/image\/","url":"https:\/\/www.printweb.de\/digitaldruck\/wp-content\/uploads\/2019\/11\/colour-connectio-printweb-logo.jpg","contentUrl":"https:\/\/www.printweb.de\/digitaldruck\/wp-content\/uploads\/2019\/11\/colour-connectio-printweb-logo.jpg","width":1014,"height":229,"caption":"Colour Connection GmbH, printweb.de, Frankfurt am Main"},"image":{"@id":"https:\/\/www.printweb.de\/digitaldruck\/#\/schema\/logo\/image\/"},"sameAs":["https:\/\/www.facebook.com\/printweb.de\/","https:\/\/x.com\/digitaldruck","https:\/\/www.instagram.com\/printweb.de\/","https:\/\/www.youtube.com\/user\/Digitaldruckerei"]},{"@type":"Person","@id":"https:\/\/www.printweb.de\/digitaldruck\/#\/schema\/person\/0e0308818185589fb8602180e9273195","name":"Ralph Hadem","image":{"@type":"ImageObject","inLanguage":"de-DE","@id":"https:\/\/www.printweb.de\/digitaldruck\/#\/schema\/person\/image\/","url":"https:\/\/secure.gravatar.com\/avatar\/386b1b183dce310c5ac8a8f475fdecd8?s=96&d=blank&r=g","contentUrl":"https:\/\/secure.gravatar.com\/avatar\/386b1b183dce310c5ac8a8f475fdecd8?s=96&d=blank&r=g","caption":"Ralph Hadem"},"sameAs":["https:\/\/www.printweb.de"],"url":"https:\/\/www.printweb.de\/digitaldruck\/author\/ralphhadem\/"}]}},"_links":{"self":[{"href":"https:\/\/www.printweb.de\/digitaldruck\/wp-json\/wp\/v2\/posts\/12676"}],"collection":[{"href":"https:\/\/www.printweb.de\/digitaldruck\/wp-json\/wp\/v2\/posts"}],"about":[{"href":"https:\/\/www.printweb.de\/digitaldruck\/wp-json\/wp\/v2\/types\/post"}],"author":[{"embeddable":true,"href":"https:\/\/www.printweb.de\/digitaldruck\/wp-json\/wp\/v2\/users\/2"}],"replies":[{"embeddable":true,"href":"https:\/\/www.printweb.de\/digitaldruck\/wp-json\/wp\/v2\/comments?post=12676"}],"version-history":[{"count":4,"href":"https:\/\/www.printweb.de\/digitaldruck\/wp-json\/wp\/v2\/posts\/12676\/revisions"}],"predecessor-version":[{"id":12681,"href":"https:\/\/www.printweb.de\/digitaldruck\/wp-json\/wp\/v2\/posts\/12676\/revisions\/12681"}],"wp:featuredmedia":[{"embeddable":true,"href":"https:\/\/www.printweb.de\/digitaldruck\/wp-json\/wp\/v2\/media\/12677"}],"wp:attachment":[{"href":"https:\/\/www.printweb.de\/digitaldruck\/wp-json\/wp\/v2\/media?parent=12676"}],"wp:term":[{"taxonomy":"category","embeddable":true,"href":"https:\/\/www.printweb.de\/digitaldruck\/wp-json\/wp\/v2\/categories?post=12676"},{"taxonomy":"post_tag","embeddable":true,"href":"https:\/\/www.printweb.de\/digitaldruck\/wp-json\/wp\/v2\/tags?post=12676"}],"curies":[{"name":"wp","href":"https:\/\/api.w.org\/{rel}","templated":true}]}}