{"id":12710,"date":"2016-04-11T09:20:24","date_gmt":"2016-04-11T07:20:24","guid":{"rendered":"https:\/\/www.printweb.de\/digitaldruck\/?p=12710"},"modified":"2016-04-11T09:20:24","modified_gmt":"2016-04-11T07:20:24","slug":"farbenfrohe-individuelle-hardcoverbuecher","status":"publish","type":"post","link":"https:\/\/www.printweb.de\/digitaldruck\/farbenfrohe-individuelle-hardcoverbuecher\/12710\/","title":{"rendered":"Farbenfrohe individuelle ..."},"content":{"rendered":"<p>Da lacht nicht nur das Kinder- sondern auch das Elternherz :-). Diese lustigen Hardcoverb\u00fccher zaubern im Nu ein L\u00e4cheln auf das Gesicht des Betrachters. Und bei diesen Exemplaren sieht man sehr sch\u00f6n, dass auch d\u00fcnne Hardcoverb\u00fccher gut aussehen k\u00f6nnen und technisch machbar sind.<\/p>\n<p>Das quadratische Format von 210 x 210 mm im Innenteil f\u00fchrt zu einem leicht \u00fcberformatigen Cover von 217 x 217 mm. Dieses Prinzip behalten wir auch bei den anderen Formaten bei: Ma\u00dfgebend ist das Innenformat des Buchblocks und nicht, wie bei zahlreichen Online-Druckereien, das Format des Umschlags.<\/p>\n<p>Hardcover mit Standardausstattung und toller Papierauswahl k\u00f6nnen Sie im <a href=\"https:\/\/www.printweb.de\/buecher\/hardcover\">Online-Shop kalkulieren<\/a>. Individuelle Ausf\u00fchrungen, auch Einzelst\u00fccke, bieten wir Ihnen gerne an. Nutzen Sie am besten unser <a href=\"https:\/\/www.printweb.de\/kontakt\/angebotsanfrage\">Angebotsformular<\/a>. Bei den individuellen Ausf\u00fchrungen gilt, fragt man unseren Buchbindermeister: \u201eGeht nicht gibt&#8217;s nicht\u201d. So w\u00fcrde ich das nicht unterschreiben, aber es geht (fast) Alles.<\/p>\n<p><a href=\"https:\/\/www.printweb.de\/digitaldruck\/wp-content\/uploads\/2016\/04\/620-hardcover-quadratisch-217x217mm-1495-1.jpg\"><img decoding=\"async\" width=\"765\" height=\"594\" class=\"aligncenter size-thumbnail wp-image-12711\" src=\"https:\/\/www.printweb.de\/digitaldruck\/wp-content\/uploads\/2016\/04\/620-hardcover-quadratisch-217x217mm-1495-1-765x594.jpg\" alt=\"620-Hardcover quadratisch 217x217mm-1495--1\" srcset=\"https:\/\/www.printweb.de\/digitaldruck\/wp-content\/uploads\/2016\/04\/620-hardcover-quadratisch-217x217mm-1495-1-765x594.jpg 765w, https:\/\/www.printweb.de\/digitaldruck\/wp-content\/uploads\/2016\/04\/620-hardcover-quadratisch-217x217mm-1495-1-768x596.jpg 768w, https:\/\/www.printweb.de\/digitaldruck\/wp-content\/uploads\/2016\/04\/620-hardcover-quadratisch-217x217mm-1495-1-631x490.jpg 631w\" sizes=\"(max-width: 765px) 100vw, 765px\" \/><\/a><\/p>\n<p><a href=\"https:\/\/www.printweb.de\/digitaldruck\/wp-content\/uploads\/2016\/04\/620-hardcover-quadratisch-217x217mm-1499-1.jpg\"><img decoding=\"async\" width=\"765\" height=\"488\" class=\"aligncenter size-thumbnail wp-image-12712\" src=\"https:\/\/www.printweb.de\/digitaldruck\/wp-content\/uploads\/2016\/04\/620-hardcover-quadratisch-217x217mm-1499-1-765x488.jpg\" alt=\"620-Hardcover quadratisch 217x217mm-1499--1\" srcset=\"https:\/\/www.printweb.de\/digitaldruck\/wp-content\/uploads\/2016\/04\/620-hardcover-quadratisch-217x217mm-1499-1-765x488.jpg 765w, https:\/\/www.printweb.de\/digitaldruck\/wp-content\/uploads\/2016\/04\/620-hardcover-quadratisch-217x217mm-1499-1-768x490.jpg 768w, https:\/\/www.printweb.de\/digitaldruck\/wp-content\/uploads\/2016\/04\/620-hardcover-quadratisch-217x217mm-1499-1-370x237.jpg 370w, https:\/\/www.printweb.de\/digitaldruck\/wp-content\/uploads\/2016\/04\/620-hardcover-quadratisch-217x217mm-1499-1-133x85.jpg 133w, https:\/\/www.printweb.de\/digitaldruck\/wp-content\/uploads\/2016\/04\/620-hardcover-quadratisch-217x217mm-1499-1-211x135.jpg 211w\" sizes=\"(max-width: 765px) 100vw, 765px\" \/><\/a><\/p>\n<p style=\"text-align: center;\">Klick auf&#8217;s Bild f\u00fcr eine h\u00f6here Aufl\u00f6sung.<\/p>\n","protected":false},"excerpt":{"rendered":"Da lacht nicht nur das Kinder- sondern auch das Elternherz :-). Diese lustigen Hardcoverb\u00fccher zaubern im Nu ein &#8230; <br><br><a class=\"readmore\" href=\"https:\/\/www.printweb.de\/digitaldruck\/farbenfrohe-individuelle-hardcoverbuecher\/12710\/\">mehr<\/a>","protected":false},"author":2,"featured_media":12711,"comment_status":"open","ping_status":"open","sticky":false,"template":"","format":"standard","meta":{"_acf_changed":false,"footnotes":""},"categories":[1,31,66,63],"tags":[],"class_list":["post-12710","post","type-post","status-publish","format-standard","has-post-thumbnail","hentry","category-alle-beitraege","category-weiterverarbeitung","category-individuelle-hardcover","category-feature"],"acf":[],"yoast_head":"<!-- This site is optimized with the Yoast SEO plugin v23.1 - https:\/\/yoast.com\/wordpress\/plugins\/seo\/ -->\n<title>Farbenfrohe individuelle Hardcoverb\u00fccher | Was Print bewirken kann.<\/title>\n<meta name=\"robots\" content=\"index, follow, max-snippet:-1, max-image-preview:large, max-video-preview:-1\" \/>\n<link rel=\"canonical\" href=\"https:\/\/www.printweb.de\/digitaldruck\/farbenfrohe-individuelle-hardcoverbuecher\/12710\/\" \/>\n<meta property=\"og:locale\" content=\"de_DE\" \/>\n<meta property=\"og:type\" content=\"article\" \/>\n<meta property=\"og:title\" content=\"Farbenfrohe individuelle Hardcoverb\u00fccher | Was Print bewirken kann.\" \/>\n<meta property=\"og:description\" content=\"Da lacht nicht nur das Kinder- sondern auch das Elternherz :-). Diese lustigen Hardcoverb\u00fccher zaubern im Nu ein ... mehr\" \/>\n<meta property=\"og:url\" content=\"https:\/\/www.printweb.de\/digitaldruck\/farbenfrohe-individuelle-hardcoverbuecher\/12710\/\" \/>\n<meta property=\"og:site_name\" content=\"Was Print bewirken kann.\" \/>\n<meta property=\"article:publisher\" content=\"https:\/\/www.facebook.com\/printweb.de\/\" \/>\n<meta property=\"article:published_time\" content=\"2016-04-11T07:20:24+00:00\" \/>\n<meta property=\"og:image\" content=\"https:\/\/www.printweb.de\/digitaldruck\/wp-content\/uploads\/2016\/04\/620-hardcover-quadratisch-217x217mm-1495-1.jpg\" \/>\n\t<meta property=\"og:image:width\" content=\"2362\" \/>\n\t<meta property=\"og:image:height\" content=\"1833\" \/>\n\t<meta property=\"og:image:type\" content=\"image\/jpeg\" \/>\n<meta name=\"author\" content=\"Ralph Hadem\" \/>\n<meta name=\"twitter:card\" content=\"summary_large_image\" \/>\n<meta name=\"twitter:creator\" content=\"@digitaldruck\" \/>\n<meta name=\"twitter:site\" content=\"@digitaldruck\" \/>\n<meta name=\"twitter:label1\" content=\"Verfasst von\" \/>\n\t<meta name=\"twitter:data1\" content=\"Ralph Hadem\" \/>\n\t<meta name=\"twitter:label2\" content=\"Gesch\u00e4tzte Lesezeit\" \/>\n\t<meta name=\"twitter:data2\" content=\"1 Minute\" \/>\n<script type=\"application\/ld+json\" class=\"yoast-schema-graph\">{\"@context\":\"https:\/\/schema.org\",\"@graph\":[{\"@type\":\"Article\",\"@id\":\"https:\/\/www.printweb.de\/digitaldruck\/farbenfrohe-individuelle-hardcoverbuecher\/12710\/#article\",\"isPartOf\":{\"@id\":\"https:\/\/www.printweb.de\/digitaldruck\/farbenfrohe-individuelle-hardcoverbuecher\/12710\/\"},\"author\":{\"name\":\"Ralph Hadem\",\"@id\":\"https:\/\/www.printweb.de\/digitaldruck\/#\/schema\/person\/0e0308818185589fb8602180e9273195\"},\"headline\":\"Farbenfrohe individuelle ...\",\"datePublished\":\"2016-04-11T07:20:24+00:00\",\"dateModified\":\"2016-04-11T07:20:24+00:00\",\"mainEntityOfPage\":{\"@id\":\"https:\/\/www.printweb.de\/digitaldruck\/farbenfrohe-individuelle-hardcoverbuecher\/12710\/\"},\"wordCount\":165,\"commentCount\":0,\"publisher\":{\"@id\":\"https:\/\/www.printweb.de\/digitaldruck\/#organization\"},\"image\":{\"@id\":\"https:\/\/www.printweb.de\/digitaldruck\/farbenfrohe-individuelle-hardcoverbuecher\/12710\/#primaryimage\"},\"thumbnailUrl\":\"https:\/\/www.printweb.de\/digitaldruck\/wp-content\/uploads\/2016\/04\/620-hardcover-quadratisch-217x217mm-1495-1.jpg\",\"articleSection\":[\"Digitaldruck+Veredlung\",\"Weiterverarbeitung\",\"Individuelle Hardcover\",\"Feature\"],\"inLanguage\":\"de-DE\",\"potentialAction\":[{\"@type\":\"CommentAction\",\"name\":\"Comment\",\"target\":[\"https:\/\/www.printweb.de\/digitaldruck\/farbenfrohe-individuelle-hardcoverbuecher\/12710\/#respond\"]}]},{\"@type\":\"WebPage\",\"@id\":\"https:\/\/www.printweb.de\/digitaldruck\/farbenfrohe-individuelle-hardcoverbuecher\/12710\/\",\"url\":\"https:\/\/www.printweb.de\/digitaldruck\/farbenfrohe-individuelle-hardcoverbuecher\/12710\/\",\"name\":\"Farbenfrohe individuelle Hardcoverb\u00fccher | Was Print bewirken kann.\",\"isPartOf\":{\"@id\":\"https:\/\/www.printweb.de\/digitaldruck\/#website\"},\"primaryImageOfPage\":{\"@id\":\"https:\/\/www.printweb.de\/digitaldruck\/farbenfrohe-individuelle-hardcoverbuecher\/12710\/#primaryimage\"},\"image\":{\"@id\":\"https:\/\/www.printweb.de\/digitaldruck\/farbenfrohe-individuelle-hardcoverbuecher\/12710\/#primaryimage\"},\"thumbnailUrl\":\"https:\/\/www.printweb.de\/digitaldruck\/wp-content\/uploads\/2016\/04\/620-hardcover-quadratisch-217x217mm-1495-1.jpg\",\"datePublished\":\"2016-04-11T07:20:24+00:00\",\"dateModified\":\"2016-04-11T07:20:24+00:00\",\"inLanguage\":\"de-DE\",\"potentialAction\":[{\"@type\":\"ReadAction\",\"target\":[\"https:\/\/www.printweb.de\/digitaldruck\/farbenfrohe-individuelle-hardcoverbuecher\/12710\/\"]}]},{\"@type\":\"ImageObject\",\"inLanguage\":\"de-DE\",\"@id\":\"https:\/\/www.printweb.de\/digitaldruck\/farbenfrohe-individuelle-hardcoverbuecher\/12710\/#primaryimage\",\"url\":\"https:\/\/www.printweb.de\/digitaldruck\/wp-content\/uploads\/2016\/04\/620-hardcover-quadratisch-217x217mm-1495-1.jpg\",\"contentUrl\":\"https:\/\/www.printweb.de\/digitaldruck\/wp-content\/uploads\/2016\/04\/620-hardcover-quadratisch-217x217mm-1495-1.jpg\",\"width\":2362,\"height\":1833},{\"@type\":\"WebSite\",\"@id\":\"https:\/\/www.printweb.de\/digitaldruck\/#website\",\"url\":\"https:\/\/www.printweb.de\/digitaldruck\/\",\"name\":\"Was Print bewirken kann.\",\"description\":\"Was Print bewirken kann \u2013 1700 Ideen.\",\"publisher\":{\"@id\":\"https:\/\/www.printweb.de\/digitaldruck\/#organization\"},\"potentialAction\":[{\"@type\":\"SearchAction\",\"target\":{\"@type\":\"EntryPoint\",\"urlTemplate\":\"https:\/\/www.printweb.de\/digitaldruck\/?s={search_term_string}\"},\"query-input\":\"required name=search_term_string\"}],\"inLanguage\":\"de-DE\"},{\"@type\":\"Organization\",\"@id\":\"https:\/\/www.printweb.de\/digitaldruck\/#organization\",\"name\":\"Colour Connection GmbH, printweb.de, Frankfurt am Main\",\"url\":\"https:\/\/www.printweb.de\/digitaldruck\/\",\"logo\":{\"@type\":\"ImageObject\",\"inLanguage\":\"de-DE\",\"@id\":\"https:\/\/www.printweb.de\/digitaldruck\/#\/schema\/logo\/image\/\",\"url\":\"https:\/\/www.printweb.de\/digitaldruck\/wp-content\/uploads\/2019\/11\/colour-connectio-printweb-logo.jpg\",\"contentUrl\":\"https:\/\/www.printweb.de\/digitaldruck\/wp-content\/uploads\/2019\/11\/colour-connectio-printweb-logo.jpg\",\"width\":1014,\"height\":229,\"caption\":\"Colour Connection GmbH, printweb.de, Frankfurt am Main\"},\"image\":{\"@id\":\"https:\/\/www.printweb.de\/digitaldruck\/#\/schema\/logo\/image\/\"},\"sameAs\":[\"https:\/\/www.facebook.com\/printweb.de\/\",\"https:\/\/x.com\/digitaldruck\",\"https:\/\/www.instagram.com\/printweb.de\/\",\"https:\/\/www.youtube.com\/user\/Digitaldruckerei\"]},{\"@type\":\"Person\",\"@id\":\"https:\/\/www.printweb.de\/digitaldruck\/#\/schema\/person\/0e0308818185589fb8602180e9273195\",\"name\":\"Ralph Hadem\",\"image\":{\"@type\":\"ImageObject\",\"inLanguage\":\"de-DE\",\"@id\":\"https:\/\/www.printweb.de\/digitaldruck\/#\/schema\/person\/image\/\",\"url\":\"https:\/\/secure.gravatar.com\/avatar\/386b1b183dce310c5ac8a8f475fdecd8?s=96&d=blank&r=g\",\"contentUrl\":\"https:\/\/secure.gravatar.com\/avatar\/386b1b183dce310c5ac8a8f475fdecd8?s=96&d=blank&r=g\",\"caption\":\"Ralph Hadem\"},\"sameAs\":[\"https:\/\/www.printweb.de\"],\"url\":\"https:\/\/www.printweb.de\/digitaldruck\/author\/ralphhadem\/\"}]}<\/script>\n<!-- \/ Yoast SEO plugin. -->","yoast_head_json":{"title":"Farbenfrohe individuelle Hardcoverb\u00fccher | Was Print bewirken kann.","robots":{"index":"index","follow":"follow","max-snippet":"max-snippet:-1","max-image-preview":"max-image-preview:large","max-video-preview":"max-video-preview:-1"},"canonical":"https:\/\/www.printweb.de\/digitaldruck\/farbenfrohe-individuelle-hardcoverbuecher\/12710\/","og_locale":"de_DE","og_type":"article","og_title":"Farbenfrohe individuelle Hardcoverb\u00fccher | Was Print bewirken kann.","og_description":"Da lacht nicht nur das Kinder- sondern auch das Elternherz :-). Diese lustigen Hardcoverb\u00fccher zaubern im Nu ein ... mehr","og_url":"https:\/\/www.printweb.de\/digitaldruck\/farbenfrohe-individuelle-hardcoverbuecher\/12710\/","og_site_name":"Was Print bewirken kann.","article_publisher":"https:\/\/www.facebook.com\/printweb.de\/","article_published_time":"2016-04-11T07:20:24+00:00","og_image":[{"width":2362,"height":1833,"url":"https:\/\/www.printweb.de\/digitaldruck\/wp-content\/uploads\/2016\/04\/620-hardcover-quadratisch-217x217mm-1495-1.jpg","type":"image\/jpeg"}],"author":"Ralph Hadem","twitter_card":"summary_large_image","twitter_creator":"@digitaldruck","twitter_site":"@digitaldruck","twitter_misc":{"Verfasst von":"Ralph Hadem","Gesch\u00e4tzte Lesezeit":"1 Minute"},"schema":{"@context":"https:\/\/schema.org","@graph":[{"@type":"Article","@id":"https:\/\/www.printweb.de\/digitaldruck\/farbenfrohe-individuelle-hardcoverbuecher\/12710\/#article","isPartOf":{"@id":"https:\/\/www.printweb.de\/digitaldruck\/farbenfrohe-individuelle-hardcoverbuecher\/12710\/"},"author":{"name":"Ralph Hadem","@id":"https:\/\/www.printweb.de\/digitaldruck\/#\/schema\/person\/0e0308818185589fb8602180e9273195"},"headline":"Farbenfrohe individuelle ...","datePublished":"2016-04-11T07:20:24+00:00","dateModified":"2016-04-11T07:20:24+00:00","mainEntityOfPage":{"@id":"https:\/\/www.printweb.de\/digitaldruck\/farbenfrohe-individuelle-hardcoverbuecher\/12710\/"},"wordCount":165,"commentCount":0,"publisher":{"@id":"https:\/\/www.printweb.de\/digitaldruck\/#organization"},"image":{"@id":"https:\/\/www.printweb.de\/digitaldruck\/farbenfrohe-individuelle-hardcoverbuecher\/12710\/#primaryimage"},"thumbnailUrl":"https:\/\/www.printweb.de\/digitaldruck\/wp-content\/uploads\/2016\/04\/620-hardcover-quadratisch-217x217mm-1495-1.jpg","articleSection":["Digitaldruck+Veredlung","Weiterverarbeitung","Individuelle Hardcover","Feature"],"inLanguage":"de-DE","potentialAction":[{"@type":"CommentAction","name":"Comment","target":["https:\/\/www.printweb.de\/digitaldruck\/farbenfrohe-individuelle-hardcoverbuecher\/12710\/#respond"]}]},{"@type":"WebPage","@id":"https:\/\/www.printweb.de\/digitaldruck\/farbenfrohe-individuelle-hardcoverbuecher\/12710\/","url":"https:\/\/www.printweb.de\/digitaldruck\/farbenfrohe-individuelle-hardcoverbuecher\/12710\/","name":"Farbenfrohe individuelle Hardcoverb\u00fccher | Was Print bewirken kann.","isPartOf":{"@id":"https:\/\/www.printweb.de\/digitaldruck\/#website"},"primaryImageOfPage":{"@id":"https:\/\/www.printweb.de\/digitaldruck\/farbenfrohe-individuelle-hardcoverbuecher\/12710\/#primaryimage"},"image":{"@id":"https:\/\/www.printweb.de\/digitaldruck\/farbenfrohe-individuelle-hardcoverbuecher\/12710\/#primaryimage"},"thumbnailUrl":"https:\/\/www.printweb.de\/digitaldruck\/wp-content\/uploads\/2016\/04\/620-hardcover-quadratisch-217x217mm-1495-1.jpg","datePublished":"2016-04-11T07:20:24+00:00","dateModified":"2016-04-11T07:20:24+00:00","inLanguage":"de-DE","potentialAction":[{"@type":"ReadAction","target":["https:\/\/www.printweb.de\/digitaldruck\/farbenfrohe-individuelle-hardcoverbuecher\/12710\/"]}]},{"@type":"ImageObject","inLanguage":"de-DE","@id":"https:\/\/www.printweb.de\/digitaldruck\/farbenfrohe-individuelle-hardcoverbuecher\/12710\/#primaryimage","url":"https:\/\/www.printweb.de\/digitaldruck\/wp-content\/uploads\/2016\/04\/620-hardcover-quadratisch-217x217mm-1495-1.jpg","contentUrl":"https:\/\/www.printweb.de\/digitaldruck\/wp-content\/uploads\/2016\/04\/620-hardcover-quadratisch-217x217mm-1495-1.jpg","width":2362,"height":1833},{"@type":"WebSite","@id":"https:\/\/www.printweb.de\/digitaldruck\/#website","url":"https:\/\/www.printweb.de\/digitaldruck\/","name":"Was Print bewirken kann.","description":"Was Print bewirken kann \u2013 1700 Ideen.","publisher":{"@id":"https:\/\/www.printweb.de\/digitaldruck\/#organization"},"potentialAction":[{"@type":"SearchAction","target":{"@type":"EntryPoint","urlTemplate":"https:\/\/www.printweb.de\/digitaldruck\/?s={search_term_string}"},"query-input":"required name=search_term_string"}],"inLanguage":"de-DE"},{"@type":"Organization","@id":"https:\/\/www.printweb.de\/digitaldruck\/#organization","name":"Colour Connection GmbH, printweb.de, Frankfurt am Main","url":"https:\/\/www.printweb.de\/digitaldruck\/","logo":{"@type":"ImageObject","inLanguage":"de-DE","@id":"https:\/\/www.printweb.de\/digitaldruck\/#\/schema\/logo\/image\/","url":"https:\/\/www.printweb.de\/digitaldruck\/wp-content\/uploads\/2019\/11\/colour-connectio-printweb-logo.jpg","contentUrl":"https:\/\/www.printweb.de\/digitaldruck\/wp-content\/uploads\/2019\/11\/colour-connectio-printweb-logo.jpg","width":1014,"height":229,"caption":"Colour Connection GmbH, printweb.de, Frankfurt am Main"},"image":{"@id":"https:\/\/www.printweb.de\/digitaldruck\/#\/schema\/logo\/image\/"},"sameAs":["https:\/\/www.facebook.com\/printweb.de\/","https:\/\/x.com\/digitaldruck","https:\/\/www.instagram.com\/printweb.de\/","https:\/\/www.youtube.com\/user\/Digitaldruckerei"]},{"@type":"Person","@id":"https:\/\/www.printweb.de\/digitaldruck\/#\/schema\/person\/0e0308818185589fb8602180e9273195","name":"Ralph Hadem","image":{"@type":"ImageObject","inLanguage":"de-DE","@id":"https:\/\/www.printweb.de\/digitaldruck\/#\/schema\/person\/image\/","url":"https:\/\/secure.gravatar.com\/avatar\/386b1b183dce310c5ac8a8f475fdecd8?s=96&d=blank&r=g","contentUrl":"https:\/\/secure.gravatar.com\/avatar\/386b1b183dce310c5ac8a8f475fdecd8?s=96&d=blank&r=g","caption":"Ralph Hadem"},"sameAs":["https:\/\/www.printweb.de"],"url":"https:\/\/www.printweb.de\/digitaldruck\/author\/ralphhadem\/"}]}},"_links":{"self":[{"href":"https:\/\/www.printweb.de\/digitaldruck\/wp-json\/wp\/v2\/posts\/12710"}],"collection":[{"href":"https:\/\/www.printweb.de\/digitaldruck\/wp-json\/wp\/v2\/posts"}],"about":[{"href":"https:\/\/www.printweb.de\/digitaldruck\/wp-json\/wp\/v2\/types\/post"}],"author":[{"embeddable":true,"href":"https:\/\/www.printweb.de\/digitaldruck\/wp-json\/wp\/v2\/users\/2"}],"replies":[{"embeddable":true,"href":"https:\/\/www.printweb.de\/digitaldruck\/wp-json\/wp\/v2\/comments?post=12710"}],"version-history":[{"count":4,"href":"https:\/\/www.printweb.de\/digitaldruck\/wp-json\/wp\/v2\/posts\/12710\/revisions"}],"predecessor-version":[{"id":12716,"href":"https:\/\/www.printweb.de\/digitaldruck\/wp-json\/wp\/v2\/posts\/12710\/revisions\/12716"}],"wp:featuredmedia":[{"embeddable":true,"href":"https:\/\/www.printweb.de\/digitaldruck\/wp-json\/wp\/v2\/media\/12711"}],"wp:attachment":[{"href":"https:\/\/www.printweb.de\/digitaldruck\/wp-json\/wp\/v2\/media?parent=12710"}],"wp:term":[{"taxonomy":"category","embeddable":true,"href":"https:\/\/www.printweb.de\/digitaldruck\/wp-json\/wp\/v2\/categories?post=12710"},{"taxonomy":"post_tag","embeddable":true,"href":"https:\/\/www.printweb.de\/digitaldruck\/wp-json\/wp\/v2\/tags?post=12710"}],"curies":[{"name":"wp","href":"https:\/\/api.w.org\/{rel}","templated":true}]}}