{"id":12789,"date":"2016-05-30T09:32:26","date_gmt":"2016-05-30T07:32:26","guid":{"rendered":"https:\/\/www.printweb.de\/digitaldruck\/?p=12789"},"modified":"2016-05-30T09:32:26","modified_gmt":"2016-05-30T07:32:26","slug":"bierdeckel-in-individuellen-groessen-formen-und-ausfuehrungen","status":"publish","type":"post","link":"https:\/\/www.printweb.de\/digitaldruck\/bierdeckel-in-individuellen-groessen-formen-und-ausfuehrungen\/12789\/","title":{"rendered":"Bierdeckel in individuellen Gr\u00f6\u00dfen, ..."},"content":{"rendered":"<p>So elegant kann ein Biedeckel aussehen, wenn man eine Designerin \u201emal machen l\u00e4sst\u201c. Im Gegensatz zu den normalen Bierfilzen, die zwischen 100 und 110 mm gro\u00df sind, sollte dieser eher als Giveaway genutzt werden und fiel damit etwas kleiner aus.<\/p>\n<p>Wir produzieren alle Formen und Gr\u00f6\u00dfen in Auflagen zwischen 50 und 1.000 Exemplaren auf echtem, 1,4 mm starkem Bierfilz. Das Material nennt sich \u201eoffiziell\u201c Weissschliffpappe und ist gegen\u00fcber der weit verbreiteten Holzschliffpappe deutlich wei\u00dfer. Standardgr\u00f6\u00dfen mit verschiedenen Au\u00dfenformen (auch Herzen z. B.) <a href=\"https:\/\/www.printweb.de\/werbung\/zusatzprodukte-promotion-bierdeckel\">kalkulieren und bestellen Sie am g\u00fcnstigsten bei uns im Online-Shop<\/a>. Individuelle Ausf\u00fchrungen, Personalisierungen und andere \u201eSpecial Effects\u201c <a href=\"https:\/\/www.printweb.de\/kontakt\/angebotsanfrage\">kalkulieren wir gerne als individuelles Angebot<\/a>.<\/p>\n<p><a href=\"https:\/\/www.printweb.de\/digitaldruck\/wp-content\/uploads\/2016\/05\/630-bierdeckel_95x95mm-1614-1.jpg\"><img decoding=\"async\" width=\"765\" height=\"496\" class=\"aligncenter size-thumbnail wp-image-12790\" src=\"https:\/\/www.printweb.de\/digitaldruck\/wp-content\/uploads\/2016\/05\/630-bierdeckel_95x95mm-1614-1-765x496.jpg\" alt=\"630-Bierdeckel_95x95mm-1614--1\" srcset=\"https:\/\/www.printweb.de\/digitaldruck\/wp-content\/uploads\/2016\/05\/630-bierdeckel_95x95mm-1614-1-765x496.jpg 765w, https:\/\/www.printweb.de\/digitaldruck\/wp-content\/uploads\/2016\/05\/630-bierdeckel_95x95mm-1614-1-768x497.jpg 768w, https:\/\/www.printweb.de\/digitaldruck\/wp-content\/uploads\/2016\/05\/630-bierdeckel_95x95mm-1614-1-756x490.jpg 756w, https:\/\/www.printweb.de\/digitaldruck\/wp-content\/uploads\/2016\/05\/630-bierdeckel_95x95mm-1614-1-133x85.jpg 133w\" sizes=\"(max-width: 765px) 100vw, 765px\" \/><\/a><\/p>\n<p style=\"text-align: center;\">Klick auf&#8217;s Bild f\u00fcr eine h\u00f6here Aufl\u00f6sung.<\/p>\n","protected":false},"excerpt":{"rendered":"So elegant kann ein Biedeckel aussehen, wenn man eine Designerin \u201emal machen l\u00e4sst\u201c. Im Gegensatz zu den normalen &#8230; <br><br><a class=\"readmore\" href=\"https:\/\/www.printweb.de\/digitaldruck\/bierdeckel-in-individuellen-groessen-formen-und-ausfuehrungen\/12789\/\">mehr<\/a>","protected":false},"author":2,"featured_media":12790,"comment_status":"open","ping_status":"open","sticky":false,"template":"","format":"standard","meta":{"_acf_changed":false,"footnotes":""},"categories":[1,48,50,18,63],"tags":[],"class_list":["post-12789","post","type-post","status-publish","format-standard","has-post-thumbnail","hentry","category-alle-beitraege","category-haptik-highlights","category-digitale-stanze","category-flyer-und-karten","category-feature"],"acf":[],"yoast_head":"<!-- This site is optimized with the Yoast SEO plugin v23.1 - https:\/\/yoast.com\/wordpress\/plugins\/seo\/ -->\n<title>Bierdeckel in individuellen Gr\u00f6\u00dfen, Formen und Ausf\u00fchrungen | Was Print bewirken kann.<\/title>\n<meta name=\"robots\" content=\"index, follow, max-snippet:-1, max-image-preview:large, max-video-preview:-1\" \/>\n<link rel=\"canonical\" href=\"https:\/\/www.printweb.de\/digitaldruck\/bierdeckel-in-individuellen-groessen-formen-und-ausfuehrungen\/12789\/\" \/>\n<meta property=\"og:locale\" content=\"de_DE\" \/>\n<meta property=\"og:type\" content=\"article\" \/>\n<meta property=\"og:title\" content=\"Bierdeckel in individuellen Gr\u00f6\u00dfen, Formen und Ausf\u00fchrungen | Was Print bewirken kann.\" \/>\n<meta property=\"og:description\" content=\"So elegant kann ein Biedeckel aussehen, wenn man eine Designerin \u201emal machen l\u00e4sst\u201c. Im Gegensatz zu den normalen ... mehr\" \/>\n<meta property=\"og:url\" content=\"https:\/\/www.printweb.de\/digitaldruck\/bierdeckel-in-individuellen-groessen-formen-und-ausfuehrungen\/12789\/\" \/>\n<meta property=\"og:site_name\" content=\"Was Print bewirken kann.\" \/>\n<meta property=\"article:publisher\" content=\"https:\/\/www.facebook.com\/printweb.de\/\" \/>\n<meta property=\"article:published_time\" content=\"2016-05-30T07:32:26+00:00\" \/>\n<meta property=\"og:image\" content=\"https:\/\/www.printweb.de\/digitaldruck\/wp-content\/uploads\/2016\/05\/630-bierdeckel_95x95mm-1614-1.jpg\" \/>\n\t<meta property=\"og:image:width\" content=\"2362\" \/>\n\t<meta property=\"og:image:height\" content=\"1530\" \/>\n\t<meta property=\"og:image:type\" content=\"image\/jpeg\" \/>\n<meta name=\"author\" content=\"Ralph Hadem\" \/>\n<meta name=\"twitter:card\" content=\"summary_large_image\" \/>\n<meta name=\"twitter:creator\" content=\"@digitaldruck\" \/>\n<meta name=\"twitter:site\" content=\"@digitaldruck\" \/>\n<meta name=\"twitter:label1\" content=\"Verfasst von\" \/>\n\t<meta name=\"twitter:data1\" content=\"Ralph Hadem\" \/>\n\t<meta name=\"twitter:label2\" content=\"Gesch\u00e4tzte Lesezeit\" \/>\n\t<meta name=\"twitter:data2\" content=\"1 Minute\" \/>\n<script type=\"application\/ld+json\" class=\"yoast-schema-graph\">{\"@context\":\"https:\/\/schema.org\",\"@graph\":[{\"@type\":\"Article\",\"@id\":\"https:\/\/www.printweb.de\/digitaldruck\/bierdeckel-in-individuellen-groessen-formen-und-ausfuehrungen\/12789\/#article\",\"isPartOf\":{\"@id\":\"https:\/\/www.printweb.de\/digitaldruck\/bierdeckel-in-individuellen-groessen-formen-und-ausfuehrungen\/12789\/\"},\"author\":{\"name\":\"Ralph Hadem\",\"@id\":\"https:\/\/www.printweb.de\/digitaldruck\/#\/schema\/person\/0e0308818185589fb8602180e9273195\"},\"headline\":\"Bierdeckel in individuellen Gr\u00f6\u00dfen, ...\",\"datePublished\":\"2016-05-30T07:32:26+00:00\",\"dateModified\":\"2016-05-30T07:32:26+00:00\",\"mainEntityOfPage\":{\"@id\":\"https:\/\/www.printweb.de\/digitaldruck\/bierdeckel-in-individuellen-groessen-formen-und-ausfuehrungen\/12789\/\"},\"wordCount\":128,\"commentCount\":1,\"publisher\":{\"@id\":\"https:\/\/www.printweb.de\/digitaldruck\/#organization\"},\"image\":{\"@id\":\"https:\/\/www.printweb.de\/digitaldruck\/bierdeckel-in-individuellen-groessen-formen-und-ausfuehrungen\/12789\/#primaryimage\"},\"thumbnailUrl\":\"https:\/\/www.printweb.de\/digitaldruck\/wp-content\/uploads\/2016\/05\/630-bierdeckel_95x95mm-1614-1.jpg\",\"articleSection\":[\"Digitaldruck+Veredlung\",\"Haptik-Highlights\",\"Digitale Stanze\",\"Flyer, Folder und Karten\",\"Feature\"],\"inLanguage\":\"de-DE\",\"potentialAction\":[{\"@type\":\"CommentAction\",\"name\":\"Comment\",\"target\":[\"https:\/\/www.printweb.de\/digitaldruck\/bierdeckel-in-individuellen-groessen-formen-und-ausfuehrungen\/12789\/#respond\"]}]},{\"@type\":\"WebPage\",\"@id\":\"https:\/\/www.printweb.de\/digitaldruck\/bierdeckel-in-individuellen-groessen-formen-und-ausfuehrungen\/12789\/\",\"url\":\"https:\/\/www.printweb.de\/digitaldruck\/bierdeckel-in-individuellen-groessen-formen-und-ausfuehrungen\/12789\/\",\"name\":\"Bierdeckel in individuellen Gr\u00f6\u00dfen, Formen und Ausf\u00fchrungen | Was Print bewirken kann.\",\"isPartOf\":{\"@id\":\"https:\/\/www.printweb.de\/digitaldruck\/#website\"},\"primaryImageOfPage\":{\"@id\":\"https:\/\/www.printweb.de\/digitaldruck\/bierdeckel-in-individuellen-groessen-formen-und-ausfuehrungen\/12789\/#primaryimage\"},\"image\":{\"@id\":\"https:\/\/www.printweb.de\/digitaldruck\/bierdeckel-in-individuellen-groessen-formen-und-ausfuehrungen\/12789\/#primaryimage\"},\"thumbnailUrl\":\"https:\/\/www.printweb.de\/digitaldruck\/wp-content\/uploads\/2016\/05\/630-bierdeckel_95x95mm-1614-1.jpg\",\"datePublished\":\"2016-05-30T07:32:26+00:00\",\"dateModified\":\"2016-05-30T07:32:26+00:00\",\"inLanguage\":\"de-DE\",\"potentialAction\":[{\"@type\":\"ReadAction\",\"target\":[\"https:\/\/www.printweb.de\/digitaldruck\/bierdeckel-in-individuellen-groessen-formen-und-ausfuehrungen\/12789\/\"]}]},{\"@type\":\"ImageObject\",\"inLanguage\":\"de-DE\",\"@id\":\"https:\/\/www.printweb.de\/digitaldruck\/bierdeckel-in-individuellen-groessen-formen-und-ausfuehrungen\/12789\/#primaryimage\",\"url\":\"https:\/\/www.printweb.de\/digitaldruck\/wp-content\/uploads\/2016\/05\/630-bierdeckel_95x95mm-1614-1.jpg\",\"contentUrl\":\"https:\/\/www.printweb.de\/digitaldruck\/wp-content\/uploads\/2016\/05\/630-bierdeckel_95x95mm-1614-1.jpg\",\"width\":2362,\"height\":1530},{\"@type\":\"WebSite\",\"@id\":\"https:\/\/www.printweb.de\/digitaldruck\/#website\",\"url\":\"https:\/\/www.printweb.de\/digitaldruck\/\",\"name\":\"Was Print bewirken kann.\",\"description\":\"Was Print bewirken kann \u2013 1700 Ideen.\",\"publisher\":{\"@id\":\"https:\/\/www.printweb.de\/digitaldruck\/#organization\"},\"potentialAction\":[{\"@type\":\"SearchAction\",\"target\":{\"@type\":\"EntryPoint\",\"urlTemplate\":\"https:\/\/www.printweb.de\/digitaldruck\/?s={search_term_string}\"},\"query-input\":\"required name=search_term_string\"}],\"inLanguage\":\"de-DE\"},{\"@type\":\"Organization\",\"@id\":\"https:\/\/www.printweb.de\/digitaldruck\/#organization\",\"name\":\"Colour Connection GmbH, printweb.de, Frankfurt am Main\",\"url\":\"https:\/\/www.printweb.de\/digitaldruck\/\",\"logo\":{\"@type\":\"ImageObject\",\"inLanguage\":\"de-DE\",\"@id\":\"https:\/\/www.printweb.de\/digitaldruck\/#\/schema\/logo\/image\/\",\"url\":\"https:\/\/www.printweb.de\/digitaldruck\/wp-content\/uploads\/2019\/11\/colour-connectio-printweb-logo.jpg\",\"contentUrl\":\"https:\/\/www.printweb.de\/digitaldruck\/wp-content\/uploads\/2019\/11\/colour-connectio-printweb-logo.jpg\",\"width\":1014,\"height\":229,\"caption\":\"Colour Connection GmbH, printweb.de, Frankfurt am Main\"},\"image\":{\"@id\":\"https:\/\/www.printweb.de\/digitaldruck\/#\/schema\/logo\/image\/\"},\"sameAs\":[\"https:\/\/www.facebook.com\/printweb.de\/\",\"https:\/\/x.com\/digitaldruck\",\"https:\/\/www.instagram.com\/printweb.de\/\",\"https:\/\/www.youtube.com\/user\/Digitaldruckerei\"]},{\"@type\":\"Person\",\"@id\":\"https:\/\/www.printweb.de\/digitaldruck\/#\/schema\/person\/0e0308818185589fb8602180e9273195\",\"name\":\"Ralph Hadem\",\"image\":{\"@type\":\"ImageObject\",\"inLanguage\":\"de-DE\",\"@id\":\"https:\/\/www.printweb.de\/digitaldruck\/#\/schema\/person\/image\/\",\"url\":\"https:\/\/secure.gravatar.com\/avatar\/386b1b183dce310c5ac8a8f475fdecd8?s=96&d=blank&r=g\",\"contentUrl\":\"https:\/\/secure.gravatar.com\/avatar\/386b1b183dce310c5ac8a8f475fdecd8?s=96&d=blank&r=g\",\"caption\":\"Ralph Hadem\"},\"sameAs\":[\"https:\/\/www.printweb.de\"],\"url\":\"https:\/\/www.printweb.de\/digitaldruck\/author\/ralphhadem\/\"}]}<\/script>\n<!-- \/ Yoast SEO plugin. -->","yoast_head_json":{"title":"Bierdeckel in individuellen Gr\u00f6\u00dfen, Formen und Ausf\u00fchrungen | Was Print bewirken kann.","robots":{"index":"index","follow":"follow","max-snippet":"max-snippet:-1","max-image-preview":"max-image-preview:large","max-video-preview":"max-video-preview:-1"},"canonical":"https:\/\/www.printweb.de\/digitaldruck\/bierdeckel-in-individuellen-groessen-formen-und-ausfuehrungen\/12789\/","og_locale":"de_DE","og_type":"article","og_title":"Bierdeckel in individuellen Gr\u00f6\u00dfen, Formen und Ausf\u00fchrungen | Was Print bewirken kann.","og_description":"So elegant kann ein Biedeckel aussehen, wenn man eine Designerin \u201emal machen l\u00e4sst\u201c. Im Gegensatz zu den normalen ... mehr","og_url":"https:\/\/www.printweb.de\/digitaldruck\/bierdeckel-in-individuellen-groessen-formen-und-ausfuehrungen\/12789\/","og_site_name":"Was Print bewirken kann.","article_publisher":"https:\/\/www.facebook.com\/printweb.de\/","article_published_time":"2016-05-30T07:32:26+00:00","og_image":[{"width":2362,"height":1530,"url":"https:\/\/www.printweb.de\/digitaldruck\/wp-content\/uploads\/2016\/05\/630-bierdeckel_95x95mm-1614-1.jpg","type":"image\/jpeg"}],"author":"Ralph Hadem","twitter_card":"summary_large_image","twitter_creator":"@digitaldruck","twitter_site":"@digitaldruck","twitter_misc":{"Verfasst von":"Ralph Hadem","Gesch\u00e4tzte Lesezeit":"1 Minute"},"schema":{"@context":"https:\/\/schema.org","@graph":[{"@type":"Article","@id":"https:\/\/www.printweb.de\/digitaldruck\/bierdeckel-in-individuellen-groessen-formen-und-ausfuehrungen\/12789\/#article","isPartOf":{"@id":"https:\/\/www.printweb.de\/digitaldruck\/bierdeckel-in-individuellen-groessen-formen-und-ausfuehrungen\/12789\/"},"author":{"name":"Ralph Hadem","@id":"https:\/\/www.printweb.de\/digitaldruck\/#\/schema\/person\/0e0308818185589fb8602180e9273195"},"headline":"Bierdeckel in individuellen Gr\u00f6\u00dfen, ...","datePublished":"2016-05-30T07:32:26+00:00","dateModified":"2016-05-30T07:32:26+00:00","mainEntityOfPage":{"@id":"https:\/\/www.printweb.de\/digitaldruck\/bierdeckel-in-individuellen-groessen-formen-und-ausfuehrungen\/12789\/"},"wordCount":128,"commentCount":1,"publisher":{"@id":"https:\/\/www.printweb.de\/digitaldruck\/#organization"},"image":{"@id":"https:\/\/www.printweb.de\/digitaldruck\/bierdeckel-in-individuellen-groessen-formen-und-ausfuehrungen\/12789\/#primaryimage"},"thumbnailUrl":"https:\/\/www.printweb.de\/digitaldruck\/wp-content\/uploads\/2016\/05\/630-bierdeckel_95x95mm-1614-1.jpg","articleSection":["Digitaldruck+Veredlung","Haptik-Highlights","Digitale Stanze","Flyer, Folder und Karten","Feature"],"inLanguage":"de-DE","potentialAction":[{"@type":"CommentAction","name":"Comment","target":["https:\/\/www.printweb.de\/digitaldruck\/bierdeckel-in-individuellen-groessen-formen-und-ausfuehrungen\/12789\/#respond"]}]},{"@type":"WebPage","@id":"https:\/\/www.printweb.de\/digitaldruck\/bierdeckel-in-individuellen-groessen-formen-und-ausfuehrungen\/12789\/","url":"https:\/\/www.printweb.de\/digitaldruck\/bierdeckel-in-individuellen-groessen-formen-und-ausfuehrungen\/12789\/","name":"Bierdeckel in individuellen Gr\u00f6\u00dfen, Formen und Ausf\u00fchrungen | Was Print bewirken kann.","isPartOf":{"@id":"https:\/\/www.printweb.de\/digitaldruck\/#website"},"primaryImageOfPage":{"@id":"https:\/\/www.printweb.de\/digitaldruck\/bierdeckel-in-individuellen-groessen-formen-und-ausfuehrungen\/12789\/#primaryimage"},"image":{"@id":"https:\/\/www.printweb.de\/digitaldruck\/bierdeckel-in-individuellen-groessen-formen-und-ausfuehrungen\/12789\/#primaryimage"},"thumbnailUrl":"https:\/\/www.printweb.de\/digitaldruck\/wp-content\/uploads\/2016\/05\/630-bierdeckel_95x95mm-1614-1.jpg","datePublished":"2016-05-30T07:32:26+00:00","dateModified":"2016-05-30T07:32:26+00:00","inLanguage":"de-DE","potentialAction":[{"@type":"ReadAction","target":["https:\/\/www.printweb.de\/digitaldruck\/bierdeckel-in-individuellen-groessen-formen-und-ausfuehrungen\/12789\/"]}]},{"@type":"ImageObject","inLanguage":"de-DE","@id":"https:\/\/www.printweb.de\/digitaldruck\/bierdeckel-in-individuellen-groessen-formen-und-ausfuehrungen\/12789\/#primaryimage","url":"https:\/\/www.printweb.de\/digitaldruck\/wp-content\/uploads\/2016\/05\/630-bierdeckel_95x95mm-1614-1.jpg","contentUrl":"https:\/\/www.printweb.de\/digitaldruck\/wp-content\/uploads\/2016\/05\/630-bierdeckel_95x95mm-1614-1.jpg","width":2362,"height":1530},{"@type":"WebSite","@id":"https:\/\/www.printweb.de\/digitaldruck\/#website","url":"https:\/\/www.printweb.de\/digitaldruck\/","name":"Was Print bewirken kann.","description":"Was Print bewirken kann \u2013 1700 Ideen.","publisher":{"@id":"https:\/\/www.printweb.de\/digitaldruck\/#organization"},"potentialAction":[{"@type":"SearchAction","target":{"@type":"EntryPoint","urlTemplate":"https:\/\/www.printweb.de\/digitaldruck\/?s={search_term_string}"},"query-input":"required name=search_term_string"}],"inLanguage":"de-DE"},{"@type":"Organization","@id":"https:\/\/www.printweb.de\/digitaldruck\/#organization","name":"Colour Connection GmbH, printweb.de, Frankfurt am Main","url":"https:\/\/www.printweb.de\/digitaldruck\/","logo":{"@type":"ImageObject","inLanguage":"de-DE","@id":"https:\/\/www.printweb.de\/digitaldruck\/#\/schema\/logo\/image\/","url":"https:\/\/www.printweb.de\/digitaldruck\/wp-content\/uploads\/2019\/11\/colour-connectio-printweb-logo.jpg","contentUrl":"https:\/\/www.printweb.de\/digitaldruck\/wp-content\/uploads\/2019\/11\/colour-connectio-printweb-logo.jpg","width":1014,"height":229,"caption":"Colour Connection GmbH, printweb.de, Frankfurt am Main"},"image":{"@id":"https:\/\/www.printweb.de\/digitaldruck\/#\/schema\/logo\/image\/"},"sameAs":["https:\/\/www.facebook.com\/printweb.de\/","https:\/\/x.com\/digitaldruck","https:\/\/www.instagram.com\/printweb.de\/","https:\/\/www.youtube.com\/user\/Digitaldruckerei"]},{"@type":"Person","@id":"https:\/\/www.printweb.de\/digitaldruck\/#\/schema\/person\/0e0308818185589fb8602180e9273195","name":"Ralph Hadem","image":{"@type":"ImageObject","inLanguage":"de-DE","@id":"https:\/\/www.printweb.de\/digitaldruck\/#\/schema\/person\/image\/","url":"https:\/\/secure.gravatar.com\/avatar\/386b1b183dce310c5ac8a8f475fdecd8?s=96&d=blank&r=g","contentUrl":"https:\/\/secure.gravatar.com\/avatar\/386b1b183dce310c5ac8a8f475fdecd8?s=96&d=blank&r=g","caption":"Ralph Hadem"},"sameAs":["https:\/\/www.printweb.de"],"url":"https:\/\/www.printweb.de\/digitaldruck\/author\/ralphhadem\/"}]}},"_links":{"self":[{"href":"https:\/\/www.printweb.de\/digitaldruck\/wp-json\/wp\/v2\/posts\/12789"}],"collection":[{"href":"https:\/\/www.printweb.de\/digitaldruck\/wp-json\/wp\/v2\/posts"}],"about":[{"href":"https:\/\/www.printweb.de\/digitaldruck\/wp-json\/wp\/v2\/types\/post"}],"author":[{"embeddable":true,"href":"https:\/\/www.printweb.de\/digitaldruck\/wp-json\/wp\/v2\/users\/2"}],"replies":[{"embeddable":true,"href":"https:\/\/www.printweb.de\/digitaldruck\/wp-json\/wp\/v2\/comments?post=12789"}],"version-history":[{"count":3,"href":"https:\/\/www.printweb.de\/digitaldruck\/wp-json\/wp\/v2\/posts\/12789\/revisions"}],"predecessor-version":[{"id":12793,"href":"https:\/\/www.printweb.de\/digitaldruck\/wp-json\/wp\/v2\/posts\/12789\/revisions\/12793"}],"wp:featuredmedia":[{"embeddable":true,"href":"https:\/\/www.printweb.de\/digitaldruck\/wp-json\/wp\/v2\/media\/12790"}],"wp:attachment":[{"href":"https:\/\/www.printweb.de\/digitaldruck\/wp-json\/wp\/v2\/media?parent=12789"}],"wp:term":[{"taxonomy":"category","embeddable":true,"href":"https:\/\/www.printweb.de\/digitaldruck\/wp-json\/wp\/v2\/categories?post=12789"},{"taxonomy":"post_tag","embeddable":true,"href":"https:\/\/www.printweb.de\/digitaldruck\/wp-json\/wp\/v2\/tags?post=12789"}],"curies":[{"name":"wp","href":"https:\/\/api.w.org\/{rel}","templated":true}]}}