{"id":13942,"date":"2017-09-12T16:00:28","date_gmt":"2017-09-12T14:00:28","guid":{"rendered":"https:\/\/www.printweb.de\/digitaldruck\/?p=13942"},"modified":"2017-09-13T12:06:38","modified_gmt":"2017-09-13T10:06:38","slug":"der-jahreswechsel-rueckt-naeher-individuelle-kalender-ab-2-exemplaren","status":"publish","type":"post","link":"https:\/\/www.printweb.de\/digitaldruck\/der-jahreswechsel-rueckt-naeher-individuelle-kalender-ab-2-exemplaren\/13942\/","title":{"rendered":"Der Jahreswechsel r\u00fcckt n\u00e4her:<br \/> Individuelle Kalender ab 2 Exemplaren"},"content":{"rendered":"<p>Wie in jedem Jahr geht nach den Sommerferien das Jahr erschreckend schnell zu Ende. Trotz aller Digitalisierung sind Kalender aus Papier und Pappe seit Jahrzehnten eine feste Gr\u00f6\u00dfe zum Jahreswechsel. Nat\u00fcrlich bietet das Internet eine unglaubliche F\u00fclle an M\u00f6glichkeiten und Anbietern &#8211; gut, wenn Sie eine Standardausf\u00fchrung in einer der \u00fcblichen Ausstattungen ben\u00f6tigen.<\/p>\n<p>Wie auch bei allen anderen Printprodukten aus unserer Manufaktur bieten wir Ihnen bei den Kalendern die Idee mehr. Eine andere L\u00e4nge, besondere Features, au\u00dfergew\u00f6hnliche Papiere, Sonderfarben, Stanzungen, Pr\u00e4gungen, Hei\u00dffolie &#8230; was immer Ihre Designerseele begehrt, bei uns wird es Wirklichkeit.<\/p>\n<p>Der Streifenkalender unten hat \u201enur\u201c zwei Gutscheine pro Monat integriert &#8211; wird dadurch aber schon zu einem Hingucker, der eher entgegen genommen wird als eine Billigausf\u00fchrung mit 12 Blatt d\u00fcnnem Bilderdruckpapier.<\/p>\n<p>Sprechen Sie mit uns, schildern Sie uns Ihr Projekt. Wir h\u00f6ren genau zu und machen Ihnen Vorschl\u00e4ge, die Sie zum l\u00e4cheln bringen &#8211; sicher :-). Rufen Sie an: 069 &#8211; 944 37 30 oder schicken Sie uns eine <a href=\"info@printweb.de\" class=\"broken_link\">Mail<\/a>.<\/p>\n<p><a href=\"https:\/\/www.printweb.de\/digitaldruck\/wp-content\/uploads\/2017\/09\/753-kalender_105x440-4973-1.jpg\"><img decoding=\"async\" width=\"452\" height=\"490\" class=\"aligncenter size-thumbnail-vertikal wp-image-13944\" src=\"https:\/\/www.printweb.de\/digitaldruck\/wp-content\/uploads\/2017\/09\/753-kalender_105x440-4973-1-452x490.jpg\" alt=\"753-kalender_105x440-4973-1\" srcset=\"https:\/\/www.printweb.de\/digitaldruck\/wp-content\/uploads\/2017\/09\/753-kalender_105x440-4973-1-452x490.jpg 452w, https:\/\/www.printweb.de\/digitaldruck\/wp-content\/uploads\/2017\/09\/753-kalender_105x440-4973-1-765x829.jpg 765w, https:\/\/www.printweb.de\/digitaldruck\/wp-content\/uploads\/2017\/09\/753-kalender_105x440-4973-1-768x832.jpg 768w\" sizes=\"(max-width: 452px) 100vw, 452px\" \/><\/a><\/p>\n<p><a href=\"https:\/\/www.printweb.de\/digitaldruck\/wp-content\/uploads\/2017\/09\/753-kalender_105x440-4978-1.jpg\"><img decoding=\"async\" width=\"765\" height=\"612\" class=\"aligncenter size-thumbnail wp-image-13945\" src=\"https:\/\/www.printweb.de\/digitaldruck\/wp-content\/uploads\/2017\/09\/753-kalender_105x440-4978-1-765x612.jpg\" alt=\"753-kalender_105x440-4978-1\" srcset=\"https:\/\/www.printweb.de\/digitaldruck\/wp-content\/uploads\/2017\/09\/753-kalender_105x440-4978-1-765x612.jpg 765w, https:\/\/www.printweb.de\/digitaldruck\/wp-content\/uploads\/2017\/09\/753-kalender_105x440-4978-1-768x615.jpg 768w, https:\/\/www.printweb.de\/digitaldruck\/wp-content\/uploads\/2017\/09\/753-kalender_105x440-4978-1-612x490.jpg 612w\" sizes=\"(max-width: 765px) 100vw, 765px\" \/><\/a><\/p>\n\n","protected":false},"excerpt":{"rendered":"Wie in jedem Jahr geht nach den Sommerferien das Jahr erschreckend schnell zu Ende. Trotz aller Digitalisierung sind &#8230; <br><br><a class=\"readmore\" href=\"https:\/\/www.printweb.de\/digitaldruck\/der-jahreswechsel-rueckt-naeher-individuelle-kalender-ab-2-exemplaren\/13942\/\">mehr<\/a>","protected":false},"author":2,"featured_media":13945,"comment_status":"open","ping_status":"open","sticky":false,"template":"","format":"standard","meta":{"_acf_changed":false,"footnotes":""},"categories":[1,31,32,63],"tags":[],"class_list":["post-13942","post","type-post","status-publish","format-standard","has-post-thumbnail","hentry","category-alle-beitraege","category-weiterverarbeitung","category-bindung","category-feature"],"acf":[],"yoast_head":"<!-- This site is optimized with the Yoast SEO plugin v23.1 - https:\/\/yoast.com\/wordpress\/plugins\/seo\/ -->\n<title>Der Jahreswechsel r\u00fcckt n\u00e4her: Individuelle Kalender ab 2 Exemplaren | Was Print bewirken kann.<\/title>\n<meta name=\"robots\" content=\"index, follow, max-snippet:-1, max-image-preview:large, max-video-preview:-1\" \/>\n<link rel=\"canonical\" href=\"https:\/\/www.printweb.de\/digitaldruck\/der-jahreswechsel-rueckt-naeher-individuelle-kalender-ab-2-exemplaren\/13942\/\" \/>\n<meta property=\"og:locale\" content=\"de_DE\" \/>\n<meta property=\"og:type\" content=\"article\" \/>\n<meta property=\"og:title\" content=\"Der Jahreswechsel r\u00fcckt n\u00e4her: Individuelle Kalender ab 2 Exemplaren | Was Print bewirken kann.\" \/>\n<meta property=\"og:description\" content=\"Wie in jedem Jahr geht nach den Sommerferien das Jahr erschreckend schnell zu Ende. Trotz aller Digitalisierung sind ... mehr\" \/>\n<meta property=\"og:url\" content=\"https:\/\/www.printweb.de\/digitaldruck\/der-jahreswechsel-rueckt-naeher-individuelle-kalender-ab-2-exemplaren\/13942\/\" \/>\n<meta property=\"og:site_name\" content=\"Was Print bewirken kann.\" \/>\n<meta property=\"article:publisher\" content=\"https:\/\/www.facebook.com\/printweb.de\/\" \/>\n<meta property=\"article:published_time\" content=\"2017-09-12T14:00:28+00:00\" \/>\n<meta property=\"article:modified_time\" content=\"2017-09-13T10:06:38+00:00\" \/>\n<meta property=\"og:image\" content=\"https:\/\/www.printweb.de\/digitaldruck\/wp-content\/uploads\/2017\/09\/753-kalender_105x440-4978-1-765x490.jpg\" \/>\n\t<meta property=\"og:image:width\" content=\"765\" \/>\n\t<meta property=\"og:image:height\" content=\"490\" \/>\n\t<meta property=\"og:image:type\" content=\"image\/jpeg\" \/>\n<meta name=\"author\" content=\"Ralph Hadem\" \/>\n<meta name=\"twitter:card\" content=\"summary_large_image\" \/>\n<meta name=\"twitter:creator\" content=\"@digitaldruck\" \/>\n<meta name=\"twitter:site\" content=\"@digitaldruck\" \/>\n<meta name=\"twitter:label1\" content=\"Verfasst von\" \/>\n\t<meta name=\"twitter:data1\" content=\"Ralph Hadem\" \/>\n\t<meta name=\"twitter:label2\" content=\"Gesch\u00e4tzte Lesezeit\" \/>\n\t<meta name=\"twitter:data2\" content=\"1 Minute\" \/>\n<script type=\"application\/ld+json\" class=\"yoast-schema-graph\">{\"@context\":\"https:\/\/schema.org\",\"@graph\":[{\"@type\":\"Article\",\"@id\":\"https:\/\/www.printweb.de\/digitaldruck\/der-jahreswechsel-rueckt-naeher-individuelle-kalender-ab-2-exemplaren\/13942\/#article\",\"isPartOf\":{\"@id\":\"https:\/\/www.printweb.de\/digitaldruck\/der-jahreswechsel-rueckt-naeher-individuelle-kalender-ab-2-exemplaren\/13942\/\"},\"author\":{\"name\":\"Ralph Hadem\",\"@id\":\"https:\/\/www.printweb.de\/digitaldruck\/#\/schema\/person\/0e0308818185589fb8602180e9273195\"},\"headline\":\"Der Jahreswechsel r\u00fcckt n\u00e4her: Individuelle Kalender ab 2 Exemplaren\",\"datePublished\":\"2017-09-12T14:00:28+00:00\",\"dateModified\":\"2017-09-13T10:06:38+00:00\",\"mainEntityOfPage\":{\"@id\":\"https:\/\/www.printweb.de\/digitaldruck\/der-jahreswechsel-rueckt-naeher-individuelle-kalender-ab-2-exemplaren\/13942\/\"},\"wordCount\":191,\"commentCount\":0,\"publisher\":{\"@id\":\"https:\/\/www.printweb.de\/digitaldruck\/#organization\"},\"image\":{\"@id\":\"https:\/\/www.printweb.de\/digitaldruck\/der-jahreswechsel-rueckt-naeher-individuelle-kalender-ab-2-exemplaren\/13942\/#primaryimage\"},\"thumbnailUrl\":\"https:\/\/www.printweb.de\/digitaldruck\/wp-content\/uploads\/2017\/09\/753-kalender_105x440-4978-1.jpg\",\"articleSection\":[\"Digitaldruck+Veredlung\",\"Weiterverarbeitung\",\"Bindung\",\"Feature\"],\"inLanguage\":\"de-DE\",\"potentialAction\":[{\"@type\":\"CommentAction\",\"name\":\"Comment\",\"target\":[\"https:\/\/www.printweb.de\/digitaldruck\/der-jahreswechsel-rueckt-naeher-individuelle-kalender-ab-2-exemplaren\/13942\/#respond\"]}]},{\"@type\":\"WebPage\",\"@id\":\"https:\/\/www.printweb.de\/digitaldruck\/der-jahreswechsel-rueckt-naeher-individuelle-kalender-ab-2-exemplaren\/13942\/\",\"url\":\"https:\/\/www.printweb.de\/digitaldruck\/der-jahreswechsel-rueckt-naeher-individuelle-kalender-ab-2-exemplaren\/13942\/\",\"name\":\"Der Jahreswechsel r\u00fcckt n\u00e4her: Individuelle Kalender ab 2 Exemplaren | Was Print bewirken kann.\",\"isPartOf\":{\"@id\":\"https:\/\/www.printweb.de\/digitaldruck\/#website\"},\"primaryImageOfPage\":{\"@id\":\"https:\/\/www.printweb.de\/digitaldruck\/der-jahreswechsel-rueckt-naeher-individuelle-kalender-ab-2-exemplaren\/13942\/#primaryimage\"},\"image\":{\"@id\":\"https:\/\/www.printweb.de\/digitaldruck\/der-jahreswechsel-rueckt-naeher-individuelle-kalender-ab-2-exemplaren\/13942\/#primaryimage\"},\"thumbnailUrl\":\"https:\/\/www.printweb.de\/digitaldruck\/wp-content\/uploads\/2017\/09\/753-kalender_105x440-4978-1.jpg\",\"datePublished\":\"2017-09-12T14:00:28+00:00\",\"dateModified\":\"2017-09-13T10:06:38+00:00\",\"inLanguage\":\"de-DE\",\"potentialAction\":[{\"@type\":\"ReadAction\",\"target\":[\"https:\/\/www.printweb.de\/digitaldruck\/der-jahreswechsel-rueckt-naeher-individuelle-kalender-ab-2-exemplaren\/13942\/\"]}]},{\"@type\":\"ImageObject\",\"inLanguage\":\"de-DE\",\"@id\":\"https:\/\/www.printweb.de\/digitaldruck\/der-jahreswechsel-rueckt-naeher-individuelle-kalender-ab-2-exemplaren\/13942\/#primaryimage\",\"url\":\"https:\/\/www.printweb.de\/digitaldruck\/wp-content\/uploads\/2017\/09\/753-kalender_105x440-4978-1.jpg\",\"contentUrl\":\"https:\/\/www.printweb.de\/digitaldruck\/wp-content\/uploads\/2017\/09\/753-kalender_105x440-4978-1.jpg\",\"width\":2362,\"height\":1890},{\"@type\":\"WebSite\",\"@id\":\"https:\/\/www.printweb.de\/digitaldruck\/#website\",\"url\":\"https:\/\/www.printweb.de\/digitaldruck\/\",\"name\":\"Was Print bewirken kann.\",\"description\":\"Was Print bewirken kann \u2013 1700 Ideen.\",\"publisher\":{\"@id\":\"https:\/\/www.printweb.de\/digitaldruck\/#organization\"},\"potentialAction\":[{\"@type\":\"SearchAction\",\"target\":{\"@type\":\"EntryPoint\",\"urlTemplate\":\"https:\/\/www.printweb.de\/digitaldruck\/?s={search_term_string}\"},\"query-input\":\"required name=search_term_string\"}],\"inLanguage\":\"de-DE\"},{\"@type\":\"Organization\",\"@id\":\"https:\/\/www.printweb.de\/digitaldruck\/#organization\",\"name\":\"Colour Connection GmbH, printweb.de, Frankfurt am Main\",\"url\":\"https:\/\/www.printweb.de\/digitaldruck\/\",\"logo\":{\"@type\":\"ImageObject\",\"inLanguage\":\"de-DE\",\"@id\":\"https:\/\/www.printweb.de\/digitaldruck\/#\/schema\/logo\/image\/\",\"url\":\"https:\/\/www.printweb.de\/digitaldruck\/wp-content\/uploads\/2019\/11\/colour-connectio-printweb-logo.jpg\",\"contentUrl\":\"https:\/\/www.printweb.de\/digitaldruck\/wp-content\/uploads\/2019\/11\/colour-connectio-printweb-logo.jpg\",\"width\":1014,\"height\":229,\"caption\":\"Colour Connection GmbH, printweb.de, Frankfurt am Main\"},\"image\":{\"@id\":\"https:\/\/www.printweb.de\/digitaldruck\/#\/schema\/logo\/image\/\"},\"sameAs\":[\"https:\/\/www.facebook.com\/printweb.de\/\",\"https:\/\/x.com\/digitaldruck\",\"https:\/\/www.instagram.com\/printweb.de\/\",\"https:\/\/www.youtube.com\/user\/Digitaldruckerei\"]},{\"@type\":\"Person\",\"@id\":\"https:\/\/www.printweb.de\/digitaldruck\/#\/schema\/person\/0e0308818185589fb8602180e9273195\",\"name\":\"Ralph Hadem\",\"image\":{\"@type\":\"ImageObject\",\"inLanguage\":\"de-DE\",\"@id\":\"https:\/\/www.printweb.de\/digitaldruck\/#\/schema\/person\/image\/\",\"url\":\"https:\/\/secure.gravatar.com\/avatar\/386b1b183dce310c5ac8a8f475fdecd8?s=96&d=blank&r=g\",\"contentUrl\":\"https:\/\/secure.gravatar.com\/avatar\/386b1b183dce310c5ac8a8f475fdecd8?s=96&d=blank&r=g\",\"caption\":\"Ralph Hadem\"},\"sameAs\":[\"https:\/\/www.printweb.de\"],\"url\":\"https:\/\/www.printweb.de\/digitaldruck\/author\/ralphhadem\/\"}]}<\/script>\n<!-- \/ Yoast SEO plugin. -->","yoast_head_json":{"title":"Der Jahreswechsel r\u00fcckt n\u00e4her: Individuelle Kalender ab 2 Exemplaren | Was Print bewirken kann.","robots":{"index":"index","follow":"follow","max-snippet":"max-snippet:-1","max-image-preview":"max-image-preview:large","max-video-preview":"max-video-preview:-1"},"canonical":"https:\/\/www.printweb.de\/digitaldruck\/der-jahreswechsel-rueckt-naeher-individuelle-kalender-ab-2-exemplaren\/13942\/","og_locale":"de_DE","og_type":"article","og_title":"Der Jahreswechsel r\u00fcckt n\u00e4her: Individuelle Kalender ab 2 Exemplaren | Was Print bewirken kann.","og_description":"Wie in jedem Jahr geht nach den Sommerferien das Jahr erschreckend schnell zu Ende. Trotz aller Digitalisierung sind ... mehr","og_url":"https:\/\/www.printweb.de\/digitaldruck\/der-jahreswechsel-rueckt-naeher-individuelle-kalender-ab-2-exemplaren\/13942\/","og_site_name":"Was Print bewirken kann.","article_publisher":"https:\/\/www.facebook.com\/printweb.de\/","article_published_time":"2017-09-12T14:00:28+00:00","article_modified_time":"2017-09-13T10:06:38+00:00","og_image":[{"width":765,"height":490,"url":"https:\/\/www.printweb.de\/digitaldruck\/wp-content\/uploads\/2017\/09\/753-kalender_105x440-4978-1-765x490.jpg","type":"image\/jpeg"}],"author":"Ralph Hadem","twitter_card":"summary_large_image","twitter_creator":"@digitaldruck","twitter_site":"@digitaldruck","twitter_misc":{"Verfasst von":"Ralph Hadem","Gesch\u00e4tzte Lesezeit":"1 Minute"},"schema":{"@context":"https:\/\/schema.org","@graph":[{"@type":"Article","@id":"https:\/\/www.printweb.de\/digitaldruck\/der-jahreswechsel-rueckt-naeher-individuelle-kalender-ab-2-exemplaren\/13942\/#article","isPartOf":{"@id":"https:\/\/www.printweb.de\/digitaldruck\/der-jahreswechsel-rueckt-naeher-individuelle-kalender-ab-2-exemplaren\/13942\/"},"author":{"name":"Ralph Hadem","@id":"https:\/\/www.printweb.de\/digitaldruck\/#\/schema\/person\/0e0308818185589fb8602180e9273195"},"headline":"Der Jahreswechsel r\u00fcckt n\u00e4her: Individuelle Kalender ab 2 Exemplaren","datePublished":"2017-09-12T14:00:28+00:00","dateModified":"2017-09-13T10:06:38+00:00","mainEntityOfPage":{"@id":"https:\/\/www.printweb.de\/digitaldruck\/der-jahreswechsel-rueckt-naeher-individuelle-kalender-ab-2-exemplaren\/13942\/"},"wordCount":191,"commentCount":0,"publisher":{"@id":"https:\/\/www.printweb.de\/digitaldruck\/#organization"},"image":{"@id":"https:\/\/www.printweb.de\/digitaldruck\/der-jahreswechsel-rueckt-naeher-individuelle-kalender-ab-2-exemplaren\/13942\/#primaryimage"},"thumbnailUrl":"https:\/\/www.printweb.de\/digitaldruck\/wp-content\/uploads\/2017\/09\/753-kalender_105x440-4978-1.jpg","articleSection":["Digitaldruck+Veredlung","Weiterverarbeitung","Bindung","Feature"],"inLanguage":"de-DE","potentialAction":[{"@type":"CommentAction","name":"Comment","target":["https:\/\/www.printweb.de\/digitaldruck\/der-jahreswechsel-rueckt-naeher-individuelle-kalender-ab-2-exemplaren\/13942\/#respond"]}]},{"@type":"WebPage","@id":"https:\/\/www.printweb.de\/digitaldruck\/der-jahreswechsel-rueckt-naeher-individuelle-kalender-ab-2-exemplaren\/13942\/","url":"https:\/\/www.printweb.de\/digitaldruck\/der-jahreswechsel-rueckt-naeher-individuelle-kalender-ab-2-exemplaren\/13942\/","name":"Der Jahreswechsel r\u00fcckt n\u00e4her: Individuelle Kalender ab 2 Exemplaren | Was Print bewirken kann.","isPartOf":{"@id":"https:\/\/www.printweb.de\/digitaldruck\/#website"},"primaryImageOfPage":{"@id":"https:\/\/www.printweb.de\/digitaldruck\/der-jahreswechsel-rueckt-naeher-individuelle-kalender-ab-2-exemplaren\/13942\/#primaryimage"},"image":{"@id":"https:\/\/www.printweb.de\/digitaldruck\/der-jahreswechsel-rueckt-naeher-individuelle-kalender-ab-2-exemplaren\/13942\/#primaryimage"},"thumbnailUrl":"https:\/\/www.printweb.de\/digitaldruck\/wp-content\/uploads\/2017\/09\/753-kalender_105x440-4978-1.jpg","datePublished":"2017-09-12T14:00:28+00:00","dateModified":"2017-09-13T10:06:38+00:00","inLanguage":"de-DE","potentialAction":[{"@type":"ReadAction","target":["https:\/\/www.printweb.de\/digitaldruck\/der-jahreswechsel-rueckt-naeher-individuelle-kalender-ab-2-exemplaren\/13942\/"]}]},{"@type":"ImageObject","inLanguage":"de-DE","@id":"https:\/\/www.printweb.de\/digitaldruck\/der-jahreswechsel-rueckt-naeher-individuelle-kalender-ab-2-exemplaren\/13942\/#primaryimage","url":"https:\/\/www.printweb.de\/digitaldruck\/wp-content\/uploads\/2017\/09\/753-kalender_105x440-4978-1.jpg","contentUrl":"https:\/\/www.printweb.de\/digitaldruck\/wp-content\/uploads\/2017\/09\/753-kalender_105x440-4978-1.jpg","width":2362,"height":1890},{"@type":"WebSite","@id":"https:\/\/www.printweb.de\/digitaldruck\/#website","url":"https:\/\/www.printweb.de\/digitaldruck\/","name":"Was Print bewirken kann.","description":"Was Print bewirken kann \u2013 1700 Ideen.","publisher":{"@id":"https:\/\/www.printweb.de\/digitaldruck\/#organization"},"potentialAction":[{"@type":"SearchAction","target":{"@type":"EntryPoint","urlTemplate":"https:\/\/www.printweb.de\/digitaldruck\/?s={search_term_string}"},"query-input":"required name=search_term_string"}],"inLanguage":"de-DE"},{"@type":"Organization","@id":"https:\/\/www.printweb.de\/digitaldruck\/#organization","name":"Colour Connection GmbH, printweb.de, Frankfurt am Main","url":"https:\/\/www.printweb.de\/digitaldruck\/","logo":{"@type":"ImageObject","inLanguage":"de-DE","@id":"https:\/\/www.printweb.de\/digitaldruck\/#\/schema\/logo\/image\/","url":"https:\/\/www.printweb.de\/digitaldruck\/wp-content\/uploads\/2019\/11\/colour-connectio-printweb-logo.jpg","contentUrl":"https:\/\/www.printweb.de\/digitaldruck\/wp-content\/uploads\/2019\/11\/colour-connectio-printweb-logo.jpg","width":1014,"height":229,"caption":"Colour Connection GmbH, printweb.de, Frankfurt am Main"},"image":{"@id":"https:\/\/www.printweb.de\/digitaldruck\/#\/schema\/logo\/image\/"},"sameAs":["https:\/\/www.facebook.com\/printweb.de\/","https:\/\/x.com\/digitaldruck","https:\/\/www.instagram.com\/printweb.de\/","https:\/\/www.youtube.com\/user\/Digitaldruckerei"]},{"@type":"Person","@id":"https:\/\/www.printweb.de\/digitaldruck\/#\/schema\/person\/0e0308818185589fb8602180e9273195","name":"Ralph Hadem","image":{"@type":"ImageObject","inLanguage":"de-DE","@id":"https:\/\/www.printweb.de\/digitaldruck\/#\/schema\/person\/image\/","url":"https:\/\/secure.gravatar.com\/avatar\/386b1b183dce310c5ac8a8f475fdecd8?s=96&d=blank&r=g","contentUrl":"https:\/\/secure.gravatar.com\/avatar\/386b1b183dce310c5ac8a8f475fdecd8?s=96&d=blank&r=g","caption":"Ralph Hadem"},"sameAs":["https:\/\/www.printweb.de"],"url":"https:\/\/www.printweb.de\/digitaldruck\/author\/ralphhadem\/"}]}},"_links":{"self":[{"href":"https:\/\/www.printweb.de\/digitaldruck\/wp-json\/wp\/v2\/posts\/13942"}],"collection":[{"href":"https:\/\/www.printweb.de\/digitaldruck\/wp-json\/wp\/v2\/posts"}],"about":[{"href":"https:\/\/www.printweb.de\/digitaldruck\/wp-json\/wp\/v2\/types\/post"}],"author":[{"embeddable":true,"href":"https:\/\/www.printweb.de\/digitaldruck\/wp-json\/wp\/v2\/users\/2"}],"replies":[{"embeddable":true,"href":"https:\/\/www.printweb.de\/digitaldruck\/wp-json\/wp\/v2\/comments?post=13942"}],"version-history":[{"count":5,"href":"https:\/\/www.printweb.de\/digitaldruck\/wp-json\/wp\/v2\/posts\/13942\/revisions"}],"predecessor-version":[{"id":13950,"href":"https:\/\/www.printweb.de\/digitaldruck\/wp-json\/wp\/v2\/posts\/13942\/revisions\/13950"}],"wp:featuredmedia":[{"embeddable":true,"href":"https:\/\/www.printweb.de\/digitaldruck\/wp-json\/wp\/v2\/media\/13945"}],"wp:attachment":[{"href":"https:\/\/www.printweb.de\/digitaldruck\/wp-json\/wp\/v2\/media?parent=13942"}],"wp:term":[{"taxonomy":"category","embeddable":true,"href":"https:\/\/www.printweb.de\/digitaldruck\/wp-json\/wp\/v2\/categories?post=13942"},{"taxonomy":"post_tag","embeddable":true,"href":"https:\/\/www.printweb.de\/digitaldruck\/wp-json\/wp\/v2\/tags?post=13942"}],"curies":[{"name":"wp","href":"https:\/\/api.w.org\/{rel}","templated":true}]}}