{"id":1401,"date":"2009-03-12T19:10:04","date_gmt":"2009-03-12T18:10:04","guid":{"rendered":"https:\/\/www.printweb.de\/digitaldruck\/?p=1401"},"modified":"2016-03-04T11:54:33","modified_gmt":"2016-03-04T10:54:33","slug":"it-management-belagert-news-blog","status":"publish","type":"post","link":"https:\/\/www.printweb.de\/digitaldruck\/it-management-belagert-news-blog\/1401\/","title":{"rendered":"IT-Management \u201ebelagert\u201c News-Blog"},"content":{"rendered":"<p>Hallo! \ud83d\ude42 &#8230; erlauben Sie mich kurz vorzustellen?<br \/>\nMein Name ist Jens Stork und ich bin im Hause Colour Connection &amp; printweb.de seit 2004 u. A. zust\u00e4ndig f\u00fcr die <a href=\"\/ueber\/DasTeam.html#IT-Management\" target=\"_blank\">technische Bereichs- und Projektleitung<\/a> inkl. Qualit\u00e4tssicherung\u00a0von Infrastruktur, Web &amp; Network, Workflow-Technologien f\u00fcr PrePress, Print und Warenwirtschaft sowie eCommerce per <a href=\"https:\/\/www.printweb.de\/\" target=\"_blank\">Online-Shop<\/a>.<!--more--><\/p>\n<p>Auch wenn es meine knapp bemessene Zeit, aufgrund zahlreicher <a href=\"http:\/\/dict.tu-chemnitz.de\/deutsch-englisch\/hausintern.html\" target=\"_blank\" class=\"broken_link\">InHouse<\/a>-Projekte, selten zul\u00e4sst, m\u00f6chte ich es mir nicht nehmen lassen hier ab und an, parallel zu <a href=\"\/ueber\/DasTeam.html#GF\" target=\"_blank\">Ralph Hadem<\/a>, ein paar mehr oder minder technisch orientierte Beitr\u00e4ge zu ver\u00f6ffentlichen. Nun werden sich einige Leser fragen: *Bahnhof* \u00a0<a id=\"bahnhof\" name=\"bahnhof\"><\/a>\u201eDas hier sind doch die Digitaldruck-News von printweb.de und keine &#8218;Computer-Freak&#8216; Nachrichten\u201c. Aber&#8230; Da wir als moderner Digitaldruck-Betrieb mit klassischen Wurzeln mittlerweile mit viel High-Tech ausger\u00fcstet sind (bzw. sein m\u00fcssen) und uns ausf\u00fchrliche Gedanken, z.B. zu <a href=\"http:\/\/www.amazon.de\/Erfolgreiches-ONLINE-Marketing-Schritt-Ziel\/dp\/3448090719\/\" target=\"_blank\">Internet-Marketing<\/a>, machen, m\u00f6chten wir unsere Aktivit\u00e4ten in diesem Bereich nicht unter der Haube lassen weil das Zusammenspiel zwischen Print und Web heutzutage keineswegs mehr wegzudenken ist &#8211; sofern man sich <a href=\"http:\/\/www.print-media-forum.de\/webtoprint.php\" target=\"_blank\">am Markt halten<\/a> und seine Kunden weiterhin zufriedenstellen m\u00f6chte. \ud83d\ude42<\/p>\n<p>In Zukunft also, auch hoffentlich f\u00fcr Sie, Spannendes aus dem Netz, mit zukunftsorientierten Ideen, zu <a href=\"http:\/\/de.wikipedia.org\/wiki\/Onlinedruck\" target=\"_blank\">Web2Print<\/a>, <a href=\"http:\/\/de.wikipedia.org\/wiki\/Color_management\" target=\"_blank\">Color Management<\/a>, Software und als <a href=\"http:\/\/www.apple.com\/de\/macbookpro\/\" target=\"_blank\">Apple<\/a>-Begeisterter selbstverst\u00e4ndlich auch Hardware. Aber keine Angst: Als gelernter <a href=\"http:\/\/www.zfamedien.de\/ausbildung\/mediengestalter\/profil_alt.php\" target=\"_blank\" class=\"broken_link\">Mediendesigner f\u00fcr Digital- und Print<\/a> mit Schwerpunkt Nonprint und dem vielf\u00e4ltigen KnowHow aus einem Printbetrieb wie der <a href=\"https:\/\/www.printweb.de\/ueber\/\" target=\"_blank\">Colour Connection<\/a> bewahre ich unsere Blogleser defintiv vor einer unangemessenen Zahl an Fachausdr\u00fccken ;-).<\/p>\n<p>Herzliche Gr\u00fc\u00dfe und frohes <a href=\"\/digitaldruck\/originelle-404-nicht-gefunden-seiten\/\" target=\"_blank\">Schm\u00f6kern<\/a> beim folgenden, meinem in diesem Weblog ersten, Artikel zu einem Web-Thema das wir vor Kurzem erst auf dem <a href=\"\/ueber\/Fotogalerie-Buero-und-Produktion.html#Konfi\" target=\"_blank\">Tisch<\/a> hatten.<\/p>\n<p>P.S.: Konstruktive Kritik und Kommentare sind immer und absolut erw\u00fcnscht! \ud83d\ude00<\/p>\n","protected":false},"excerpt":{"rendered":"Hallo! \ud83d\ude42 &#8230; erlauben Sie mich kurz vorzustellen? Mein Name ist Jens Stork und ich bin im Hause &#8230; <br><br><a class=\"readmore\" href=\"https:\/\/www.printweb.de\/digitaldruck\/it-management-belagert-news-blog\/1401\/\">mehr<\/a>","protected":false},"author":1,"featured_media":11574,"comment_status":"open","ping_status":"open","sticky":false,"template":"","format":"standard","meta":{"_acf_changed":false,"footnotes":""},"categories":[1],"tags":[],"class_list":["post-1401","post","type-post","status-publish","format-standard","has-post-thumbnail","hentry","category-alle-beitraege"],"acf":[],"yoast_head":"<!-- This site is optimized with the Yoast SEO plugin v23.1 - https:\/\/yoast.com\/wordpress\/plugins\/seo\/ -->\n<title>IT-Management \u201ebelagert\u201c News-Blog | Was Print bewirken kann.<\/title>\n<meta name=\"robots\" content=\"index, follow, max-snippet:-1, max-image-preview:large, max-video-preview:-1\" \/>\n<link rel=\"canonical\" href=\"https:\/\/www.printweb.de\/digitaldruck\/it-management-belagert-news-blog\/1401\/\" \/>\n<meta property=\"og:locale\" content=\"de_DE\" \/>\n<meta property=\"og:type\" content=\"article\" \/>\n<meta property=\"og:title\" content=\"IT-Management \u201ebelagert\u201c News-Blog | Was Print bewirken kann.\" \/>\n<meta property=\"og:description\" content=\"Hallo! \ud83d\ude42 &#8230; erlauben Sie mich kurz vorzustellen? Mein Name ist Jens Stork und ich bin im Hause ... mehr\" \/>\n<meta property=\"og:url\" content=\"https:\/\/www.printweb.de\/digitaldruck\/it-management-belagert-news-blog\/1401\/\" \/>\n<meta property=\"og:site_name\" content=\"Was Print bewirken kann.\" \/>\n<meta property=\"article:publisher\" content=\"https:\/\/www.facebook.com\/printweb.de\/\" \/>\n<meta property=\"article:published_time\" content=\"2009-03-12T18:10:04+00:00\" \/>\n<meta property=\"article:modified_time\" content=\"2016-03-04T10:54:33+00:00\" \/>\n<meta property=\"og:image\" content=\"https:\/\/www.printweb.de\/digitaldruck\/wp-content\/uploads\/2015\/07\/col_blog_ph.jpg\" \/>\n\t<meta property=\"og:image:width\" content=\"683\" \/>\n\t<meta property=\"og:image:height\" content=\"437\" \/>\n\t<meta property=\"og:image:type\" content=\"image\/jpeg\" \/>\n<meta name=\"author\" content=\"Jens Stork\" \/>\n<meta name=\"twitter:card\" content=\"summary_large_image\" \/>\n<meta name=\"twitter:creator\" content=\"@digitaldruck\" \/>\n<meta name=\"twitter:site\" content=\"@digitaldruck\" \/>\n<meta name=\"twitter:label1\" content=\"Verfasst von\" \/>\n\t<meta name=\"twitter:data1\" content=\"Jens Stork\" \/>\n\t<meta name=\"twitter:label2\" content=\"Gesch\u00e4tzte Lesezeit\" \/>\n\t<meta name=\"twitter:data2\" content=\"1 Minute\" \/>\n<script type=\"application\/ld+json\" class=\"yoast-schema-graph\">{\"@context\":\"https:\/\/schema.org\",\"@graph\":[{\"@type\":\"Article\",\"@id\":\"https:\/\/www.printweb.de\/digitaldruck\/it-management-belagert-news-blog\/1401\/#article\",\"isPartOf\":{\"@id\":\"https:\/\/www.printweb.de\/digitaldruck\/it-management-belagert-news-blog\/1401\/\"},\"author\":{\"name\":\"Jens Stork\",\"@id\":\"https:\/\/www.printweb.de\/digitaldruck\/#\/schema\/person\/8e47d8a2ff59b054d67f716c898e7792\"},\"headline\":\"IT-Management \u201ebelagert\u201c News-Blog\",\"datePublished\":\"2009-03-12T18:10:04+00:00\",\"dateModified\":\"2016-03-04T10:54:33+00:00\",\"mainEntityOfPage\":{\"@id\":\"https:\/\/www.printweb.de\/digitaldruck\/it-management-belagert-news-blog\/1401\/\"},\"wordCount\":295,\"commentCount\":0,\"publisher\":{\"@id\":\"https:\/\/www.printweb.de\/digitaldruck\/#organization\"},\"image\":{\"@id\":\"https:\/\/www.printweb.de\/digitaldruck\/it-management-belagert-news-blog\/1401\/#primaryimage\"},\"thumbnailUrl\":\"https:\/\/www.printweb.de\/digitaldruck\/wp-content\/uploads\/2015\/07\/col_blog_ph.jpg\",\"articleSection\":[\"Digitaldruck+Veredlung\"],\"inLanguage\":\"de-DE\",\"potentialAction\":[{\"@type\":\"CommentAction\",\"name\":\"Comment\",\"target\":[\"https:\/\/www.printweb.de\/digitaldruck\/it-management-belagert-news-blog\/1401\/#respond\"]}]},{\"@type\":\"WebPage\",\"@id\":\"https:\/\/www.printweb.de\/digitaldruck\/it-management-belagert-news-blog\/1401\/\",\"url\":\"https:\/\/www.printweb.de\/digitaldruck\/it-management-belagert-news-blog\/1401\/\",\"name\":\"IT-Management \u201ebelagert\u201c News-Blog | Was Print bewirken kann.\",\"isPartOf\":{\"@id\":\"https:\/\/www.printweb.de\/digitaldruck\/#website\"},\"primaryImageOfPage\":{\"@id\":\"https:\/\/www.printweb.de\/digitaldruck\/it-management-belagert-news-blog\/1401\/#primaryimage\"},\"image\":{\"@id\":\"https:\/\/www.printweb.de\/digitaldruck\/it-management-belagert-news-blog\/1401\/#primaryimage\"},\"thumbnailUrl\":\"https:\/\/www.printweb.de\/digitaldruck\/wp-content\/uploads\/2015\/07\/col_blog_ph.jpg\",\"datePublished\":\"2009-03-12T18:10:04+00:00\",\"dateModified\":\"2016-03-04T10:54:33+00:00\",\"inLanguage\":\"de-DE\",\"potentialAction\":[{\"@type\":\"ReadAction\",\"target\":[\"https:\/\/www.printweb.de\/digitaldruck\/it-management-belagert-news-blog\/1401\/\"]}]},{\"@type\":\"ImageObject\",\"inLanguage\":\"de-DE\",\"@id\":\"https:\/\/www.printweb.de\/digitaldruck\/it-management-belagert-news-blog\/1401\/#primaryimage\",\"url\":\"https:\/\/www.printweb.de\/digitaldruck\/wp-content\/uploads\/2015\/07\/col_blog_ph.jpg\",\"contentUrl\":\"https:\/\/www.printweb.de\/digitaldruck\/wp-content\/uploads\/2015\/07\/col_blog_ph.jpg\",\"width\":683,\"height\":437},{\"@type\":\"WebSite\",\"@id\":\"https:\/\/www.printweb.de\/digitaldruck\/#website\",\"url\":\"https:\/\/www.printweb.de\/digitaldruck\/\",\"name\":\"Was Print bewirken kann.\",\"description\":\"Was Print bewirken kann \u2013 1700 Ideen.\",\"publisher\":{\"@id\":\"https:\/\/www.printweb.de\/digitaldruck\/#organization\"},\"potentialAction\":[{\"@type\":\"SearchAction\",\"target\":{\"@type\":\"EntryPoint\",\"urlTemplate\":\"https:\/\/www.printweb.de\/digitaldruck\/?s={search_term_string}\"},\"query-input\":\"required name=search_term_string\"}],\"inLanguage\":\"de-DE\"},{\"@type\":\"Organization\",\"@id\":\"https:\/\/www.printweb.de\/digitaldruck\/#organization\",\"name\":\"Colour Connection GmbH, printweb.de, Frankfurt am Main\",\"url\":\"https:\/\/www.printweb.de\/digitaldruck\/\",\"logo\":{\"@type\":\"ImageObject\",\"inLanguage\":\"de-DE\",\"@id\":\"https:\/\/www.printweb.de\/digitaldruck\/#\/schema\/logo\/image\/\",\"url\":\"https:\/\/www.printweb.de\/digitaldruck\/wp-content\/uploads\/2019\/11\/colour-connectio-printweb-logo.jpg\",\"contentUrl\":\"https:\/\/www.printweb.de\/digitaldruck\/wp-content\/uploads\/2019\/11\/colour-connectio-printweb-logo.jpg\",\"width\":1014,\"height\":229,\"caption\":\"Colour Connection GmbH, printweb.de, Frankfurt am Main\"},\"image\":{\"@id\":\"https:\/\/www.printweb.de\/digitaldruck\/#\/schema\/logo\/image\/\"},\"sameAs\":[\"https:\/\/www.facebook.com\/printweb.de\/\",\"https:\/\/x.com\/digitaldruck\",\"https:\/\/www.instagram.com\/printweb.de\/\",\"https:\/\/www.youtube.com\/user\/Digitaldruckerei\"]},{\"@type\":\"Person\",\"@id\":\"https:\/\/www.printweb.de\/digitaldruck\/#\/schema\/person\/8e47d8a2ff59b054d67f716c898e7792\",\"name\":\"Jens Stork\",\"image\":{\"@type\":\"ImageObject\",\"inLanguage\":\"de-DE\",\"@id\":\"https:\/\/www.printweb.de\/digitaldruck\/#\/schema\/person\/image\/\",\"url\":\"https:\/\/secure.gravatar.com\/avatar\/7f3915720ac956d8cfcfa3d40a12a08d?s=96&d=blank&r=g\",\"contentUrl\":\"https:\/\/secure.gravatar.com\/avatar\/7f3915720ac956d8cfcfa3d40a12a08d?s=96&d=blank&r=g\",\"caption\":\"Jens Stork\"},\"sameAs\":[\"https:\/\/www.printweb.de\"],\"url\":\"https:\/\/www.printweb.de\/digitaldruck\/author\/admin\/\"}]}<\/script>\n<!-- \/ Yoast SEO plugin. -->","yoast_head_json":{"title":"IT-Management \u201ebelagert\u201c News-Blog | Was Print bewirken kann.","robots":{"index":"index","follow":"follow","max-snippet":"max-snippet:-1","max-image-preview":"max-image-preview:large","max-video-preview":"max-video-preview:-1"},"canonical":"https:\/\/www.printweb.de\/digitaldruck\/it-management-belagert-news-blog\/1401\/","og_locale":"de_DE","og_type":"article","og_title":"IT-Management \u201ebelagert\u201c News-Blog | Was Print bewirken kann.","og_description":"Hallo! \ud83d\ude42 &#8230; erlauben Sie mich kurz vorzustellen? Mein Name ist Jens Stork und ich bin im Hause ... mehr","og_url":"https:\/\/www.printweb.de\/digitaldruck\/it-management-belagert-news-blog\/1401\/","og_site_name":"Was Print bewirken kann.","article_publisher":"https:\/\/www.facebook.com\/printweb.de\/","article_published_time":"2009-03-12T18:10:04+00:00","article_modified_time":"2016-03-04T10:54:33+00:00","og_image":[{"width":683,"height":437,"url":"https:\/\/www.printweb.de\/digitaldruck\/wp-content\/uploads\/2015\/07\/col_blog_ph.jpg","type":"image\/jpeg"}],"author":"Jens Stork","twitter_card":"summary_large_image","twitter_creator":"@digitaldruck","twitter_site":"@digitaldruck","twitter_misc":{"Verfasst von":"Jens Stork","Gesch\u00e4tzte Lesezeit":"1 Minute"},"schema":{"@context":"https:\/\/schema.org","@graph":[{"@type":"Article","@id":"https:\/\/www.printweb.de\/digitaldruck\/it-management-belagert-news-blog\/1401\/#article","isPartOf":{"@id":"https:\/\/www.printweb.de\/digitaldruck\/it-management-belagert-news-blog\/1401\/"},"author":{"name":"Jens Stork","@id":"https:\/\/www.printweb.de\/digitaldruck\/#\/schema\/person\/8e47d8a2ff59b054d67f716c898e7792"},"headline":"IT-Management \u201ebelagert\u201c News-Blog","datePublished":"2009-03-12T18:10:04+00:00","dateModified":"2016-03-04T10:54:33+00:00","mainEntityOfPage":{"@id":"https:\/\/www.printweb.de\/digitaldruck\/it-management-belagert-news-blog\/1401\/"},"wordCount":295,"commentCount":0,"publisher":{"@id":"https:\/\/www.printweb.de\/digitaldruck\/#organization"},"image":{"@id":"https:\/\/www.printweb.de\/digitaldruck\/it-management-belagert-news-blog\/1401\/#primaryimage"},"thumbnailUrl":"https:\/\/www.printweb.de\/digitaldruck\/wp-content\/uploads\/2015\/07\/col_blog_ph.jpg","articleSection":["Digitaldruck+Veredlung"],"inLanguage":"de-DE","potentialAction":[{"@type":"CommentAction","name":"Comment","target":["https:\/\/www.printweb.de\/digitaldruck\/it-management-belagert-news-blog\/1401\/#respond"]}]},{"@type":"WebPage","@id":"https:\/\/www.printweb.de\/digitaldruck\/it-management-belagert-news-blog\/1401\/","url":"https:\/\/www.printweb.de\/digitaldruck\/it-management-belagert-news-blog\/1401\/","name":"IT-Management \u201ebelagert\u201c News-Blog | Was Print bewirken kann.","isPartOf":{"@id":"https:\/\/www.printweb.de\/digitaldruck\/#website"},"primaryImageOfPage":{"@id":"https:\/\/www.printweb.de\/digitaldruck\/it-management-belagert-news-blog\/1401\/#primaryimage"},"image":{"@id":"https:\/\/www.printweb.de\/digitaldruck\/it-management-belagert-news-blog\/1401\/#primaryimage"},"thumbnailUrl":"https:\/\/www.printweb.de\/digitaldruck\/wp-content\/uploads\/2015\/07\/col_blog_ph.jpg","datePublished":"2009-03-12T18:10:04+00:00","dateModified":"2016-03-04T10:54:33+00:00","inLanguage":"de-DE","potentialAction":[{"@type":"ReadAction","target":["https:\/\/www.printweb.de\/digitaldruck\/it-management-belagert-news-blog\/1401\/"]}]},{"@type":"ImageObject","inLanguage":"de-DE","@id":"https:\/\/www.printweb.de\/digitaldruck\/it-management-belagert-news-blog\/1401\/#primaryimage","url":"https:\/\/www.printweb.de\/digitaldruck\/wp-content\/uploads\/2015\/07\/col_blog_ph.jpg","contentUrl":"https:\/\/www.printweb.de\/digitaldruck\/wp-content\/uploads\/2015\/07\/col_blog_ph.jpg","width":683,"height":437},{"@type":"WebSite","@id":"https:\/\/www.printweb.de\/digitaldruck\/#website","url":"https:\/\/www.printweb.de\/digitaldruck\/","name":"Was Print bewirken kann.","description":"Was Print bewirken kann \u2013 1700 Ideen.","publisher":{"@id":"https:\/\/www.printweb.de\/digitaldruck\/#organization"},"potentialAction":[{"@type":"SearchAction","target":{"@type":"EntryPoint","urlTemplate":"https:\/\/www.printweb.de\/digitaldruck\/?s={search_term_string}"},"query-input":"required name=search_term_string"}],"inLanguage":"de-DE"},{"@type":"Organization","@id":"https:\/\/www.printweb.de\/digitaldruck\/#organization","name":"Colour Connection GmbH, printweb.de, Frankfurt am Main","url":"https:\/\/www.printweb.de\/digitaldruck\/","logo":{"@type":"ImageObject","inLanguage":"de-DE","@id":"https:\/\/www.printweb.de\/digitaldruck\/#\/schema\/logo\/image\/","url":"https:\/\/www.printweb.de\/digitaldruck\/wp-content\/uploads\/2019\/11\/colour-connectio-printweb-logo.jpg","contentUrl":"https:\/\/www.printweb.de\/digitaldruck\/wp-content\/uploads\/2019\/11\/colour-connectio-printweb-logo.jpg","width":1014,"height":229,"caption":"Colour Connection GmbH, printweb.de, Frankfurt am Main"},"image":{"@id":"https:\/\/www.printweb.de\/digitaldruck\/#\/schema\/logo\/image\/"},"sameAs":["https:\/\/www.facebook.com\/printweb.de\/","https:\/\/x.com\/digitaldruck","https:\/\/www.instagram.com\/printweb.de\/","https:\/\/www.youtube.com\/user\/Digitaldruckerei"]},{"@type":"Person","@id":"https:\/\/www.printweb.de\/digitaldruck\/#\/schema\/person\/8e47d8a2ff59b054d67f716c898e7792","name":"Jens Stork","image":{"@type":"ImageObject","inLanguage":"de-DE","@id":"https:\/\/www.printweb.de\/digitaldruck\/#\/schema\/person\/image\/","url":"https:\/\/secure.gravatar.com\/avatar\/7f3915720ac956d8cfcfa3d40a12a08d?s=96&d=blank&r=g","contentUrl":"https:\/\/secure.gravatar.com\/avatar\/7f3915720ac956d8cfcfa3d40a12a08d?s=96&d=blank&r=g","caption":"Jens Stork"},"sameAs":["https:\/\/www.printweb.de"],"url":"https:\/\/www.printweb.de\/digitaldruck\/author\/admin\/"}]}},"_links":{"self":[{"href":"https:\/\/www.printweb.de\/digitaldruck\/wp-json\/wp\/v2\/posts\/1401"}],"collection":[{"href":"https:\/\/www.printweb.de\/digitaldruck\/wp-json\/wp\/v2\/posts"}],"about":[{"href":"https:\/\/www.printweb.de\/digitaldruck\/wp-json\/wp\/v2\/types\/post"}],"author":[{"embeddable":true,"href":"https:\/\/www.printweb.de\/digitaldruck\/wp-json\/wp\/v2\/users\/1"}],"replies":[{"embeddable":true,"href":"https:\/\/www.printweb.de\/digitaldruck\/wp-json\/wp\/v2\/comments?post=1401"}],"version-history":[{"count":55,"href":"https:\/\/www.printweb.de\/digitaldruck\/wp-json\/wp\/v2\/posts\/1401\/revisions"}],"predecessor-version":[{"id":12574,"href":"https:\/\/www.printweb.de\/digitaldruck\/wp-json\/wp\/v2\/posts\/1401\/revisions\/12574"}],"wp:featuredmedia":[{"embeddable":true,"href":"https:\/\/www.printweb.de\/digitaldruck\/wp-json\/wp\/v2\/media\/11574"}],"wp:attachment":[{"href":"https:\/\/www.printweb.de\/digitaldruck\/wp-json\/wp\/v2\/media?parent=1401"}],"wp:term":[{"taxonomy":"category","embeddable":true,"href":"https:\/\/www.printweb.de\/digitaldruck\/wp-json\/wp\/v2\/categories?post=1401"},{"taxonomy":"post_tag","embeddable":true,"href":"https:\/\/www.printweb.de\/digitaldruck\/wp-json\/wp\/v2\/tags?post=1401"}],"curies":[{"name":"wp","href":"https:\/\/api.w.org\/{rel}","templated":true}]}}