{"id":14070,"date":"2017-11-22T09:34:24","date_gmt":"2017-11-22T08:34:24","guid":{"rendered":"https:\/\/www.printweb.de\/digitaldruck\/?p=14070"},"modified":"2018-03-06T10:03:15","modified_gmt":"2018-03-06T09:03:15","slug":"mehr-umsatz-ist-planbar-mattschwarz-mit-partiellem-uv-lack-im-langen-format","status":"publish","type":"post","link":"https:\/\/www.printweb.de\/digitaldruck\/mehr-umsatz-ist-planbar-mattschwarz-mit-partiellem-uv-lack-im-langen-format\/14070\/","title":{"rendered":"Mehr Umsatz ist planbar: Mattschwarz mit <br \/>partiellem UV-Lack im langen Format"},"content":{"rendered":"<p>Diese Veredlung ist richtig gut geeignet, wenn Ihre Auflage nicht ganz so niedrig ist. So ab 300 Exemplaren macht das Spa\u00df. Der Folder im eleganten Panorama-Format von 840 mm x 297 mm bekommt eine matte Cellophanierung (kratzfest nat\u00fcrlich) und auf der Titelseite zus\u00e4tzlich einen partiellen UV-Lack im klassischen Siebdruck. Sieht sensationell gut aus und kostet bei der 300er Auflage ca. EUR 2,70 je St\u00fcck (Zzgl. MwSt und Versand).<\/p>\n<p>Solche Folder fertigen wir im Wunschformat und Wunschmaterial, pr\u00e4zise f\u00fcr Ihr Projekt. Auch mit Zusatzausstattungen, wie z. B. Abheft\u00f6sen, Visitenkartentaschen oder auch Formstanzungen.<\/p>\n<p>Sehen Sie die Kosten f\u00fcr Ihre Marketingmaterialien doch mal als Investition und nicht als Ausgaben. Wenn Ihr schicker Folder ein Produkt oder eine Dienstleistung f\u00fcr nur EUR 1.000 verkauft und Sie haben statt 2% mit der tollen Optik 3% Response, sind das bei 300 Aussendungen EUR 3.000 mehr Umsatz. Und die Mehrkosten gegen\u00fcber der Billigausf\u00fchrung des Folders betragen EUR 300,00. Macht doch Sinn &#8211; oder?<\/p>\n<p><a href=\"https:\/\/www.printweb.de\/digitaldruck\/wp-content\/uploads\/2017\/11\/772-folder_lack_a4-5461-1.jpg\"><img decoding=\"async\" width=\"765\" height=\"592\" class=\"aligncenter size-thumbnail wp-image-14071\" src=\"https:\/\/www.printweb.de\/digitaldruck\/wp-content\/uploads\/2017\/11\/772-folder_lack_a4-5461-1-765x592.jpg\" alt=\"772-folder_lack_a4-5461-1\" srcset=\"https:\/\/www.printweb.de\/digitaldruck\/wp-content\/uploads\/2017\/11\/772-folder_lack_a4-5461-1-765x592.jpg 765w, https:\/\/www.printweb.de\/digitaldruck\/wp-content\/uploads\/2017\/11\/772-folder_lack_a4-5461-1-768x594.jpg 768w, https:\/\/www.printweb.de\/digitaldruck\/wp-content\/uploads\/2017\/11\/772-folder_lack_a4-5461-1-633x490.jpg 633w\" sizes=\"(max-width: 765px) 100vw, 765px\" \/><\/a><\/p>\n<p><a href=\"https:\/\/www.printweb.de\/digitaldruck\/wp-content\/uploads\/2017\/11\/772-folder_lack_a4-5463-1.jpg\"><img decoding=\"async\" width=\"765\" height=\"435\" class=\"aligncenter size-thumbnail wp-image-14072\" src=\"https:\/\/www.printweb.de\/digitaldruck\/wp-content\/uploads\/2017\/11\/772-folder_lack_a4-5463-1-765x435.jpg\" alt=\"772-folder_lack_a4-5463-1\" srcset=\"https:\/\/www.printweb.de\/digitaldruck\/wp-content\/uploads\/2017\/11\/772-folder_lack_a4-5463-1-765x435.jpg 765w, https:\/\/www.printweb.de\/digitaldruck\/wp-content\/uploads\/2017\/11\/772-folder_lack_a4-5463-1-768x436.jpg 768w\" sizes=\"(max-width: 765px) 100vw, 765px\" \/><\/a><\/p>\n<p><em>Preisbeispiel: Folder im Altarfalz A4 hoch, offen 836 x 297 mm, 8 Seiten, 4\/4-farbig, auf 350g Bilderdruck matt, Mattcellophanierung beidseitig, partieller UV-Glanzlack einseitig. Bei 100\/300 Exemplaren EUR 6,26\/3,73 je St\u00fcck zzgl. MwSt. und Versand.<\/em><\/p>\n\n","protected":false},"excerpt":{"rendered":"Diese Veredlung ist richtig gut geeignet, wenn Ihre Auflage nicht ganz so niedrig ist. So ab 300 Exemplaren &#8230; <br><br><a class=\"readmore\" href=\"https:\/\/www.printweb.de\/digitaldruck\/mehr-umsatz-ist-planbar-mattschwarz-mit-partiellem-uv-lack-im-langen-format\/14070\/\">mehr<\/a>","protected":false},"author":2,"featured_media":14071,"comment_status":"open","ping_status":"open","sticky":false,"template":"","format":"standard","meta":{"_acf_changed":false,"footnotes":""},"categories":[1,31,55,63],"tags":[],"class_list":["post-14070","post","type-post","status-publish","format-standard","has-post-thumbnail","hentry","category-alle-beitraege","category-weiterverarbeitung","category-digitaler-lack","category-feature"],"acf":[],"yoast_head":"<!-- This site is optimized with the Yoast SEO plugin v23.1 - https:\/\/yoast.com\/wordpress\/plugins\/seo\/ -->\n<title>Mehr Umsatz ist planbar: Mattschwarz mit partiellem UV-Lack im langen Format | Was Print bewirken kann.<\/title>\n<meta name=\"robots\" content=\"index, follow, max-snippet:-1, max-image-preview:large, max-video-preview:-1\" \/>\n<link rel=\"canonical\" href=\"https:\/\/www.printweb.de\/digitaldruck\/mehr-umsatz-ist-planbar-mattschwarz-mit-partiellem-uv-lack-im-langen-format\/14070\/\" \/>\n<meta property=\"og:locale\" content=\"de_DE\" \/>\n<meta property=\"og:type\" content=\"article\" \/>\n<meta property=\"og:title\" content=\"Mehr Umsatz ist planbar: Mattschwarz mit partiellem UV-Lack im langen Format | Was Print bewirken kann.\" \/>\n<meta property=\"og:description\" content=\"Diese Veredlung ist richtig gut geeignet, wenn Ihre Auflage nicht ganz so niedrig ist. So ab 300 Exemplaren ... mehr\" \/>\n<meta property=\"og:url\" content=\"https:\/\/www.printweb.de\/digitaldruck\/mehr-umsatz-ist-planbar-mattschwarz-mit-partiellem-uv-lack-im-langen-format\/14070\/\" \/>\n<meta property=\"og:site_name\" content=\"Was Print bewirken kann.\" \/>\n<meta property=\"article:publisher\" content=\"https:\/\/www.facebook.com\/printweb.de\/\" \/>\n<meta property=\"article:published_time\" content=\"2017-11-22T08:34:24+00:00\" \/>\n<meta property=\"article:modified_time\" content=\"2018-03-06T09:03:15+00:00\" \/>\n<meta property=\"og:image\" content=\"https:\/\/www.printweb.de\/digitaldruck\/wp-content\/uploads\/2017\/11\/772-folder_lack_a4-5461-1-765x490.jpg\" \/>\n\t<meta property=\"og:image:width\" content=\"765\" \/>\n\t<meta property=\"og:image:height\" content=\"490\" \/>\n\t<meta property=\"og:image:type\" content=\"image\/jpeg\" \/>\n<meta name=\"author\" content=\"Ralph Hadem\" \/>\n<meta name=\"twitter:card\" content=\"summary_large_image\" \/>\n<meta name=\"twitter:creator\" content=\"@digitaldruck\" \/>\n<meta name=\"twitter:site\" content=\"@digitaldruck\" \/>\n<meta name=\"twitter:label1\" content=\"Verfasst von\" \/>\n\t<meta name=\"twitter:data1\" content=\"Ralph Hadem\" \/>\n\t<meta name=\"twitter:label2\" content=\"Gesch\u00e4tzte Lesezeit\" \/>\n\t<meta name=\"twitter:data2\" content=\"1 Minute\" \/>\n<script type=\"application\/ld+json\" class=\"yoast-schema-graph\">{\"@context\":\"https:\/\/schema.org\",\"@graph\":[{\"@type\":\"Article\",\"@id\":\"https:\/\/www.printweb.de\/digitaldruck\/mehr-umsatz-ist-planbar-mattschwarz-mit-partiellem-uv-lack-im-langen-format\/14070\/#article\",\"isPartOf\":{\"@id\":\"https:\/\/www.printweb.de\/digitaldruck\/mehr-umsatz-ist-planbar-mattschwarz-mit-partiellem-uv-lack-im-langen-format\/14070\/\"},\"author\":{\"name\":\"Ralph Hadem\",\"@id\":\"https:\/\/www.printweb.de\/digitaldruck\/#\/schema\/person\/0e0308818185589fb8602180e9273195\"},\"headline\":\"Mehr Umsatz ist planbar: Mattschwarz mit partiellem UV-Lack im langen Format\",\"datePublished\":\"2017-11-22T08:34:24+00:00\",\"dateModified\":\"2018-03-06T09:03:15+00:00\",\"mainEntityOfPage\":{\"@id\":\"https:\/\/www.printweb.de\/digitaldruck\/mehr-umsatz-ist-planbar-mattschwarz-mit-partiellem-uv-lack-im-langen-format\/14070\/\"},\"wordCount\":205,\"commentCount\":0,\"publisher\":{\"@id\":\"https:\/\/www.printweb.de\/digitaldruck\/#organization\"},\"image\":{\"@id\":\"https:\/\/www.printweb.de\/digitaldruck\/mehr-umsatz-ist-planbar-mattschwarz-mit-partiellem-uv-lack-im-langen-format\/14070\/#primaryimage\"},\"thumbnailUrl\":\"https:\/\/www.printweb.de\/digitaldruck\/wp-content\/uploads\/2017\/11\/772-folder_lack_a4-5461-1.jpg\",\"articleSection\":[\"Digitaldruck+Veredlung\",\"Weiterverarbeitung\",\"Digitaler Lack\",\"Feature\"],\"inLanguage\":\"de-DE\",\"potentialAction\":[{\"@type\":\"CommentAction\",\"name\":\"Comment\",\"target\":[\"https:\/\/www.printweb.de\/digitaldruck\/mehr-umsatz-ist-planbar-mattschwarz-mit-partiellem-uv-lack-im-langen-format\/14070\/#respond\"]}]},{\"@type\":\"WebPage\",\"@id\":\"https:\/\/www.printweb.de\/digitaldruck\/mehr-umsatz-ist-planbar-mattschwarz-mit-partiellem-uv-lack-im-langen-format\/14070\/\",\"url\":\"https:\/\/www.printweb.de\/digitaldruck\/mehr-umsatz-ist-planbar-mattschwarz-mit-partiellem-uv-lack-im-langen-format\/14070\/\",\"name\":\"Mehr Umsatz ist planbar: Mattschwarz mit partiellem UV-Lack im langen Format | Was Print bewirken kann.\",\"isPartOf\":{\"@id\":\"https:\/\/www.printweb.de\/digitaldruck\/#website\"},\"primaryImageOfPage\":{\"@id\":\"https:\/\/www.printweb.de\/digitaldruck\/mehr-umsatz-ist-planbar-mattschwarz-mit-partiellem-uv-lack-im-langen-format\/14070\/#primaryimage\"},\"image\":{\"@id\":\"https:\/\/www.printweb.de\/digitaldruck\/mehr-umsatz-ist-planbar-mattschwarz-mit-partiellem-uv-lack-im-langen-format\/14070\/#primaryimage\"},\"thumbnailUrl\":\"https:\/\/www.printweb.de\/digitaldruck\/wp-content\/uploads\/2017\/11\/772-folder_lack_a4-5461-1.jpg\",\"datePublished\":\"2017-11-22T08:34:24+00:00\",\"dateModified\":\"2018-03-06T09:03:15+00:00\",\"inLanguage\":\"de-DE\",\"potentialAction\":[{\"@type\":\"ReadAction\",\"target\":[\"https:\/\/www.printweb.de\/digitaldruck\/mehr-umsatz-ist-planbar-mattschwarz-mit-partiellem-uv-lack-im-langen-format\/14070\/\"]}]},{\"@type\":\"ImageObject\",\"inLanguage\":\"de-DE\",\"@id\":\"https:\/\/www.printweb.de\/digitaldruck\/mehr-umsatz-ist-planbar-mattschwarz-mit-partiellem-uv-lack-im-langen-format\/14070\/#primaryimage\",\"url\":\"https:\/\/www.printweb.de\/digitaldruck\/wp-content\/uploads\/2017\/11\/772-folder_lack_a4-5461-1.jpg\",\"contentUrl\":\"https:\/\/www.printweb.de\/digitaldruck\/wp-content\/uploads\/2017\/11\/772-folder_lack_a4-5461-1.jpg\",\"width\":2362,\"height\":1828},{\"@type\":\"WebSite\",\"@id\":\"https:\/\/www.printweb.de\/digitaldruck\/#website\",\"url\":\"https:\/\/www.printweb.de\/digitaldruck\/\",\"name\":\"Was Print bewirken kann.\",\"description\":\"Was Print bewirken kann \u2013 1700 Ideen.\",\"publisher\":{\"@id\":\"https:\/\/www.printweb.de\/digitaldruck\/#organization\"},\"potentialAction\":[{\"@type\":\"SearchAction\",\"target\":{\"@type\":\"EntryPoint\",\"urlTemplate\":\"https:\/\/www.printweb.de\/digitaldruck\/?s={search_term_string}\"},\"query-input\":\"required name=search_term_string\"}],\"inLanguage\":\"de-DE\"},{\"@type\":\"Organization\",\"@id\":\"https:\/\/www.printweb.de\/digitaldruck\/#organization\",\"name\":\"Colour Connection GmbH, printweb.de, Frankfurt am Main\",\"url\":\"https:\/\/www.printweb.de\/digitaldruck\/\",\"logo\":{\"@type\":\"ImageObject\",\"inLanguage\":\"de-DE\",\"@id\":\"https:\/\/www.printweb.de\/digitaldruck\/#\/schema\/logo\/image\/\",\"url\":\"https:\/\/www.printweb.de\/digitaldruck\/wp-content\/uploads\/2019\/11\/colour-connectio-printweb-logo.jpg\",\"contentUrl\":\"https:\/\/www.printweb.de\/digitaldruck\/wp-content\/uploads\/2019\/11\/colour-connectio-printweb-logo.jpg\",\"width\":1014,\"height\":229,\"caption\":\"Colour Connection GmbH, printweb.de, Frankfurt am Main\"},\"image\":{\"@id\":\"https:\/\/www.printweb.de\/digitaldruck\/#\/schema\/logo\/image\/\"},\"sameAs\":[\"https:\/\/www.facebook.com\/printweb.de\/\",\"https:\/\/x.com\/digitaldruck\",\"https:\/\/www.instagram.com\/printweb.de\/\",\"https:\/\/www.youtube.com\/user\/Digitaldruckerei\"]},{\"@type\":\"Person\",\"@id\":\"https:\/\/www.printweb.de\/digitaldruck\/#\/schema\/person\/0e0308818185589fb8602180e9273195\",\"name\":\"Ralph Hadem\",\"image\":{\"@type\":\"ImageObject\",\"inLanguage\":\"de-DE\",\"@id\":\"https:\/\/www.printweb.de\/digitaldruck\/#\/schema\/person\/image\/\",\"url\":\"https:\/\/secure.gravatar.com\/avatar\/386b1b183dce310c5ac8a8f475fdecd8?s=96&d=blank&r=g\",\"contentUrl\":\"https:\/\/secure.gravatar.com\/avatar\/386b1b183dce310c5ac8a8f475fdecd8?s=96&d=blank&r=g\",\"caption\":\"Ralph Hadem\"},\"sameAs\":[\"https:\/\/www.printweb.de\"],\"url\":\"https:\/\/www.printweb.de\/digitaldruck\/author\/ralphhadem\/\"}]}<\/script>\n<!-- \/ Yoast SEO plugin. -->","yoast_head_json":{"title":"Mehr Umsatz ist planbar: Mattschwarz mit partiellem UV-Lack im langen Format | Was Print bewirken kann.","robots":{"index":"index","follow":"follow","max-snippet":"max-snippet:-1","max-image-preview":"max-image-preview:large","max-video-preview":"max-video-preview:-1"},"canonical":"https:\/\/www.printweb.de\/digitaldruck\/mehr-umsatz-ist-planbar-mattschwarz-mit-partiellem-uv-lack-im-langen-format\/14070\/","og_locale":"de_DE","og_type":"article","og_title":"Mehr Umsatz ist planbar: Mattschwarz mit partiellem UV-Lack im langen Format | Was Print bewirken kann.","og_description":"Diese Veredlung ist richtig gut geeignet, wenn Ihre Auflage nicht ganz so niedrig ist. So ab 300 Exemplaren ... mehr","og_url":"https:\/\/www.printweb.de\/digitaldruck\/mehr-umsatz-ist-planbar-mattschwarz-mit-partiellem-uv-lack-im-langen-format\/14070\/","og_site_name":"Was Print bewirken kann.","article_publisher":"https:\/\/www.facebook.com\/printweb.de\/","article_published_time":"2017-11-22T08:34:24+00:00","article_modified_time":"2018-03-06T09:03:15+00:00","og_image":[{"width":765,"height":490,"url":"https:\/\/www.printweb.de\/digitaldruck\/wp-content\/uploads\/2017\/11\/772-folder_lack_a4-5461-1-765x490.jpg","type":"image\/jpeg"}],"author":"Ralph Hadem","twitter_card":"summary_large_image","twitter_creator":"@digitaldruck","twitter_site":"@digitaldruck","twitter_misc":{"Verfasst von":"Ralph Hadem","Gesch\u00e4tzte Lesezeit":"1 Minute"},"schema":{"@context":"https:\/\/schema.org","@graph":[{"@type":"Article","@id":"https:\/\/www.printweb.de\/digitaldruck\/mehr-umsatz-ist-planbar-mattschwarz-mit-partiellem-uv-lack-im-langen-format\/14070\/#article","isPartOf":{"@id":"https:\/\/www.printweb.de\/digitaldruck\/mehr-umsatz-ist-planbar-mattschwarz-mit-partiellem-uv-lack-im-langen-format\/14070\/"},"author":{"name":"Ralph Hadem","@id":"https:\/\/www.printweb.de\/digitaldruck\/#\/schema\/person\/0e0308818185589fb8602180e9273195"},"headline":"Mehr Umsatz ist planbar: Mattschwarz mit partiellem UV-Lack im langen Format","datePublished":"2017-11-22T08:34:24+00:00","dateModified":"2018-03-06T09:03:15+00:00","mainEntityOfPage":{"@id":"https:\/\/www.printweb.de\/digitaldruck\/mehr-umsatz-ist-planbar-mattschwarz-mit-partiellem-uv-lack-im-langen-format\/14070\/"},"wordCount":205,"commentCount":0,"publisher":{"@id":"https:\/\/www.printweb.de\/digitaldruck\/#organization"},"image":{"@id":"https:\/\/www.printweb.de\/digitaldruck\/mehr-umsatz-ist-planbar-mattschwarz-mit-partiellem-uv-lack-im-langen-format\/14070\/#primaryimage"},"thumbnailUrl":"https:\/\/www.printweb.de\/digitaldruck\/wp-content\/uploads\/2017\/11\/772-folder_lack_a4-5461-1.jpg","articleSection":["Digitaldruck+Veredlung","Weiterverarbeitung","Digitaler Lack","Feature"],"inLanguage":"de-DE","potentialAction":[{"@type":"CommentAction","name":"Comment","target":["https:\/\/www.printweb.de\/digitaldruck\/mehr-umsatz-ist-planbar-mattschwarz-mit-partiellem-uv-lack-im-langen-format\/14070\/#respond"]}]},{"@type":"WebPage","@id":"https:\/\/www.printweb.de\/digitaldruck\/mehr-umsatz-ist-planbar-mattschwarz-mit-partiellem-uv-lack-im-langen-format\/14070\/","url":"https:\/\/www.printweb.de\/digitaldruck\/mehr-umsatz-ist-planbar-mattschwarz-mit-partiellem-uv-lack-im-langen-format\/14070\/","name":"Mehr Umsatz ist planbar: Mattschwarz mit partiellem UV-Lack im langen Format | Was Print bewirken kann.","isPartOf":{"@id":"https:\/\/www.printweb.de\/digitaldruck\/#website"},"primaryImageOfPage":{"@id":"https:\/\/www.printweb.de\/digitaldruck\/mehr-umsatz-ist-planbar-mattschwarz-mit-partiellem-uv-lack-im-langen-format\/14070\/#primaryimage"},"image":{"@id":"https:\/\/www.printweb.de\/digitaldruck\/mehr-umsatz-ist-planbar-mattschwarz-mit-partiellem-uv-lack-im-langen-format\/14070\/#primaryimage"},"thumbnailUrl":"https:\/\/www.printweb.de\/digitaldruck\/wp-content\/uploads\/2017\/11\/772-folder_lack_a4-5461-1.jpg","datePublished":"2017-11-22T08:34:24+00:00","dateModified":"2018-03-06T09:03:15+00:00","inLanguage":"de-DE","potentialAction":[{"@type":"ReadAction","target":["https:\/\/www.printweb.de\/digitaldruck\/mehr-umsatz-ist-planbar-mattschwarz-mit-partiellem-uv-lack-im-langen-format\/14070\/"]}]},{"@type":"ImageObject","inLanguage":"de-DE","@id":"https:\/\/www.printweb.de\/digitaldruck\/mehr-umsatz-ist-planbar-mattschwarz-mit-partiellem-uv-lack-im-langen-format\/14070\/#primaryimage","url":"https:\/\/www.printweb.de\/digitaldruck\/wp-content\/uploads\/2017\/11\/772-folder_lack_a4-5461-1.jpg","contentUrl":"https:\/\/www.printweb.de\/digitaldruck\/wp-content\/uploads\/2017\/11\/772-folder_lack_a4-5461-1.jpg","width":2362,"height":1828},{"@type":"WebSite","@id":"https:\/\/www.printweb.de\/digitaldruck\/#website","url":"https:\/\/www.printweb.de\/digitaldruck\/","name":"Was Print bewirken kann.","description":"Was Print bewirken kann \u2013 1700 Ideen.","publisher":{"@id":"https:\/\/www.printweb.de\/digitaldruck\/#organization"},"potentialAction":[{"@type":"SearchAction","target":{"@type":"EntryPoint","urlTemplate":"https:\/\/www.printweb.de\/digitaldruck\/?s={search_term_string}"},"query-input":"required name=search_term_string"}],"inLanguage":"de-DE"},{"@type":"Organization","@id":"https:\/\/www.printweb.de\/digitaldruck\/#organization","name":"Colour Connection GmbH, printweb.de, Frankfurt am Main","url":"https:\/\/www.printweb.de\/digitaldruck\/","logo":{"@type":"ImageObject","inLanguage":"de-DE","@id":"https:\/\/www.printweb.de\/digitaldruck\/#\/schema\/logo\/image\/","url":"https:\/\/www.printweb.de\/digitaldruck\/wp-content\/uploads\/2019\/11\/colour-connectio-printweb-logo.jpg","contentUrl":"https:\/\/www.printweb.de\/digitaldruck\/wp-content\/uploads\/2019\/11\/colour-connectio-printweb-logo.jpg","width":1014,"height":229,"caption":"Colour Connection GmbH, printweb.de, Frankfurt am Main"},"image":{"@id":"https:\/\/www.printweb.de\/digitaldruck\/#\/schema\/logo\/image\/"},"sameAs":["https:\/\/www.facebook.com\/printweb.de\/","https:\/\/x.com\/digitaldruck","https:\/\/www.instagram.com\/printweb.de\/","https:\/\/www.youtube.com\/user\/Digitaldruckerei"]},{"@type":"Person","@id":"https:\/\/www.printweb.de\/digitaldruck\/#\/schema\/person\/0e0308818185589fb8602180e9273195","name":"Ralph Hadem","image":{"@type":"ImageObject","inLanguage":"de-DE","@id":"https:\/\/www.printweb.de\/digitaldruck\/#\/schema\/person\/image\/","url":"https:\/\/secure.gravatar.com\/avatar\/386b1b183dce310c5ac8a8f475fdecd8?s=96&d=blank&r=g","contentUrl":"https:\/\/secure.gravatar.com\/avatar\/386b1b183dce310c5ac8a8f475fdecd8?s=96&d=blank&r=g","caption":"Ralph Hadem"},"sameAs":["https:\/\/www.printweb.de"],"url":"https:\/\/www.printweb.de\/digitaldruck\/author\/ralphhadem\/"}]}},"_links":{"self":[{"href":"https:\/\/www.printweb.de\/digitaldruck\/wp-json\/wp\/v2\/posts\/14070"}],"collection":[{"href":"https:\/\/www.printweb.de\/digitaldruck\/wp-json\/wp\/v2\/posts"}],"about":[{"href":"https:\/\/www.printweb.de\/digitaldruck\/wp-json\/wp\/v2\/types\/post"}],"author":[{"embeddable":true,"href":"https:\/\/www.printweb.de\/digitaldruck\/wp-json\/wp\/v2\/users\/2"}],"replies":[{"embeddable":true,"href":"https:\/\/www.printweb.de\/digitaldruck\/wp-json\/wp\/v2\/comments?post=14070"}],"version-history":[{"count":8,"href":"https:\/\/www.printweb.de\/digitaldruck\/wp-json\/wp\/v2\/posts\/14070\/revisions"}],"predecessor-version":[{"id":14373,"href":"https:\/\/www.printweb.de\/digitaldruck\/wp-json\/wp\/v2\/posts\/14070\/revisions\/14373"}],"wp:featuredmedia":[{"embeddable":true,"href":"https:\/\/www.printweb.de\/digitaldruck\/wp-json\/wp\/v2\/media\/14071"}],"wp:attachment":[{"href":"https:\/\/www.printweb.de\/digitaldruck\/wp-json\/wp\/v2\/media?parent=14070"}],"wp:term":[{"taxonomy":"category","embeddable":true,"href":"https:\/\/www.printweb.de\/digitaldruck\/wp-json\/wp\/v2\/categories?post=14070"},{"taxonomy":"post_tag","embeddable":true,"href":"https:\/\/www.printweb.de\/digitaldruck\/wp-json\/wp\/v2\/tags?post=14070"}],"curies":[{"name":"wp","href":"https:\/\/api.w.org\/{rel}","templated":true}]}}