{"id":14332,"date":"2018-02-20T13:22:04","date_gmt":"2018-02-20T12:22:04","guid":{"rendered":"https:\/\/www.printweb.de\/digitaldruck\/?p=14332"},"modified":"2020-07-07T15:56:58","modified_gmt":"2020-07-07T13:56:58","slug":"machs-mit-paul-stanzen-praegen-und-mit-heissfolie-veredeln","status":"publish","type":"post","link":"https:\/\/www.printweb.de\/digitaldruck\/machs-mit-paul-stanzen-praegen-und-mit-heissfolie-veredeln\/14332\/","title":{"rendered":"Mach&#8217;s mit Paul: <br \/>Stanzen, pr\u00e4gen und mit Hei\u00dffolie ..."},"content":{"rendered":"<p>Immer h\u00e4ufiger kommt Paul zum Einsatz, wenn unsere Kunden nicht so ganz kleine Mengen stanzen oder pr\u00e4gen m\u00f6chten. Auch Hei\u00dffolienveredlung in flach oder als Relief macht Paul sehr gerne und gut. Paul hat einige ziemlich coole Features eingebaut, die ihn in Europa wohl einmalig machen. Und das bedeutet f\u00fcr Sie: G\u00fcnstige Preise und schnelle Lieferzeiten. Mach&#8217;s mit Paul :-).<\/p>\n<p>Hier finden Sie <a href=\"https:\/\/www.printweb.de\/heissfolienpraegung.html\">zus\u00e4tzliche Informationen<\/a>. Oder ist Ihnen eine pers\u00f6nliche Beratung lieber? W\u00e4hlen Sie <a href=\"https:\/\/www.printweb.de\/persoenliche-ansprechpartner.html\">Ihre Fachberaterin oder Ihren Spezialisten aus unserem Team<\/a>.<\/p>\n<p><iframe loading=\"lazy\" title=\"Digitales Stanz- und Pr\u00e4gesystem: Macht Veredlungen g\u00fcnstig und schnell\" width=\"500\" height=\"281\" src=\"https:\/\/www.youtube.com\/embed\/7_Xq4MCDcg4?feature=oembed\" frameborder=\"0\" allow=\"accelerometer; autoplay; clipboard-write; encrypted-media; gyroscope; picture-in-picture; web-share\" referrerpolicy=\"strict-origin-when-cross-origin\" allowfullscreen><\/iframe><\/p>\n\n","protected":false},"excerpt":{"rendered":"Immer h\u00e4ufiger kommt Paul zum Einsatz, wenn unsere Kunden nicht so ganz kleine Mengen stanzen oder pr\u00e4gen m\u00f6chten. &#8230; <br><br><a class=\"readmore\" href=\"https:\/\/www.printweb.de\/digitaldruck\/machs-mit-paul-stanzen-praegen-und-mit-heissfolie-veredeln\/14332\/\">mehr<\/a>","protected":false},"author":2,"featured_media":14333,"comment_status":"open","ping_status":"open","sticky":false,"template":"","format":"standard","meta":{"_acf_changed":false,"footnotes":""},"categories":[1,31,70,67,63],"tags":[],"class_list":["post-14332","post","type-post","status-publish","format-standard","has-post-thumbnail","hentry","category-alle-beitraege","category-weiterverarbeitung","category-heissfolienveredlung","category-1to1-marketing","category-feature"],"acf":[],"yoast_head":"<!-- This site is optimized with the Yoast SEO plugin v23.1 - https:\/\/yoast.com\/wordpress\/plugins\/seo\/ -->\n<title>Mach&#039;s mit Paul: Stanzen, pr\u00e4gen und mit Hei\u00dffolie veredeln | Was Print bewirken kann.<\/title>\n<meta name=\"robots\" content=\"index, follow, max-snippet:-1, max-image-preview:large, max-video-preview:-1\" \/>\n<link rel=\"canonical\" href=\"https:\/\/www.printweb.de\/digitaldruck\/machs-mit-paul-stanzen-praegen-und-mit-heissfolie-veredeln\/14332\/\" \/>\n<meta property=\"og:locale\" content=\"de_DE\" \/>\n<meta property=\"og:type\" content=\"article\" \/>\n<meta property=\"og:title\" content=\"Mach&#039;s mit Paul: Stanzen, pr\u00e4gen und mit Hei\u00dffolie veredeln | Was Print bewirken kann.\" \/>\n<meta property=\"og:description\" content=\"Immer h\u00e4ufiger kommt Paul zum Einsatz, wenn unsere Kunden nicht so ganz kleine Mengen stanzen oder pr\u00e4gen m\u00f6chten. ... mehr\" \/>\n<meta property=\"og:url\" content=\"https:\/\/www.printweb.de\/digitaldruck\/machs-mit-paul-stanzen-praegen-und-mit-heissfolie-veredeln\/14332\/\" \/>\n<meta property=\"og:site_name\" content=\"Was Print bewirken kann.\" \/>\n<meta property=\"article:publisher\" content=\"https:\/\/www.facebook.com\/printweb.de\/\" \/>\n<meta property=\"article:published_time\" content=\"2018-02-20T12:22:04+00:00\" \/>\n<meta property=\"article:modified_time\" content=\"2020-07-07T13:56:58+00:00\" \/>\n<meta property=\"og:image\" content=\"https:\/\/www.printweb.de\/digitaldruck\/wp-content\/uploads\/2018\/02\/paul-das-system.png\" \/>\n\t<meta property=\"og:image:width\" content=\"1680\" \/>\n\t<meta property=\"og:image:height\" content=\"946\" \/>\n\t<meta property=\"og:image:type\" content=\"image\/png\" \/>\n<meta name=\"author\" content=\"Ralph Hadem\" \/>\n<meta name=\"twitter:card\" content=\"summary_large_image\" \/>\n<meta name=\"twitter:creator\" content=\"@digitaldruck\" \/>\n<meta name=\"twitter:site\" content=\"@digitaldruck\" \/>\n<meta name=\"twitter:label1\" content=\"Verfasst von\" \/>\n\t<meta name=\"twitter:data1\" content=\"Ralph Hadem\" \/>\n\t<meta name=\"twitter:label2\" content=\"Gesch\u00e4tzte Lesezeit\" \/>\n\t<meta name=\"twitter:data2\" content=\"1 Minute\" \/>\n<script type=\"application\/ld+json\" class=\"yoast-schema-graph\">{\"@context\":\"https:\/\/schema.org\",\"@graph\":[{\"@type\":\"Article\",\"@id\":\"https:\/\/www.printweb.de\/digitaldruck\/machs-mit-paul-stanzen-praegen-und-mit-heissfolie-veredeln\/14332\/#article\",\"isPartOf\":{\"@id\":\"https:\/\/www.printweb.de\/digitaldruck\/machs-mit-paul-stanzen-praegen-und-mit-heissfolie-veredeln\/14332\/\"},\"author\":{\"name\":\"Ralph Hadem\",\"@id\":\"https:\/\/www.printweb.de\/digitaldruck\/#\/schema\/person\/0e0308818185589fb8602180e9273195\"},\"headline\":\"Mach&#8217;s mit Paul: Stanzen, pr\u00e4gen und mit Hei\u00dffolie ...\",\"datePublished\":\"2018-02-20T12:22:04+00:00\",\"dateModified\":\"2020-07-07T13:56:58+00:00\",\"mainEntityOfPage\":{\"@id\":\"https:\/\/www.printweb.de\/digitaldruck\/machs-mit-paul-stanzen-praegen-und-mit-heissfolie-veredeln\/14332\/\"},\"wordCount\":119,\"commentCount\":0,\"publisher\":{\"@id\":\"https:\/\/www.printweb.de\/digitaldruck\/#organization\"},\"image\":{\"@id\":\"https:\/\/www.printweb.de\/digitaldruck\/machs-mit-paul-stanzen-praegen-und-mit-heissfolie-veredeln\/14332\/#primaryimage\"},\"thumbnailUrl\":\"https:\/\/www.printweb.de\/digitaldruck\/wp-content\/uploads\/2018\/02\/paul-das-system.png\",\"articleSection\":[\"Digitaldruck+Veredlung\",\"Weiterverarbeitung\",\"Hei\u00dffolienpr\u00e4gung, Blindpr\u00e4gung\",\"1to1-Marketing\",\"Feature\"],\"inLanguage\":\"de-DE\",\"potentialAction\":[{\"@type\":\"CommentAction\",\"name\":\"Comment\",\"target\":[\"https:\/\/www.printweb.de\/digitaldruck\/machs-mit-paul-stanzen-praegen-und-mit-heissfolie-veredeln\/14332\/#respond\"]}]},{\"@type\":\"WebPage\",\"@id\":\"https:\/\/www.printweb.de\/digitaldruck\/machs-mit-paul-stanzen-praegen-und-mit-heissfolie-veredeln\/14332\/\",\"url\":\"https:\/\/www.printweb.de\/digitaldruck\/machs-mit-paul-stanzen-praegen-und-mit-heissfolie-veredeln\/14332\/\",\"name\":\"Mach's mit Paul: Stanzen, pr\u00e4gen und mit Hei\u00dffolie veredeln | Was Print bewirken kann.\",\"isPartOf\":{\"@id\":\"https:\/\/www.printweb.de\/digitaldruck\/#website\"},\"primaryImageOfPage\":{\"@id\":\"https:\/\/www.printweb.de\/digitaldruck\/machs-mit-paul-stanzen-praegen-und-mit-heissfolie-veredeln\/14332\/#primaryimage\"},\"image\":{\"@id\":\"https:\/\/www.printweb.de\/digitaldruck\/machs-mit-paul-stanzen-praegen-und-mit-heissfolie-veredeln\/14332\/#primaryimage\"},\"thumbnailUrl\":\"https:\/\/www.printweb.de\/digitaldruck\/wp-content\/uploads\/2018\/02\/paul-das-system.png\",\"datePublished\":\"2018-02-20T12:22:04+00:00\",\"dateModified\":\"2020-07-07T13:56:58+00:00\",\"inLanguage\":\"de-DE\",\"potentialAction\":[{\"@type\":\"ReadAction\",\"target\":[\"https:\/\/www.printweb.de\/digitaldruck\/machs-mit-paul-stanzen-praegen-und-mit-heissfolie-veredeln\/14332\/\"]}]},{\"@type\":\"ImageObject\",\"inLanguage\":\"de-DE\",\"@id\":\"https:\/\/www.printweb.de\/digitaldruck\/machs-mit-paul-stanzen-praegen-und-mit-heissfolie-veredeln\/14332\/#primaryimage\",\"url\":\"https:\/\/www.printweb.de\/digitaldruck\/wp-content\/uploads\/2018\/02\/paul-das-system.png\",\"contentUrl\":\"https:\/\/www.printweb.de\/digitaldruck\/wp-content\/uploads\/2018\/02\/paul-das-system.png\",\"width\":1680,\"height\":946},{\"@type\":\"WebSite\",\"@id\":\"https:\/\/www.printweb.de\/digitaldruck\/#website\",\"url\":\"https:\/\/www.printweb.de\/digitaldruck\/\",\"name\":\"Was Print bewirken kann.\",\"description\":\"Was Print bewirken kann \u2013 1700 Ideen.\",\"publisher\":{\"@id\":\"https:\/\/www.printweb.de\/digitaldruck\/#organization\"},\"potentialAction\":[{\"@type\":\"SearchAction\",\"target\":{\"@type\":\"EntryPoint\",\"urlTemplate\":\"https:\/\/www.printweb.de\/digitaldruck\/?s={search_term_string}\"},\"query-input\":\"required name=search_term_string\"}],\"inLanguage\":\"de-DE\"},{\"@type\":\"Organization\",\"@id\":\"https:\/\/www.printweb.de\/digitaldruck\/#organization\",\"name\":\"Colour Connection GmbH, printweb.de, Frankfurt am Main\",\"url\":\"https:\/\/www.printweb.de\/digitaldruck\/\",\"logo\":{\"@type\":\"ImageObject\",\"inLanguage\":\"de-DE\",\"@id\":\"https:\/\/www.printweb.de\/digitaldruck\/#\/schema\/logo\/image\/\",\"url\":\"https:\/\/www.printweb.de\/digitaldruck\/wp-content\/uploads\/2019\/11\/colour-connectio-printweb-logo.jpg\",\"contentUrl\":\"https:\/\/www.printweb.de\/digitaldruck\/wp-content\/uploads\/2019\/11\/colour-connectio-printweb-logo.jpg\",\"width\":1014,\"height\":229,\"caption\":\"Colour Connection GmbH, printweb.de, Frankfurt am Main\"},\"image\":{\"@id\":\"https:\/\/www.printweb.de\/digitaldruck\/#\/schema\/logo\/image\/\"},\"sameAs\":[\"https:\/\/www.facebook.com\/printweb.de\/\",\"https:\/\/x.com\/digitaldruck\",\"https:\/\/www.instagram.com\/printweb.de\/\",\"https:\/\/www.youtube.com\/user\/Digitaldruckerei\"]},{\"@type\":\"Person\",\"@id\":\"https:\/\/www.printweb.de\/digitaldruck\/#\/schema\/person\/0e0308818185589fb8602180e9273195\",\"name\":\"Ralph Hadem\",\"image\":{\"@type\":\"ImageObject\",\"inLanguage\":\"de-DE\",\"@id\":\"https:\/\/www.printweb.de\/digitaldruck\/#\/schema\/person\/image\/\",\"url\":\"https:\/\/secure.gravatar.com\/avatar\/386b1b183dce310c5ac8a8f475fdecd8?s=96&d=blank&r=g\",\"contentUrl\":\"https:\/\/secure.gravatar.com\/avatar\/386b1b183dce310c5ac8a8f475fdecd8?s=96&d=blank&r=g\",\"caption\":\"Ralph Hadem\"},\"sameAs\":[\"https:\/\/www.printweb.de\"],\"url\":\"https:\/\/www.printweb.de\/digitaldruck\/author\/ralphhadem\/\"}]}<\/script>\n<!-- \/ Yoast SEO plugin. -->","yoast_head_json":{"title":"Mach's mit Paul: Stanzen, pr\u00e4gen und mit Hei\u00dffolie veredeln | Was Print bewirken kann.","robots":{"index":"index","follow":"follow","max-snippet":"max-snippet:-1","max-image-preview":"max-image-preview:large","max-video-preview":"max-video-preview:-1"},"canonical":"https:\/\/www.printweb.de\/digitaldruck\/machs-mit-paul-stanzen-praegen-und-mit-heissfolie-veredeln\/14332\/","og_locale":"de_DE","og_type":"article","og_title":"Mach's mit Paul: Stanzen, pr\u00e4gen und mit Hei\u00dffolie veredeln | Was Print bewirken kann.","og_description":"Immer h\u00e4ufiger kommt Paul zum Einsatz, wenn unsere Kunden nicht so ganz kleine Mengen stanzen oder pr\u00e4gen m\u00f6chten. ... mehr","og_url":"https:\/\/www.printweb.de\/digitaldruck\/machs-mit-paul-stanzen-praegen-und-mit-heissfolie-veredeln\/14332\/","og_site_name":"Was Print bewirken kann.","article_publisher":"https:\/\/www.facebook.com\/printweb.de\/","article_published_time":"2018-02-20T12:22:04+00:00","article_modified_time":"2020-07-07T13:56:58+00:00","og_image":[{"width":1680,"height":946,"url":"https:\/\/www.printweb.de\/digitaldruck\/wp-content\/uploads\/2018\/02\/paul-das-system.png","type":"image\/png"}],"author":"Ralph Hadem","twitter_card":"summary_large_image","twitter_creator":"@digitaldruck","twitter_site":"@digitaldruck","twitter_misc":{"Verfasst von":"Ralph Hadem","Gesch\u00e4tzte Lesezeit":"1 Minute"},"schema":{"@context":"https:\/\/schema.org","@graph":[{"@type":"Article","@id":"https:\/\/www.printweb.de\/digitaldruck\/machs-mit-paul-stanzen-praegen-und-mit-heissfolie-veredeln\/14332\/#article","isPartOf":{"@id":"https:\/\/www.printweb.de\/digitaldruck\/machs-mit-paul-stanzen-praegen-und-mit-heissfolie-veredeln\/14332\/"},"author":{"name":"Ralph Hadem","@id":"https:\/\/www.printweb.de\/digitaldruck\/#\/schema\/person\/0e0308818185589fb8602180e9273195"},"headline":"Mach&#8217;s mit Paul: Stanzen, pr\u00e4gen und mit Hei\u00dffolie ...","datePublished":"2018-02-20T12:22:04+00:00","dateModified":"2020-07-07T13:56:58+00:00","mainEntityOfPage":{"@id":"https:\/\/www.printweb.de\/digitaldruck\/machs-mit-paul-stanzen-praegen-und-mit-heissfolie-veredeln\/14332\/"},"wordCount":119,"commentCount":0,"publisher":{"@id":"https:\/\/www.printweb.de\/digitaldruck\/#organization"},"image":{"@id":"https:\/\/www.printweb.de\/digitaldruck\/machs-mit-paul-stanzen-praegen-und-mit-heissfolie-veredeln\/14332\/#primaryimage"},"thumbnailUrl":"https:\/\/www.printweb.de\/digitaldruck\/wp-content\/uploads\/2018\/02\/paul-das-system.png","articleSection":["Digitaldruck+Veredlung","Weiterverarbeitung","Hei\u00dffolienpr\u00e4gung, Blindpr\u00e4gung","1to1-Marketing","Feature"],"inLanguage":"de-DE","potentialAction":[{"@type":"CommentAction","name":"Comment","target":["https:\/\/www.printweb.de\/digitaldruck\/machs-mit-paul-stanzen-praegen-und-mit-heissfolie-veredeln\/14332\/#respond"]}]},{"@type":"WebPage","@id":"https:\/\/www.printweb.de\/digitaldruck\/machs-mit-paul-stanzen-praegen-und-mit-heissfolie-veredeln\/14332\/","url":"https:\/\/www.printweb.de\/digitaldruck\/machs-mit-paul-stanzen-praegen-und-mit-heissfolie-veredeln\/14332\/","name":"Mach's mit Paul: Stanzen, pr\u00e4gen und mit Hei\u00dffolie veredeln | Was Print bewirken kann.","isPartOf":{"@id":"https:\/\/www.printweb.de\/digitaldruck\/#website"},"primaryImageOfPage":{"@id":"https:\/\/www.printweb.de\/digitaldruck\/machs-mit-paul-stanzen-praegen-und-mit-heissfolie-veredeln\/14332\/#primaryimage"},"image":{"@id":"https:\/\/www.printweb.de\/digitaldruck\/machs-mit-paul-stanzen-praegen-und-mit-heissfolie-veredeln\/14332\/#primaryimage"},"thumbnailUrl":"https:\/\/www.printweb.de\/digitaldruck\/wp-content\/uploads\/2018\/02\/paul-das-system.png","datePublished":"2018-02-20T12:22:04+00:00","dateModified":"2020-07-07T13:56:58+00:00","inLanguage":"de-DE","potentialAction":[{"@type":"ReadAction","target":["https:\/\/www.printweb.de\/digitaldruck\/machs-mit-paul-stanzen-praegen-und-mit-heissfolie-veredeln\/14332\/"]}]},{"@type":"ImageObject","inLanguage":"de-DE","@id":"https:\/\/www.printweb.de\/digitaldruck\/machs-mit-paul-stanzen-praegen-und-mit-heissfolie-veredeln\/14332\/#primaryimage","url":"https:\/\/www.printweb.de\/digitaldruck\/wp-content\/uploads\/2018\/02\/paul-das-system.png","contentUrl":"https:\/\/www.printweb.de\/digitaldruck\/wp-content\/uploads\/2018\/02\/paul-das-system.png","width":1680,"height":946},{"@type":"WebSite","@id":"https:\/\/www.printweb.de\/digitaldruck\/#website","url":"https:\/\/www.printweb.de\/digitaldruck\/","name":"Was Print bewirken kann.","description":"Was Print bewirken kann \u2013 1700 Ideen.","publisher":{"@id":"https:\/\/www.printweb.de\/digitaldruck\/#organization"},"potentialAction":[{"@type":"SearchAction","target":{"@type":"EntryPoint","urlTemplate":"https:\/\/www.printweb.de\/digitaldruck\/?s={search_term_string}"},"query-input":"required name=search_term_string"}],"inLanguage":"de-DE"},{"@type":"Organization","@id":"https:\/\/www.printweb.de\/digitaldruck\/#organization","name":"Colour Connection GmbH, printweb.de, Frankfurt am Main","url":"https:\/\/www.printweb.de\/digitaldruck\/","logo":{"@type":"ImageObject","inLanguage":"de-DE","@id":"https:\/\/www.printweb.de\/digitaldruck\/#\/schema\/logo\/image\/","url":"https:\/\/www.printweb.de\/digitaldruck\/wp-content\/uploads\/2019\/11\/colour-connectio-printweb-logo.jpg","contentUrl":"https:\/\/www.printweb.de\/digitaldruck\/wp-content\/uploads\/2019\/11\/colour-connectio-printweb-logo.jpg","width":1014,"height":229,"caption":"Colour Connection GmbH, printweb.de, Frankfurt am Main"},"image":{"@id":"https:\/\/www.printweb.de\/digitaldruck\/#\/schema\/logo\/image\/"},"sameAs":["https:\/\/www.facebook.com\/printweb.de\/","https:\/\/x.com\/digitaldruck","https:\/\/www.instagram.com\/printweb.de\/","https:\/\/www.youtube.com\/user\/Digitaldruckerei"]},{"@type":"Person","@id":"https:\/\/www.printweb.de\/digitaldruck\/#\/schema\/person\/0e0308818185589fb8602180e9273195","name":"Ralph Hadem","image":{"@type":"ImageObject","inLanguage":"de-DE","@id":"https:\/\/www.printweb.de\/digitaldruck\/#\/schema\/person\/image\/","url":"https:\/\/secure.gravatar.com\/avatar\/386b1b183dce310c5ac8a8f475fdecd8?s=96&d=blank&r=g","contentUrl":"https:\/\/secure.gravatar.com\/avatar\/386b1b183dce310c5ac8a8f475fdecd8?s=96&d=blank&r=g","caption":"Ralph Hadem"},"sameAs":["https:\/\/www.printweb.de"],"url":"https:\/\/www.printweb.de\/digitaldruck\/author\/ralphhadem\/"}]}},"_links":{"self":[{"href":"https:\/\/www.printweb.de\/digitaldruck\/wp-json\/wp\/v2\/posts\/14332"}],"collection":[{"href":"https:\/\/www.printweb.de\/digitaldruck\/wp-json\/wp\/v2\/posts"}],"about":[{"href":"https:\/\/www.printweb.de\/digitaldruck\/wp-json\/wp\/v2\/types\/post"}],"author":[{"embeddable":true,"href":"https:\/\/www.printweb.de\/digitaldruck\/wp-json\/wp\/v2\/users\/2"}],"replies":[{"embeddable":true,"href":"https:\/\/www.printweb.de\/digitaldruck\/wp-json\/wp\/v2\/comments?post=14332"}],"version-history":[{"count":7,"href":"https:\/\/www.printweb.de\/digitaldruck\/wp-json\/wp\/v2\/posts\/14332\/revisions"}],"predecessor-version":[{"id":16281,"href":"https:\/\/www.printweb.de\/digitaldruck\/wp-json\/wp\/v2\/posts\/14332\/revisions\/16281"}],"wp:featuredmedia":[{"embeddable":true,"href":"https:\/\/www.printweb.de\/digitaldruck\/wp-json\/wp\/v2\/media\/14333"}],"wp:attachment":[{"href":"https:\/\/www.printweb.de\/digitaldruck\/wp-json\/wp\/v2\/media?parent=14332"}],"wp:term":[{"taxonomy":"category","embeddable":true,"href":"https:\/\/www.printweb.de\/digitaldruck\/wp-json\/wp\/v2\/categories?post=14332"},{"taxonomy":"post_tag","embeddable":true,"href":"https:\/\/www.printweb.de\/digitaldruck\/wp-json\/wp\/v2\/tags?post=14332"}],"curies":[{"name":"wp","href":"https:\/\/api.w.org\/{rel}","templated":true}]}}