{"id":14650,"date":"2018-06-11T09:28:29","date_gmt":"2018-06-11T07:28:29","guid":{"rendered":"https:\/\/www.printweb.de\/digitaldruck\/?p=14650"},"modified":"2018-06-11T09:49:09","modified_gmt":"2018-06-11T07:49:09","slug":"ein-blickfang-formgestanzter-abreissblock","status":"publish","type":"post","link":"https:\/\/www.printweb.de\/digitaldruck\/ein-blickfang-formgestanzter-abreissblock\/14650\/","title":{"rendered":"Ein Blickfang: <br \/>Formgestanzter Abrei\u00dfblock mit ..."},"content":{"rendered":"<p>Notiz- und Abrei\u00dfbl\u00f6cke geh\u00f6ren zu den popul\u00e4ren Produkten in der Druckindustrie. H\u00e4ufig sind sie eher pragmatisch, im DIN Format und kariert oder liniert. Manche sind ein bi\u00dfchen edler, mit sch\u00f6nen Papieren, veredelten Umschl\u00e4gen in besonderen Formaten. Und dann gibt es noch die richtigen \u201eHingucker\u201d: Formgestanzte Bl\u00f6cke, passend zur Zielgruppe oder abgestimmt auf ein Produkt.<\/p>\n<p>Dieser hier \u201eschm\u00fcckt\u201c die Kaffemaschinen eines bekannten italinischen Herstellers auf einer Messe. Die einzelnen Bl\u00e4tter in Form eines Doppelpacks Latte Macchiato lassen sich leicht abtrennen und bieten auf der R\u00fcckseite n\u00fctzliche Detailinformationen an. Coole Idee von <a href=\"https:\/\/2sinn.com\/\">2Sinn, K\u00f6nigstein<\/a>.<\/p>\n<p><em>Preisbeispiel: Abrei\u00dfblock 150 x 150 mm, 10 Batt, 120g Feinpapier hochwei\u00df, 4\/4-farbig, R\u00fcckenkarton wei\u00df, 350g, Aufsteller einklappbar. Bei 100\/250 Exemplaren EUR 4,56\/3,05\u00a0 je St\u00fcck zzgl. MwSt. und Versand &#8211; ab produktionsreifen PDF-Daten.<\/em><\/p>\n<p><a href=\"https:\/\/www.printweb.de\/digitaldruck\/wp-content\/uploads\/2018\/06\/815-aufsteller_abreissblock_140x140-6501-1.jpg\"><img decoding=\"async\" width=\"765\" height=\"402\" class=\"aligncenter size-thumbnail wp-image-14653\" src=\"https:\/\/www.printweb.de\/digitaldruck\/wp-content\/uploads\/2018\/06\/815-aufsteller_abreissblock_140x140-6501-1-765x402.jpg\" alt=\"\" srcset=\"https:\/\/www.printweb.de\/digitaldruck\/wp-content\/uploads\/2018\/06\/815-aufsteller_abreissblock_140x140-6501-1-765x402.jpg 765w, https:\/\/www.printweb.de\/digitaldruck\/wp-content\/uploads\/2018\/06\/815-aufsteller_abreissblock_140x140-6501-1-768x403.jpg 768w\" sizes=\"(max-width: 765px) 100vw, 765px\" \/><\/a><\/p>\n<p><a href=\"https:\/\/www.printweb.de\/digitaldruck\/wp-content\/uploads\/2018\/06\/815-aufsteller_abreissblock_140x140-6499-1.jpg\"><img decoding=\"async\" width=\"765\" height=\"402\" class=\"aligncenter size-thumbnail wp-image-14654\" src=\"https:\/\/www.printweb.de\/digitaldruck\/wp-content\/uploads\/2018\/06\/815-aufsteller_abreissblock_140x140-6499-1-765x402.jpg\" alt=\"\" srcset=\"https:\/\/www.printweb.de\/digitaldruck\/wp-content\/uploads\/2018\/06\/815-aufsteller_abreissblock_140x140-6499-1-765x402.jpg 765w, https:\/\/www.printweb.de\/digitaldruck\/wp-content\/uploads\/2018\/06\/815-aufsteller_abreissblock_140x140-6499-1-768x403.jpg 768w\" sizes=\"(max-width: 765px) 100vw, 765px\" \/><\/a><\/p>\n\n","protected":false},"excerpt":{"rendered":"Notiz- und Abrei\u00dfbl\u00f6cke geh\u00f6ren zu den popul\u00e4ren Produkten in der Druckindustrie. H\u00e4ufig sind sie eher pragmatisch, im DIN &#8230; <br><br><a class=\"readmore\" href=\"https:\/\/www.printweb.de\/digitaldruck\/ein-blickfang-formgestanzter-abreissblock\/14650\/\">mehr<\/a>","protected":false},"author":2,"featured_media":14653,"comment_status":"open","ping_status":"open","sticky":false,"template":"","format":"standard","meta":{"_acf_changed":false,"footnotes":""},"categories":[1,34,31,50,32,33,63],"tags":[],"class_list":["post-14650","post","type-post","status-publish","format-standard","has-post-thumbnail","hentry","category-alle-beitraege","category-papier-und-bedruckstoffe","category-weiterverarbeitung","category-digitale-stanze","category-bindung","category-zubehoer","category-feature"],"acf":[],"yoast_head":"<!-- This site is optimized with the Yoast SEO plugin v23.1 - https:\/\/yoast.com\/wordpress\/plugins\/seo\/ -->\n<title>Ein Blickfang: Formgestanzter Abrei\u00dfblock mit Aufsteller | Was Print bewirken kann.<\/title>\n<meta name=\"robots\" content=\"index, follow, max-snippet:-1, max-image-preview:large, max-video-preview:-1\" \/>\n<link rel=\"canonical\" href=\"https:\/\/www.printweb.de\/digitaldruck\/ein-blickfang-formgestanzter-abreissblock\/14650\/\" \/>\n<meta property=\"og:locale\" content=\"de_DE\" \/>\n<meta property=\"og:type\" content=\"article\" \/>\n<meta property=\"og:title\" content=\"Ein Blickfang: Formgestanzter Abrei\u00dfblock mit Aufsteller | Was Print bewirken kann.\" \/>\n<meta property=\"og:description\" content=\"Notiz- und Abrei\u00dfbl\u00f6cke geh\u00f6ren zu den popul\u00e4ren Produkten in der Druckindustrie. H\u00e4ufig sind sie eher pragmatisch, im DIN ... mehr\" \/>\n<meta property=\"og:url\" content=\"https:\/\/www.printweb.de\/digitaldruck\/ein-blickfang-formgestanzter-abreissblock\/14650\/\" \/>\n<meta property=\"og:site_name\" content=\"Was Print bewirken kann.\" \/>\n<meta property=\"article:publisher\" content=\"https:\/\/www.facebook.com\/printweb.de\/\" \/>\n<meta property=\"article:published_time\" content=\"2018-06-11T07:28:29+00:00\" \/>\n<meta property=\"article:modified_time\" content=\"2018-06-11T07:49:09+00:00\" \/>\n<meta property=\"og:image\" content=\"https:\/\/www.printweb.de\/digitaldruck\/wp-content\/uploads\/2018\/06\/815-aufsteller_abreissblock_140x140-6501-1-765x490.jpg\" \/>\n\t<meta property=\"og:image:width\" content=\"765\" \/>\n\t<meta property=\"og:image:height\" content=\"490\" \/>\n\t<meta property=\"og:image:type\" content=\"image\/jpeg\" \/>\n<meta name=\"author\" content=\"Ralph Hadem\" \/>\n<meta name=\"twitter:card\" content=\"summary_large_image\" \/>\n<meta name=\"twitter:creator\" content=\"@digitaldruck\" \/>\n<meta name=\"twitter:site\" content=\"@digitaldruck\" \/>\n<meta name=\"twitter:label1\" content=\"Verfasst von\" \/>\n\t<meta name=\"twitter:data1\" content=\"Ralph Hadem\" \/>\n\t<meta name=\"twitter:label2\" content=\"Gesch\u00e4tzte Lesezeit\" \/>\n\t<meta name=\"twitter:data2\" content=\"1 Minute\" \/>\n<script type=\"application\/ld+json\" class=\"yoast-schema-graph\">{\"@context\":\"https:\/\/schema.org\",\"@graph\":[{\"@type\":\"Article\",\"@id\":\"https:\/\/www.printweb.de\/digitaldruck\/ein-blickfang-formgestanzter-abreissblock\/14650\/#article\",\"isPartOf\":{\"@id\":\"https:\/\/www.printweb.de\/digitaldruck\/ein-blickfang-formgestanzter-abreissblock\/14650\/\"},\"author\":{\"name\":\"Ralph Hadem\",\"@id\":\"https:\/\/www.printweb.de\/digitaldruck\/#\/schema\/person\/0e0308818185589fb8602180e9273195\"},\"headline\":\"Ein Blickfang: Formgestanzter Abrei\u00dfblock mit ...\",\"datePublished\":\"2018-06-11T07:28:29+00:00\",\"dateModified\":\"2018-06-11T07:49:09+00:00\",\"mainEntityOfPage\":{\"@id\":\"https:\/\/www.printweb.de\/digitaldruck\/ein-blickfang-formgestanzter-abreissblock\/14650\/\"},\"wordCount\":151,\"commentCount\":0,\"publisher\":{\"@id\":\"https:\/\/www.printweb.de\/digitaldruck\/#organization\"},\"image\":{\"@id\":\"https:\/\/www.printweb.de\/digitaldruck\/ein-blickfang-formgestanzter-abreissblock\/14650\/#primaryimage\"},\"thumbnailUrl\":\"https:\/\/www.printweb.de\/digitaldruck\/wp-content\/uploads\/2018\/06\/815-aufsteller_abreissblock_140x140-6501-1.jpg\",\"articleSection\":[\"Digitaldruck+Veredlung\",\"Papier &amp; Bedruckstoffe\",\"Weiterverarbeitung\",\"Digitale Stanze\",\"Bindung\",\"Zubeh\u00f6r\",\"Feature\"],\"inLanguage\":\"de-DE\",\"potentialAction\":[{\"@type\":\"CommentAction\",\"name\":\"Comment\",\"target\":[\"https:\/\/www.printweb.de\/digitaldruck\/ein-blickfang-formgestanzter-abreissblock\/14650\/#respond\"]}]},{\"@type\":\"WebPage\",\"@id\":\"https:\/\/www.printweb.de\/digitaldruck\/ein-blickfang-formgestanzter-abreissblock\/14650\/\",\"url\":\"https:\/\/www.printweb.de\/digitaldruck\/ein-blickfang-formgestanzter-abreissblock\/14650\/\",\"name\":\"Ein Blickfang: Formgestanzter Abrei\u00dfblock mit Aufsteller | Was Print bewirken kann.\",\"isPartOf\":{\"@id\":\"https:\/\/www.printweb.de\/digitaldruck\/#website\"},\"primaryImageOfPage\":{\"@id\":\"https:\/\/www.printweb.de\/digitaldruck\/ein-blickfang-formgestanzter-abreissblock\/14650\/#primaryimage\"},\"image\":{\"@id\":\"https:\/\/www.printweb.de\/digitaldruck\/ein-blickfang-formgestanzter-abreissblock\/14650\/#primaryimage\"},\"thumbnailUrl\":\"https:\/\/www.printweb.de\/digitaldruck\/wp-content\/uploads\/2018\/06\/815-aufsteller_abreissblock_140x140-6501-1.jpg\",\"datePublished\":\"2018-06-11T07:28:29+00:00\",\"dateModified\":\"2018-06-11T07:49:09+00:00\",\"inLanguage\":\"de-DE\",\"potentialAction\":[{\"@type\":\"ReadAction\",\"target\":[\"https:\/\/www.printweb.de\/digitaldruck\/ein-blickfang-formgestanzter-abreissblock\/14650\/\"]}]},{\"@type\":\"ImageObject\",\"inLanguage\":\"de-DE\",\"@id\":\"https:\/\/www.printweb.de\/digitaldruck\/ein-blickfang-formgestanzter-abreissblock\/14650\/#primaryimage\",\"url\":\"https:\/\/www.printweb.de\/digitaldruck\/wp-content\/uploads\/2018\/06\/815-aufsteller_abreissblock_140x140-6501-1.jpg\",\"contentUrl\":\"https:\/\/www.printweb.de\/digitaldruck\/wp-content\/uploads\/2018\/06\/815-aufsteller_abreissblock_140x140-6501-1.jpg\",\"width\":3781,\"height\":1986},{\"@type\":\"WebSite\",\"@id\":\"https:\/\/www.printweb.de\/digitaldruck\/#website\",\"url\":\"https:\/\/www.printweb.de\/digitaldruck\/\",\"name\":\"Was Print bewirken kann.\",\"description\":\"Was Print bewirken kann \u2013 1700 Ideen.\",\"publisher\":{\"@id\":\"https:\/\/www.printweb.de\/digitaldruck\/#organization\"},\"potentialAction\":[{\"@type\":\"SearchAction\",\"target\":{\"@type\":\"EntryPoint\",\"urlTemplate\":\"https:\/\/www.printweb.de\/digitaldruck\/?s={search_term_string}\"},\"query-input\":\"required name=search_term_string\"}],\"inLanguage\":\"de-DE\"},{\"@type\":\"Organization\",\"@id\":\"https:\/\/www.printweb.de\/digitaldruck\/#organization\",\"name\":\"Colour Connection GmbH, printweb.de, Frankfurt am Main\",\"url\":\"https:\/\/www.printweb.de\/digitaldruck\/\",\"logo\":{\"@type\":\"ImageObject\",\"inLanguage\":\"de-DE\",\"@id\":\"https:\/\/www.printweb.de\/digitaldruck\/#\/schema\/logo\/image\/\",\"url\":\"https:\/\/www.printweb.de\/digitaldruck\/wp-content\/uploads\/2019\/11\/colour-connectio-printweb-logo.jpg\",\"contentUrl\":\"https:\/\/www.printweb.de\/digitaldruck\/wp-content\/uploads\/2019\/11\/colour-connectio-printweb-logo.jpg\",\"width\":1014,\"height\":229,\"caption\":\"Colour Connection GmbH, printweb.de, Frankfurt am Main\"},\"image\":{\"@id\":\"https:\/\/www.printweb.de\/digitaldruck\/#\/schema\/logo\/image\/\"},\"sameAs\":[\"https:\/\/www.facebook.com\/printweb.de\/\",\"https:\/\/x.com\/digitaldruck\",\"https:\/\/www.instagram.com\/printweb.de\/\",\"https:\/\/www.youtube.com\/user\/Digitaldruckerei\"]},{\"@type\":\"Person\",\"@id\":\"https:\/\/www.printweb.de\/digitaldruck\/#\/schema\/person\/0e0308818185589fb8602180e9273195\",\"name\":\"Ralph Hadem\",\"image\":{\"@type\":\"ImageObject\",\"inLanguage\":\"de-DE\",\"@id\":\"https:\/\/www.printweb.de\/digitaldruck\/#\/schema\/person\/image\/\",\"url\":\"https:\/\/secure.gravatar.com\/avatar\/386b1b183dce310c5ac8a8f475fdecd8?s=96&d=blank&r=g\",\"contentUrl\":\"https:\/\/secure.gravatar.com\/avatar\/386b1b183dce310c5ac8a8f475fdecd8?s=96&d=blank&r=g\",\"caption\":\"Ralph Hadem\"},\"sameAs\":[\"https:\/\/www.printweb.de\"],\"url\":\"https:\/\/www.printweb.de\/digitaldruck\/author\/ralphhadem\/\"}]}<\/script>\n<!-- \/ Yoast SEO plugin. -->","yoast_head_json":{"title":"Ein Blickfang: Formgestanzter Abrei\u00dfblock mit Aufsteller | Was Print bewirken kann.","robots":{"index":"index","follow":"follow","max-snippet":"max-snippet:-1","max-image-preview":"max-image-preview:large","max-video-preview":"max-video-preview:-1"},"canonical":"https:\/\/www.printweb.de\/digitaldruck\/ein-blickfang-formgestanzter-abreissblock\/14650\/","og_locale":"de_DE","og_type":"article","og_title":"Ein Blickfang: Formgestanzter Abrei\u00dfblock mit Aufsteller | Was Print bewirken kann.","og_description":"Notiz- und Abrei\u00dfbl\u00f6cke geh\u00f6ren zu den popul\u00e4ren Produkten in der Druckindustrie. H\u00e4ufig sind sie eher pragmatisch, im DIN ... mehr","og_url":"https:\/\/www.printweb.de\/digitaldruck\/ein-blickfang-formgestanzter-abreissblock\/14650\/","og_site_name":"Was Print bewirken kann.","article_publisher":"https:\/\/www.facebook.com\/printweb.de\/","article_published_time":"2018-06-11T07:28:29+00:00","article_modified_time":"2018-06-11T07:49:09+00:00","og_image":[{"width":765,"height":490,"url":"https:\/\/www.printweb.de\/digitaldruck\/wp-content\/uploads\/2018\/06\/815-aufsteller_abreissblock_140x140-6501-1-765x490.jpg","type":"image\/jpeg"}],"author":"Ralph Hadem","twitter_card":"summary_large_image","twitter_creator":"@digitaldruck","twitter_site":"@digitaldruck","twitter_misc":{"Verfasst von":"Ralph Hadem","Gesch\u00e4tzte Lesezeit":"1 Minute"},"schema":{"@context":"https:\/\/schema.org","@graph":[{"@type":"Article","@id":"https:\/\/www.printweb.de\/digitaldruck\/ein-blickfang-formgestanzter-abreissblock\/14650\/#article","isPartOf":{"@id":"https:\/\/www.printweb.de\/digitaldruck\/ein-blickfang-formgestanzter-abreissblock\/14650\/"},"author":{"name":"Ralph Hadem","@id":"https:\/\/www.printweb.de\/digitaldruck\/#\/schema\/person\/0e0308818185589fb8602180e9273195"},"headline":"Ein Blickfang: Formgestanzter Abrei\u00dfblock mit ...","datePublished":"2018-06-11T07:28:29+00:00","dateModified":"2018-06-11T07:49:09+00:00","mainEntityOfPage":{"@id":"https:\/\/www.printweb.de\/digitaldruck\/ein-blickfang-formgestanzter-abreissblock\/14650\/"},"wordCount":151,"commentCount":0,"publisher":{"@id":"https:\/\/www.printweb.de\/digitaldruck\/#organization"},"image":{"@id":"https:\/\/www.printweb.de\/digitaldruck\/ein-blickfang-formgestanzter-abreissblock\/14650\/#primaryimage"},"thumbnailUrl":"https:\/\/www.printweb.de\/digitaldruck\/wp-content\/uploads\/2018\/06\/815-aufsteller_abreissblock_140x140-6501-1.jpg","articleSection":["Digitaldruck+Veredlung","Papier &amp; Bedruckstoffe","Weiterverarbeitung","Digitale Stanze","Bindung","Zubeh\u00f6r","Feature"],"inLanguage":"de-DE","potentialAction":[{"@type":"CommentAction","name":"Comment","target":["https:\/\/www.printweb.de\/digitaldruck\/ein-blickfang-formgestanzter-abreissblock\/14650\/#respond"]}]},{"@type":"WebPage","@id":"https:\/\/www.printweb.de\/digitaldruck\/ein-blickfang-formgestanzter-abreissblock\/14650\/","url":"https:\/\/www.printweb.de\/digitaldruck\/ein-blickfang-formgestanzter-abreissblock\/14650\/","name":"Ein Blickfang: Formgestanzter Abrei\u00dfblock mit Aufsteller | Was Print bewirken kann.","isPartOf":{"@id":"https:\/\/www.printweb.de\/digitaldruck\/#website"},"primaryImageOfPage":{"@id":"https:\/\/www.printweb.de\/digitaldruck\/ein-blickfang-formgestanzter-abreissblock\/14650\/#primaryimage"},"image":{"@id":"https:\/\/www.printweb.de\/digitaldruck\/ein-blickfang-formgestanzter-abreissblock\/14650\/#primaryimage"},"thumbnailUrl":"https:\/\/www.printweb.de\/digitaldruck\/wp-content\/uploads\/2018\/06\/815-aufsteller_abreissblock_140x140-6501-1.jpg","datePublished":"2018-06-11T07:28:29+00:00","dateModified":"2018-06-11T07:49:09+00:00","inLanguage":"de-DE","potentialAction":[{"@type":"ReadAction","target":["https:\/\/www.printweb.de\/digitaldruck\/ein-blickfang-formgestanzter-abreissblock\/14650\/"]}]},{"@type":"ImageObject","inLanguage":"de-DE","@id":"https:\/\/www.printweb.de\/digitaldruck\/ein-blickfang-formgestanzter-abreissblock\/14650\/#primaryimage","url":"https:\/\/www.printweb.de\/digitaldruck\/wp-content\/uploads\/2018\/06\/815-aufsteller_abreissblock_140x140-6501-1.jpg","contentUrl":"https:\/\/www.printweb.de\/digitaldruck\/wp-content\/uploads\/2018\/06\/815-aufsteller_abreissblock_140x140-6501-1.jpg","width":3781,"height":1986},{"@type":"WebSite","@id":"https:\/\/www.printweb.de\/digitaldruck\/#website","url":"https:\/\/www.printweb.de\/digitaldruck\/","name":"Was Print bewirken kann.","description":"Was Print bewirken kann \u2013 1700 Ideen.","publisher":{"@id":"https:\/\/www.printweb.de\/digitaldruck\/#organization"},"potentialAction":[{"@type":"SearchAction","target":{"@type":"EntryPoint","urlTemplate":"https:\/\/www.printweb.de\/digitaldruck\/?s={search_term_string}"},"query-input":"required name=search_term_string"}],"inLanguage":"de-DE"},{"@type":"Organization","@id":"https:\/\/www.printweb.de\/digitaldruck\/#organization","name":"Colour Connection GmbH, printweb.de, Frankfurt am Main","url":"https:\/\/www.printweb.de\/digitaldruck\/","logo":{"@type":"ImageObject","inLanguage":"de-DE","@id":"https:\/\/www.printweb.de\/digitaldruck\/#\/schema\/logo\/image\/","url":"https:\/\/www.printweb.de\/digitaldruck\/wp-content\/uploads\/2019\/11\/colour-connectio-printweb-logo.jpg","contentUrl":"https:\/\/www.printweb.de\/digitaldruck\/wp-content\/uploads\/2019\/11\/colour-connectio-printweb-logo.jpg","width":1014,"height":229,"caption":"Colour Connection GmbH, printweb.de, Frankfurt am Main"},"image":{"@id":"https:\/\/www.printweb.de\/digitaldruck\/#\/schema\/logo\/image\/"},"sameAs":["https:\/\/www.facebook.com\/printweb.de\/","https:\/\/x.com\/digitaldruck","https:\/\/www.instagram.com\/printweb.de\/","https:\/\/www.youtube.com\/user\/Digitaldruckerei"]},{"@type":"Person","@id":"https:\/\/www.printweb.de\/digitaldruck\/#\/schema\/person\/0e0308818185589fb8602180e9273195","name":"Ralph Hadem","image":{"@type":"ImageObject","inLanguage":"de-DE","@id":"https:\/\/www.printweb.de\/digitaldruck\/#\/schema\/person\/image\/","url":"https:\/\/secure.gravatar.com\/avatar\/386b1b183dce310c5ac8a8f475fdecd8?s=96&d=blank&r=g","contentUrl":"https:\/\/secure.gravatar.com\/avatar\/386b1b183dce310c5ac8a8f475fdecd8?s=96&d=blank&r=g","caption":"Ralph Hadem"},"sameAs":["https:\/\/www.printweb.de"],"url":"https:\/\/www.printweb.de\/digitaldruck\/author\/ralphhadem\/"}]}},"_links":{"self":[{"href":"https:\/\/www.printweb.de\/digitaldruck\/wp-json\/wp\/v2\/posts\/14650"}],"collection":[{"href":"https:\/\/www.printweb.de\/digitaldruck\/wp-json\/wp\/v2\/posts"}],"about":[{"href":"https:\/\/www.printweb.de\/digitaldruck\/wp-json\/wp\/v2\/types\/post"}],"author":[{"embeddable":true,"href":"https:\/\/www.printweb.de\/digitaldruck\/wp-json\/wp\/v2\/users\/2"}],"replies":[{"embeddable":true,"href":"https:\/\/www.printweb.de\/digitaldruck\/wp-json\/wp\/v2\/comments?post=14650"}],"version-history":[{"count":5,"href":"https:\/\/www.printweb.de\/digitaldruck\/wp-json\/wp\/v2\/posts\/14650\/revisions"}],"predecessor-version":[{"id":14658,"href":"https:\/\/www.printweb.de\/digitaldruck\/wp-json\/wp\/v2\/posts\/14650\/revisions\/14658"}],"wp:featuredmedia":[{"embeddable":true,"href":"https:\/\/www.printweb.de\/digitaldruck\/wp-json\/wp\/v2\/media\/14653"}],"wp:attachment":[{"href":"https:\/\/www.printweb.de\/digitaldruck\/wp-json\/wp\/v2\/media?parent=14650"}],"wp:term":[{"taxonomy":"category","embeddable":true,"href":"https:\/\/www.printweb.de\/digitaldruck\/wp-json\/wp\/v2\/categories?post=14650"},{"taxonomy":"post_tag","embeddable":true,"href":"https:\/\/www.printweb.de\/digitaldruck\/wp-json\/wp\/v2\/tags?post=14650"}],"curies":[{"name":"wp","href":"https:\/\/api.w.org\/{rel}","templated":true}]}}