{"id":1519,"date":"2009-03-13T21:03:49","date_gmt":"2009-03-13T20:03:49","guid":{"rendered":"https:\/\/www.printweb.de\/digitaldruck\/?p=1519"},"modified":"2015-02-10T10:03:07","modified_gmt":"2015-02-10T09:03:07","slug":"schrecklich-schoen-oder-ganz-schoen-schrecklich","status":"publish","type":"post","link":"https:\/\/www.printweb.de\/digitaldruck\/schrecklich-schoen-oder-ganz-schoen-schrecklich\/1519\/","title":{"rendered":"Schrecklich sch\u00f6n &#8211; <br \/>oder ganz sch\u00f6n schrecklich"},"content":{"rendered":"<p>Ach ja, es l\u00e4stert sich so wunderbar \u00fcber die Sch\u00f6nen und Reichen oder \u00fcber die Gro\u00dfen und Multinationalen. Da wir vermutlich nie in die Verlegenheit kommen werden, in nennenswerter Art und Weise f\u00fcr McDonalds zu arbeiten, ist uns ein offenes Wort zu den neuen Verpackungen des Burger-Braters erlaubt.<\/p>\n<p style=\"text-align: center;\"><img decoding=\"async\" class=\"size-thumbnail wp-image-1521 aligncenter\" title=\"McDonalds neue Verpackungen\" alt=\"McDonalds neue Verpackungen\" src=\"https:\/\/www.printweb.de\/digitaldruck\/wp-content\/uploads\/2009\/03\/mcdonalds-neue-verpackungen.png\" width=\"428\" height=\"319\" srcset=\"https:\/\/www.printweb.de\/digitaldruck\/wp-content\/uploads\/2009\/03\/mcdonalds-neue-verpackungen.png 428w, https:\/\/www.printweb.de\/digitaldruck\/wp-content\/uploads\/2009\/03\/mcdonalds-neue-verpackungen-320x240.png 320w\" sizes=\"(max-width: 428px) 100vw, 428px\" \/><\/p>\n<p><!--more-->Wenn denn alle Vorgaben s\u00e4mtlicher Briefings und nationaler \u201eBefindlichkeiten\u201d eingearbeitet sind, bleibt der kleinste gemeinsame Nenner \u00fcbrig. Aber warum soll die Verpackung auch etwas anderes darstellen als der Inhalt? Der kleinste gemeinsame Nenner, frei von Charakter, mainstreamig und jedem Kunden zu Gefallen.<\/p>\n","protected":false},"excerpt":{"rendered":"Ach ja, es l\u00e4stert sich so wunderbar \u00fcber die Sch\u00f6nen und Reichen oder \u00fcber die Gro\u00dfen und Multinationalen. &#8230; <br><br><a class=\"readmore\" href=\"https:\/\/www.printweb.de\/digitaldruck\/schrecklich-schoen-oder-ganz-schoen-schrecklich\/1519\/\">mehr<\/a>","protected":false},"author":2,"featured_media":1521,"comment_status":"open","ping_status":"open","sticky":false,"template":"","format":"standard","meta":{"_acf_changed":false,"footnotes":""},"categories":[1,30],"tags":[],"class_list":["post-1519","post","type-post","status-publish","format-standard","has-post-thumbnail","hentry","category-alle-beitraege","category-passiert-notiert"],"acf":[],"yoast_head":"<!-- This site is optimized with the Yoast SEO plugin v23.1 - https:\/\/yoast.com\/wordpress\/plugins\/seo\/ -->\n<title>Schrecklich sch\u00f6n - oder ganz sch\u00f6n schrecklich | Was Print bewirken kann.<\/title>\n<meta name=\"robots\" content=\"index, follow, max-snippet:-1, max-image-preview:large, max-video-preview:-1\" \/>\n<link rel=\"canonical\" href=\"https:\/\/www.printweb.de\/digitaldruck\/schrecklich-schoen-oder-ganz-schoen-schrecklich\/1519\/\" \/>\n<meta property=\"og:locale\" content=\"de_DE\" \/>\n<meta property=\"og:type\" content=\"article\" \/>\n<meta property=\"og:title\" content=\"Schrecklich sch\u00f6n - oder ganz sch\u00f6n schrecklich | Was Print bewirken kann.\" \/>\n<meta property=\"og:description\" content=\"Ach ja, es l\u00e4stert sich so wunderbar \u00fcber die Sch\u00f6nen und Reichen oder \u00fcber die Gro\u00dfen und Multinationalen. ... mehr\" \/>\n<meta property=\"og:url\" content=\"https:\/\/www.printweb.de\/digitaldruck\/schrecklich-schoen-oder-ganz-schoen-schrecklich\/1519\/\" \/>\n<meta property=\"og:site_name\" content=\"Was Print bewirken kann.\" \/>\n<meta property=\"article:publisher\" content=\"https:\/\/www.facebook.com\/printweb.de\/\" \/>\n<meta property=\"article:published_time\" content=\"2009-03-13T20:03:49+00:00\" \/>\n<meta property=\"article:modified_time\" content=\"2015-02-10T09:03:07+00:00\" \/>\n<meta property=\"og:image\" content=\"https:\/\/www.printweb.de\/digitaldruck\/wp-content\/uploads\/2009\/03\/mcdonalds-neue-verpackungen.png\" \/>\n\t<meta property=\"og:image:width\" content=\"428\" \/>\n\t<meta property=\"og:image:height\" content=\"319\" \/>\n\t<meta property=\"og:image:type\" content=\"image\/png\" \/>\n<meta name=\"author\" content=\"Ralph Hadem\" \/>\n<meta name=\"twitter:card\" content=\"summary_large_image\" \/>\n<meta name=\"twitter:creator\" content=\"@digitaldruck\" \/>\n<meta name=\"twitter:site\" content=\"@digitaldruck\" \/>\n<meta name=\"twitter:label1\" content=\"Verfasst von\" \/>\n\t<meta name=\"twitter:data1\" content=\"Ralph Hadem\" \/>\n<script type=\"application\/ld+json\" class=\"yoast-schema-graph\">{\"@context\":\"https:\/\/schema.org\",\"@graph\":[{\"@type\":\"Article\",\"@id\":\"https:\/\/www.printweb.de\/digitaldruck\/schrecklich-schoen-oder-ganz-schoen-schrecklich\/1519\/#article\",\"isPartOf\":{\"@id\":\"https:\/\/www.printweb.de\/digitaldruck\/schrecklich-schoen-oder-ganz-schoen-schrecklich\/1519\/\"},\"author\":{\"name\":\"Ralph Hadem\",\"@id\":\"https:\/\/www.printweb.de\/digitaldruck\/#\/schema\/person\/0e0308818185589fb8602180e9273195\"},\"headline\":\"Schrecklich sch\u00f6n &#8211; oder ganz sch\u00f6n schrecklich\",\"datePublished\":\"2009-03-13T20:03:49+00:00\",\"dateModified\":\"2015-02-10T09:03:07+00:00\",\"mainEntityOfPage\":{\"@id\":\"https:\/\/www.printweb.de\/digitaldruck\/schrecklich-schoen-oder-ganz-schoen-schrecklich\/1519\/\"},\"wordCount\":104,\"commentCount\":0,\"publisher\":{\"@id\":\"https:\/\/www.printweb.de\/digitaldruck\/#organization\"},\"image\":{\"@id\":\"https:\/\/www.printweb.de\/digitaldruck\/schrecklich-schoen-oder-ganz-schoen-schrecklich\/1519\/#primaryimage\"},\"thumbnailUrl\":\"https:\/\/www.printweb.de\/digitaldruck\/wp-content\/uploads\/2009\/03\/mcdonalds-neue-verpackungen.png\",\"articleSection\":[\"Digitaldruck+Veredlung\",\"Passiert - notiert\"],\"inLanguage\":\"de-DE\",\"potentialAction\":[{\"@type\":\"CommentAction\",\"name\":\"Comment\",\"target\":[\"https:\/\/www.printweb.de\/digitaldruck\/schrecklich-schoen-oder-ganz-schoen-schrecklich\/1519\/#respond\"]}]},{\"@type\":\"WebPage\",\"@id\":\"https:\/\/www.printweb.de\/digitaldruck\/schrecklich-schoen-oder-ganz-schoen-schrecklich\/1519\/\",\"url\":\"https:\/\/www.printweb.de\/digitaldruck\/schrecklich-schoen-oder-ganz-schoen-schrecklich\/1519\/\",\"name\":\"Schrecklich sch\u00f6n - oder ganz sch\u00f6n schrecklich | Was Print bewirken kann.\",\"isPartOf\":{\"@id\":\"https:\/\/www.printweb.de\/digitaldruck\/#website\"},\"primaryImageOfPage\":{\"@id\":\"https:\/\/www.printweb.de\/digitaldruck\/schrecklich-schoen-oder-ganz-schoen-schrecklich\/1519\/#primaryimage\"},\"image\":{\"@id\":\"https:\/\/www.printweb.de\/digitaldruck\/schrecklich-schoen-oder-ganz-schoen-schrecklich\/1519\/#primaryimage\"},\"thumbnailUrl\":\"https:\/\/www.printweb.de\/digitaldruck\/wp-content\/uploads\/2009\/03\/mcdonalds-neue-verpackungen.png\",\"datePublished\":\"2009-03-13T20:03:49+00:00\",\"dateModified\":\"2015-02-10T09:03:07+00:00\",\"inLanguage\":\"de-DE\",\"potentialAction\":[{\"@type\":\"ReadAction\",\"target\":[\"https:\/\/www.printweb.de\/digitaldruck\/schrecklich-schoen-oder-ganz-schoen-schrecklich\/1519\/\"]}]},{\"@type\":\"ImageObject\",\"inLanguage\":\"de-DE\",\"@id\":\"https:\/\/www.printweb.de\/digitaldruck\/schrecklich-schoen-oder-ganz-schoen-schrecklich\/1519\/#primaryimage\",\"url\":\"https:\/\/www.printweb.de\/digitaldruck\/wp-content\/uploads\/2009\/03\/mcdonalds-neue-verpackungen.png\",\"contentUrl\":\"https:\/\/www.printweb.de\/digitaldruck\/wp-content\/uploads\/2009\/03\/mcdonalds-neue-verpackungen.png\",\"width\":428,\"height\":319},{\"@type\":\"WebSite\",\"@id\":\"https:\/\/www.printweb.de\/digitaldruck\/#website\",\"url\":\"https:\/\/www.printweb.de\/digitaldruck\/\",\"name\":\"Was Print bewirken kann.\",\"description\":\"Was Print bewirken kann \u2013 1700 Ideen.\",\"publisher\":{\"@id\":\"https:\/\/www.printweb.de\/digitaldruck\/#organization\"},\"potentialAction\":[{\"@type\":\"SearchAction\",\"target\":{\"@type\":\"EntryPoint\",\"urlTemplate\":\"https:\/\/www.printweb.de\/digitaldruck\/?s={search_term_string}\"},\"query-input\":\"required name=search_term_string\"}],\"inLanguage\":\"de-DE\"},{\"@type\":\"Organization\",\"@id\":\"https:\/\/www.printweb.de\/digitaldruck\/#organization\",\"name\":\"Colour Connection GmbH, printweb.de, Frankfurt am Main\",\"url\":\"https:\/\/www.printweb.de\/digitaldruck\/\",\"logo\":{\"@type\":\"ImageObject\",\"inLanguage\":\"de-DE\",\"@id\":\"https:\/\/www.printweb.de\/digitaldruck\/#\/schema\/logo\/image\/\",\"url\":\"https:\/\/www.printweb.de\/digitaldruck\/wp-content\/uploads\/2019\/11\/colour-connectio-printweb-logo.jpg\",\"contentUrl\":\"https:\/\/www.printweb.de\/digitaldruck\/wp-content\/uploads\/2019\/11\/colour-connectio-printweb-logo.jpg\",\"width\":1014,\"height\":229,\"caption\":\"Colour Connection GmbH, printweb.de, Frankfurt am Main\"},\"image\":{\"@id\":\"https:\/\/www.printweb.de\/digitaldruck\/#\/schema\/logo\/image\/\"},\"sameAs\":[\"https:\/\/www.facebook.com\/printweb.de\/\",\"https:\/\/x.com\/digitaldruck\",\"https:\/\/www.instagram.com\/printweb.de\/\",\"https:\/\/www.youtube.com\/user\/Digitaldruckerei\"]},{\"@type\":\"Person\",\"@id\":\"https:\/\/www.printweb.de\/digitaldruck\/#\/schema\/person\/0e0308818185589fb8602180e9273195\",\"name\":\"Ralph Hadem\",\"image\":{\"@type\":\"ImageObject\",\"inLanguage\":\"de-DE\",\"@id\":\"https:\/\/www.printweb.de\/digitaldruck\/#\/schema\/person\/image\/\",\"url\":\"https:\/\/secure.gravatar.com\/avatar\/386b1b183dce310c5ac8a8f475fdecd8?s=96&d=blank&r=g\",\"contentUrl\":\"https:\/\/secure.gravatar.com\/avatar\/386b1b183dce310c5ac8a8f475fdecd8?s=96&d=blank&r=g\",\"caption\":\"Ralph Hadem\"},\"sameAs\":[\"https:\/\/www.printweb.de\"],\"url\":\"https:\/\/www.printweb.de\/digitaldruck\/author\/ralphhadem\/\"}]}<\/script>\n<!-- \/ Yoast SEO plugin. -->","yoast_head_json":{"title":"Schrecklich sch\u00f6n - oder ganz sch\u00f6n schrecklich | Was Print bewirken kann.","robots":{"index":"index","follow":"follow","max-snippet":"max-snippet:-1","max-image-preview":"max-image-preview:large","max-video-preview":"max-video-preview:-1"},"canonical":"https:\/\/www.printweb.de\/digitaldruck\/schrecklich-schoen-oder-ganz-schoen-schrecklich\/1519\/","og_locale":"de_DE","og_type":"article","og_title":"Schrecklich sch\u00f6n - oder ganz sch\u00f6n schrecklich | Was Print bewirken kann.","og_description":"Ach ja, es l\u00e4stert sich so wunderbar \u00fcber die Sch\u00f6nen und Reichen oder \u00fcber die Gro\u00dfen und Multinationalen. ... mehr","og_url":"https:\/\/www.printweb.de\/digitaldruck\/schrecklich-schoen-oder-ganz-schoen-schrecklich\/1519\/","og_site_name":"Was Print bewirken kann.","article_publisher":"https:\/\/www.facebook.com\/printweb.de\/","article_published_time":"2009-03-13T20:03:49+00:00","article_modified_time":"2015-02-10T09:03:07+00:00","og_image":[{"width":428,"height":319,"url":"https:\/\/www.printweb.de\/digitaldruck\/wp-content\/uploads\/2009\/03\/mcdonalds-neue-verpackungen.png","type":"image\/png"}],"author":"Ralph Hadem","twitter_card":"summary_large_image","twitter_creator":"@digitaldruck","twitter_site":"@digitaldruck","twitter_misc":{"Verfasst von":"Ralph Hadem"},"schema":{"@context":"https:\/\/schema.org","@graph":[{"@type":"Article","@id":"https:\/\/www.printweb.de\/digitaldruck\/schrecklich-schoen-oder-ganz-schoen-schrecklich\/1519\/#article","isPartOf":{"@id":"https:\/\/www.printweb.de\/digitaldruck\/schrecklich-schoen-oder-ganz-schoen-schrecklich\/1519\/"},"author":{"name":"Ralph Hadem","@id":"https:\/\/www.printweb.de\/digitaldruck\/#\/schema\/person\/0e0308818185589fb8602180e9273195"},"headline":"Schrecklich sch\u00f6n &#8211; oder ganz sch\u00f6n schrecklich","datePublished":"2009-03-13T20:03:49+00:00","dateModified":"2015-02-10T09:03:07+00:00","mainEntityOfPage":{"@id":"https:\/\/www.printweb.de\/digitaldruck\/schrecklich-schoen-oder-ganz-schoen-schrecklich\/1519\/"},"wordCount":104,"commentCount":0,"publisher":{"@id":"https:\/\/www.printweb.de\/digitaldruck\/#organization"},"image":{"@id":"https:\/\/www.printweb.de\/digitaldruck\/schrecklich-schoen-oder-ganz-schoen-schrecklich\/1519\/#primaryimage"},"thumbnailUrl":"https:\/\/www.printweb.de\/digitaldruck\/wp-content\/uploads\/2009\/03\/mcdonalds-neue-verpackungen.png","articleSection":["Digitaldruck+Veredlung","Passiert - notiert"],"inLanguage":"de-DE","potentialAction":[{"@type":"CommentAction","name":"Comment","target":["https:\/\/www.printweb.de\/digitaldruck\/schrecklich-schoen-oder-ganz-schoen-schrecklich\/1519\/#respond"]}]},{"@type":"WebPage","@id":"https:\/\/www.printweb.de\/digitaldruck\/schrecklich-schoen-oder-ganz-schoen-schrecklich\/1519\/","url":"https:\/\/www.printweb.de\/digitaldruck\/schrecklich-schoen-oder-ganz-schoen-schrecklich\/1519\/","name":"Schrecklich sch\u00f6n - oder ganz sch\u00f6n schrecklich | Was Print bewirken kann.","isPartOf":{"@id":"https:\/\/www.printweb.de\/digitaldruck\/#website"},"primaryImageOfPage":{"@id":"https:\/\/www.printweb.de\/digitaldruck\/schrecklich-schoen-oder-ganz-schoen-schrecklich\/1519\/#primaryimage"},"image":{"@id":"https:\/\/www.printweb.de\/digitaldruck\/schrecklich-schoen-oder-ganz-schoen-schrecklich\/1519\/#primaryimage"},"thumbnailUrl":"https:\/\/www.printweb.de\/digitaldruck\/wp-content\/uploads\/2009\/03\/mcdonalds-neue-verpackungen.png","datePublished":"2009-03-13T20:03:49+00:00","dateModified":"2015-02-10T09:03:07+00:00","inLanguage":"de-DE","potentialAction":[{"@type":"ReadAction","target":["https:\/\/www.printweb.de\/digitaldruck\/schrecklich-schoen-oder-ganz-schoen-schrecklich\/1519\/"]}]},{"@type":"ImageObject","inLanguage":"de-DE","@id":"https:\/\/www.printweb.de\/digitaldruck\/schrecklich-schoen-oder-ganz-schoen-schrecklich\/1519\/#primaryimage","url":"https:\/\/www.printweb.de\/digitaldruck\/wp-content\/uploads\/2009\/03\/mcdonalds-neue-verpackungen.png","contentUrl":"https:\/\/www.printweb.de\/digitaldruck\/wp-content\/uploads\/2009\/03\/mcdonalds-neue-verpackungen.png","width":428,"height":319},{"@type":"WebSite","@id":"https:\/\/www.printweb.de\/digitaldruck\/#website","url":"https:\/\/www.printweb.de\/digitaldruck\/","name":"Was Print bewirken kann.","description":"Was Print bewirken kann \u2013 1700 Ideen.","publisher":{"@id":"https:\/\/www.printweb.de\/digitaldruck\/#organization"},"potentialAction":[{"@type":"SearchAction","target":{"@type":"EntryPoint","urlTemplate":"https:\/\/www.printweb.de\/digitaldruck\/?s={search_term_string}"},"query-input":"required name=search_term_string"}],"inLanguage":"de-DE"},{"@type":"Organization","@id":"https:\/\/www.printweb.de\/digitaldruck\/#organization","name":"Colour Connection GmbH, printweb.de, Frankfurt am Main","url":"https:\/\/www.printweb.de\/digitaldruck\/","logo":{"@type":"ImageObject","inLanguage":"de-DE","@id":"https:\/\/www.printweb.de\/digitaldruck\/#\/schema\/logo\/image\/","url":"https:\/\/www.printweb.de\/digitaldruck\/wp-content\/uploads\/2019\/11\/colour-connectio-printweb-logo.jpg","contentUrl":"https:\/\/www.printweb.de\/digitaldruck\/wp-content\/uploads\/2019\/11\/colour-connectio-printweb-logo.jpg","width":1014,"height":229,"caption":"Colour Connection GmbH, printweb.de, Frankfurt am Main"},"image":{"@id":"https:\/\/www.printweb.de\/digitaldruck\/#\/schema\/logo\/image\/"},"sameAs":["https:\/\/www.facebook.com\/printweb.de\/","https:\/\/x.com\/digitaldruck","https:\/\/www.instagram.com\/printweb.de\/","https:\/\/www.youtube.com\/user\/Digitaldruckerei"]},{"@type":"Person","@id":"https:\/\/www.printweb.de\/digitaldruck\/#\/schema\/person\/0e0308818185589fb8602180e9273195","name":"Ralph Hadem","image":{"@type":"ImageObject","inLanguage":"de-DE","@id":"https:\/\/www.printweb.de\/digitaldruck\/#\/schema\/person\/image\/","url":"https:\/\/secure.gravatar.com\/avatar\/386b1b183dce310c5ac8a8f475fdecd8?s=96&d=blank&r=g","contentUrl":"https:\/\/secure.gravatar.com\/avatar\/386b1b183dce310c5ac8a8f475fdecd8?s=96&d=blank&r=g","caption":"Ralph Hadem"},"sameAs":["https:\/\/www.printweb.de"],"url":"https:\/\/www.printweb.de\/digitaldruck\/author\/ralphhadem\/"}]}},"_links":{"self":[{"href":"https:\/\/www.printweb.de\/digitaldruck\/wp-json\/wp\/v2\/posts\/1519"}],"collection":[{"href":"https:\/\/www.printweb.de\/digitaldruck\/wp-json\/wp\/v2\/posts"}],"about":[{"href":"https:\/\/www.printweb.de\/digitaldruck\/wp-json\/wp\/v2\/types\/post"}],"author":[{"embeddable":true,"href":"https:\/\/www.printweb.de\/digitaldruck\/wp-json\/wp\/v2\/users\/2"}],"replies":[{"embeddable":true,"href":"https:\/\/www.printweb.de\/digitaldruck\/wp-json\/wp\/v2\/comments?post=1519"}],"version-history":[{"count":12,"href":"https:\/\/www.printweb.de\/digitaldruck\/wp-json\/wp\/v2\/posts\/1519\/revisions"}],"predecessor-version":[{"id":10913,"href":"https:\/\/www.printweb.de\/digitaldruck\/wp-json\/wp\/v2\/posts\/1519\/revisions\/10913"}],"wp:featuredmedia":[{"embeddable":true,"href":"https:\/\/www.printweb.de\/digitaldruck\/wp-json\/wp\/v2\/media\/1521"}],"wp:attachment":[{"href":"https:\/\/www.printweb.de\/digitaldruck\/wp-json\/wp\/v2\/media?parent=1519"}],"wp:term":[{"taxonomy":"category","embeddable":true,"href":"https:\/\/www.printweb.de\/digitaldruck\/wp-json\/wp\/v2\/categories?post=1519"},{"taxonomy":"post_tag","embeddable":true,"href":"https:\/\/www.printweb.de\/digitaldruck\/wp-json\/wp\/v2\/tags?post=1519"}],"curies":[{"name":"wp","href":"https:\/\/api.w.org\/{rel}","templated":true}]}}