{"id":15234,"date":"2019-03-13T09:20:25","date_gmt":"2019-03-13T08:20:25","guid":{"rendered":"https:\/\/www.printweb.de\/digitaldruck\/?p=15234"},"modified":"2019-03-13T15:47:34","modified_gmt":"2019-03-13T14:47:34","slug":"tuerchen-und-adventskalender-individuell-drucken-lassen","status":"publish","type":"post","link":"https:\/\/www.printweb.de\/digitaldruck\/tuerchen-und-adventskalender-individuell-drucken-lassen\/15234\/","title":{"rendered":"T\u00fcrchen- und Adventskalender ..."},"content":{"rendered":"<p>Eine kleine Aufmerksamkeit, die allen eine Freude macht, witzig und einfallsreich ist und nicht direkt im n\u00e4chsten M\u00fclleimer landet \u2013 jedes Jahr ringen kreative K\u00f6pfe in zahllosen Unternehmen um tolle Ideen f\u00fcr Adventskalender. Dabei reichen die Ideen von \u201enicht umsetzbar\u201c bis zu \u201ev\u00f6llig abwegig\u201c.<\/p>\n<p>Eine sch\u00f6ne Idee haben wir k\u00fcrzlich bei den Kollegen der Druckerei KIP entdeckt: Individuell gestaltete Adventskalender, die leicht zu produzieren sind, sorgen jeden Tag f\u00fcr ein kleines bisschen Spannung und zaubern mit lustigen Spr\u00fcchen oder kleinen Redewendungen ein L\u00e4cheln ins Gesicht des Kunden. Auch kleine Lotterien, Gewinnspiele oder das beliebte Wichteln l\u00e4sst sich mit einem Adventskalender so auf kreative Art verbinden.<\/p>\n<h2 ><span>\u00dcberraschende Werbeidee f\u00fcr viele Gelegenheiten<\/span><\/h2>\n<p>Die T\u00fcrchenkalender lassen sich nicht nur zur Weihnachtszeit als wunderbares Werbemittel einsetzen. \u00dcberraschen Sie Ihre Kunden mit einer kreativ gestalteten Bonuskarte, einem Countdownz\u00e4hler zum Onlinegang Ihrer neuen Webseite oder mit einer au\u00dfergew\u00f6hnlichen Idee f\u00fcr ein Gewinnspiel.<\/p>\n<p>Die T\u00fcrchenkalender ohne Schokoladenf\u00fcllung lassen sich ideal als Beilage in Zeitungen, Magazinen und Zeitschriften verwenden, machen aber auch als eigenst\u00e4ndiges Mailing Eindruck. So lassen sich potenzielle Kunden \u00fcberraschen und deren Neugier wird jeden Tag aufs Neue geweckt.<strong>\u00a0<\/strong><\/p>\n<p><a href=\"https:\/\/www.printweb.de\/digitaldruck\/wp-content\/uploads\/2019\/01\/adventskalender-drucken-mehrseitig.jpg\"><img decoding=\"async\" class=\"aligncenter size-thumbnail wp-image-15237\" src=\"https:\/\/www.printweb.de\/digitaldruck\/wp-content\/uploads\/2019\/01\/adventskalender-drucken-mehrseitig-683x195.jpg\" alt=\"\" \/><\/a><\/p>\n<h3 ><span>Spenden- und Sponsorenkalender<strong>\u00a0<\/strong><\/span><\/h3>\n<p>Besonders beliebt sind solche Kalender bei gemeinn\u00fctzigen Organisationen und Verb\u00e4nden wie den\u00a0<strong>Lions- und Rotary Clubs, Werbegemeinschaften<\/strong>\u00a0und\u00a0<strong>Kirchengemeinden<\/strong>. Denn auf der Suche nach neuen M\u00f6glichkeiten, Spenden zu sammeln, sind kreative Ideen stets willkommen. Besonders als Spendenkalender eignen sich T\u00fcrchenkalender perfekt.<\/p>\n<p>Mit einer individuellen Losnummer versehen hat der K\u00e4ufer des Kalenders jeden Tag die Chance auf einen der tollen Preise, die Sponsoren f\u00fcr den Kalender zur Verf\u00fcgung gestellt haben. Der Gewinn aus dem Verkauf kommt den gemeinn\u00fctzigen Projekten und Organisationen zugute. Besonders h\u00e4ufig sind Spendenkalender auch auf Weihnachtsm\u00e4rkten zu finden. Aber auch bei Kirchentagen, Stadtfesten oder zu Jubil\u00e4en kommen sie gut an.<\/p>\n<p><a href=\"https:\/\/www.printweb.de\/digitaldruck\/wp-content\/uploads\/2019\/01\/tuerchenkalender-drucken_01.jpg\"><img decoding=\"async\" class=\"aligncenter size-thumbnail wp-image-15238\" src=\"https:\/\/www.printweb.de\/digitaldruck\/wp-content\/uploads\/2019\/01\/tuerchenkalender-drucken_01-683x195.jpg\" alt=\"\" \/><\/a><\/p>\n<h3 ><span>T\u00fcrchenkalender mit Veredelungen<\/span><\/h3>\n<p>Um T\u00fcrchenkalender zu einem wahren Blickfang zu machen, bietet KIP eine Vielzahl an Veredelungsmethoden an. So steigern Sie die Wertigkeit des Kalenders und unterstreichen damit die Exklusivit\u00e4t und Qualit\u00e4t Ihres Unternehmens.<\/p>\n<ul>\n<li>partielle und vollfl\u00e4chige UV-Lacke<\/li>\n<li>Cellophanierung, wahlweise mit Matt-, Glanz- oder Strukturfolie<\/li>\n<li>Auch Glitter- und Effektlackierungen m\u00f6glich<\/li>\n<li>Hei\u00dffolien- und Hei\u00dffolienreliefpr\u00e4gungen<\/li>\n<li>Hoch-, Tief- und Reliefpr\u00e4gungen f\u00fcr eine besondere Haptik<\/li>\n<\/ul>\n<p>Von der Konzeption und Herstellung bis zum europaweiten Versand der T\u00fcrchenkalender k\u00fcmmert sich die <a href=\"http:\/\/www.kip.de\/adventskalender-drucken.html\">Druckerei KIP<\/a> um den vollst\u00e4ndigen Produktionsprozess. Auch Sonderformate wie Weihnachtsbaum- oder Osterkalender mit 31 T\u00fcrchen sind m\u00f6glich.<\/p>\n<p>Wer jetzt Lust bekommen hat, f\u00fcr dieses Jahr einen individuellen T\u00fcrchenkalender anfertigen zu lassen, sollte schnell bei KIP anfragen \u2013 die Planungen f\u00fcr 2019 laufen bereits ab Ostern\u2026.<\/p>\n<p><a href=\"https:\/\/www.printweb.de\/digitaldruck\/wp-content\/uploads\/2019\/01\/druckerei-tuerchenkalender__1_.jpg\"><img decoding=\"async\" class=\"aligncenter size-thumbnail wp-image-15239\" src=\"https:\/\/www.printweb.de\/digitaldruck\/wp-content\/uploads\/2019\/01\/druckerei-tuerchenkalender__1_-683x195.jpg\" alt=\"\" \/><\/a><\/p>\n","protected":false},"excerpt":{"rendered":"Eine kleine Aufmerksamkeit, die allen eine Freude macht, witzig und einfallsreich ist und nicht direkt im n\u00e4chsten M\u00fclleimer &#8230; <br><br><a class=\"readmore\" href=\"https:\/\/www.printweb.de\/digitaldruck\/tuerchen-und-adventskalender-individuell-drucken-lassen\/15234\/\">mehr<\/a>","protected":false},"author":2,"featured_media":15236,"comment_status":"open","ping_status":"open","sticky":false,"template":"","format":"standard","meta":{"_acf_changed":false,"footnotes":""},"categories":[1],"tags":[77,78,79,75,76],"class_list":["post-15234","post","type-post","status-publish","format-standard","has-post-thumbnail","hentry","category-alle-beitraege","tag-spendenkalender","tag-tuerchenkalender","tag-adventskalender","tag-werbeidee","tag-sponsorenkalender"],"acf":[],"yoast_head":"<!-- This site is optimized with the Yoast SEO plugin v23.1 - https:\/\/yoast.com\/wordpress\/plugins\/seo\/ -->\n<title>T\u00fcrchen- und Adventskalender individuell drucken lassen | Was Print bewirken kann.<\/title>\n<meta name=\"robots\" content=\"index, follow, max-snippet:-1, max-image-preview:large, max-video-preview:-1\" \/>\n<link rel=\"canonical\" href=\"https:\/\/www.printweb.de\/digitaldruck\/tuerchen-und-adventskalender-individuell-drucken-lassen\/15234\/\" \/>\n<meta property=\"og:locale\" content=\"de_DE\" \/>\n<meta property=\"og:type\" content=\"article\" \/>\n<meta property=\"og:title\" content=\"T\u00fcrchen- und Adventskalender individuell drucken lassen | Was Print bewirken kann.\" \/>\n<meta property=\"og:description\" content=\"Eine kleine Aufmerksamkeit, die allen eine Freude macht, witzig und einfallsreich ist und nicht direkt im n\u00e4chsten M\u00fclleimer ... mehr\" \/>\n<meta property=\"og:url\" content=\"https:\/\/www.printweb.de\/digitaldruck\/tuerchen-und-adventskalender-individuell-drucken-lassen\/15234\/\" \/>\n<meta property=\"og:site_name\" content=\"Was Print bewirken kann.\" \/>\n<meta property=\"article:publisher\" content=\"https:\/\/www.facebook.com\/printweb.de\/\" \/>\n<meta property=\"article:published_time\" content=\"2019-03-13T08:20:25+00:00\" \/>\n<meta property=\"article:modified_time\" content=\"2019-03-13T14:47:34+00:00\" \/>\n<meta property=\"og:image\" content=\"https:\/\/www.printweb.de\/digitaldruck\/wp-content\/uploads\/2019\/01\/tuerchen-und-adventskalender-intro.jpg\" \/>\n\t<meta property=\"og:image:width\" content=\"762\" \/>\n\t<meta property=\"og:image:height\" content=\"400\" \/>\n\t<meta property=\"og:image:type\" content=\"image\/jpeg\" \/>\n<meta name=\"author\" content=\"Ralph Hadem\" \/>\n<meta name=\"twitter:card\" content=\"summary_large_image\" \/>\n<meta name=\"twitter:creator\" content=\"@digitaldruck\" \/>\n<meta name=\"twitter:site\" content=\"@digitaldruck\" \/>\n<meta name=\"twitter:label1\" content=\"Verfasst von\" \/>\n\t<meta name=\"twitter:data1\" content=\"Ralph Hadem\" \/>\n\t<meta name=\"twitter:label2\" content=\"Gesch\u00e4tzte Lesezeit\" \/>\n\t<meta name=\"twitter:data2\" content=\"2 Minuten\" \/>\n<script type=\"application\/ld+json\" class=\"yoast-schema-graph\">{\"@context\":\"https:\/\/schema.org\",\"@graph\":[{\"@type\":\"Article\",\"@id\":\"https:\/\/www.printweb.de\/digitaldruck\/tuerchen-und-adventskalender-individuell-drucken-lassen\/15234\/#article\",\"isPartOf\":{\"@id\":\"https:\/\/www.printweb.de\/digitaldruck\/tuerchen-und-adventskalender-individuell-drucken-lassen\/15234\/\"},\"author\":{\"name\":\"Ralph Hadem\",\"@id\":\"https:\/\/www.printweb.de\/digitaldruck\/#\/schema\/person\/0e0308818185589fb8602180e9273195\"},\"headline\":\"T\u00fcrchen- und Adventskalender ...\",\"datePublished\":\"2019-03-13T08:20:25+00:00\",\"dateModified\":\"2019-03-13T14:47:34+00:00\",\"mainEntityOfPage\":{\"@id\":\"https:\/\/www.printweb.de\/digitaldruck\/tuerchen-und-adventskalender-individuell-drucken-lassen\/15234\/\"},\"wordCount\":461,\"commentCount\":0,\"publisher\":{\"@id\":\"https:\/\/www.printweb.de\/digitaldruck\/#organization\"},\"image\":{\"@id\":\"https:\/\/www.printweb.de\/digitaldruck\/tuerchen-und-adventskalender-individuell-drucken-lassen\/15234\/#primaryimage\"},\"thumbnailUrl\":\"https:\/\/www.printweb.de\/digitaldruck\/wp-content\/uploads\/2019\/01\/tuerchen-und-adventskalender-intro.jpg\",\"keywords\":[\"Spendenkalender\",\"T\u00fcrchenkalender\",\"Adventskalender\",\"Werbeidee\",\"Sponsorenkalender\"],\"articleSection\":[\"Digitaldruck+Veredlung\"],\"inLanguage\":\"de-DE\",\"potentialAction\":[{\"@type\":\"CommentAction\",\"name\":\"Comment\",\"target\":[\"https:\/\/www.printweb.de\/digitaldruck\/tuerchen-und-adventskalender-individuell-drucken-lassen\/15234\/#respond\"]}]},{\"@type\":\"WebPage\",\"@id\":\"https:\/\/www.printweb.de\/digitaldruck\/tuerchen-und-adventskalender-individuell-drucken-lassen\/15234\/\",\"url\":\"https:\/\/www.printweb.de\/digitaldruck\/tuerchen-und-adventskalender-individuell-drucken-lassen\/15234\/\",\"name\":\"T\u00fcrchen- und Adventskalender individuell drucken lassen | Was Print bewirken kann.\",\"isPartOf\":{\"@id\":\"https:\/\/www.printweb.de\/digitaldruck\/#website\"},\"primaryImageOfPage\":{\"@id\":\"https:\/\/www.printweb.de\/digitaldruck\/tuerchen-und-adventskalender-individuell-drucken-lassen\/15234\/#primaryimage\"},\"image\":{\"@id\":\"https:\/\/www.printweb.de\/digitaldruck\/tuerchen-und-adventskalender-individuell-drucken-lassen\/15234\/#primaryimage\"},\"thumbnailUrl\":\"https:\/\/www.printweb.de\/digitaldruck\/wp-content\/uploads\/2019\/01\/tuerchen-und-adventskalender-intro.jpg\",\"datePublished\":\"2019-03-13T08:20:25+00:00\",\"dateModified\":\"2019-03-13T14:47:34+00:00\",\"inLanguage\":\"de-DE\",\"potentialAction\":[{\"@type\":\"ReadAction\",\"target\":[\"https:\/\/www.printweb.de\/digitaldruck\/tuerchen-und-adventskalender-individuell-drucken-lassen\/15234\/\"]}]},{\"@type\":\"ImageObject\",\"inLanguage\":\"de-DE\",\"@id\":\"https:\/\/www.printweb.de\/digitaldruck\/tuerchen-und-adventskalender-individuell-drucken-lassen\/15234\/#primaryimage\",\"url\":\"https:\/\/www.printweb.de\/digitaldruck\/wp-content\/uploads\/2019\/01\/tuerchen-und-adventskalender-intro.jpg\",\"contentUrl\":\"https:\/\/www.printweb.de\/digitaldruck\/wp-content\/uploads\/2019\/01\/tuerchen-und-adventskalender-intro.jpg\",\"width\":762,\"height\":400},{\"@type\":\"WebSite\",\"@id\":\"https:\/\/www.printweb.de\/digitaldruck\/#website\",\"url\":\"https:\/\/www.printweb.de\/digitaldruck\/\",\"name\":\"Was Print bewirken kann.\",\"description\":\"Was Print bewirken kann \u2013 1700 Ideen.\",\"publisher\":{\"@id\":\"https:\/\/www.printweb.de\/digitaldruck\/#organization\"},\"potentialAction\":[{\"@type\":\"SearchAction\",\"target\":{\"@type\":\"EntryPoint\",\"urlTemplate\":\"https:\/\/www.printweb.de\/digitaldruck\/?s={search_term_string}\"},\"query-input\":\"required name=search_term_string\"}],\"inLanguage\":\"de-DE\"},{\"@type\":\"Organization\",\"@id\":\"https:\/\/www.printweb.de\/digitaldruck\/#organization\",\"name\":\"Colour Connection GmbH, printweb.de, Frankfurt am Main\",\"url\":\"https:\/\/www.printweb.de\/digitaldruck\/\",\"logo\":{\"@type\":\"ImageObject\",\"inLanguage\":\"de-DE\",\"@id\":\"https:\/\/www.printweb.de\/digitaldruck\/#\/schema\/logo\/image\/\",\"url\":\"https:\/\/www.printweb.de\/digitaldruck\/wp-content\/uploads\/2019\/11\/colour-connectio-printweb-logo.jpg\",\"contentUrl\":\"https:\/\/www.printweb.de\/digitaldruck\/wp-content\/uploads\/2019\/11\/colour-connectio-printweb-logo.jpg\",\"width\":1014,\"height\":229,\"caption\":\"Colour Connection GmbH, printweb.de, Frankfurt am Main\"},\"image\":{\"@id\":\"https:\/\/www.printweb.de\/digitaldruck\/#\/schema\/logo\/image\/\"},\"sameAs\":[\"https:\/\/www.facebook.com\/printweb.de\/\",\"https:\/\/x.com\/digitaldruck\",\"https:\/\/www.instagram.com\/printweb.de\/\",\"https:\/\/www.youtube.com\/user\/Digitaldruckerei\"]},{\"@type\":\"Person\",\"@id\":\"https:\/\/www.printweb.de\/digitaldruck\/#\/schema\/person\/0e0308818185589fb8602180e9273195\",\"name\":\"Ralph Hadem\",\"image\":{\"@type\":\"ImageObject\",\"inLanguage\":\"de-DE\",\"@id\":\"https:\/\/www.printweb.de\/digitaldruck\/#\/schema\/person\/image\/\",\"url\":\"https:\/\/secure.gravatar.com\/avatar\/386b1b183dce310c5ac8a8f475fdecd8?s=96&d=blank&r=g\",\"contentUrl\":\"https:\/\/secure.gravatar.com\/avatar\/386b1b183dce310c5ac8a8f475fdecd8?s=96&d=blank&r=g\",\"caption\":\"Ralph Hadem\"},\"sameAs\":[\"https:\/\/www.printweb.de\"],\"url\":\"https:\/\/www.printweb.de\/digitaldruck\/author\/ralphhadem\/\"}]}<\/script>\n<!-- \/ Yoast SEO plugin. -->","yoast_head_json":{"title":"T\u00fcrchen- und Adventskalender individuell drucken lassen | Was Print bewirken kann.","robots":{"index":"index","follow":"follow","max-snippet":"max-snippet:-1","max-image-preview":"max-image-preview:large","max-video-preview":"max-video-preview:-1"},"canonical":"https:\/\/www.printweb.de\/digitaldruck\/tuerchen-und-adventskalender-individuell-drucken-lassen\/15234\/","og_locale":"de_DE","og_type":"article","og_title":"T\u00fcrchen- und Adventskalender individuell drucken lassen | Was Print bewirken kann.","og_description":"Eine kleine Aufmerksamkeit, die allen eine Freude macht, witzig und einfallsreich ist und nicht direkt im n\u00e4chsten M\u00fclleimer ... mehr","og_url":"https:\/\/www.printweb.de\/digitaldruck\/tuerchen-und-adventskalender-individuell-drucken-lassen\/15234\/","og_site_name":"Was Print bewirken kann.","article_publisher":"https:\/\/www.facebook.com\/printweb.de\/","article_published_time":"2019-03-13T08:20:25+00:00","article_modified_time":"2019-03-13T14:47:34+00:00","og_image":[{"width":762,"height":400,"url":"https:\/\/www.printweb.de\/digitaldruck\/wp-content\/uploads\/2019\/01\/tuerchen-und-adventskalender-intro.jpg","type":"image\/jpeg"}],"author":"Ralph Hadem","twitter_card":"summary_large_image","twitter_creator":"@digitaldruck","twitter_site":"@digitaldruck","twitter_misc":{"Verfasst von":"Ralph Hadem","Gesch\u00e4tzte Lesezeit":"2 Minuten"},"schema":{"@context":"https:\/\/schema.org","@graph":[{"@type":"Article","@id":"https:\/\/www.printweb.de\/digitaldruck\/tuerchen-und-adventskalender-individuell-drucken-lassen\/15234\/#article","isPartOf":{"@id":"https:\/\/www.printweb.de\/digitaldruck\/tuerchen-und-adventskalender-individuell-drucken-lassen\/15234\/"},"author":{"name":"Ralph Hadem","@id":"https:\/\/www.printweb.de\/digitaldruck\/#\/schema\/person\/0e0308818185589fb8602180e9273195"},"headline":"T\u00fcrchen- und Adventskalender ...","datePublished":"2019-03-13T08:20:25+00:00","dateModified":"2019-03-13T14:47:34+00:00","mainEntityOfPage":{"@id":"https:\/\/www.printweb.de\/digitaldruck\/tuerchen-und-adventskalender-individuell-drucken-lassen\/15234\/"},"wordCount":461,"commentCount":0,"publisher":{"@id":"https:\/\/www.printweb.de\/digitaldruck\/#organization"},"image":{"@id":"https:\/\/www.printweb.de\/digitaldruck\/tuerchen-und-adventskalender-individuell-drucken-lassen\/15234\/#primaryimage"},"thumbnailUrl":"https:\/\/www.printweb.de\/digitaldruck\/wp-content\/uploads\/2019\/01\/tuerchen-und-adventskalender-intro.jpg","keywords":["Spendenkalender","T\u00fcrchenkalender","Adventskalender","Werbeidee","Sponsorenkalender"],"articleSection":["Digitaldruck+Veredlung"],"inLanguage":"de-DE","potentialAction":[{"@type":"CommentAction","name":"Comment","target":["https:\/\/www.printweb.de\/digitaldruck\/tuerchen-und-adventskalender-individuell-drucken-lassen\/15234\/#respond"]}]},{"@type":"WebPage","@id":"https:\/\/www.printweb.de\/digitaldruck\/tuerchen-und-adventskalender-individuell-drucken-lassen\/15234\/","url":"https:\/\/www.printweb.de\/digitaldruck\/tuerchen-und-adventskalender-individuell-drucken-lassen\/15234\/","name":"T\u00fcrchen- und Adventskalender individuell drucken lassen | Was Print bewirken kann.","isPartOf":{"@id":"https:\/\/www.printweb.de\/digitaldruck\/#website"},"primaryImageOfPage":{"@id":"https:\/\/www.printweb.de\/digitaldruck\/tuerchen-und-adventskalender-individuell-drucken-lassen\/15234\/#primaryimage"},"image":{"@id":"https:\/\/www.printweb.de\/digitaldruck\/tuerchen-und-adventskalender-individuell-drucken-lassen\/15234\/#primaryimage"},"thumbnailUrl":"https:\/\/www.printweb.de\/digitaldruck\/wp-content\/uploads\/2019\/01\/tuerchen-und-adventskalender-intro.jpg","datePublished":"2019-03-13T08:20:25+00:00","dateModified":"2019-03-13T14:47:34+00:00","inLanguage":"de-DE","potentialAction":[{"@type":"ReadAction","target":["https:\/\/www.printweb.de\/digitaldruck\/tuerchen-und-adventskalender-individuell-drucken-lassen\/15234\/"]}]},{"@type":"ImageObject","inLanguage":"de-DE","@id":"https:\/\/www.printweb.de\/digitaldruck\/tuerchen-und-adventskalender-individuell-drucken-lassen\/15234\/#primaryimage","url":"https:\/\/www.printweb.de\/digitaldruck\/wp-content\/uploads\/2019\/01\/tuerchen-und-adventskalender-intro.jpg","contentUrl":"https:\/\/www.printweb.de\/digitaldruck\/wp-content\/uploads\/2019\/01\/tuerchen-und-adventskalender-intro.jpg","width":762,"height":400},{"@type":"WebSite","@id":"https:\/\/www.printweb.de\/digitaldruck\/#website","url":"https:\/\/www.printweb.de\/digitaldruck\/","name":"Was Print bewirken kann.","description":"Was Print bewirken kann \u2013 1700 Ideen.","publisher":{"@id":"https:\/\/www.printweb.de\/digitaldruck\/#organization"},"potentialAction":[{"@type":"SearchAction","target":{"@type":"EntryPoint","urlTemplate":"https:\/\/www.printweb.de\/digitaldruck\/?s={search_term_string}"},"query-input":"required name=search_term_string"}],"inLanguage":"de-DE"},{"@type":"Organization","@id":"https:\/\/www.printweb.de\/digitaldruck\/#organization","name":"Colour Connection GmbH, printweb.de, Frankfurt am Main","url":"https:\/\/www.printweb.de\/digitaldruck\/","logo":{"@type":"ImageObject","inLanguage":"de-DE","@id":"https:\/\/www.printweb.de\/digitaldruck\/#\/schema\/logo\/image\/","url":"https:\/\/www.printweb.de\/digitaldruck\/wp-content\/uploads\/2019\/11\/colour-connectio-printweb-logo.jpg","contentUrl":"https:\/\/www.printweb.de\/digitaldruck\/wp-content\/uploads\/2019\/11\/colour-connectio-printweb-logo.jpg","width":1014,"height":229,"caption":"Colour Connection GmbH, printweb.de, Frankfurt am Main"},"image":{"@id":"https:\/\/www.printweb.de\/digitaldruck\/#\/schema\/logo\/image\/"},"sameAs":["https:\/\/www.facebook.com\/printweb.de\/","https:\/\/x.com\/digitaldruck","https:\/\/www.instagram.com\/printweb.de\/","https:\/\/www.youtube.com\/user\/Digitaldruckerei"]},{"@type":"Person","@id":"https:\/\/www.printweb.de\/digitaldruck\/#\/schema\/person\/0e0308818185589fb8602180e9273195","name":"Ralph Hadem","image":{"@type":"ImageObject","inLanguage":"de-DE","@id":"https:\/\/www.printweb.de\/digitaldruck\/#\/schema\/person\/image\/","url":"https:\/\/secure.gravatar.com\/avatar\/386b1b183dce310c5ac8a8f475fdecd8?s=96&d=blank&r=g","contentUrl":"https:\/\/secure.gravatar.com\/avatar\/386b1b183dce310c5ac8a8f475fdecd8?s=96&d=blank&r=g","caption":"Ralph Hadem"},"sameAs":["https:\/\/www.printweb.de"],"url":"https:\/\/www.printweb.de\/digitaldruck\/author\/ralphhadem\/"}]}},"_links":{"self":[{"href":"https:\/\/www.printweb.de\/digitaldruck\/wp-json\/wp\/v2\/posts\/15234"}],"collection":[{"href":"https:\/\/www.printweb.de\/digitaldruck\/wp-json\/wp\/v2\/posts"}],"about":[{"href":"https:\/\/www.printweb.de\/digitaldruck\/wp-json\/wp\/v2\/types\/post"}],"author":[{"embeddable":true,"href":"https:\/\/www.printweb.de\/digitaldruck\/wp-json\/wp\/v2\/users\/2"}],"replies":[{"embeddable":true,"href":"https:\/\/www.printweb.de\/digitaldruck\/wp-json\/wp\/v2\/comments?post=15234"}],"version-history":[{"count":3,"href":"https:\/\/www.printweb.de\/digitaldruck\/wp-json\/wp\/v2\/posts\/15234\/revisions"}],"predecessor-version":[{"id":15241,"href":"https:\/\/www.printweb.de\/digitaldruck\/wp-json\/wp\/v2\/posts\/15234\/revisions\/15241"}],"wp:featuredmedia":[{"embeddable":true,"href":"https:\/\/www.printweb.de\/digitaldruck\/wp-json\/wp\/v2\/media\/15236"}],"wp:attachment":[{"href":"https:\/\/www.printweb.de\/digitaldruck\/wp-json\/wp\/v2\/media?parent=15234"}],"wp:term":[{"taxonomy":"category","embeddable":true,"href":"https:\/\/www.printweb.de\/digitaldruck\/wp-json\/wp\/v2\/categories?post=15234"},{"taxonomy":"post_tag","embeddable":true,"href":"https:\/\/www.printweb.de\/digitaldruck\/wp-json\/wp\/v2\/tags?post=15234"}],"curies":[{"name":"wp","href":"https:\/\/api.w.org\/{rel}","templated":true}]}}