{"id":15868,"date":"2019-11-11T11:00:43","date_gmt":"2019-11-11T10:00:43","guid":{"rendered":"https:\/\/www.printweb.de\/digitaldruck\/?p=15868"},"modified":"2019-11-11T06:31:04","modified_gmt":"2019-11-11T05:31:04","slug":"adventskalender-drucken-lassen","status":"publish","type":"post","link":"https:\/\/www.printweb.de\/digitaldruck\/adventskalender-drucken-lassen\/15868\/","title":{"rendered":"Adventskalender drucken lassen: Als ..."},"content":{"rendered":"<p>Individuelle Adventskalender erfreuen sich als Werbeprodukte gro\u00dfer Beliebtheit. Wir produzieren sie ab Auflage 1. Auch als Mailing oder pers\u00f6nliches Werbegeschenk sind die vorweihnachtlichen Spezialprodukte eine gute Idee. Wenn Sie dar\u00fcber nachdenken, einen eigenen Adventskalender drucken zu lassen, haben Sie zahllose M\u00f6glichkeiten, passend zu nahezu jedem Budget.<\/p>\n<p><a href=\"https:\/\/www.printweb.de\/digitaldruck\/wp-content\/uploads\/2019\/11\/adventskalender-individuell.jpg\"><img decoding=\"async\" class=\"aligncenter wp-image-15878 size-thumbnail\" src=\"https:\/\/www.printweb.de\/digitaldruck\/wp-content\/uploads\/2019\/11\/adventskalender-individuell-765x490.jpg\" alt=\"Adventskalender individuell\" width=\"683\" height=\"437\" srcset=\"https:\/\/www.printweb.de\/digitaldruck\/wp-content\/uploads\/2019\/11\/adventskalender-individuell-765x490.jpg 765w, https:\/\/www.printweb.de\/digitaldruck\/wp-content\/uploads\/2019\/11\/adventskalender-individuell-768x492.jpg 768w, https:\/\/www.printweb.de\/digitaldruck\/wp-content\/uploads\/2019\/11\/adventskalender-individuell-370x237.jpg 370w, https:\/\/www.printweb.de\/digitaldruck\/wp-content\/uploads\/2019\/11\/adventskalender-individuell-133x85.jpg 133w, https:\/\/www.printweb.de\/digitaldruck\/wp-content\/uploads\/2019\/11\/adventskalender-individuell-211x135.jpg 211w\" sizes=\"(max-width: 683px) 100vw, 683px\" \/><\/a><\/p>\n<p>Aus technischen Gr\u00fcnden ist es kaum m\u00f6glich, Adventskalender zu bedrucken, die bereits fertig produziert sind. Die T\u00fcrchen bedingen eine Aufdoppelung des Kartons und eine partielle Verklebung der Vorder- und R\u00fcckseite, die selbst bei wenigen Exemplaren schon in \u201eArbeit\u201c ausartet. Wird die Verklebung maschinell ausgef\u00fchrt, spricht man von einer Fassonkaschierung.<\/p>\n<p><a href=\"https:\/\/www.printweb.de\/digitaldruck\/wp-content\/uploads\/2019\/11\/adventskalender-drucken-lassen.jpg\"><img decoding=\"async\" class=\"aligncenter wp-image-15877 size-thumbnail\" src=\"https:\/\/www.printweb.de\/digitaldruck\/wp-content\/uploads\/2019\/11\/adventskalender-drucken-lassen-765x490.jpg\" alt=\"Adventskalender drucken lassen\" width=\"683\" height=\"437\" srcset=\"https:\/\/www.printweb.de\/digitaldruck\/wp-content\/uploads\/2019\/11\/adventskalender-drucken-lassen-765x490.jpg 765w, https:\/\/www.printweb.de\/digitaldruck\/wp-content\/uploads\/2019\/11\/adventskalender-drucken-lassen-768x492.jpg 768w, https:\/\/www.printweb.de\/digitaldruck\/wp-content\/uploads\/2019\/11\/adventskalender-drucken-lassen-370x237.jpg 370w, https:\/\/www.printweb.de\/digitaldruck\/wp-content\/uploads\/2019\/11\/adventskalender-drucken-lassen-133x85.jpg 133w, https:\/\/www.printweb.de\/digitaldruck\/wp-content\/uploads\/2019\/11\/adventskalender-drucken-lassen-211x135.jpg 211w\" sizes=\"(max-width: 683px) 100vw, 683px\" \/><\/a><\/p>\n<p>Soll hinter den 24 T\u00fcrchen eine Box enthalten sein, die eine F\u00fcllung enth\u00e4lt, ist der Aufwand gr\u00f6\u00dfer als bei der hier zu sehenden flachen Ausf\u00fchrung. Aber auch die g\u00fcnstigere Version kann viel Charme entwickeln. Hinter den T\u00fcrchen des Kalenders k\u00f6nnen sich Zitate, branchenbezogene Spr\u00fcche oder auch ein R\u00e4tsel verbergen, dass sich von Tag zu Tag entwickelt. Ihren Ideen und der Dramaturgie sind so kaum Grenzen gesetzt.<\/p>\n<p><a href=\"https:\/\/www.printweb.de\/digitaldruck\/wp-content\/uploads\/2019\/11\/adventskalender-bedrucken.jpg\"><img decoding=\"async\" class=\"aligncenter wp-image-15876 size-thumbnail\" src=\"https:\/\/www.printweb.de\/digitaldruck\/wp-content\/uploads\/2019\/11\/adventskalender-bedrucken-765x490.jpg\" alt=\"Adventskalender bedrucken\" width=\"683\" height=\"437\" srcset=\"https:\/\/www.printweb.de\/digitaldruck\/wp-content\/uploads\/2019\/11\/adventskalender-bedrucken-765x490.jpg 765w, https:\/\/www.printweb.de\/digitaldruck\/wp-content\/uploads\/2019\/11\/adventskalender-bedrucken-768x492.jpg 768w, https:\/\/www.printweb.de\/digitaldruck\/wp-content\/uploads\/2019\/11\/adventskalender-bedrucken-370x237.jpg 370w, https:\/\/www.printweb.de\/digitaldruck\/wp-content\/uploads\/2019\/11\/adventskalender-bedrucken-133x85.jpg 133w, https:\/\/www.printweb.de\/digitaldruck\/wp-content\/uploads\/2019\/11\/adventskalender-bedrucken-211x135.jpg 211w\" sizes=\"(max-width: 683px) 100vw, 683px\" \/><\/a><\/p>\n<h3 ><span>Adventskalender drucken lassen<\/span><\/h3>\n<p>Es gibt spezialisierte Druckereien f\u00fcr Adventskalender, die aber h\u00e4ufig erst ab einer Mindestauflage von 500 Exemplaren oder mehr produzieren. Wir fertigen Ihren Adventskalender bereits ab Auflage 1, mit Materialien Ihrer Wahl und in der von Ihnen gew\u00fcnschten Gr\u00f6\u00dfe. Auch Veredlungen wie Hei\u00dffolienpr\u00e4gung, Blindpr\u00e4gung oder Sonderfarben wie Gold oder Wei\u00df und partielle Lackierungen sind m\u00f6glich. Die Lieferzeit betr\u00e4gt, je nach Auflage 5 bis 20 Werktage.<\/p>\n\n","protected":false},"excerpt":{"rendered":"Individuelle Adventskalender erfreuen sich als Werbeprodukte gro\u00dfer Beliebtheit. Wir produzieren sie ab Auflage 1. Auch als Mailing oder &#8230; <br><br><a class=\"readmore\" href=\"https:\/\/www.printweb.de\/digitaldruck\/adventskalender-drucken-lassen\/15868\/\">mehr<\/a>","protected":false},"author":2,"featured_media":15878,"comment_status":"open","ping_status":"open","sticky":false,"template":"","format":"standard","meta":{"_acf_changed":false,"footnotes":""},"categories":[1,34,31,20,70,55,60,72,50,18,71,63],"tags":[],"class_list":["post-15868","post","type-post","status-publish","format-standard","has-post-thumbnail","hentry","category-alle-beitraege","category-papier-und-bedruckstoffe","category-weiterverarbeitung","category-produktion","category-heissfolienveredlung","category-digitaler-lack","category-sonderfarbe-gold","category-sonderfarbe-weiss","category-digitale-stanze","category-flyer-und-karten","category-individuelle-verpackungen","category-feature"],"acf":[],"yoast_head":"<!-- This site is optimized with the Yoast SEO plugin v23.1 - https:\/\/yoast.com\/wordpress\/plugins\/seo\/ -->\n<title>Adventskalender drucken lassen: Als Klappkarte einfach und g\u00fcnstig versenden | Was Print bewirken kann.<\/title>\n<meta name=\"robots\" content=\"index, follow, max-snippet:-1, max-image-preview:large, max-video-preview:-1\" \/>\n<link rel=\"canonical\" href=\"https:\/\/www.printweb.de\/digitaldruck\/adventskalender-drucken-lassen\/15868\/\" \/>\n<meta property=\"og:locale\" content=\"de_DE\" \/>\n<meta property=\"og:type\" content=\"article\" \/>\n<meta property=\"og:title\" content=\"Adventskalender drucken lassen: Als Klappkarte einfach und g\u00fcnstig versenden | Was Print bewirken kann.\" \/>\n<meta property=\"og:description\" content=\"Individuelle Adventskalender erfreuen sich als Werbeprodukte gro\u00dfer Beliebtheit. Wir produzieren sie ab Auflage 1. Auch als Mailing oder ... mehr\" \/>\n<meta property=\"og:url\" content=\"https:\/\/www.printweb.de\/digitaldruck\/adventskalender-drucken-lassen\/15868\/\" \/>\n<meta property=\"og:site_name\" content=\"Was Print bewirken kann.\" \/>\n<meta property=\"article:publisher\" content=\"https:\/\/www.facebook.com\/printweb.de\/\" \/>\n<meta property=\"article:published_time\" content=\"2019-11-11T10:00:43+00:00\" \/>\n<meta property=\"article:modified_time\" content=\"2019-11-11T05:31:04+00:00\" \/>\n<meta property=\"og:image\" content=\"https:\/\/www.printweb.de\/digitaldruck\/wp-content\/uploads\/2019\/11\/adventskalender-individuell.jpg\" \/>\n\t<meta property=\"og:image:width\" content=\"2296\" \/>\n\t<meta property=\"og:image:height\" content=\"1470\" \/>\n\t<meta property=\"og:image:type\" content=\"image\/jpeg\" \/>\n<meta name=\"author\" content=\"Ralph Hadem\" \/>\n<meta name=\"twitter:card\" content=\"summary_large_image\" \/>\n<meta name=\"twitter:creator\" content=\"@digitaldruck\" \/>\n<meta name=\"twitter:site\" content=\"@digitaldruck\" \/>\n<meta name=\"twitter:label1\" content=\"Verfasst von\" \/>\n\t<meta name=\"twitter:data1\" content=\"Ralph Hadem\" \/>\n\t<meta name=\"twitter:label2\" content=\"Gesch\u00e4tzte Lesezeit\" \/>\n\t<meta name=\"twitter:data2\" content=\"1 Minute\" \/>\n<script type=\"application\/ld+json\" class=\"yoast-schema-graph\">{\"@context\":\"https:\/\/schema.org\",\"@graph\":[{\"@type\":\"Article\",\"@id\":\"https:\/\/www.printweb.de\/digitaldruck\/adventskalender-drucken-lassen\/15868\/#article\",\"isPartOf\":{\"@id\":\"https:\/\/www.printweb.de\/digitaldruck\/adventskalender-drucken-lassen\/15868\/\"},\"author\":{\"name\":\"Ralph Hadem\",\"@id\":\"https:\/\/www.printweb.de\/digitaldruck\/#\/schema\/person\/0e0308818185589fb8602180e9273195\"},\"headline\":\"Adventskalender drucken lassen: Als ...\",\"datePublished\":\"2019-11-11T10:00:43+00:00\",\"dateModified\":\"2019-11-11T05:31:04+00:00\",\"mainEntityOfPage\":{\"@id\":\"https:\/\/www.printweb.de\/digitaldruck\/adventskalender-drucken-lassen\/15868\/\"},\"wordCount\":268,\"commentCount\":0,\"publisher\":{\"@id\":\"https:\/\/www.printweb.de\/digitaldruck\/#organization\"},\"image\":{\"@id\":\"https:\/\/www.printweb.de\/digitaldruck\/adventskalender-drucken-lassen\/15868\/#primaryimage\"},\"thumbnailUrl\":\"https:\/\/www.printweb.de\/digitaldruck\/wp-content\/uploads\/2019\/11\/adventskalender-individuell.jpg\",\"articleSection\":[\"Digitaldruck+Veredlung\",\"Papier &amp; Bedruckstoffe\",\"Weiterverarbeitung\",\"Produktion, Beratung\",\"Hei\u00dffolienpr\u00e4gung, Blindpr\u00e4gung\",\"Digitaler Lack\",\"Sonderfarbe Gold\",\"Sonderfarbe Wei\u00df\",\"Digitale Stanze\",\"Flyer, Folder und Karten\",\"Individuelle Verpackungen\",\"Feature\"],\"inLanguage\":\"de-DE\",\"potentialAction\":[{\"@type\":\"CommentAction\",\"name\":\"Comment\",\"target\":[\"https:\/\/www.printweb.de\/digitaldruck\/adventskalender-drucken-lassen\/15868\/#respond\"]}]},{\"@type\":\"WebPage\",\"@id\":\"https:\/\/www.printweb.de\/digitaldruck\/adventskalender-drucken-lassen\/15868\/\",\"url\":\"https:\/\/www.printweb.de\/digitaldruck\/adventskalender-drucken-lassen\/15868\/\",\"name\":\"Adventskalender drucken lassen: Als Klappkarte einfach und g\u00fcnstig versenden | Was Print bewirken kann.\",\"isPartOf\":{\"@id\":\"https:\/\/www.printweb.de\/digitaldruck\/#website\"},\"primaryImageOfPage\":{\"@id\":\"https:\/\/www.printweb.de\/digitaldruck\/adventskalender-drucken-lassen\/15868\/#primaryimage\"},\"image\":{\"@id\":\"https:\/\/www.printweb.de\/digitaldruck\/adventskalender-drucken-lassen\/15868\/#primaryimage\"},\"thumbnailUrl\":\"https:\/\/www.printweb.de\/digitaldruck\/wp-content\/uploads\/2019\/11\/adventskalender-individuell.jpg\",\"datePublished\":\"2019-11-11T10:00:43+00:00\",\"dateModified\":\"2019-11-11T05:31:04+00:00\",\"inLanguage\":\"de-DE\",\"potentialAction\":[{\"@type\":\"ReadAction\",\"target\":[\"https:\/\/www.printweb.de\/digitaldruck\/adventskalender-drucken-lassen\/15868\/\"]}]},{\"@type\":\"ImageObject\",\"inLanguage\":\"de-DE\",\"@id\":\"https:\/\/www.printweb.de\/digitaldruck\/adventskalender-drucken-lassen\/15868\/#primaryimage\",\"url\":\"https:\/\/www.printweb.de\/digitaldruck\/wp-content\/uploads\/2019\/11\/adventskalender-individuell.jpg\",\"contentUrl\":\"https:\/\/www.printweb.de\/digitaldruck\/wp-content\/uploads\/2019\/11\/adventskalender-individuell.jpg\",\"width\":2296,\"height\":1470,\"caption\":\"Adventskalender Individuell\"},{\"@type\":\"WebSite\",\"@id\":\"https:\/\/www.printweb.de\/digitaldruck\/#website\",\"url\":\"https:\/\/www.printweb.de\/digitaldruck\/\",\"name\":\"Was Print bewirken kann.\",\"description\":\"Was Print bewirken kann \u2013 1700 Ideen.\",\"publisher\":{\"@id\":\"https:\/\/www.printweb.de\/digitaldruck\/#organization\"},\"potentialAction\":[{\"@type\":\"SearchAction\",\"target\":{\"@type\":\"EntryPoint\",\"urlTemplate\":\"https:\/\/www.printweb.de\/digitaldruck\/?s={search_term_string}\"},\"query-input\":\"required name=search_term_string\"}],\"inLanguage\":\"de-DE\"},{\"@type\":\"Organization\",\"@id\":\"https:\/\/www.printweb.de\/digitaldruck\/#organization\",\"name\":\"Colour Connection GmbH, printweb.de, Frankfurt am Main\",\"url\":\"https:\/\/www.printweb.de\/digitaldruck\/\",\"logo\":{\"@type\":\"ImageObject\",\"inLanguage\":\"de-DE\",\"@id\":\"https:\/\/www.printweb.de\/digitaldruck\/#\/schema\/logo\/image\/\",\"url\":\"https:\/\/www.printweb.de\/digitaldruck\/wp-content\/uploads\/2019\/11\/colour-connectio-printweb-logo.jpg\",\"contentUrl\":\"https:\/\/www.printweb.de\/digitaldruck\/wp-content\/uploads\/2019\/11\/colour-connectio-printweb-logo.jpg\",\"width\":1014,\"height\":229,\"caption\":\"Colour Connection GmbH, printweb.de, Frankfurt am Main\"},\"image\":{\"@id\":\"https:\/\/www.printweb.de\/digitaldruck\/#\/schema\/logo\/image\/\"},\"sameAs\":[\"https:\/\/www.facebook.com\/printweb.de\/\",\"https:\/\/x.com\/digitaldruck\",\"https:\/\/www.instagram.com\/printweb.de\/\",\"https:\/\/www.youtube.com\/user\/Digitaldruckerei\"]},{\"@type\":\"Person\",\"@id\":\"https:\/\/www.printweb.de\/digitaldruck\/#\/schema\/person\/0e0308818185589fb8602180e9273195\",\"name\":\"Ralph Hadem\",\"image\":{\"@type\":\"ImageObject\",\"inLanguage\":\"de-DE\",\"@id\":\"https:\/\/www.printweb.de\/digitaldruck\/#\/schema\/person\/image\/\",\"url\":\"https:\/\/secure.gravatar.com\/avatar\/386b1b183dce310c5ac8a8f475fdecd8?s=96&d=blank&r=g\",\"contentUrl\":\"https:\/\/secure.gravatar.com\/avatar\/386b1b183dce310c5ac8a8f475fdecd8?s=96&d=blank&r=g\",\"caption\":\"Ralph Hadem\"},\"sameAs\":[\"https:\/\/www.printweb.de\"],\"url\":\"https:\/\/www.printweb.de\/digitaldruck\/author\/ralphhadem\/\"}]}<\/script>\n<!-- \/ Yoast SEO plugin. -->","yoast_head_json":{"title":"Adventskalender drucken lassen: Als Klappkarte einfach und g\u00fcnstig versenden | Was Print bewirken kann.","robots":{"index":"index","follow":"follow","max-snippet":"max-snippet:-1","max-image-preview":"max-image-preview:large","max-video-preview":"max-video-preview:-1"},"canonical":"https:\/\/www.printweb.de\/digitaldruck\/adventskalender-drucken-lassen\/15868\/","og_locale":"de_DE","og_type":"article","og_title":"Adventskalender drucken lassen: Als Klappkarte einfach und g\u00fcnstig versenden | Was Print bewirken kann.","og_description":"Individuelle Adventskalender erfreuen sich als Werbeprodukte gro\u00dfer Beliebtheit. Wir produzieren sie ab Auflage 1. Auch als Mailing oder ... mehr","og_url":"https:\/\/www.printweb.de\/digitaldruck\/adventskalender-drucken-lassen\/15868\/","og_site_name":"Was Print bewirken kann.","article_publisher":"https:\/\/www.facebook.com\/printweb.de\/","article_published_time":"2019-11-11T10:00:43+00:00","article_modified_time":"2019-11-11T05:31:04+00:00","og_image":[{"width":2296,"height":1470,"url":"https:\/\/www.printweb.de\/digitaldruck\/wp-content\/uploads\/2019\/11\/adventskalender-individuell.jpg","type":"image\/jpeg"}],"author":"Ralph Hadem","twitter_card":"summary_large_image","twitter_creator":"@digitaldruck","twitter_site":"@digitaldruck","twitter_misc":{"Verfasst von":"Ralph Hadem","Gesch\u00e4tzte Lesezeit":"1 Minute"},"schema":{"@context":"https:\/\/schema.org","@graph":[{"@type":"Article","@id":"https:\/\/www.printweb.de\/digitaldruck\/adventskalender-drucken-lassen\/15868\/#article","isPartOf":{"@id":"https:\/\/www.printweb.de\/digitaldruck\/adventskalender-drucken-lassen\/15868\/"},"author":{"name":"Ralph Hadem","@id":"https:\/\/www.printweb.de\/digitaldruck\/#\/schema\/person\/0e0308818185589fb8602180e9273195"},"headline":"Adventskalender drucken lassen: Als ...","datePublished":"2019-11-11T10:00:43+00:00","dateModified":"2019-11-11T05:31:04+00:00","mainEntityOfPage":{"@id":"https:\/\/www.printweb.de\/digitaldruck\/adventskalender-drucken-lassen\/15868\/"},"wordCount":268,"commentCount":0,"publisher":{"@id":"https:\/\/www.printweb.de\/digitaldruck\/#organization"},"image":{"@id":"https:\/\/www.printweb.de\/digitaldruck\/adventskalender-drucken-lassen\/15868\/#primaryimage"},"thumbnailUrl":"https:\/\/www.printweb.de\/digitaldruck\/wp-content\/uploads\/2019\/11\/adventskalender-individuell.jpg","articleSection":["Digitaldruck+Veredlung","Papier &amp; Bedruckstoffe","Weiterverarbeitung","Produktion, Beratung","Hei\u00dffolienpr\u00e4gung, Blindpr\u00e4gung","Digitaler Lack","Sonderfarbe Gold","Sonderfarbe Wei\u00df","Digitale Stanze","Flyer, Folder und Karten","Individuelle Verpackungen","Feature"],"inLanguage":"de-DE","potentialAction":[{"@type":"CommentAction","name":"Comment","target":["https:\/\/www.printweb.de\/digitaldruck\/adventskalender-drucken-lassen\/15868\/#respond"]}]},{"@type":"WebPage","@id":"https:\/\/www.printweb.de\/digitaldruck\/adventskalender-drucken-lassen\/15868\/","url":"https:\/\/www.printweb.de\/digitaldruck\/adventskalender-drucken-lassen\/15868\/","name":"Adventskalender drucken lassen: Als Klappkarte einfach und g\u00fcnstig versenden | Was Print bewirken kann.","isPartOf":{"@id":"https:\/\/www.printweb.de\/digitaldruck\/#website"},"primaryImageOfPage":{"@id":"https:\/\/www.printweb.de\/digitaldruck\/adventskalender-drucken-lassen\/15868\/#primaryimage"},"image":{"@id":"https:\/\/www.printweb.de\/digitaldruck\/adventskalender-drucken-lassen\/15868\/#primaryimage"},"thumbnailUrl":"https:\/\/www.printweb.de\/digitaldruck\/wp-content\/uploads\/2019\/11\/adventskalender-individuell.jpg","datePublished":"2019-11-11T10:00:43+00:00","dateModified":"2019-11-11T05:31:04+00:00","inLanguage":"de-DE","potentialAction":[{"@type":"ReadAction","target":["https:\/\/www.printweb.de\/digitaldruck\/adventskalender-drucken-lassen\/15868\/"]}]},{"@type":"ImageObject","inLanguage":"de-DE","@id":"https:\/\/www.printweb.de\/digitaldruck\/adventskalender-drucken-lassen\/15868\/#primaryimage","url":"https:\/\/www.printweb.de\/digitaldruck\/wp-content\/uploads\/2019\/11\/adventskalender-individuell.jpg","contentUrl":"https:\/\/www.printweb.de\/digitaldruck\/wp-content\/uploads\/2019\/11\/adventskalender-individuell.jpg","width":2296,"height":1470,"caption":"Adventskalender Individuell"},{"@type":"WebSite","@id":"https:\/\/www.printweb.de\/digitaldruck\/#website","url":"https:\/\/www.printweb.de\/digitaldruck\/","name":"Was Print bewirken kann.","description":"Was Print bewirken kann \u2013 1700 Ideen.","publisher":{"@id":"https:\/\/www.printweb.de\/digitaldruck\/#organization"},"potentialAction":[{"@type":"SearchAction","target":{"@type":"EntryPoint","urlTemplate":"https:\/\/www.printweb.de\/digitaldruck\/?s={search_term_string}"},"query-input":"required name=search_term_string"}],"inLanguage":"de-DE"},{"@type":"Organization","@id":"https:\/\/www.printweb.de\/digitaldruck\/#organization","name":"Colour Connection GmbH, printweb.de, Frankfurt am Main","url":"https:\/\/www.printweb.de\/digitaldruck\/","logo":{"@type":"ImageObject","inLanguage":"de-DE","@id":"https:\/\/www.printweb.de\/digitaldruck\/#\/schema\/logo\/image\/","url":"https:\/\/www.printweb.de\/digitaldruck\/wp-content\/uploads\/2019\/11\/colour-connectio-printweb-logo.jpg","contentUrl":"https:\/\/www.printweb.de\/digitaldruck\/wp-content\/uploads\/2019\/11\/colour-connectio-printweb-logo.jpg","width":1014,"height":229,"caption":"Colour Connection GmbH, printweb.de, Frankfurt am Main"},"image":{"@id":"https:\/\/www.printweb.de\/digitaldruck\/#\/schema\/logo\/image\/"},"sameAs":["https:\/\/www.facebook.com\/printweb.de\/","https:\/\/x.com\/digitaldruck","https:\/\/www.instagram.com\/printweb.de\/","https:\/\/www.youtube.com\/user\/Digitaldruckerei"]},{"@type":"Person","@id":"https:\/\/www.printweb.de\/digitaldruck\/#\/schema\/person\/0e0308818185589fb8602180e9273195","name":"Ralph Hadem","image":{"@type":"ImageObject","inLanguage":"de-DE","@id":"https:\/\/www.printweb.de\/digitaldruck\/#\/schema\/person\/image\/","url":"https:\/\/secure.gravatar.com\/avatar\/386b1b183dce310c5ac8a8f475fdecd8?s=96&d=blank&r=g","contentUrl":"https:\/\/secure.gravatar.com\/avatar\/386b1b183dce310c5ac8a8f475fdecd8?s=96&d=blank&r=g","caption":"Ralph Hadem"},"sameAs":["https:\/\/www.printweb.de"],"url":"https:\/\/www.printweb.de\/digitaldruck\/author\/ralphhadem\/"}]}},"_links":{"self":[{"href":"https:\/\/www.printweb.de\/digitaldruck\/wp-json\/wp\/v2\/posts\/15868"}],"collection":[{"href":"https:\/\/www.printweb.de\/digitaldruck\/wp-json\/wp\/v2\/posts"}],"about":[{"href":"https:\/\/www.printweb.de\/digitaldruck\/wp-json\/wp\/v2\/types\/post"}],"author":[{"embeddable":true,"href":"https:\/\/www.printweb.de\/digitaldruck\/wp-json\/wp\/v2\/users\/2"}],"replies":[{"embeddable":true,"href":"https:\/\/www.printweb.de\/digitaldruck\/wp-json\/wp\/v2\/comments?post=15868"}],"version-history":[{"count":13,"href":"https:\/\/www.printweb.de\/digitaldruck\/wp-json\/wp\/v2\/posts\/15868\/revisions"}],"predecessor-version":[{"id":15887,"href":"https:\/\/www.printweb.de\/digitaldruck\/wp-json\/wp\/v2\/posts\/15868\/revisions\/15887"}],"wp:featuredmedia":[{"embeddable":true,"href":"https:\/\/www.printweb.de\/digitaldruck\/wp-json\/wp\/v2\/media\/15878"}],"wp:attachment":[{"href":"https:\/\/www.printweb.de\/digitaldruck\/wp-json\/wp\/v2\/media?parent=15868"}],"wp:term":[{"taxonomy":"category","embeddable":true,"href":"https:\/\/www.printweb.de\/digitaldruck\/wp-json\/wp\/v2\/categories?post=15868"},{"taxonomy":"post_tag","embeddable":true,"href":"https:\/\/www.printweb.de\/digitaldruck\/wp-json\/wp\/v2\/tags?post=15868"}],"curies":[{"name":"wp","href":"https:\/\/api.w.org\/{rel}","templated":true}]}}