{"id":16717,"date":"2025-04-28T11:00:37","date_gmt":"2025-04-28T09:00:37","guid":{"rendered":"https:\/\/www.printweb.de\/digitaldruck\/?p=16717"},"modified":"2025-04-25T10:24:17","modified_gmt":"2025-04-25T08:24:17","slug":"kraftkarton-robust-schoen-nachhaltig-und-ganz-klar-auf-der-ueberholspur","status":"publish","type":"post","link":"https:\/\/www.printweb.de\/digitaldruck\/kraftkarton-robust-schoen-nachhaltig-und-ganz-klar-auf-der-ueberholspur\/16717\/","title":{"rendered":"Kraftkarton \u2013 robust, sch\u00f6n, ..."},"content":{"rendered":"<p class=\"\" data-start=\"189\" data-end=\"309\">Recyclingpapier ist automatisch grau, rau und uninspirierend. Stimmt nicht! Denn Sie\u00a0 kennen unseren Kraftkarton noch nicht. Kraftkarton ist der ungeschliffene Rohdiamant unter den Naturpapieren. Seine nat\u00fcrliche, warme Braunf\u00e4rbung wirkt wertig und modern. Die Haptik? Markant und doch edel.<\/p>\n<p><img decoding=\"async\" class=\"aligncenter wp-image-16720 size-thumbnail\" src=\"https:\/\/www.printweb.de\/digitaldruck\/wp-content\/uploads\/2021\/06\/kraftkarton-mit-schwarzdruck-765x490.jpg\" alt=\"Kraftkarton\" width=\"683\" height=\"437\" srcset=\"https:\/\/www.printweb.de\/digitaldruck\/wp-content\/uploads\/2021\/06\/kraftkarton-mit-schwarzdruck-765x490.jpg 765w, https:\/\/www.printweb.de\/digitaldruck\/wp-content\/uploads\/2021\/06\/kraftkarton-mit-schwarzdruck-768x492.jpg 768w, https:\/\/www.printweb.de\/digitaldruck\/wp-content\/uploads\/2021\/06\/kraftkarton-mit-schwarzdruck-1536x984.jpg 1536w, https:\/\/www.printweb.de\/digitaldruck\/wp-content\/uploads\/2021\/06\/kraftkarton-mit-schwarzdruck-2048x1312.jpg 2048w, https:\/\/www.printweb.de\/digitaldruck\/wp-content\/uploads\/2021\/06\/kraftkarton-mit-schwarzdruck-370x237.jpg 370w, https:\/\/www.printweb.de\/digitaldruck\/wp-content\/uploads\/2021\/06\/kraftkarton-mit-schwarzdruck-133x85.jpg 133w, https:\/\/www.printweb.de\/digitaldruck\/wp-content\/uploads\/2021\/06\/kraftkarton-mit-schwarzdruck-211x135.jpg 211w\" sizes=\"(max-width: 683px) 100vw, 683px\" \/><\/p>\n<h3  class=\"\" data-start=\"651\" data-end=\"681\"><span>Was genau ist Kraftkarton?<\/span><\/h3>\n<p class=\"\" data-start=\"683\" data-end=\"1101\">Kraftkarton \u2013 in unserem Sortiment z.\u202fB. als 307g Kraftpak erh\u00e4ltlich \u2013 ist ein durchgef\u00e4rbter Recyclingkarton mit viel Substanz. Der Name sagt schon alles: \u201eKraft\u201c steht f\u00fcr St\u00e4rke, Stabilit\u00e4t und Widerstandsf\u00e4higkeit. Aber dieser Karton ist nicht nur robust. Er verleiht Ihren Drucksachen eine nat\u00fcrliche Ausstrahlung, ein besonderes Gef\u00fchl beim Anfassen \u2013 und er f\u00e4llt auf.<\/p>\n<h3  class=\"\" data-start=\"1103\" data-end=\"1151\"><span>F\u00fcr welche Projekte eignet sich Kraftkarton?<\/span><\/h3>\n<p class=\"\" data-start=\"1153\" data-end=\"1288\">Wenn Sie Wert auf Design, Nachhaltigkeit und Individualit\u00e4t legen, ist Kraftkarton eine exzellente Wahl. Besonders geeignet ist er f\u00fcr:<\/p>\n<ul data-start=\"1290\" data-end=\"1587\">\n<li class=\"\" data-start=\"1290\" data-end=\"1367\">\n<p class=\"\" data-start=\"1292\" data-end=\"1367\"><strong data-start=\"1292\" data-end=\"1309\">Visitenkarten<\/strong>, die Eindruck hinterlassen \u2013 nicht nur beim ersten Meeting<\/p>\n<\/li>\n<li class=\"\" data-start=\"1368\" data-end=\"1435\">\n<p class=\"\" data-start=\"1370\" data-end=\"1435\"><strong data-start=\"1370\" data-end=\"1385\">Einladungen<\/strong>, bei denen bereits das Material neugierig macht<\/p>\n<\/li>\n<li class=\"\" data-start=\"1436\" data-end=\"1494\">\n<p class=\"\" data-start=\"1438\" data-end=\"1494\"><strong data-start=\"1438\" data-end=\"1464\">Hangtags und Etiketten<\/strong>, die Wertigkeit ausstrahlen<\/p>\n<\/li>\n<li class=\"\" data-start=\"1495\" data-end=\"1587\">\n<p class=\"\" data-start=\"1497\" data-end=\"1587\"><strong data-start=\"1497\" data-end=\"1539\">Brosch\u00fcren mit handwerklicher Anmutung<\/strong>, die durch Material und Gestaltung \u00fcberzeugen<\/p>\n<\/li>\n<\/ul>\n<h3  class=\"\" data-start=\"1706\" data-end=\"1750\"><span>Und wenn Sie\u2019s noch individueller m\u00f6gen?<\/span><\/h3>\n<p class=\"\" data-start=\"1752\" data-end=\"2068\">Kraftkarton l\u00e4sst sich hervorragend mit Wei\u00dfdruck veredeln. So entstehen auf dem dunklen Untergrund helle, strahlende Kontraste \u2013 ideal f\u00fcr Logos, Schriften oder grafische Elemente. W\u00e4hrend CMYK-Farben durch den braunen Ton eher erdig und zur\u00fcckhaltend wirken, bringt der Wei\u00dfdruck eine spannende Tiefe ins Layout.<\/p>\n<p class=\"\" data-start=\"2070\" data-end=\"2293\">Und falls Sie noch eins draufsetzen m\u00f6chten: Wir stanzen, kaschieren und lackieren auch. Selbst bei kleinen Auflagen. Denn bei uns m\u00fcssen Sie nicht gleich eine ganze Ausstattung bestellen, um au\u00dfergew\u00f6hnliche Drucksachen zu bekommen.<\/p>\n<p><img decoding=\"async\" class=\"aligncenter wp-image-16719 size-thumbnail\" src=\"https:\/\/www.printweb.de\/digitaldruck\/wp-content\/uploads\/2021\/06\/klappvisitenkarten-kraftkarton-765x490.jpg\" alt=\"Kraftkarton Visitenkarten\" width=\"683\" height=\"437\" srcset=\"https:\/\/www.printweb.de\/digitaldruck\/wp-content\/uploads\/2021\/06\/klappvisitenkarten-kraftkarton-765x490.jpg 765w, https:\/\/www.printweb.de\/digitaldruck\/wp-content\/uploads\/2021\/06\/klappvisitenkarten-kraftkarton-768x492.jpg 768w, https:\/\/www.printweb.de\/digitaldruck\/wp-content\/uploads\/2021\/06\/klappvisitenkarten-kraftkarton-1536x984.jpg 1536w, https:\/\/www.printweb.de\/digitaldruck\/wp-content\/uploads\/2021\/06\/klappvisitenkarten-kraftkarton-2048x1312.jpg 2048w, https:\/\/www.printweb.de\/digitaldruck\/wp-content\/uploads\/2021\/06\/klappvisitenkarten-kraftkarton-370x237.jpg 370w, https:\/\/www.printweb.de\/digitaldruck\/wp-content\/uploads\/2021\/06\/klappvisitenkarten-kraftkarton-133x85.jpg 133w, https:\/\/www.printweb.de\/digitaldruck\/wp-content\/uploads\/2021\/06\/klappvisitenkarten-kraftkarton-211x135.jpg 211w\" sizes=\"(max-width: 683px) 100vw, 683px\" \/><\/p>\n<h3  class=\"\" data-start=\"2295\" data-end=\"2332\"><span>Warum Kraftkarton so beliebt ist?<\/span><\/h3>\n<p class=\"\" data-start=\"2334\" data-end=\"2688\">Ganz einfach: Weil er auf sympathische Weise das zeigt, wof\u00fcr viele Unternehmen heute stehen \u2013 Verantwortung, Nat\u00fcrlichkeit und Designanspruch. Ohne dabei die kreative Freiheit einzuschr\u00e4nken. Im Gegenteil: Wer mit Kraftkarton arbeitet, entscheidet sich bewusst f\u00fcr ein Material, das durch seine Optik und Haptik \u00fcberzeugt \u2013 und das in Erinnerung bleibt.<\/p>\n<p data-start=\"2334\" data-end=\"2688\">F\u00fcr <a href=\"https:\/\/www.keineagentur.at\/\">Richard Wimmer, keine Agentur<\/a> in Wien und\u00a0 Lederer Optik in Rust haben wir eine kleine Ausstattung aus Kraftkarton produziert. Durch die verschiedenen Objekte im gleichem Look verst\u00e4rkt sich die Wirkung und der Wiedererkennungseffekt enorm. F\u00fcr den Druck gen\u00fcgte ein einfaches Schwarz. Klasse.<\/p>\n<p class=\"\" data-start=\"2695\" data-end=\"2890\"><strong data-start=\"2695\" data-end=\"2718\">Neugierig geworden?<\/strong> Dann bestellen Sie sich ein kostenloses Muster oder nutzen Sie unseren Andruckservice. Gerne beraten wir Sie pers\u00f6nlich zu Gestaltung, Veredelung und Produktionsoptionen.<\/p>\n<p>&nbsp;<\/p>\n<p>&nbsp;<\/p>\n","protected":false},"excerpt":{"rendered":"Recyclingpapier ist automatisch grau, rau und uninspirierend. Stimmt nicht! Denn Sie\u00a0 kennen unseren Kraftkarton noch nicht. Kraftkarton ist &#8230; <br><br><a class=\"readmore\" href=\"https:\/\/www.printweb.de\/digitaldruck\/kraftkarton-robust-schoen-nachhaltig-und-ganz-klar-auf-der-ueberholspur\/16717\/\">mehr<\/a>","protected":false},"author":2,"featured_media":16720,"comment_status":"open","ping_status":"open","sticky":false,"template":"","format":"standard","meta":{"_acf_changed":false,"footnotes":""},"categories":[1,34,48,64,18,6,63],"tags":[],"class_list":["post-16717","post","type-post","status-publish","format-standard","has-post-thumbnail","hentry","category-alle-beitraege","category-papier-und-bedruckstoffe","category-haptik-highlights","category-visitenkarten","category-flyer-und-karten","category-nachhaltigkeit","category-feature"],"acf":[],"yoast_head":"<!-- This site is optimized with the Yoast SEO plugin v23.1 - https:\/\/yoast.com\/wordpress\/plugins\/seo\/ -->\n<title>Kraftkarton \u2013 robust, sch\u00f6n, nachhaltig. Und ganz klar auf der \u00dcberholspur.<\/title>\n<meta name=\"description\" content=\"Nachhaltige Print-Ausstattungen f\u00fcr Ihr Unternehmen in Design-Qualit\u00e4t? Aus erdigem, nat\u00fcrlichem Kraftkarton? Bei uns. Aus einer Hand.\" \/>\n<meta name=\"robots\" content=\"index, follow, max-snippet:-1, max-image-preview:large, max-video-preview:-1\" \/>\n<link rel=\"canonical\" href=\"https:\/\/www.printweb.de\/digitaldruck\/kraftkarton-robust-schoen-nachhaltig-und-ganz-klar-auf-der-ueberholspur\/16717\/\" \/>\n<meta property=\"og:locale\" content=\"de_DE\" \/>\n<meta property=\"og:type\" content=\"article\" \/>\n<meta property=\"og:title\" content=\"Kraftkarton \u2013 robust, sch\u00f6n, nachhaltig. Und ganz klar auf der \u00dcberholspur.\" \/>\n<meta property=\"og:description\" content=\"Nachhaltige Print-Ausstattungen f\u00fcr Ihr Unternehmen in Design-Qualit\u00e4t? Aus erdigem, nat\u00fcrlichem Kraftkarton? Bei uns. Aus einer Hand.\" \/>\n<meta property=\"og:url\" content=\"https:\/\/www.printweb.de\/digitaldruck\/kraftkarton-robust-schoen-nachhaltig-und-ganz-klar-auf-der-ueberholspur\/16717\/\" \/>\n<meta property=\"og:site_name\" content=\"Was Print bewirken kann.\" \/>\n<meta property=\"article:publisher\" content=\"https:\/\/www.facebook.com\/printweb.de\/\" \/>\n<meta property=\"article:published_time\" content=\"2025-04-28T09:00:37+00:00\" \/>\n<meta property=\"article:modified_time\" content=\"2025-04-25T08:24:17+00:00\" \/>\n<meta property=\"og:image\" content=\"https:\/\/www.printweb.de\/digitaldruck\/wp-content\/uploads\/2021\/06\/kraftkarton-mit-schwarzdruck.jpg\" \/>\n\t<meta property=\"og:image:width\" content=\"2295\" \/>\n\t<meta property=\"og:image:height\" content=\"1470\" \/>\n\t<meta property=\"og:image:type\" content=\"image\/jpeg\" \/>\n<meta name=\"author\" content=\"Ralph Hadem\" \/>\n<meta name=\"twitter:card\" content=\"summary_large_image\" \/>\n<meta name=\"twitter:creator\" content=\"@digitaldruck\" \/>\n<meta name=\"twitter:site\" content=\"@digitaldruck\" \/>\n<meta name=\"twitter:label1\" content=\"Verfasst von\" \/>\n\t<meta name=\"twitter:data1\" content=\"Ralph Hadem\" \/>\n\t<meta name=\"twitter:label2\" content=\"Gesch\u00e4tzte Lesezeit\" \/>\n\t<meta name=\"twitter:data2\" content=\"3 Minuten\" \/>\n<script type=\"application\/ld+json\" class=\"yoast-schema-graph\">{\"@context\":\"https:\/\/schema.org\",\"@graph\":[{\"@type\":\"Article\",\"@id\":\"https:\/\/www.printweb.de\/digitaldruck\/kraftkarton-robust-schoen-nachhaltig-und-ganz-klar-auf-der-ueberholspur\/16717\/#article\",\"isPartOf\":{\"@id\":\"https:\/\/www.printweb.de\/digitaldruck\/kraftkarton-robust-schoen-nachhaltig-und-ganz-klar-auf-der-ueberholspur\/16717\/\"},\"author\":{\"name\":\"Ralph Hadem\",\"@id\":\"https:\/\/www.printweb.de\/digitaldruck\/#\/schema\/person\/0e0308818185589fb8602180e9273195\"},\"headline\":\"Kraftkarton \u2013 robust, sch\u00f6n, ...\",\"datePublished\":\"2025-04-28T09:00:37+00:00\",\"dateModified\":\"2025-04-25T08:24:17+00:00\",\"mainEntityOfPage\":{\"@id\":\"https:\/\/www.printweb.de\/digitaldruck\/kraftkarton-robust-schoen-nachhaltig-und-ganz-klar-auf-der-ueberholspur\/16717\/\"},\"wordCount\":402,\"commentCount\":0,\"publisher\":{\"@id\":\"https:\/\/www.printweb.de\/digitaldruck\/#organization\"},\"image\":{\"@id\":\"https:\/\/www.printweb.de\/digitaldruck\/kraftkarton-robust-schoen-nachhaltig-und-ganz-klar-auf-der-ueberholspur\/16717\/#primaryimage\"},\"thumbnailUrl\":\"https:\/\/www.printweb.de\/digitaldruck\/wp-content\/uploads\/2021\/06\/kraftkarton-mit-schwarzdruck.jpg\",\"articleSection\":[\"Digitaldruck+Veredlung\",\"Papier &amp; Bedruckstoffe\",\"Haptik-Highlights\",\"Visitenkarten\",\"Flyer, Folder und Karten\",\"Nachhaltigkeit\",\"Feature\"],\"inLanguage\":\"de-DE\",\"potentialAction\":[{\"@type\":\"CommentAction\",\"name\":\"Comment\",\"target\":[\"https:\/\/www.printweb.de\/digitaldruck\/kraftkarton-robust-schoen-nachhaltig-und-ganz-klar-auf-der-ueberholspur\/16717\/#respond\"]}]},{\"@type\":\"WebPage\",\"@id\":\"https:\/\/www.printweb.de\/digitaldruck\/kraftkarton-robust-schoen-nachhaltig-und-ganz-klar-auf-der-ueberholspur\/16717\/\",\"url\":\"https:\/\/www.printweb.de\/digitaldruck\/kraftkarton-robust-schoen-nachhaltig-und-ganz-klar-auf-der-ueberholspur\/16717\/\",\"name\":\"Kraftkarton \u2013 robust, sch\u00f6n, nachhaltig. Und ganz klar auf der \u00dcberholspur.\",\"isPartOf\":{\"@id\":\"https:\/\/www.printweb.de\/digitaldruck\/#website\"},\"primaryImageOfPage\":{\"@id\":\"https:\/\/www.printweb.de\/digitaldruck\/kraftkarton-robust-schoen-nachhaltig-und-ganz-klar-auf-der-ueberholspur\/16717\/#primaryimage\"},\"image\":{\"@id\":\"https:\/\/www.printweb.de\/digitaldruck\/kraftkarton-robust-schoen-nachhaltig-und-ganz-klar-auf-der-ueberholspur\/16717\/#primaryimage\"},\"thumbnailUrl\":\"https:\/\/www.printweb.de\/digitaldruck\/wp-content\/uploads\/2021\/06\/kraftkarton-mit-schwarzdruck.jpg\",\"datePublished\":\"2025-04-28T09:00:37+00:00\",\"dateModified\":\"2025-04-25T08:24:17+00:00\",\"description\":\"Nachhaltige Print-Ausstattungen f\u00fcr Ihr Unternehmen in Design-Qualit\u00e4t? Aus erdigem, nat\u00fcrlichem Kraftkarton? Bei uns. Aus einer Hand.\",\"inLanguage\":\"de-DE\",\"potentialAction\":[{\"@type\":\"ReadAction\",\"target\":[\"https:\/\/www.printweb.de\/digitaldruck\/kraftkarton-robust-schoen-nachhaltig-und-ganz-klar-auf-der-ueberholspur\/16717\/\"]}]},{\"@type\":\"ImageObject\",\"inLanguage\":\"de-DE\",\"@id\":\"https:\/\/www.printweb.de\/digitaldruck\/kraftkarton-robust-schoen-nachhaltig-und-ganz-klar-auf-der-ueberholspur\/16717\/#primaryimage\",\"url\":\"https:\/\/www.printweb.de\/digitaldruck\/wp-content\/uploads\/2021\/06\/kraftkarton-mit-schwarzdruck.jpg\",\"contentUrl\":\"https:\/\/www.printweb.de\/digitaldruck\/wp-content\/uploads\/2021\/06\/kraftkarton-mit-schwarzdruck.jpg\",\"width\":2295,\"height\":1470},{\"@type\":\"WebSite\",\"@id\":\"https:\/\/www.printweb.de\/digitaldruck\/#website\",\"url\":\"https:\/\/www.printweb.de\/digitaldruck\/\",\"name\":\"Was Print bewirken kann.\",\"description\":\"Was Print bewirken kann \u2013 1700 Ideen.\",\"publisher\":{\"@id\":\"https:\/\/www.printweb.de\/digitaldruck\/#organization\"},\"potentialAction\":[{\"@type\":\"SearchAction\",\"target\":{\"@type\":\"EntryPoint\",\"urlTemplate\":\"https:\/\/www.printweb.de\/digitaldruck\/?s={search_term_string}\"},\"query-input\":\"required name=search_term_string\"}],\"inLanguage\":\"de-DE\"},{\"@type\":\"Organization\",\"@id\":\"https:\/\/www.printweb.de\/digitaldruck\/#organization\",\"name\":\"Colour Connection GmbH, printweb.de, Frankfurt am Main\",\"url\":\"https:\/\/www.printweb.de\/digitaldruck\/\",\"logo\":{\"@type\":\"ImageObject\",\"inLanguage\":\"de-DE\",\"@id\":\"https:\/\/www.printweb.de\/digitaldruck\/#\/schema\/logo\/image\/\",\"url\":\"https:\/\/www.printweb.de\/digitaldruck\/wp-content\/uploads\/2019\/11\/colour-connectio-printweb-logo.jpg\",\"contentUrl\":\"https:\/\/www.printweb.de\/digitaldruck\/wp-content\/uploads\/2019\/11\/colour-connectio-printweb-logo.jpg\",\"width\":1014,\"height\":229,\"caption\":\"Colour Connection GmbH, printweb.de, Frankfurt am Main\"},\"image\":{\"@id\":\"https:\/\/www.printweb.de\/digitaldruck\/#\/schema\/logo\/image\/\"},\"sameAs\":[\"https:\/\/www.facebook.com\/printweb.de\/\",\"https:\/\/x.com\/digitaldruck\",\"https:\/\/www.instagram.com\/printweb.de\/\",\"https:\/\/www.youtube.com\/user\/Digitaldruckerei\"]},{\"@type\":\"Person\",\"@id\":\"https:\/\/www.printweb.de\/digitaldruck\/#\/schema\/person\/0e0308818185589fb8602180e9273195\",\"name\":\"Ralph Hadem\",\"image\":{\"@type\":\"ImageObject\",\"inLanguage\":\"de-DE\",\"@id\":\"https:\/\/www.printweb.de\/digitaldruck\/#\/schema\/person\/image\/\",\"url\":\"https:\/\/secure.gravatar.com\/avatar\/386b1b183dce310c5ac8a8f475fdecd8?s=96&d=blank&r=g\",\"contentUrl\":\"https:\/\/secure.gravatar.com\/avatar\/386b1b183dce310c5ac8a8f475fdecd8?s=96&d=blank&r=g\",\"caption\":\"Ralph Hadem\"},\"sameAs\":[\"https:\/\/www.printweb.de\"],\"url\":\"https:\/\/www.printweb.de\/digitaldruck\/author\/ralphhadem\/\"}]}<\/script>\n<!-- \/ Yoast SEO plugin. -->","yoast_head_json":{"title":"Kraftkarton \u2013 robust, sch\u00f6n, nachhaltig. Und ganz klar auf der \u00dcberholspur.","description":"Nachhaltige Print-Ausstattungen f\u00fcr Ihr Unternehmen in Design-Qualit\u00e4t? Aus erdigem, nat\u00fcrlichem Kraftkarton? Bei uns. Aus einer Hand.","robots":{"index":"index","follow":"follow","max-snippet":"max-snippet:-1","max-image-preview":"max-image-preview:large","max-video-preview":"max-video-preview:-1"},"canonical":"https:\/\/www.printweb.de\/digitaldruck\/kraftkarton-robust-schoen-nachhaltig-und-ganz-klar-auf-der-ueberholspur\/16717\/","og_locale":"de_DE","og_type":"article","og_title":"Kraftkarton \u2013 robust, sch\u00f6n, nachhaltig. Und ganz klar auf der \u00dcberholspur.","og_description":"Nachhaltige Print-Ausstattungen f\u00fcr Ihr Unternehmen in Design-Qualit\u00e4t? Aus erdigem, nat\u00fcrlichem Kraftkarton? Bei uns. Aus einer Hand.","og_url":"https:\/\/www.printweb.de\/digitaldruck\/kraftkarton-robust-schoen-nachhaltig-und-ganz-klar-auf-der-ueberholspur\/16717\/","og_site_name":"Was Print bewirken kann.","article_publisher":"https:\/\/www.facebook.com\/printweb.de\/","article_published_time":"2025-04-28T09:00:37+00:00","article_modified_time":"2025-04-25T08:24:17+00:00","og_image":[{"width":2295,"height":1470,"url":"https:\/\/www.printweb.de\/digitaldruck\/wp-content\/uploads\/2021\/06\/kraftkarton-mit-schwarzdruck.jpg","type":"image\/jpeg"}],"author":"Ralph Hadem","twitter_card":"summary_large_image","twitter_creator":"@digitaldruck","twitter_site":"@digitaldruck","twitter_misc":{"Verfasst von":"Ralph Hadem","Gesch\u00e4tzte Lesezeit":"3 Minuten"},"schema":{"@context":"https:\/\/schema.org","@graph":[{"@type":"Article","@id":"https:\/\/www.printweb.de\/digitaldruck\/kraftkarton-robust-schoen-nachhaltig-und-ganz-klar-auf-der-ueberholspur\/16717\/#article","isPartOf":{"@id":"https:\/\/www.printweb.de\/digitaldruck\/kraftkarton-robust-schoen-nachhaltig-und-ganz-klar-auf-der-ueberholspur\/16717\/"},"author":{"name":"Ralph Hadem","@id":"https:\/\/www.printweb.de\/digitaldruck\/#\/schema\/person\/0e0308818185589fb8602180e9273195"},"headline":"Kraftkarton \u2013 robust, sch\u00f6n, ...","datePublished":"2025-04-28T09:00:37+00:00","dateModified":"2025-04-25T08:24:17+00:00","mainEntityOfPage":{"@id":"https:\/\/www.printweb.de\/digitaldruck\/kraftkarton-robust-schoen-nachhaltig-und-ganz-klar-auf-der-ueberholspur\/16717\/"},"wordCount":402,"commentCount":0,"publisher":{"@id":"https:\/\/www.printweb.de\/digitaldruck\/#organization"},"image":{"@id":"https:\/\/www.printweb.de\/digitaldruck\/kraftkarton-robust-schoen-nachhaltig-und-ganz-klar-auf-der-ueberholspur\/16717\/#primaryimage"},"thumbnailUrl":"https:\/\/www.printweb.de\/digitaldruck\/wp-content\/uploads\/2021\/06\/kraftkarton-mit-schwarzdruck.jpg","articleSection":["Digitaldruck+Veredlung","Papier &amp; Bedruckstoffe","Haptik-Highlights","Visitenkarten","Flyer, Folder und Karten","Nachhaltigkeit","Feature"],"inLanguage":"de-DE","potentialAction":[{"@type":"CommentAction","name":"Comment","target":["https:\/\/www.printweb.de\/digitaldruck\/kraftkarton-robust-schoen-nachhaltig-und-ganz-klar-auf-der-ueberholspur\/16717\/#respond"]}]},{"@type":"WebPage","@id":"https:\/\/www.printweb.de\/digitaldruck\/kraftkarton-robust-schoen-nachhaltig-und-ganz-klar-auf-der-ueberholspur\/16717\/","url":"https:\/\/www.printweb.de\/digitaldruck\/kraftkarton-robust-schoen-nachhaltig-und-ganz-klar-auf-der-ueberholspur\/16717\/","name":"Kraftkarton \u2013 robust, sch\u00f6n, nachhaltig. Und ganz klar auf der \u00dcberholspur.","isPartOf":{"@id":"https:\/\/www.printweb.de\/digitaldruck\/#website"},"primaryImageOfPage":{"@id":"https:\/\/www.printweb.de\/digitaldruck\/kraftkarton-robust-schoen-nachhaltig-und-ganz-klar-auf-der-ueberholspur\/16717\/#primaryimage"},"image":{"@id":"https:\/\/www.printweb.de\/digitaldruck\/kraftkarton-robust-schoen-nachhaltig-und-ganz-klar-auf-der-ueberholspur\/16717\/#primaryimage"},"thumbnailUrl":"https:\/\/www.printweb.de\/digitaldruck\/wp-content\/uploads\/2021\/06\/kraftkarton-mit-schwarzdruck.jpg","datePublished":"2025-04-28T09:00:37+00:00","dateModified":"2025-04-25T08:24:17+00:00","description":"Nachhaltige Print-Ausstattungen f\u00fcr Ihr Unternehmen in Design-Qualit\u00e4t? Aus erdigem, nat\u00fcrlichem Kraftkarton? Bei uns. Aus einer Hand.","inLanguage":"de-DE","potentialAction":[{"@type":"ReadAction","target":["https:\/\/www.printweb.de\/digitaldruck\/kraftkarton-robust-schoen-nachhaltig-und-ganz-klar-auf-der-ueberholspur\/16717\/"]}]},{"@type":"ImageObject","inLanguage":"de-DE","@id":"https:\/\/www.printweb.de\/digitaldruck\/kraftkarton-robust-schoen-nachhaltig-und-ganz-klar-auf-der-ueberholspur\/16717\/#primaryimage","url":"https:\/\/www.printweb.de\/digitaldruck\/wp-content\/uploads\/2021\/06\/kraftkarton-mit-schwarzdruck.jpg","contentUrl":"https:\/\/www.printweb.de\/digitaldruck\/wp-content\/uploads\/2021\/06\/kraftkarton-mit-schwarzdruck.jpg","width":2295,"height":1470},{"@type":"WebSite","@id":"https:\/\/www.printweb.de\/digitaldruck\/#website","url":"https:\/\/www.printweb.de\/digitaldruck\/","name":"Was Print bewirken kann.","description":"Was Print bewirken kann \u2013 1700 Ideen.","publisher":{"@id":"https:\/\/www.printweb.de\/digitaldruck\/#organization"},"potentialAction":[{"@type":"SearchAction","target":{"@type":"EntryPoint","urlTemplate":"https:\/\/www.printweb.de\/digitaldruck\/?s={search_term_string}"},"query-input":"required name=search_term_string"}],"inLanguage":"de-DE"},{"@type":"Organization","@id":"https:\/\/www.printweb.de\/digitaldruck\/#organization","name":"Colour Connection GmbH, printweb.de, Frankfurt am Main","url":"https:\/\/www.printweb.de\/digitaldruck\/","logo":{"@type":"ImageObject","inLanguage":"de-DE","@id":"https:\/\/www.printweb.de\/digitaldruck\/#\/schema\/logo\/image\/","url":"https:\/\/www.printweb.de\/digitaldruck\/wp-content\/uploads\/2019\/11\/colour-connectio-printweb-logo.jpg","contentUrl":"https:\/\/www.printweb.de\/digitaldruck\/wp-content\/uploads\/2019\/11\/colour-connectio-printweb-logo.jpg","width":1014,"height":229,"caption":"Colour Connection GmbH, printweb.de, Frankfurt am Main"},"image":{"@id":"https:\/\/www.printweb.de\/digitaldruck\/#\/schema\/logo\/image\/"},"sameAs":["https:\/\/www.facebook.com\/printweb.de\/","https:\/\/x.com\/digitaldruck","https:\/\/www.instagram.com\/printweb.de\/","https:\/\/www.youtube.com\/user\/Digitaldruckerei"]},{"@type":"Person","@id":"https:\/\/www.printweb.de\/digitaldruck\/#\/schema\/person\/0e0308818185589fb8602180e9273195","name":"Ralph Hadem","image":{"@type":"ImageObject","inLanguage":"de-DE","@id":"https:\/\/www.printweb.de\/digitaldruck\/#\/schema\/person\/image\/","url":"https:\/\/secure.gravatar.com\/avatar\/386b1b183dce310c5ac8a8f475fdecd8?s=96&d=blank&r=g","contentUrl":"https:\/\/secure.gravatar.com\/avatar\/386b1b183dce310c5ac8a8f475fdecd8?s=96&d=blank&r=g","caption":"Ralph Hadem"},"sameAs":["https:\/\/www.printweb.de"],"url":"https:\/\/www.printweb.de\/digitaldruck\/author\/ralphhadem\/"}]}},"_links":{"self":[{"href":"https:\/\/www.printweb.de\/digitaldruck\/wp-json\/wp\/v2\/posts\/16717"}],"collection":[{"href":"https:\/\/www.printweb.de\/digitaldruck\/wp-json\/wp\/v2\/posts"}],"about":[{"href":"https:\/\/www.printweb.de\/digitaldruck\/wp-json\/wp\/v2\/types\/post"}],"author":[{"embeddable":true,"href":"https:\/\/www.printweb.de\/digitaldruck\/wp-json\/wp\/v2\/users\/2"}],"replies":[{"embeddable":true,"href":"https:\/\/www.printweb.de\/digitaldruck\/wp-json\/wp\/v2\/comments?post=16717"}],"version-history":[{"count":4,"href":"https:\/\/www.printweb.de\/digitaldruck\/wp-json\/wp\/v2\/posts\/16717\/revisions"}],"predecessor-version":[{"id":17957,"href":"https:\/\/www.printweb.de\/digitaldruck\/wp-json\/wp\/v2\/posts\/16717\/revisions\/17957"}],"wp:featuredmedia":[{"embeddable":true,"href":"https:\/\/www.printweb.de\/digitaldruck\/wp-json\/wp\/v2\/media\/16720"}],"wp:attachment":[{"href":"https:\/\/www.printweb.de\/digitaldruck\/wp-json\/wp\/v2\/media?parent=16717"}],"wp:term":[{"taxonomy":"category","embeddable":true,"href":"https:\/\/www.printweb.de\/digitaldruck\/wp-json\/wp\/v2\/categories?post=16717"},{"taxonomy":"post_tag","embeddable":true,"href":"https:\/\/www.printweb.de\/digitaldruck\/wp-json\/wp\/v2\/tags?post=16717"}],"curies":[{"name":"wp","href":"https:\/\/api.w.org\/{rel}","templated":true}]}}