{"id":17111,"date":"2022-08-22T11:00:19","date_gmt":"2022-08-22T09:00:19","guid":{"rendered":"https:\/\/www.printweb.de\/digitaldruck\/?p=17111"},"modified":"2022-08-19T13:50:27","modified_gmt":"2022-08-19T11:50:27","slug":"besondere-notizbloecke-jenseits-des-mainstreams","status":"publish","type":"post","link":"https:\/\/www.printweb.de\/digitaldruck\/besondere-notizbloecke-jenseits-des-mainstreams\/17111\/","title":{"rendered":"Besondere Notizbl\u00f6cke jenseits des ..."},"content":{"rendered":"<p>Notizbl\u00f6cke auf 80g Offsetpapier DIN A4, am Kopf geleimt. Diese Ausf\u00fchrung hat ungef\u00e4hr den gleichen Charme wie eine Steuerpr\u00fcfung am Montag morgen ;-). Besondere Notizbl\u00f6cke mit sch\u00f6nen Papieren oder auch Pr\u00e4gungen spielen da emotioanl und haptisch in einer v\u00f6llig anderen Liga.<\/p>\n<p><a href=\"https:\/\/www.printweb.de\/digitaldruck\/wp-content\/uploads\/2022\/08\/besondere-notizblocke-1-scaled.jpg\"><img decoding=\"async\" width=\"765\" height=\"490\" class=\"aligncenter size-thumbnail wp-image-17114\" src=\"https:\/\/www.printweb.de\/digitaldruck\/wp-content\/uploads\/2022\/08\/besondere-notizblocke-1-765x490.jpg\" alt=\"\" srcset=\"https:\/\/www.printweb.de\/digitaldruck\/wp-content\/uploads\/2022\/08\/besondere-notizblocke-1-765x490.jpg 765w, https:\/\/www.printweb.de\/digitaldruck\/wp-content\/uploads\/2022\/08\/besondere-notizblocke-1-768x492.jpg 768w, https:\/\/www.printweb.de\/digitaldruck\/wp-content\/uploads\/2022\/08\/besondere-notizblocke-1-1536x983.jpg 1536w, https:\/\/www.printweb.de\/digitaldruck\/wp-content\/uploads\/2022\/08\/besondere-notizblocke-1-2048x1311.jpg 2048w, https:\/\/www.printweb.de\/digitaldruck\/wp-content\/uploads\/2022\/08\/besondere-notizblocke-1-370x237.jpg 370w, https:\/\/www.printweb.de\/digitaldruck\/wp-content\/uploads\/2022\/08\/besondere-notizblocke-1-133x85.jpg 133w, https:\/\/www.printweb.de\/digitaldruck\/wp-content\/uploads\/2022\/08\/besondere-notizblocke-1-211x135.jpg 211w\" sizes=\"(max-width: 765px) 100vw, 765px\" \/><\/a><\/p>\n<p>Und es muss nicht die High-End-Veredlung mit allem Brimborium sein. <a href=\"https:\/\/madamemoneypenny.de\/\">Madame Moneypenny<\/a> hat uns bereits mehrfach mit schlichten aber unglaublich sch\u00f6nen Notizbl\u00f6cken auf 90g Munken pure Designpapier beauftragt. Die Papierfarbe wird mit gelblichwei\u00df sehr treffend beschrieben. So schick und edel k\u00f6nnen Notizbl\u00f6cke sein.<\/p>\n","protected":false},"excerpt":{"rendered":"Notizbl\u00f6cke auf 80g Offsetpapier DIN A4, am Kopf geleimt. Diese Ausf\u00fchrung hat ungef\u00e4hr den gleichen Charme wie eine &#8230; <br><br><a class=\"readmore\" href=\"https:\/\/www.printweb.de\/digitaldruck\/besondere-notizbloecke-jenseits-des-mainstreams\/17111\/\">mehr<\/a>","protected":false},"author":2,"featured_media":17114,"comment_status":"open","ping_status":"open","sticky":false,"template":"","format":"standard","meta":{"_acf_changed":false,"footnotes":""},"categories":[1,34,31,20,48,36,32,63],"tags":[],"class_list":["post-17111","post","type-post","status-publish","format-standard","has-post-thumbnail","hentry","category-alle-beitraege","category-papier-und-bedruckstoffe","category-weiterverarbeitung","category-produktion","category-haptik-highlights","category-broschueren","category-bindung","category-feature"],"acf":[],"yoast_head":"<!-- This site is optimized with the Yoast SEO plugin v23.1 - https:\/\/yoast.com\/wordpress\/plugins\/seo\/ -->\n<title>Besondere Notizbl\u00f6cke jenseits des Mainstreams<\/title>\n<meta name=\"description\" content=\"Wenn Sie bei Ihren Werbemitteln auf besondere Notizbl\u00f6cke setzen, sind Sie der Konkurrenz voraus. Eigene Produktion. Kompetente Beratung.\" \/>\n<meta name=\"robots\" content=\"index, follow, max-snippet:-1, max-image-preview:large, max-video-preview:-1\" \/>\n<link rel=\"canonical\" href=\"https:\/\/www.printweb.de\/digitaldruck\/besondere-notizbloecke-jenseits-des-mainstreams\/17111\/\" \/>\n<meta property=\"og:locale\" content=\"de_DE\" \/>\n<meta property=\"og:type\" content=\"article\" \/>\n<meta property=\"og:title\" content=\"Besondere Notizbl\u00f6cke jenseits des Mainstreams\" \/>\n<meta property=\"og:description\" content=\"Wenn Sie bei Ihren Werbemitteln auf besondere Notizbl\u00f6cke setzen, sind Sie der Konkurrenz voraus. Eigene Produktion. Kompetente Beratung.\" \/>\n<meta property=\"og:url\" content=\"https:\/\/www.printweb.de\/digitaldruck\/besondere-notizbloecke-jenseits-des-mainstreams\/17111\/\" \/>\n<meta property=\"og:site_name\" content=\"Was Print bewirken kann.\" \/>\n<meta property=\"article:publisher\" content=\"https:\/\/www.facebook.com\/printweb.de\/\" \/>\n<meta property=\"article:published_time\" content=\"2022-08-22T09:00:19+00:00\" \/>\n<meta property=\"article:modified_time\" content=\"2022-08-19T11:50:27+00:00\" \/>\n<meta property=\"og:image\" content=\"https:\/\/www.printweb.de\/digitaldruck\/wp-content\/uploads\/2022\/08\/besondere-notizblocke-1-scaled.jpg\" \/>\n\t<meta property=\"og:image:width\" content=\"2560\" \/>\n\t<meta property=\"og:image:height\" content=\"1639\" \/>\n\t<meta property=\"og:image:type\" content=\"image\/jpeg\" \/>\n<meta name=\"author\" content=\"Ralph Hadem\" \/>\n<meta name=\"twitter:card\" content=\"summary_large_image\" \/>\n<meta name=\"twitter:creator\" content=\"@digitaldruck\" \/>\n<meta name=\"twitter:site\" content=\"@digitaldruck\" \/>\n<meta name=\"twitter:label1\" content=\"Verfasst von\" \/>\n\t<meta name=\"twitter:data1\" content=\"Ralph Hadem\" \/>\n\t<meta name=\"twitter:label2\" content=\"Gesch\u00e4tzte Lesezeit\" \/>\n\t<meta name=\"twitter:data2\" content=\"1 Minute\" \/>\n<script type=\"application\/ld+json\" class=\"yoast-schema-graph\">{\"@context\":\"https:\/\/schema.org\",\"@graph\":[{\"@type\":\"Article\",\"@id\":\"https:\/\/www.printweb.de\/digitaldruck\/besondere-notizbloecke-jenseits-des-mainstreams\/17111\/#article\",\"isPartOf\":{\"@id\":\"https:\/\/www.printweb.de\/digitaldruck\/besondere-notizbloecke-jenseits-des-mainstreams\/17111\/\"},\"author\":{\"name\":\"Ralph Hadem\",\"@id\":\"https:\/\/www.printweb.de\/digitaldruck\/#\/schema\/person\/0e0308818185589fb8602180e9273195\"},\"headline\":\"Besondere Notizbl\u00f6cke jenseits des ...\",\"datePublished\":\"2022-08-22T09:00:19+00:00\",\"dateModified\":\"2022-08-19T11:50:27+00:00\",\"mainEntityOfPage\":{\"@id\":\"https:\/\/www.printweb.de\/digitaldruck\/besondere-notizbloecke-jenseits-des-mainstreams\/17111\/\"},\"wordCount\":102,\"commentCount\":0,\"publisher\":{\"@id\":\"https:\/\/www.printweb.de\/digitaldruck\/#organization\"},\"image\":{\"@id\":\"https:\/\/www.printweb.de\/digitaldruck\/besondere-notizbloecke-jenseits-des-mainstreams\/17111\/#primaryimage\"},\"thumbnailUrl\":\"https:\/\/www.printweb.de\/digitaldruck\/wp-content\/uploads\/2022\/08\/besondere-notizblocke-1-scaled.jpg\",\"articleSection\":[\"Digitaldruck+Veredlung\",\"Papier &amp; Bedruckstoffe\",\"Weiterverarbeitung\",\"Produktion, Beratung\",\"Haptik-Highlights\",\"Brosch\u00fcren\",\"Bindung\",\"Feature\"],\"inLanguage\":\"de-DE\",\"potentialAction\":[{\"@type\":\"CommentAction\",\"name\":\"Comment\",\"target\":[\"https:\/\/www.printweb.de\/digitaldruck\/besondere-notizbloecke-jenseits-des-mainstreams\/17111\/#respond\"]}]},{\"@type\":\"WebPage\",\"@id\":\"https:\/\/www.printweb.de\/digitaldruck\/besondere-notizbloecke-jenseits-des-mainstreams\/17111\/\",\"url\":\"https:\/\/www.printweb.de\/digitaldruck\/besondere-notizbloecke-jenseits-des-mainstreams\/17111\/\",\"name\":\"Besondere Notizbl\u00f6cke jenseits des Mainstreams\",\"isPartOf\":{\"@id\":\"https:\/\/www.printweb.de\/digitaldruck\/#website\"},\"primaryImageOfPage\":{\"@id\":\"https:\/\/www.printweb.de\/digitaldruck\/besondere-notizbloecke-jenseits-des-mainstreams\/17111\/#primaryimage\"},\"image\":{\"@id\":\"https:\/\/www.printweb.de\/digitaldruck\/besondere-notizbloecke-jenseits-des-mainstreams\/17111\/#primaryimage\"},\"thumbnailUrl\":\"https:\/\/www.printweb.de\/digitaldruck\/wp-content\/uploads\/2022\/08\/besondere-notizblocke-1-scaled.jpg\",\"datePublished\":\"2022-08-22T09:00:19+00:00\",\"dateModified\":\"2022-08-19T11:50:27+00:00\",\"description\":\"Wenn Sie bei Ihren Werbemitteln auf besondere Notizbl\u00f6cke setzen, sind Sie der Konkurrenz voraus. Eigene Produktion. Kompetente Beratung.\",\"inLanguage\":\"de-DE\",\"potentialAction\":[{\"@type\":\"ReadAction\",\"target\":[\"https:\/\/www.printweb.de\/digitaldruck\/besondere-notizbloecke-jenseits-des-mainstreams\/17111\/\"]}]},{\"@type\":\"ImageObject\",\"inLanguage\":\"de-DE\",\"@id\":\"https:\/\/www.printweb.de\/digitaldruck\/besondere-notizbloecke-jenseits-des-mainstreams\/17111\/#primaryimage\",\"url\":\"https:\/\/www.printweb.de\/digitaldruck\/wp-content\/uploads\/2022\/08\/besondere-notizblocke-1-scaled.jpg\",\"contentUrl\":\"https:\/\/www.printweb.de\/digitaldruck\/wp-content\/uploads\/2022\/08\/besondere-notizblocke-1-scaled.jpg\",\"width\":2560,\"height\":1639},{\"@type\":\"WebSite\",\"@id\":\"https:\/\/www.printweb.de\/digitaldruck\/#website\",\"url\":\"https:\/\/www.printweb.de\/digitaldruck\/\",\"name\":\"Was Print bewirken kann.\",\"description\":\"Was Print bewirken kann \u2013 1700 Ideen.\",\"publisher\":{\"@id\":\"https:\/\/www.printweb.de\/digitaldruck\/#organization\"},\"potentialAction\":[{\"@type\":\"SearchAction\",\"target\":{\"@type\":\"EntryPoint\",\"urlTemplate\":\"https:\/\/www.printweb.de\/digitaldruck\/?s={search_term_string}\"},\"query-input\":\"required name=search_term_string\"}],\"inLanguage\":\"de-DE\"},{\"@type\":\"Organization\",\"@id\":\"https:\/\/www.printweb.de\/digitaldruck\/#organization\",\"name\":\"Colour Connection GmbH, printweb.de, Frankfurt am Main\",\"url\":\"https:\/\/www.printweb.de\/digitaldruck\/\",\"logo\":{\"@type\":\"ImageObject\",\"inLanguage\":\"de-DE\",\"@id\":\"https:\/\/www.printweb.de\/digitaldruck\/#\/schema\/logo\/image\/\",\"url\":\"https:\/\/www.printweb.de\/digitaldruck\/wp-content\/uploads\/2019\/11\/colour-connectio-printweb-logo.jpg\",\"contentUrl\":\"https:\/\/www.printweb.de\/digitaldruck\/wp-content\/uploads\/2019\/11\/colour-connectio-printweb-logo.jpg\",\"width\":1014,\"height\":229,\"caption\":\"Colour Connection GmbH, printweb.de, Frankfurt am Main\"},\"image\":{\"@id\":\"https:\/\/www.printweb.de\/digitaldruck\/#\/schema\/logo\/image\/\"},\"sameAs\":[\"https:\/\/www.facebook.com\/printweb.de\/\",\"https:\/\/x.com\/digitaldruck\",\"https:\/\/www.instagram.com\/printweb.de\/\",\"https:\/\/www.youtube.com\/user\/Digitaldruckerei\"]},{\"@type\":\"Person\",\"@id\":\"https:\/\/www.printweb.de\/digitaldruck\/#\/schema\/person\/0e0308818185589fb8602180e9273195\",\"name\":\"Ralph Hadem\",\"image\":{\"@type\":\"ImageObject\",\"inLanguage\":\"de-DE\",\"@id\":\"https:\/\/www.printweb.de\/digitaldruck\/#\/schema\/person\/image\/\",\"url\":\"https:\/\/secure.gravatar.com\/avatar\/386b1b183dce310c5ac8a8f475fdecd8?s=96&d=blank&r=g\",\"contentUrl\":\"https:\/\/secure.gravatar.com\/avatar\/386b1b183dce310c5ac8a8f475fdecd8?s=96&d=blank&r=g\",\"caption\":\"Ralph Hadem\"},\"sameAs\":[\"https:\/\/www.printweb.de\"],\"url\":\"https:\/\/www.printweb.de\/digitaldruck\/author\/ralphhadem\/\"}]}<\/script>\n<!-- \/ Yoast SEO plugin. -->","yoast_head_json":{"title":"Besondere Notizbl\u00f6cke jenseits des Mainstreams","description":"Wenn Sie bei Ihren Werbemitteln auf besondere Notizbl\u00f6cke setzen, sind Sie der Konkurrenz voraus. Eigene Produktion. Kompetente Beratung.","robots":{"index":"index","follow":"follow","max-snippet":"max-snippet:-1","max-image-preview":"max-image-preview:large","max-video-preview":"max-video-preview:-1"},"canonical":"https:\/\/www.printweb.de\/digitaldruck\/besondere-notizbloecke-jenseits-des-mainstreams\/17111\/","og_locale":"de_DE","og_type":"article","og_title":"Besondere Notizbl\u00f6cke jenseits des Mainstreams","og_description":"Wenn Sie bei Ihren Werbemitteln auf besondere Notizbl\u00f6cke setzen, sind Sie der Konkurrenz voraus. Eigene Produktion. Kompetente Beratung.","og_url":"https:\/\/www.printweb.de\/digitaldruck\/besondere-notizbloecke-jenseits-des-mainstreams\/17111\/","og_site_name":"Was Print bewirken kann.","article_publisher":"https:\/\/www.facebook.com\/printweb.de\/","article_published_time":"2022-08-22T09:00:19+00:00","article_modified_time":"2022-08-19T11:50:27+00:00","og_image":[{"width":2560,"height":1639,"url":"https:\/\/www.printweb.de\/digitaldruck\/wp-content\/uploads\/2022\/08\/besondere-notizblocke-1-scaled.jpg","type":"image\/jpeg"}],"author":"Ralph Hadem","twitter_card":"summary_large_image","twitter_creator":"@digitaldruck","twitter_site":"@digitaldruck","twitter_misc":{"Verfasst von":"Ralph Hadem","Gesch\u00e4tzte Lesezeit":"1 Minute"},"schema":{"@context":"https:\/\/schema.org","@graph":[{"@type":"Article","@id":"https:\/\/www.printweb.de\/digitaldruck\/besondere-notizbloecke-jenseits-des-mainstreams\/17111\/#article","isPartOf":{"@id":"https:\/\/www.printweb.de\/digitaldruck\/besondere-notizbloecke-jenseits-des-mainstreams\/17111\/"},"author":{"name":"Ralph Hadem","@id":"https:\/\/www.printweb.de\/digitaldruck\/#\/schema\/person\/0e0308818185589fb8602180e9273195"},"headline":"Besondere Notizbl\u00f6cke jenseits des ...","datePublished":"2022-08-22T09:00:19+00:00","dateModified":"2022-08-19T11:50:27+00:00","mainEntityOfPage":{"@id":"https:\/\/www.printweb.de\/digitaldruck\/besondere-notizbloecke-jenseits-des-mainstreams\/17111\/"},"wordCount":102,"commentCount":0,"publisher":{"@id":"https:\/\/www.printweb.de\/digitaldruck\/#organization"},"image":{"@id":"https:\/\/www.printweb.de\/digitaldruck\/besondere-notizbloecke-jenseits-des-mainstreams\/17111\/#primaryimage"},"thumbnailUrl":"https:\/\/www.printweb.de\/digitaldruck\/wp-content\/uploads\/2022\/08\/besondere-notizblocke-1-scaled.jpg","articleSection":["Digitaldruck+Veredlung","Papier &amp; Bedruckstoffe","Weiterverarbeitung","Produktion, Beratung","Haptik-Highlights","Brosch\u00fcren","Bindung","Feature"],"inLanguage":"de-DE","potentialAction":[{"@type":"CommentAction","name":"Comment","target":["https:\/\/www.printweb.de\/digitaldruck\/besondere-notizbloecke-jenseits-des-mainstreams\/17111\/#respond"]}]},{"@type":"WebPage","@id":"https:\/\/www.printweb.de\/digitaldruck\/besondere-notizbloecke-jenseits-des-mainstreams\/17111\/","url":"https:\/\/www.printweb.de\/digitaldruck\/besondere-notizbloecke-jenseits-des-mainstreams\/17111\/","name":"Besondere Notizbl\u00f6cke jenseits des Mainstreams","isPartOf":{"@id":"https:\/\/www.printweb.de\/digitaldruck\/#website"},"primaryImageOfPage":{"@id":"https:\/\/www.printweb.de\/digitaldruck\/besondere-notizbloecke-jenseits-des-mainstreams\/17111\/#primaryimage"},"image":{"@id":"https:\/\/www.printweb.de\/digitaldruck\/besondere-notizbloecke-jenseits-des-mainstreams\/17111\/#primaryimage"},"thumbnailUrl":"https:\/\/www.printweb.de\/digitaldruck\/wp-content\/uploads\/2022\/08\/besondere-notizblocke-1-scaled.jpg","datePublished":"2022-08-22T09:00:19+00:00","dateModified":"2022-08-19T11:50:27+00:00","description":"Wenn Sie bei Ihren Werbemitteln auf besondere Notizbl\u00f6cke setzen, sind Sie der Konkurrenz voraus. Eigene Produktion. Kompetente Beratung.","inLanguage":"de-DE","potentialAction":[{"@type":"ReadAction","target":["https:\/\/www.printweb.de\/digitaldruck\/besondere-notizbloecke-jenseits-des-mainstreams\/17111\/"]}]},{"@type":"ImageObject","inLanguage":"de-DE","@id":"https:\/\/www.printweb.de\/digitaldruck\/besondere-notizbloecke-jenseits-des-mainstreams\/17111\/#primaryimage","url":"https:\/\/www.printweb.de\/digitaldruck\/wp-content\/uploads\/2022\/08\/besondere-notizblocke-1-scaled.jpg","contentUrl":"https:\/\/www.printweb.de\/digitaldruck\/wp-content\/uploads\/2022\/08\/besondere-notizblocke-1-scaled.jpg","width":2560,"height":1639},{"@type":"WebSite","@id":"https:\/\/www.printweb.de\/digitaldruck\/#website","url":"https:\/\/www.printweb.de\/digitaldruck\/","name":"Was Print bewirken kann.","description":"Was Print bewirken kann \u2013 1700 Ideen.","publisher":{"@id":"https:\/\/www.printweb.de\/digitaldruck\/#organization"},"potentialAction":[{"@type":"SearchAction","target":{"@type":"EntryPoint","urlTemplate":"https:\/\/www.printweb.de\/digitaldruck\/?s={search_term_string}"},"query-input":"required name=search_term_string"}],"inLanguage":"de-DE"},{"@type":"Organization","@id":"https:\/\/www.printweb.de\/digitaldruck\/#organization","name":"Colour Connection GmbH, printweb.de, Frankfurt am Main","url":"https:\/\/www.printweb.de\/digitaldruck\/","logo":{"@type":"ImageObject","inLanguage":"de-DE","@id":"https:\/\/www.printweb.de\/digitaldruck\/#\/schema\/logo\/image\/","url":"https:\/\/www.printweb.de\/digitaldruck\/wp-content\/uploads\/2019\/11\/colour-connectio-printweb-logo.jpg","contentUrl":"https:\/\/www.printweb.de\/digitaldruck\/wp-content\/uploads\/2019\/11\/colour-connectio-printweb-logo.jpg","width":1014,"height":229,"caption":"Colour Connection GmbH, printweb.de, Frankfurt am Main"},"image":{"@id":"https:\/\/www.printweb.de\/digitaldruck\/#\/schema\/logo\/image\/"},"sameAs":["https:\/\/www.facebook.com\/printweb.de\/","https:\/\/x.com\/digitaldruck","https:\/\/www.instagram.com\/printweb.de\/","https:\/\/www.youtube.com\/user\/Digitaldruckerei"]},{"@type":"Person","@id":"https:\/\/www.printweb.de\/digitaldruck\/#\/schema\/person\/0e0308818185589fb8602180e9273195","name":"Ralph Hadem","image":{"@type":"ImageObject","inLanguage":"de-DE","@id":"https:\/\/www.printweb.de\/digitaldruck\/#\/schema\/person\/image\/","url":"https:\/\/secure.gravatar.com\/avatar\/386b1b183dce310c5ac8a8f475fdecd8?s=96&d=blank&r=g","contentUrl":"https:\/\/secure.gravatar.com\/avatar\/386b1b183dce310c5ac8a8f475fdecd8?s=96&d=blank&r=g","caption":"Ralph Hadem"},"sameAs":["https:\/\/www.printweb.de"],"url":"https:\/\/www.printweb.de\/digitaldruck\/author\/ralphhadem\/"}]}},"_links":{"self":[{"href":"https:\/\/www.printweb.de\/digitaldruck\/wp-json\/wp\/v2\/posts\/17111"}],"collection":[{"href":"https:\/\/www.printweb.de\/digitaldruck\/wp-json\/wp\/v2\/posts"}],"about":[{"href":"https:\/\/www.printweb.de\/digitaldruck\/wp-json\/wp\/v2\/types\/post"}],"author":[{"embeddable":true,"href":"https:\/\/www.printweb.de\/digitaldruck\/wp-json\/wp\/v2\/users\/2"}],"replies":[{"embeddable":true,"href":"https:\/\/www.printweb.de\/digitaldruck\/wp-json\/wp\/v2\/comments?post=17111"}],"version-history":[{"count":1,"href":"https:\/\/www.printweb.de\/digitaldruck\/wp-json\/wp\/v2\/posts\/17111\/revisions"}],"predecessor-version":[{"id":17115,"href":"https:\/\/www.printweb.de\/digitaldruck\/wp-json\/wp\/v2\/posts\/17111\/revisions\/17115"}],"wp:featuredmedia":[{"embeddable":true,"href":"https:\/\/www.printweb.de\/digitaldruck\/wp-json\/wp\/v2\/media\/17114"}],"wp:attachment":[{"href":"https:\/\/www.printweb.de\/digitaldruck\/wp-json\/wp\/v2\/media?parent=17111"}],"wp:term":[{"taxonomy":"category","embeddable":true,"href":"https:\/\/www.printweb.de\/digitaldruck\/wp-json\/wp\/v2\/categories?post=17111"},{"taxonomy":"post_tag","embeddable":true,"href":"https:\/\/www.printweb.de\/digitaldruck\/wp-json\/wp\/v2\/tags?post=17111"}],"curies":[{"name":"wp","href":"https:\/\/api.w.org\/{rel}","templated":true}]}}