{"id":2219,"date":"2009-05-26T13:08:03","date_gmt":"2009-05-26T11:08:03","guid":{"rendered":"https:\/\/www.printweb.de\/digitaldruck\/?p=2219"},"modified":"2017-03-28T12:47:05","modified_gmt":"2017-03-28T10:47:05","slug":"was-individualisierung-leisten-kann","status":"publish","type":"post","link":"https:\/\/www.printweb.de\/digitaldruck\/was-individualisierung-leisten-kann\/2219\/","title":{"rendered":"Was Individualisierung leisten kann"},"content":{"rendered":"<p>In einem meiner Lieblings-Blogs &#8211; <a href=\"http:\/\/www.best-practice-business.de\/blog\/\" target=\"_blank\">best-practise-business.de<\/a> &#8211; pr\u00e4sentiert Burkhard Schneider zwei Stra\u00dfenmusiker in New York. Die beiden haben zwei recht unterschiedliche Marketingmodelle. Einer spielt seine Musik nach dem Motto: \u201eOne song fits all\u201d, der andere passt seine Leistung an jeden Kunden an. Ein sch\u00f6nes Beispiel f\u00fcr den m\u00f6glichen Erfolg mit kundenindividuellen Produkten und Werbemitteln. Hier wird auch sehr gut klar, worauf es bei individuellen Produkten und Leistungen ankommt: Eine Personalisierung aus der Situation heraus, die das Produkt oder die Leistung entscheidend aufwertet. <a href=\"http:\/\/www.best-practice-business.de\/blog\/?p=8453\" target=\"_blank\">Den kompletten Bericht lesen<\/a>.<\/p>\n<p style=\"text-align: center;\"><img decoding=\"async\" class=\"size-full wp-image-2229 aligncenter\" title=\"liebe-tante-mimi\" src=\"https:\/\/www.printweb.de\/digitaldruck\/wp-content\/uploads\/2009\/05\/liebe-tante-mimi.jpg\" alt=\"liebe-tante-mimi\" width=\"200\" height=\"57\" \/><\/p>\n<p>Mehr Informationen zum Thema Personalisierung im Druck (besonders f\u00fcr Einsteiger geeignet) finden Sie in unserem <a href=\"https:\/\/www.printweb.de\/support\/1to1.html\" target=\"_blank\">Support\/Info Bereich<\/a>. Preise und verschiedene Produkte f\u00fcr peronaliserte Mailings in der <a href=\"https:\/\/www.printweb.de\/Produkte\/Mailings-Personalisierung\/index.html\" target=\"_blank\">Mailing-Factory<\/a>.<\/p>\n","protected":false},"excerpt":{"rendered":"In einem meiner Lieblings-Blogs &#8211; best-practise-business.de &#8211; pr\u00e4sentiert Burkhard Schneider zwei Stra\u00dfenmusiker in New York. Die beiden haben &#8230; <br><br><a class=\"readmore\" href=\"https:\/\/www.printweb.de\/digitaldruck\/was-individualisierung-leisten-kann\/2219\/\">mehr<\/a>","protected":false},"author":2,"featured_media":2229,"comment_status":"open","ping_status":"open","sticky":false,"template":"","format":"standard","meta":{"_acf_changed":false,"footnotes":""},"categories":[1,30,25],"tags":[],"class_list":["post-2219","post","type-post","status-publish","format-standard","has-post-thumbnail","hentry","category-alle-beitraege","category-passiert-notiert","category-trends"],"acf":[],"yoast_head":"<!-- This site is optimized with the Yoast SEO plugin v23.1 - https:\/\/yoast.com\/wordpress\/plugins\/seo\/ -->\n<title>Was Individualisierung leisten kann | Was Print bewirken kann.<\/title>\n<meta name=\"robots\" content=\"index, follow, max-snippet:-1, max-image-preview:large, max-video-preview:-1\" \/>\n<link rel=\"canonical\" href=\"https:\/\/www.printweb.de\/digitaldruck\/was-individualisierung-leisten-kann\/2219\/\" \/>\n<meta property=\"og:locale\" content=\"de_DE\" \/>\n<meta property=\"og:type\" content=\"article\" \/>\n<meta property=\"og:title\" content=\"Was Individualisierung leisten kann | Was Print bewirken kann.\" \/>\n<meta property=\"og:description\" content=\"In einem meiner Lieblings-Blogs &#8211; best-practise-business.de &#8211; pr\u00e4sentiert Burkhard Schneider zwei Stra\u00dfenmusiker in New York. Die beiden haben ... mehr\" \/>\n<meta property=\"og:url\" content=\"https:\/\/www.printweb.de\/digitaldruck\/was-individualisierung-leisten-kann\/2219\/\" \/>\n<meta property=\"og:site_name\" content=\"Was Print bewirken kann.\" \/>\n<meta property=\"article:publisher\" content=\"https:\/\/www.facebook.com\/printweb.de\/\" \/>\n<meta property=\"article:published_time\" content=\"2009-05-26T11:08:03+00:00\" \/>\n<meta property=\"article:modified_time\" content=\"2017-03-28T10:47:05+00:00\" \/>\n<meta property=\"og:image\" content=\"https:\/\/www.printweb.de\/digitaldruck\/wp-content\/uploads\/2009\/05\/liebe-tante-mimi.jpg\" \/>\n\t<meta property=\"og:image:width\" content=\"200\" \/>\n\t<meta property=\"og:image:height\" content=\"57\" \/>\n\t<meta property=\"og:image:type\" content=\"image\/jpeg\" \/>\n<meta name=\"author\" content=\"Ralph Hadem\" \/>\n<meta name=\"twitter:card\" content=\"summary_large_image\" \/>\n<meta name=\"twitter:creator\" content=\"@digitaldruck\" \/>\n<meta name=\"twitter:site\" content=\"@digitaldruck\" \/>\n<meta name=\"twitter:label1\" content=\"Verfasst von\" \/>\n\t<meta name=\"twitter:data1\" content=\"Ralph Hadem\" \/>\n\t<meta name=\"twitter:label2\" content=\"Gesch\u00e4tzte Lesezeit\" \/>\n\t<meta name=\"twitter:data2\" content=\"1 Minute\" \/>\n<script type=\"application\/ld+json\" class=\"yoast-schema-graph\">{\"@context\":\"https:\/\/schema.org\",\"@graph\":[{\"@type\":\"Article\",\"@id\":\"https:\/\/www.printweb.de\/digitaldruck\/was-individualisierung-leisten-kann\/2219\/#article\",\"isPartOf\":{\"@id\":\"https:\/\/www.printweb.de\/digitaldruck\/was-individualisierung-leisten-kann\/2219\/\"},\"author\":{\"name\":\"Ralph Hadem\",\"@id\":\"https:\/\/www.printweb.de\/digitaldruck\/#\/schema\/person\/0e0308818185589fb8602180e9273195\"},\"headline\":\"Was Individualisierung leisten kann\",\"datePublished\":\"2009-05-26T11:08:03+00:00\",\"dateModified\":\"2017-03-28T10:47:05+00:00\",\"mainEntityOfPage\":{\"@id\":\"https:\/\/www.printweb.de\/digitaldruck\/was-individualisierung-leisten-kann\/2219\/\"},\"wordCount\":126,\"commentCount\":0,\"publisher\":{\"@id\":\"https:\/\/www.printweb.de\/digitaldruck\/#organization\"},\"image\":{\"@id\":\"https:\/\/www.printweb.de\/digitaldruck\/was-individualisierung-leisten-kann\/2219\/#primaryimage\"},\"thumbnailUrl\":\"https:\/\/www.printweb.de\/digitaldruck\/wp-content\/uploads\/2009\/05\/liebe-tante-mimi.jpg\",\"articleSection\":[\"Digitaldruck+Veredlung\",\"Passiert - notiert\",\"Trends\"],\"inLanguage\":\"de-DE\",\"potentialAction\":[{\"@type\":\"CommentAction\",\"name\":\"Comment\",\"target\":[\"https:\/\/www.printweb.de\/digitaldruck\/was-individualisierung-leisten-kann\/2219\/#respond\"]}]},{\"@type\":\"WebPage\",\"@id\":\"https:\/\/www.printweb.de\/digitaldruck\/was-individualisierung-leisten-kann\/2219\/\",\"url\":\"https:\/\/www.printweb.de\/digitaldruck\/was-individualisierung-leisten-kann\/2219\/\",\"name\":\"Was Individualisierung leisten kann | Was Print bewirken kann.\",\"isPartOf\":{\"@id\":\"https:\/\/www.printweb.de\/digitaldruck\/#website\"},\"primaryImageOfPage\":{\"@id\":\"https:\/\/www.printweb.de\/digitaldruck\/was-individualisierung-leisten-kann\/2219\/#primaryimage\"},\"image\":{\"@id\":\"https:\/\/www.printweb.de\/digitaldruck\/was-individualisierung-leisten-kann\/2219\/#primaryimage\"},\"thumbnailUrl\":\"https:\/\/www.printweb.de\/digitaldruck\/wp-content\/uploads\/2009\/05\/liebe-tante-mimi.jpg\",\"datePublished\":\"2009-05-26T11:08:03+00:00\",\"dateModified\":\"2017-03-28T10:47:05+00:00\",\"inLanguage\":\"de-DE\",\"potentialAction\":[{\"@type\":\"ReadAction\",\"target\":[\"https:\/\/www.printweb.de\/digitaldruck\/was-individualisierung-leisten-kann\/2219\/\"]}]},{\"@type\":\"ImageObject\",\"inLanguage\":\"de-DE\",\"@id\":\"https:\/\/www.printweb.de\/digitaldruck\/was-individualisierung-leisten-kann\/2219\/#primaryimage\",\"url\":\"https:\/\/www.printweb.de\/digitaldruck\/wp-content\/uploads\/2009\/05\/liebe-tante-mimi.jpg\",\"contentUrl\":\"https:\/\/www.printweb.de\/digitaldruck\/wp-content\/uploads\/2009\/05\/liebe-tante-mimi.jpg\",\"width\":200,\"height\":57},{\"@type\":\"WebSite\",\"@id\":\"https:\/\/www.printweb.de\/digitaldruck\/#website\",\"url\":\"https:\/\/www.printweb.de\/digitaldruck\/\",\"name\":\"Was Print bewirken kann.\",\"description\":\"Was Print bewirken kann \u2013 1700 Ideen.\",\"publisher\":{\"@id\":\"https:\/\/www.printweb.de\/digitaldruck\/#organization\"},\"potentialAction\":[{\"@type\":\"SearchAction\",\"target\":{\"@type\":\"EntryPoint\",\"urlTemplate\":\"https:\/\/www.printweb.de\/digitaldruck\/?s={search_term_string}\"},\"query-input\":\"required name=search_term_string\"}],\"inLanguage\":\"de-DE\"},{\"@type\":\"Organization\",\"@id\":\"https:\/\/www.printweb.de\/digitaldruck\/#organization\",\"name\":\"Colour Connection GmbH, printweb.de, Frankfurt am Main\",\"url\":\"https:\/\/www.printweb.de\/digitaldruck\/\",\"logo\":{\"@type\":\"ImageObject\",\"inLanguage\":\"de-DE\",\"@id\":\"https:\/\/www.printweb.de\/digitaldruck\/#\/schema\/logo\/image\/\",\"url\":\"https:\/\/www.printweb.de\/digitaldruck\/wp-content\/uploads\/2019\/11\/colour-connectio-printweb-logo.jpg\",\"contentUrl\":\"https:\/\/www.printweb.de\/digitaldruck\/wp-content\/uploads\/2019\/11\/colour-connectio-printweb-logo.jpg\",\"width\":1014,\"height\":229,\"caption\":\"Colour Connection GmbH, printweb.de, Frankfurt am Main\"},\"image\":{\"@id\":\"https:\/\/www.printweb.de\/digitaldruck\/#\/schema\/logo\/image\/\"},\"sameAs\":[\"https:\/\/www.facebook.com\/printweb.de\/\",\"https:\/\/x.com\/digitaldruck\",\"https:\/\/www.instagram.com\/printweb.de\/\",\"https:\/\/www.youtube.com\/user\/Digitaldruckerei\"]},{\"@type\":\"Person\",\"@id\":\"https:\/\/www.printweb.de\/digitaldruck\/#\/schema\/person\/0e0308818185589fb8602180e9273195\",\"name\":\"Ralph Hadem\",\"image\":{\"@type\":\"ImageObject\",\"inLanguage\":\"de-DE\",\"@id\":\"https:\/\/www.printweb.de\/digitaldruck\/#\/schema\/person\/image\/\",\"url\":\"https:\/\/secure.gravatar.com\/avatar\/386b1b183dce310c5ac8a8f475fdecd8?s=96&d=blank&r=g\",\"contentUrl\":\"https:\/\/secure.gravatar.com\/avatar\/386b1b183dce310c5ac8a8f475fdecd8?s=96&d=blank&r=g\",\"caption\":\"Ralph Hadem\"},\"sameAs\":[\"https:\/\/www.printweb.de\"],\"url\":\"https:\/\/www.printweb.de\/digitaldruck\/author\/ralphhadem\/\"}]}<\/script>\n<!-- \/ Yoast SEO plugin. -->","yoast_head_json":{"title":"Was Individualisierung leisten kann | Was Print bewirken kann.","robots":{"index":"index","follow":"follow","max-snippet":"max-snippet:-1","max-image-preview":"max-image-preview:large","max-video-preview":"max-video-preview:-1"},"canonical":"https:\/\/www.printweb.de\/digitaldruck\/was-individualisierung-leisten-kann\/2219\/","og_locale":"de_DE","og_type":"article","og_title":"Was Individualisierung leisten kann | Was Print bewirken kann.","og_description":"In einem meiner Lieblings-Blogs &#8211; best-practise-business.de &#8211; pr\u00e4sentiert Burkhard Schneider zwei Stra\u00dfenmusiker in New York. Die beiden haben ... mehr","og_url":"https:\/\/www.printweb.de\/digitaldruck\/was-individualisierung-leisten-kann\/2219\/","og_site_name":"Was Print bewirken kann.","article_publisher":"https:\/\/www.facebook.com\/printweb.de\/","article_published_time":"2009-05-26T11:08:03+00:00","article_modified_time":"2017-03-28T10:47:05+00:00","og_image":[{"width":200,"height":57,"url":"https:\/\/www.printweb.de\/digitaldruck\/wp-content\/uploads\/2009\/05\/liebe-tante-mimi.jpg","type":"image\/jpeg"}],"author":"Ralph Hadem","twitter_card":"summary_large_image","twitter_creator":"@digitaldruck","twitter_site":"@digitaldruck","twitter_misc":{"Verfasst von":"Ralph Hadem","Gesch\u00e4tzte Lesezeit":"1 Minute"},"schema":{"@context":"https:\/\/schema.org","@graph":[{"@type":"Article","@id":"https:\/\/www.printweb.de\/digitaldruck\/was-individualisierung-leisten-kann\/2219\/#article","isPartOf":{"@id":"https:\/\/www.printweb.de\/digitaldruck\/was-individualisierung-leisten-kann\/2219\/"},"author":{"name":"Ralph Hadem","@id":"https:\/\/www.printweb.de\/digitaldruck\/#\/schema\/person\/0e0308818185589fb8602180e9273195"},"headline":"Was Individualisierung leisten kann","datePublished":"2009-05-26T11:08:03+00:00","dateModified":"2017-03-28T10:47:05+00:00","mainEntityOfPage":{"@id":"https:\/\/www.printweb.de\/digitaldruck\/was-individualisierung-leisten-kann\/2219\/"},"wordCount":126,"commentCount":0,"publisher":{"@id":"https:\/\/www.printweb.de\/digitaldruck\/#organization"},"image":{"@id":"https:\/\/www.printweb.de\/digitaldruck\/was-individualisierung-leisten-kann\/2219\/#primaryimage"},"thumbnailUrl":"https:\/\/www.printweb.de\/digitaldruck\/wp-content\/uploads\/2009\/05\/liebe-tante-mimi.jpg","articleSection":["Digitaldruck+Veredlung","Passiert - notiert","Trends"],"inLanguage":"de-DE","potentialAction":[{"@type":"CommentAction","name":"Comment","target":["https:\/\/www.printweb.de\/digitaldruck\/was-individualisierung-leisten-kann\/2219\/#respond"]}]},{"@type":"WebPage","@id":"https:\/\/www.printweb.de\/digitaldruck\/was-individualisierung-leisten-kann\/2219\/","url":"https:\/\/www.printweb.de\/digitaldruck\/was-individualisierung-leisten-kann\/2219\/","name":"Was Individualisierung leisten kann | Was Print bewirken kann.","isPartOf":{"@id":"https:\/\/www.printweb.de\/digitaldruck\/#website"},"primaryImageOfPage":{"@id":"https:\/\/www.printweb.de\/digitaldruck\/was-individualisierung-leisten-kann\/2219\/#primaryimage"},"image":{"@id":"https:\/\/www.printweb.de\/digitaldruck\/was-individualisierung-leisten-kann\/2219\/#primaryimage"},"thumbnailUrl":"https:\/\/www.printweb.de\/digitaldruck\/wp-content\/uploads\/2009\/05\/liebe-tante-mimi.jpg","datePublished":"2009-05-26T11:08:03+00:00","dateModified":"2017-03-28T10:47:05+00:00","inLanguage":"de-DE","potentialAction":[{"@type":"ReadAction","target":["https:\/\/www.printweb.de\/digitaldruck\/was-individualisierung-leisten-kann\/2219\/"]}]},{"@type":"ImageObject","inLanguage":"de-DE","@id":"https:\/\/www.printweb.de\/digitaldruck\/was-individualisierung-leisten-kann\/2219\/#primaryimage","url":"https:\/\/www.printweb.de\/digitaldruck\/wp-content\/uploads\/2009\/05\/liebe-tante-mimi.jpg","contentUrl":"https:\/\/www.printweb.de\/digitaldruck\/wp-content\/uploads\/2009\/05\/liebe-tante-mimi.jpg","width":200,"height":57},{"@type":"WebSite","@id":"https:\/\/www.printweb.de\/digitaldruck\/#website","url":"https:\/\/www.printweb.de\/digitaldruck\/","name":"Was Print bewirken kann.","description":"Was Print bewirken kann \u2013 1700 Ideen.","publisher":{"@id":"https:\/\/www.printweb.de\/digitaldruck\/#organization"},"potentialAction":[{"@type":"SearchAction","target":{"@type":"EntryPoint","urlTemplate":"https:\/\/www.printweb.de\/digitaldruck\/?s={search_term_string}"},"query-input":"required name=search_term_string"}],"inLanguage":"de-DE"},{"@type":"Organization","@id":"https:\/\/www.printweb.de\/digitaldruck\/#organization","name":"Colour Connection GmbH, printweb.de, Frankfurt am Main","url":"https:\/\/www.printweb.de\/digitaldruck\/","logo":{"@type":"ImageObject","inLanguage":"de-DE","@id":"https:\/\/www.printweb.de\/digitaldruck\/#\/schema\/logo\/image\/","url":"https:\/\/www.printweb.de\/digitaldruck\/wp-content\/uploads\/2019\/11\/colour-connectio-printweb-logo.jpg","contentUrl":"https:\/\/www.printweb.de\/digitaldruck\/wp-content\/uploads\/2019\/11\/colour-connectio-printweb-logo.jpg","width":1014,"height":229,"caption":"Colour Connection GmbH, printweb.de, Frankfurt am Main"},"image":{"@id":"https:\/\/www.printweb.de\/digitaldruck\/#\/schema\/logo\/image\/"},"sameAs":["https:\/\/www.facebook.com\/printweb.de\/","https:\/\/x.com\/digitaldruck","https:\/\/www.instagram.com\/printweb.de\/","https:\/\/www.youtube.com\/user\/Digitaldruckerei"]},{"@type":"Person","@id":"https:\/\/www.printweb.de\/digitaldruck\/#\/schema\/person\/0e0308818185589fb8602180e9273195","name":"Ralph Hadem","image":{"@type":"ImageObject","inLanguage":"de-DE","@id":"https:\/\/www.printweb.de\/digitaldruck\/#\/schema\/person\/image\/","url":"https:\/\/secure.gravatar.com\/avatar\/386b1b183dce310c5ac8a8f475fdecd8?s=96&d=blank&r=g","contentUrl":"https:\/\/secure.gravatar.com\/avatar\/386b1b183dce310c5ac8a8f475fdecd8?s=96&d=blank&r=g","caption":"Ralph Hadem"},"sameAs":["https:\/\/www.printweb.de"],"url":"https:\/\/www.printweb.de\/digitaldruck\/author\/ralphhadem\/"}]}},"_links":{"self":[{"href":"https:\/\/www.printweb.de\/digitaldruck\/wp-json\/wp\/v2\/posts\/2219"}],"collection":[{"href":"https:\/\/www.printweb.de\/digitaldruck\/wp-json\/wp\/v2\/posts"}],"about":[{"href":"https:\/\/www.printweb.de\/digitaldruck\/wp-json\/wp\/v2\/types\/post"}],"author":[{"embeddable":true,"href":"https:\/\/www.printweb.de\/digitaldruck\/wp-json\/wp\/v2\/users\/2"}],"replies":[{"embeddable":true,"href":"https:\/\/www.printweb.de\/digitaldruck\/wp-json\/wp\/v2\/comments?post=2219"}],"version-history":[{"count":12,"href":"https:\/\/www.printweb.de\/digitaldruck\/wp-json\/wp\/v2\/posts\/2219\/revisions"}],"predecessor-version":[{"id":11542,"href":"https:\/\/www.printweb.de\/digitaldruck\/wp-json\/wp\/v2\/posts\/2219\/revisions\/11542"}],"wp:featuredmedia":[{"embeddable":true,"href":"https:\/\/www.printweb.de\/digitaldruck\/wp-json\/wp\/v2\/media\/2229"}],"wp:attachment":[{"href":"https:\/\/www.printweb.de\/digitaldruck\/wp-json\/wp\/v2\/media?parent=2219"}],"wp:term":[{"taxonomy":"category","embeddable":true,"href":"https:\/\/www.printweb.de\/digitaldruck\/wp-json\/wp\/v2\/categories?post=2219"},{"taxonomy":"post_tag","embeddable":true,"href":"https:\/\/www.printweb.de\/digitaldruck\/wp-json\/wp\/v2\/tags?post=2219"}],"curies":[{"name":"wp","href":"https:\/\/api.w.org\/{rel}","templated":true}]}}