{"id":2406,"date":"2009-06-30T11:39:02","date_gmt":"2009-06-30T09:39:02","guid":{"rendered":"https:\/\/www.printweb.de\/digitaldruck\/?p=2406"},"modified":"2022-03-14T18:55:27","modified_gmt":"2022-03-14T17:55:27","slug":"eine-schachtel-in-der-schachtel","status":"publish","type":"post","link":"https:\/\/www.printweb.de\/digitaldruck\/eine-schachtel-in-der-schachtel\/2406\/","title":{"rendered":"Eine Schachtel in der Schachtel"},"content":{"rendered":"<p>Dieses kleine Schmuckst\u00fcck wurde digital gestanzt und dann von Hand konfektioniert. Das Sch\u00e4chtelchen hat das Format 15 x 9 x 2 cm (BxTxH). Nat\u00fcrlich sind andere Formate, Proportionen und Kartons m\u00f6glich und nat\u00fcrlich kann man die Kartons auch vorher bedrucken oder personalisieren. Die Innenschachtel ist etwas gr\u00f6\u00dfer als eine klassische Kaugummipackung. Die Visitenkarte im Deckel hat die Masse 85 x 54 mm. Eine gute Idee um ein hochwertiges Produkt entsprechend zu pr\u00e4sentieren. Das Muster wurde bei uns digital gestanzt. <\/p>\n<p style=\"text-align: center;\"><a href=\"https:\/\/www.printweb.de\/digitaldruck\/wp-content\/uploads\/2009\/06\/schachtel-in-der-schachtel.jpg\" target=\"_blank\" rel=\"noopener\"><img decoding=\"async\" class=\"size-thumbnail wp-image-2408 aligncenter\" title=\"schachtel-in-der-schachtel\" src=\"https:\/\/www.printweb.de\/digitaldruck\/wp-content\/uploads\/2009\/06\/schachtel-in-der-schachtel-765x574.jpg\" alt=\"schachtel-in-der-schachtel\" width=\"582\" height=\"437\" srcset=\"https:\/\/www.printweb.de\/digitaldruck\/wp-content\/uploads\/2009\/06\/schachtel-in-der-schachtel-765x574.jpg 765w, https:\/\/www.printweb.de\/digitaldruck\/wp-content\/uploads\/2009\/06\/schachtel-in-der-schachtel-768x576.jpg 768w, https:\/\/www.printweb.de\/digitaldruck\/wp-content\/uploads\/2009\/06\/schachtel-in-der-schachtel-653x490.jpg 653w, https:\/\/www.printweb.de\/digitaldruck\/wp-content\/uploads\/2009\/06\/schachtel-in-der-schachtel-320x240.jpg 320w\" sizes=\"(max-width: 582px) 100vw, 582px\" \/><\/a><\/p>\n","protected":false},"excerpt":{"rendered":"Dieses kleine Schmuckst\u00fcck wurde digital gestanzt und dann von Hand konfektioniert. Das Sch\u00e4chtelchen hat das Format 15 x &#8230; <br><br><a class=\"readmore\" href=\"https:\/\/www.printweb.de\/digitaldruck\/eine-schachtel-in-der-schachtel\/2406\/\">mehr<\/a>","protected":false},"author":2,"featured_media":2408,"comment_status":"open","ping_status":"open","sticky":false,"template":"","format":"standard","meta":{"_acf_changed":false,"footnotes":""},"categories":[1,31,20,50],"tags":[],"class_list":["post-2406","post","type-post","status-publish","format-standard","has-post-thumbnail","hentry","category-alle-beitraege","category-weiterverarbeitung","category-produktion","category-digitale-stanze"],"acf":[],"yoast_head":"<!-- This site is optimized with the Yoast SEO plugin v23.1 - https:\/\/yoast.com\/wordpress\/plugins\/seo\/ -->\n<title>Eine Schachtel in der Schachtel | Was Print bewirken kann.<\/title>\n<meta name=\"robots\" content=\"index, follow, max-snippet:-1, max-image-preview:large, max-video-preview:-1\" \/>\n<link rel=\"canonical\" href=\"https:\/\/www.printweb.de\/digitaldruck\/eine-schachtel-in-der-schachtel\/2406\/\" \/>\n<meta property=\"og:locale\" content=\"de_DE\" \/>\n<meta property=\"og:type\" content=\"article\" \/>\n<meta property=\"og:title\" content=\"Eine Schachtel in der Schachtel | Was Print bewirken kann.\" \/>\n<meta property=\"og:description\" content=\"Dieses kleine Schmuckst\u00fcck wurde digital gestanzt und dann von Hand konfektioniert. Das Sch\u00e4chtelchen hat das Format 15 x ... mehr\" \/>\n<meta property=\"og:url\" content=\"https:\/\/www.printweb.de\/digitaldruck\/eine-schachtel-in-der-schachtel\/2406\/\" \/>\n<meta property=\"og:site_name\" content=\"Was Print bewirken kann.\" \/>\n<meta property=\"article:publisher\" content=\"https:\/\/www.facebook.com\/printweb.de\/\" \/>\n<meta property=\"article:published_time\" content=\"2009-06-30T09:39:02+00:00\" \/>\n<meta property=\"article:modified_time\" content=\"2022-03-14T17:55:27+00:00\" \/>\n<meta property=\"og:image\" content=\"https:\/\/www.printweb.de\/digitaldruck\/wp-content\/uploads\/2009\/06\/schachtel-in-der-schachtel-765x490.jpg\" \/>\n\t<meta property=\"og:image:width\" content=\"765\" \/>\n\t<meta property=\"og:image:height\" content=\"490\" \/>\n\t<meta property=\"og:image:type\" content=\"image\/jpeg\" \/>\n<meta name=\"author\" content=\"Ralph Hadem\" \/>\n<meta name=\"twitter:card\" content=\"summary_large_image\" \/>\n<meta name=\"twitter:creator\" content=\"@digitaldruck\" \/>\n<meta name=\"twitter:site\" content=\"@digitaldruck\" \/>\n<meta name=\"twitter:label1\" content=\"Verfasst von\" \/>\n\t<meta name=\"twitter:data1\" content=\"Ralph Hadem\" \/>\n<script type=\"application\/ld+json\" class=\"yoast-schema-graph\">{\"@context\":\"https:\/\/schema.org\",\"@graph\":[{\"@type\":\"Article\",\"@id\":\"https:\/\/www.printweb.de\/digitaldruck\/eine-schachtel-in-der-schachtel\/2406\/#article\",\"isPartOf\":{\"@id\":\"https:\/\/www.printweb.de\/digitaldruck\/eine-schachtel-in-der-schachtel\/2406\/\"},\"author\":{\"name\":\"Ralph Hadem\",\"@id\":\"https:\/\/www.printweb.de\/digitaldruck\/#\/schema\/person\/0e0308818185589fb8602180e9273195\"},\"headline\":\"Eine Schachtel in der Schachtel\",\"datePublished\":\"2009-06-30T09:39:02+00:00\",\"dateModified\":\"2022-03-14T17:55:27+00:00\",\"mainEntityOfPage\":{\"@id\":\"https:\/\/www.printweb.de\/digitaldruck\/eine-schachtel-in-der-schachtel\/2406\/\"},\"wordCount\":86,\"commentCount\":0,\"publisher\":{\"@id\":\"https:\/\/www.printweb.de\/digitaldruck\/#organization\"},\"image\":{\"@id\":\"https:\/\/www.printweb.de\/digitaldruck\/eine-schachtel-in-der-schachtel\/2406\/#primaryimage\"},\"thumbnailUrl\":\"https:\/\/www.printweb.de\/digitaldruck\/wp-content\/uploads\/2009\/06\/schachtel-in-der-schachtel.jpg\",\"articleSection\":[\"Digitaldruck+Veredlung\",\"Weiterverarbeitung\",\"Produktion, Beratung\",\"Digitale Stanze\"],\"inLanguage\":\"de-DE\",\"potentialAction\":[{\"@type\":\"CommentAction\",\"name\":\"Comment\",\"target\":[\"https:\/\/www.printweb.de\/digitaldruck\/eine-schachtel-in-der-schachtel\/2406\/#respond\"]}]},{\"@type\":\"WebPage\",\"@id\":\"https:\/\/www.printweb.de\/digitaldruck\/eine-schachtel-in-der-schachtel\/2406\/\",\"url\":\"https:\/\/www.printweb.de\/digitaldruck\/eine-schachtel-in-der-schachtel\/2406\/\",\"name\":\"Eine Schachtel in der Schachtel | Was Print bewirken kann.\",\"isPartOf\":{\"@id\":\"https:\/\/www.printweb.de\/digitaldruck\/#website\"},\"primaryImageOfPage\":{\"@id\":\"https:\/\/www.printweb.de\/digitaldruck\/eine-schachtel-in-der-schachtel\/2406\/#primaryimage\"},\"image\":{\"@id\":\"https:\/\/www.printweb.de\/digitaldruck\/eine-schachtel-in-der-schachtel\/2406\/#primaryimage\"},\"thumbnailUrl\":\"https:\/\/www.printweb.de\/digitaldruck\/wp-content\/uploads\/2009\/06\/schachtel-in-der-schachtel.jpg\",\"datePublished\":\"2009-06-30T09:39:02+00:00\",\"dateModified\":\"2022-03-14T17:55:27+00:00\",\"inLanguage\":\"de-DE\",\"potentialAction\":[{\"@type\":\"ReadAction\",\"target\":[\"https:\/\/www.printweb.de\/digitaldruck\/eine-schachtel-in-der-schachtel\/2406\/\"]}]},{\"@type\":\"ImageObject\",\"inLanguage\":\"de-DE\",\"@id\":\"https:\/\/www.printweb.de\/digitaldruck\/eine-schachtel-in-der-schachtel\/2406\/#primaryimage\",\"url\":\"https:\/\/www.printweb.de\/digitaldruck\/wp-content\/uploads\/2009\/06\/schachtel-in-der-schachtel.jpg\",\"contentUrl\":\"https:\/\/www.printweb.de\/digitaldruck\/wp-content\/uploads\/2009\/06\/schachtel-in-der-schachtel.jpg\",\"width\":3072,\"height\":2304},{\"@type\":\"WebSite\",\"@id\":\"https:\/\/www.printweb.de\/digitaldruck\/#website\",\"url\":\"https:\/\/www.printweb.de\/digitaldruck\/\",\"name\":\"Was Print bewirken kann.\",\"description\":\"Was Print bewirken kann \u2013 1700 Ideen.\",\"publisher\":{\"@id\":\"https:\/\/www.printweb.de\/digitaldruck\/#organization\"},\"potentialAction\":[{\"@type\":\"SearchAction\",\"target\":{\"@type\":\"EntryPoint\",\"urlTemplate\":\"https:\/\/www.printweb.de\/digitaldruck\/?s={search_term_string}\"},\"query-input\":\"required name=search_term_string\"}],\"inLanguage\":\"de-DE\"},{\"@type\":\"Organization\",\"@id\":\"https:\/\/www.printweb.de\/digitaldruck\/#organization\",\"name\":\"Colour Connection GmbH, printweb.de, Frankfurt am Main\",\"url\":\"https:\/\/www.printweb.de\/digitaldruck\/\",\"logo\":{\"@type\":\"ImageObject\",\"inLanguage\":\"de-DE\",\"@id\":\"https:\/\/www.printweb.de\/digitaldruck\/#\/schema\/logo\/image\/\",\"url\":\"https:\/\/www.printweb.de\/digitaldruck\/wp-content\/uploads\/2019\/11\/colour-connectio-printweb-logo.jpg\",\"contentUrl\":\"https:\/\/www.printweb.de\/digitaldruck\/wp-content\/uploads\/2019\/11\/colour-connectio-printweb-logo.jpg\",\"width\":1014,\"height\":229,\"caption\":\"Colour Connection GmbH, printweb.de, Frankfurt am Main\"},\"image\":{\"@id\":\"https:\/\/www.printweb.de\/digitaldruck\/#\/schema\/logo\/image\/\"},\"sameAs\":[\"https:\/\/www.facebook.com\/printweb.de\/\",\"https:\/\/x.com\/digitaldruck\",\"https:\/\/www.instagram.com\/printweb.de\/\",\"https:\/\/www.youtube.com\/user\/Digitaldruckerei\"]},{\"@type\":\"Person\",\"@id\":\"https:\/\/www.printweb.de\/digitaldruck\/#\/schema\/person\/0e0308818185589fb8602180e9273195\",\"name\":\"Ralph Hadem\",\"image\":{\"@type\":\"ImageObject\",\"inLanguage\":\"de-DE\",\"@id\":\"https:\/\/www.printweb.de\/digitaldruck\/#\/schema\/person\/image\/\",\"url\":\"https:\/\/secure.gravatar.com\/avatar\/386b1b183dce310c5ac8a8f475fdecd8?s=96&d=blank&r=g\",\"contentUrl\":\"https:\/\/secure.gravatar.com\/avatar\/386b1b183dce310c5ac8a8f475fdecd8?s=96&d=blank&r=g\",\"caption\":\"Ralph Hadem\"},\"sameAs\":[\"https:\/\/www.printweb.de\"],\"url\":\"https:\/\/www.printweb.de\/digitaldruck\/author\/ralphhadem\/\"}]}<\/script>\n<!-- \/ Yoast SEO plugin. -->","yoast_head_json":{"title":"Eine Schachtel in der Schachtel | Was Print bewirken kann.","robots":{"index":"index","follow":"follow","max-snippet":"max-snippet:-1","max-image-preview":"max-image-preview:large","max-video-preview":"max-video-preview:-1"},"canonical":"https:\/\/www.printweb.de\/digitaldruck\/eine-schachtel-in-der-schachtel\/2406\/","og_locale":"de_DE","og_type":"article","og_title":"Eine Schachtel in der Schachtel | Was Print bewirken kann.","og_description":"Dieses kleine Schmuckst\u00fcck wurde digital gestanzt und dann von Hand konfektioniert. Das Sch\u00e4chtelchen hat das Format 15 x ... mehr","og_url":"https:\/\/www.printweb.de\/digitaldruck\/eine-schachtel-in-der-schachtel\/2406\/","og_site_name":"Was Print bewirken kann.","article_publisher":"https:\/\/www.facebook.com\/printweb.de\/","article_published_time":"2009-06-30T09:39:02+00:00","article_modified_time":"2022-03-14T17:55:27+00:00","og_image":[{"width":765,"height":490,"url":"https:\/\/www.printweb.de\/digitaldruck\/wp-content\/uploads\/2009\/06\/schachtel-in-der-schachtel-765x490.jpg","type":"image\/jpeg"}],"author":"Ralph Hadem","twitter_card":"summary_large_image","twitter_creator":"@digitaldruck","twitter_site":"@digitaldruck","twitter_misc":{"Verfasst von":"Ralph Hadem"},"schema":{"@context":"https:\/\/schema.org","@graph":[{"@type":"Article","@id":"https:\/\/www.printweb.de\/digitaldruck\/eine-schachtel-in-der-schachtel\/2406\/#article","isPartOf":{"@id":"https:\/\/www.printweb.de\/digitaldruck\/eine-schachtel-in-der-schachtel\/2406\/"},"author":{"name":"Ralph Hadem","@id":"https:\/\/www.printweb.de\/digitaldruck\/#\/schema\/person\/0e0308818185589fb8602180e9273195"},"headline":"Eine Schachtel in der Schachtel","datePublished":"2009-06-30T09:39:02+00:00","dateModified":"2022-03-14T17:55:27+00:00","mainEntityOfPage":{"@id":"https:\/\/www.printweb.de\/digitaldruck\/eine-schachtel-in-der-schachtel\/2406\/"},"wordCount":86,"commentCount":0,"publisher":{"@id":"https:\/\/www.printweb.de\/digitaldruck\/#organization"},"image":{"@id":"https:\/\/www.printweb.de\/digitaldruck\/eine-schachtel-in-der-schachtel\/2406\/#primaryimage"},"thumbnailUrl":"https:\/\/www.printweb.de\/digitaldruck\/wp-content\/uploads\/2009\/06\/schachtel-in-der-schachtel.jpg","articleSection":["Digitaldruck+Veredlung","Weiterverarbeitung","Produktion, Beratung","Digitale Stanze"],"inLanguage":"de-DE","potentialAction":[{"@type":"CommentAction","name":"Comment","target":["https:\/\/www.printweb.de\/digitaldruck\/eine-schachtel-in-der-schachtel\/2406\/#respond"]}]},{"@type":"WebPage","@id":"https:\/\/www.printweb.de\/digitaldruck\/eine-schachtel-in-der-schachtel\/2406\/","url":"https:\/\/www.printweb.de\/digitaldruck\/eine-schachtel-in-der-schachtel\/2406\/","name":"Eine Schachtel in der Schachtel | Was Print bewirken kann.","isPartOf":{"@id":"https:\/\/www.printweb.de\/digitaldruck\/#website"},"primaryImageOfPage":{"@id":"https:\/\/www.printweb.de\/digitaldruck\/eine-schachtel-in-der-schachtel\/2406\/#primaryimage"},"image":{"@id":"https:\/\/www.printweb.de\/digitaldruck\/eine-schachtel-in-der-schachtel\/2406\/#primaryimage"},"thumbnailUrl":"https:\/\/www.printweb.de\/digitaldruck\/wp-content\/uploads\/2009\/06\/schachtel-in-der-schachtel.jpg","datePublished":"2009-06-30T09:39:02+00:00","dateModified":"2022-03-14T17:55:27+00:00","inLanguage":"de-DE","potentialAction":[{"@type":"ReadAction","target":["https:\/\/www.printweb.de\/digitaldruck\/eine-schachtel-in-der-schachtel\/2406\/"]}]},{"@type":"ImageObject","inLanguage":"de-DE","@id":"https:\/\/www.printweb.de\/digitaldruck\/eine-schachtel-in-der-schachtel\/2406\/#primaryimage","url":"https:\/\/www.printweb.de\/digitaldruck\/wp-content\/uploads\/2009\/06\/schachtel-in-der-schachtel.jpg","contentUrl":"https:\/\/www.printweb.de\/digitaldruck\/wp-content\/uploads\/2009\/06\/schachtel-in-der-schachtel.jpg","width":3072,"height":2304},{"@type":"WebSite","@id":"https:\/\/www.printweb.de\/digitaldruck\/#website","url":"https:\/\/www.printweb.de\/digitaldruck\/","name":"Was Print bewirken kann.","description":"Was Print bewirken kann \u2013 1700 Ideen.","publisher":{"@id":"https:\/\/www.printweb.de\/digitaldruck\/#organization"},"potentialAction":[{"@type":"SearchAction","target":{"@type":"EntryPoint","urlTemplate":"https:\/\/www.printweb.de\/digitaldruck\/?s={search_term_string}"},"query-input":"required name=search_term_string"}],"inLanguage":"de-DE"},{"@type":"Organization","@id":"https:\/\/www.printweb.de\/digitaldruck\/#organization","name":"Colour Connection GmbH, printweb.de, Frankfurt am Main","url":"https:\/\/www.printweb.de\/digitaldruck\/","logo":{"@type":"ImageObject","inLanguage":"de-DE","@id":"https:\/\/www.printweb.de\/digitaldruck\/#\/schema\/logo\/image\/","url":"https:\/\/www.printweb.de\/digitaldruck\/wp-content\/uploads\/2019\/11\/colour-connectio-printweb-logo.jpg","contentUrl":"https:\/\/www.printweb.de\/digitaldruck\/wp-content\/uploads\/2019\/11\/colour-connectio-printweb-logo.jpg","width":1014,"height":229,"caption":"Colour Connection GmbH, printweb.de, Frankfurt am Main"},"image":{"@id":"https:\/\/www.printweb.de\/digitaldruck\/#\/schema\/logo\/image\/"},"sameAs":["https:\/\/www.facebook.com\/printweb.de\/","https:\/\/x.com\/digitaldruck","https:\/\/www.instagram.com\/printweb.de\/","https:\/\/www.youtube.com\/user\/Digitaldruckerei"]},{"@type":"Person","@id":"https:\/\/www.printweb.de\/digitaldruck\/#\/schema\/person\/0e0308818185589fb8602180e9273195","name":"Ralph Hadem","image":{"@type":"ImageObject","inLanguage":"de-DE","@id":"https:\/\/www.printweb.de\/digitaldruck\/#\/schema\/person\/image\/","url":"https:\/\/secure.gravatar.com\/avatar\/386b1b183dce310c5ac8a8f475fdecd8?s=96&d=blank&r=g","contentUrl":"https:\/\/secure.gravatar.com\/avatar\/386b1b183dce310c5ac8a8f475fdecd8?s=96&d=blank&r=g","caption":"Ralph Hadem"},"sameAs":["https:\/\/www.printweb.de"],"url":"https:\/\/www.printweb.de\/digitaldruck\/author\/ralphhadem\/"}]}},"_links":{"self":[{"href":"https:\/\/www.printweb.de\/digitaldruck\/wp-json\/wp\/v2\/posts\/2406"}],"collection":[{"href":"https:\/\/www.printweb.de\/digitaldruck\/wp-json\/wp\/v2\/posts"}],"about":[{"href":"https:\/\/www.printweb.de\/digitaldruck\/wp-json\/wp\/v2\/types\/post"}],"author":[{"embeddable":true,"href":"https:\/\/www.printweb.de\/digitaldruck\/wp-json\/wp\/v2\/users\/2"}],"replies":[{"embeddable":true,"href":"https:\/\/www.printweb.de\/digitaldruck\/wp-json\/wp\/v2\/comments?post=2406"}],"version-history":[{"count":7,"href":"https:\/\/www.printweb.de\/digitaldruck\/wp-json\/wp\/v2\/posts\/2406\/revisions"}],"predecessor-version":[{"id":16980,"href":"https:\/\/www.printweb.de\/digitaldruck\/wp-json\/wp\/v2\/posts\/2406\/revisions\/16980"}],"wp:featuredmedia":[{"embeddable":true,"href":"https:\/\/www.printweb.de\/digitaldruck\/wp-json\/wp\/v2\/media\/2408"}],"wp:attachment":[{"href":"https:\/\/www.printweb.de\/digitaldruck\/wp-json\/wp\/v2\/media?parent=2406"}],"wp:term":[{"taxonomy":"category","embeddable":true,"href":"https:\/\/www.printweb.de\/digitaldruck\/wp-json\/wp\/v2\/categories?post=2406"},{"taxonomy":"post_tag","embeddable":true,"href":"https:\/\/www.printweb.de\/digitaldruck\/wp-json\/wp\/v2\/tags?post=2406"}],"curies":[{"name":"wp","href":"https:\/\/api.w.org\/{rel}","templated":true}]}}