{"id":2417,"date":"2009-07-02T13:07:11","date_gmt":"2009-07-02T11:07:11","guid":{"rendered":"https:\/\/www.printweb.de\/digitaldruck\/?p=2417"},"modified":"2022-03-14T19:01:36","modified_gmt":"2022-03-14T18:01:36","slug":"sommerfest-der-kreativwirtschaft-in-offenbach-am-main","status":"publish","type":"post","link":"https:\/\/www.printweb.de\/digitaldruck\/sommerfest-der-kreativwirtschaft-in-offenbach-am-main\/2417\/","title":{"rendered":"Sommerfest der Kreativwirtschaft <br \/>in Offenbach am Main"},"content":{"rendered":"<p>Gestern um 18.00 Uhr fiel der Startschuss f\u00fcr die 2. Auflage des Sommerfestes der Offenbacher Kreativwirtschaft. Einige Unternehmen nutzten die Chance um sich in lockerer Runde zu pr\u00e4sentieren. Das wurde kein steifer Messeauftritt sondern eher eine lockere Pr\u00e4sentation guter Ideen. Wir haben die Gelegenheit genutzt und einige unserer Spezialit\u00e4ten vorgestellt. Als da waren: <a href=\"https:\/\/www.printweb.de\/digitaldruck\/kreatives-mailing-in-eigener-sache\" target=\"_blank\" rel=\"noopener\">Digitaler Direktdruck<\/a> auf unterschiedliche Materialien bis zu 48 mm St\u00e4rke, aufw\u00e4ndige Booklets mit hochwertigster <a href=\"https:\/\/www.printweb.de\/digitaldruck\/aufwaendiges-wire-o-booklet\" target=\"_blank\" rel=\"noopener\">buchbinderischer Verarbeitung<\/a>, <a href=\"https:\/\/www.printweb.de\/digitaldruck\/visitenkarten-aus-holz\" target=\"_blank\" rel=\"noopener\">Druck auf Holz<\/a>, <a href=\"https:\/\/www.printweb.de\/digitaldruck\/visitenkarten-aus-transluzentem-kunststoff-2\" target=\"_blank\" rel=\"noopener\">Kunststoff<\/a> und <a href=\"https:\/\/www.printweb.de\/digitaldruck\/edler-reliefdruck-in-kleinstmengen-ohne-stempel\" target=\"_blank\" rel=\"noopener\">digitaler Reliefdruck<\/a>. Insgesamt \u00fcberzeugte das umfassende Schachtelsortiment, insbesondere die unglaublich vielseitigen und repr\u00e4sentativen <a href=\"https:\/\/www.printweb.de\/digitaldruck\/schachteln-und-verpackungen-in-kleinen-auflagen\" target=\"_blank\" rel=\"noopener\">Rahmenschachteln<\/a>.<\/p>\n<p style=\"text-align: center;\"><a href=\"https:\/\/www.printweb.de\/digitaldruck\/wp-content\/uploads\/2009\/07\/bild-sommerfest.jpg\" target=\"_blank\" rel=\"noopener\"><img decoding=\"async\" class=\"size-thumbnail wp-image-2420 aligncenter\" title=\"bild-sommerfest\" alt=\"bild-sommerfest\" src=\"https:\/\/www.printweb.de\/digitaldruck\/wp-content\/uploads\/2009\/07\/bild-sommerfest-765x574.jpg\" width=\"582\" height=\"437\" srcset=\"https:\/\/www.printweb.de\/digitaldruck\/wp-content\/uploads\/2009\/07\/bild-sommerfest-765x574.jpg 765w, https:\/\/www.printweb.de\/digitaldruck\/wp-content\/uploads\/2009\/07\/bild-sommerfest-768x576.jpg 768w, https:\/\/www.printweb.de\/digitaldruck\/wp-content\/uploads\/2009\/07\/bild-sommerfest-653x490.jpg 653w, https:\/\/www.printweb.de\/digitaldruck\/wp-content\/uploads\/2009\/07\/bild-sommerfest-320x240.jpg 320w\" sizes=\"(max-width: 582px) 100vw, 582px\" \/><\/a><\/p>\n<p style=\"text-align: left;\">Gesch\u00e4tzte 200 G\u00e4ste unterhielten sich bei bodenst\u00e4ndiger Verpflegung, Live-Musik und schwei\u00dftreibenden Temperaturen pr\u00e4chtig. Das <a href=\"http:\/\/www.ostpol-gruendercampus.de\/\" target=\"_blank\" rel=\"noopener\">ostpol\u00ba<\/a> ist eine gelungene Arbeits-, Wohn- und Eventlocation f\u00fcr Neu- und JungunternehmerInnen in der Form eines modernen Gr\u00fcndercampus.<\/p>\n","protected":false},"excerpt":{"rendered":"Gestern um 18.00 Uhr fiel der Startschuss f\u00fcr die 2. Auflage des Sommerfestes der Offenbacher Kreativwirtschaft. Einige Unternehmen &#8230; <br><br><a class=\"readmore\" href=\"https:\/\/www.printweb.de\/digitaldruck\/sommerfest-der-kreativwirtschaft-in-offenbach-am-main\/2417\/\">mehr<\/a>","protected":false},"author":2,"featured_media":2420,"comment_status":"open","ping_status":"open","sticky":false,"template":"","format":"standard","meta":{"_acf_changed":false,"footnotes":""},"categories":[1,30],"tags":[],"class_list":["post-2417","post","type-post","status-publish","format-standard","has-post-thumbnail","hentry","category-alle-beitraege","category-passiert-notiert"],"acf":[],"yoast_head":"<!-- This site is optimized with the Yoast SEO plugin v23.1 - https:\/\/yoast.com\/wordpress\/plugins\/seo\/ -->\n<title>Sommerfest der Kreativwirtschaft in Offenbach am Main | Was Print bewirken kann.<\/title>\n<meta name=\"robots\" content=\"index, follow, max-snippet:-1, max-image-preview:large, max-video-preview:-1\" \/>\n<link rel=\"canonical\" href=\"https:\/\/www.printweb.de\/digitaldruck\/sommerfest-der-kreativwirtschaft-in-offenbach-am-main\/2417\/\" \/>\n<meta property=\"og:locale\" content=\"de_DE\" \/>\n<meta property=\"og:type\" content=\"article\" \/>\n<meta property=\"og:title\" content=\"Sommerfest der Kreativwirtschaft in Offenbach am Main | Was Print bewirken kann.\" \/>\n<meta property=\"og:description\" content=\"Gestern um 18.00 Uhr fiel der Startschuss f\u00fcr die 2. Auflage des Sommerfestes der Offenbacher Kreativwirtschaft. Einige Unternehmen ... mehr\" \/>\n<meta property=\"og:url\" content=\"https:\/\/www.printweb.de\/digitaldruck\/sommerfest-der-kreativwirtschaft-in-offenbach-am-main\/2417\/\" \/>\n<meta property=\"og:site_name\" content=\"Was Print bewirken kann.\" \/>\n<meta property=\"article:publisher\" content=\"https:\/\/www.facebook.com\/printweb.de\/\" \/>\n<meta property=\"article:published_time\" content=\"2009-07-02T11:07:11+00:00\" \/>\n<meta property=\"article:modified_time\" content=\"2022-03-14T18:01:36+00:00\" \/>\n<meta property=\"og:image\" content=\"https:\/\/www.printweb.de\/digitaldruck\/wp-content\/uploads\/2009\/07\/bild-sommerfest-765x490.jpg\" \/>\n\t<meta property=\"og:image:width\" content=\"765\" \/>\n\t<meta property=\"og:image:height\" content=\"490\" \/>\n\t<meta property=\"og:image:type\" content=\"image\/jpeg\" \/>\n<meta name=\"author\" content=\"Ralph Hadem\" \/>\n<meta name=\"twitter:card\" content=\"summary_large_image\" \/>\n<meta name=\"twitter:creator\" content=\"@digitaldruck\" \/>\n<meta name=\"twitter:site\" content=\"@digitaldruck\" \/>\n<meta name=\"twitter:label1\" content=\"Verfasst von\" \/>\n\t<meta name=\"twitter:data1\" content=\"Ralph Hadem\" \/>\n\t<meta name=\"twitter:label2\" content=\"Gesch\u00e4tzte Lesezeit\" \/>\n\t<meta name=\"twitter:data2\" content=\"1 Minute\" \/>\n<script type=\"application\/ld+json\" class=\"yoast-schema-graph\">{\"@context\":\"https:\/\/schema.org\",\"@graph\":[{\"@type\":\"Article\",\"@id\":\"https:\/\/www.printweb.de\/digitaldruck\/sommerfest-der-kreativwirtschaft-in-offenbach-am-main\/2417\/#article\",\"isPartOf\":{\"@id\":\"https:\/\/www.printweb.de\/digitaldruck\/sommerfest-der-kreativwirtschaft-in-offenbach-am-main\/2417\/\"},\"author\":{\"name\":\"Ralph Hadem\",\"@id\":\"https:\/\/www.printweb.de\/digitaldruck\/#\/schema\/person\/0e0308818185589fb8602180e9273195\"},\"headline\":\"Sommerfest der Kreativwirtschaft in Offenbach am Main\",\"datePublished\":\"2009-07-02T11:07:11+00:00\",\"dateModified\":\"2022-03-14T18:01:36+00:00\",\"mainEntityOfPage\":{\"@id\":\"https:\/\/www.printweb.de\/digitaldruck\/sommerfest-der-kreativwirtschaft-in-offenbach-am-main\/2417\/\"},\"wordCount\":137,\"commentCount\":0,\"publisher\":{\"@id\":\"https:\/\/www.printweb.de\/digitaldruck\/#organization\"},\"image\":{\"@id\":\"https:\/\/www.printweb.de\/digitaldruck\/sommerfest-der-kreativwirtschaft-in-offenbach-am-main\/2417\/#primaryimage\"},\"thumbnailUrl\":\"https:\/\/www.printweb.de\/digitaldruck\/wp-content\/uploads\/2009\/07\/bild-sommerfest.jpg\",\"articleSection\":[\"Digitaldruck+Veredlung\",\"Passiert - notiert\"],\"inLanguage\":\"de-DE\",\"potentialAction\":[{\"@type\":\"CommentAction\",\"name\":\"Comment\",\"target\":[\"https:\/\/www.printweb.de\/digitaldruck\/sommerfest-der-kreativwirtschaft-in-offenbach-am-main\/2417\/#respond\"]}]},{\"@type\":\"WebPage\",\"@id\":\"https:\/\/www.printweb.de\/digitaldruck\/sommerfest-der-kreativwirtschaft-in-offenbach-am-main\/2417\/\",\"url\":\"https:\/\/www.printweb.de\/digitaldruck\/sommerfest-der-kreativwirtschaft-in-offenbach-am-main\/2417\/\",\"name\":\"Sommerfest der Kreativwirtschaft in Offenbach am Main | Was Print bewirken kann.\",\"isPartOf\":{\"@id\":\"https:\/\/www.printweb.de\/digitaldruck\/#website\"},\"primaryImageOfPage\":{\"@id\":\"https:\/\/www.printweb.de\/digitaldruck\/sommerfest-der-kreativwirtschaft-in-offenbach-am-main\/2417\/#primaryimage\"},\"image\":{\"@id\":\"https:\/\/www.printweb.de\/digitaldruck\/sommerfest-der-kreativwirtschaft-in-offenbach-am-main\/2417\/#primaryimage\"},\"thumbnailUrl\":\"https:\/\/www.printweb.de\/digitaldruck\/wp-content\/uploads\/2009\/07\/bild-sommerfest.jpg\",\"datePublished\":\"2009-07-02T11:07:11+00:00\",\"dateModified\":\"2022-03-14T18:01:36+00:00\",\"inLanguage\":\"de-DE\",\"potentialAction\":[{\"@type\":\"ReadAction\",\"target\":[\"https:\/\/www.printweb.de\/digitaldruck\/sommerfest-der-kreativwirtschaft-in-offenbach-am-main\/2417\/\"]}]},{\"@type\":\"ImageObject\",\"inLanguage\":\"de-DE\",\"@id\":\"https:\/\/www.printweb.de\/digitaldruck\/sommerfest-der-kreativwirtschaft-in-offenbach-am-main\/2417\/#primaryimage\",\"url\":\"https:\/\/www.printweb.de\/digitaldruck\/wp-content\/uploads\/2009\/07\/bild-sommerfest.jpg\",\"contentUrl\":\"https:\/\/www.printweb.de\/digitaldruck\/wp-content\/uploads\/2009\/07\/bild-sommerfest.jpg\",\"width\":3072,\"height\":2304},{\"@type\":\"WebSite\",\"@id\":\"https:\/\/www.printweb.de\/digitaldruck\/#website\",\"url\":\"https:\/\/www.printweb.de\/digitaldruck\/\",\"name\":\"Was Print bewirken kann.\",\"description\":\"Was Print bewirken kann \u2013 1700 Ideen.\",\"publisher\":{\"@id\":\"https:\/\/www.printweb.de\/digitaldruck\/#organization\"},\"potentialAction\":[{\"@type\":\"SearchAction\",\"target\":{\"@type\":\"EntryPoint\",\"urlTemplate\":\"https:\/\/www.printweb.de\/digitaldruck\/?s={search_term_string}\"},\"query-input\":\"required name=search_term_string\"}],\"inLanguage\":\"de-DE\"},{\"@type\":\"Organization\",\"@id\":\"https:\/\/www.printweb.de\/digitaldruck\/#organization\",\"name\":\"Colour Connection GmbH, printweb.de, Frankfurt am Main\",\"url\":\"https:\/\/www.printweb.de\/digitaldruck\/\",\"logo\":{\"@type\":\"ImageObject\",\"inLanguage\":\"de-DE\",\"@id\":\"https:\/\/www.printweb.de\/digitaldruck\/#\/schema\/logo\/image\/\",\"url\":\"https:\/\/www.printweb.de\/digitaldruck\/wp-content\/uploads\/2019\/11\/colour-connectio-printweb-logo.jpg\",\"contentUrl\":\"https:\/\/www.printweb.de\/digitaldruck\/wp-content\/uploads\/2019\/11\/colour-connectio-printweb-logo.jpg\",\"width\":1014,\"height\":229,\"caption\":\"Colour Connection GmbH, printweb.de, Frankfurt am Main\"},\"image\":{\"@id\":\"https:\/\/www.printweb.de\/digitaldruck\/#\/schema\/logo\/image\/\"},\"sameAs\":[\"https:\/\/www.facebook.com\/printweb.de\/\",\"https:\/\/x.com\/digitaldruck\",\"https:\/\/www.instagram.com\/printweb.de\/\",\"https:\/\/www.youtube.com\/user\/Digitaldruckerei\"]},{\"@type\":\"Person\",\"@id\":\"https:\/\/www.printweb.de\/digitaldruck\/#\/schema\/person\/0e0308818185589fb8602180e9273195\",\"name\":\"Ralph Hadem\",\"image\":{\"@type\":\"ImageObject\",\"inLanguage\":\"de-DE\",\"@id\":\"https:\/\/www.printweb.de\/digitaldruck\/#\/schema\/person\/image\/\",\"url\":\"https:\/\/secure.gravatar.com\/avatar\/386b1b183dce310c5ac8a8f475fdecd8?s=96&d=blank&r=g\",\"contentUrl\":\"https:\/\/secure.gravatar.com\/avatar\/386b1b183dce310c5ac8a8f475fdecd8?s=96&d=blank&r=g\",\"caption\":\"Ralph Hadem\"},\"sameAs\":[\"https:\/\/www.printweb.de\"],\"url\":\"https:\/\/www.printweb.de\/digitaldruck\/author\/ralphhadem\/\"}]}<\/script>\n<!-- \/ Yoast SEO plugin. -->","yoast_head_json":{"title":"Sommerfest der Kreativwirtschaft in Offenbach am Main | Was Print bewirken kann.","robots":{"index":"index","follow":"follow","max-snippet":"max-snippet:-1","max-image-preview":"max-image-preview:large","max-video-preview":"max-video-preview:-1"},"canonical":"https:\/\/www.printweb.de\/digitaldruck\/sommerfest-der-kreativwirtschaft-in-offenbach-am-main\/2417\/","og_locale":"de_DE","og_type":"article","og_title":"Sommerfest der Kreativwirtschaft in Offenbach am Main | Was Print bewirken kann.","og_description":"Gestern um 18.00 Uhr fiel der Startschuss f\u00fcr die 2. Auflage des Sommerfestes der Offenbacher Kreativwirtschaft. Einige Unternehmen ... mehr","og_url":"https:\/\/www.printweb.de\/digitaldruck\/sommerfest-der-kreativwirtschaft-in-offenbach-am-main\/2417\/","og_site_name":"Was Print bewirken kann.","article_publisher":"https:\/\/www.facebook.com\/printweb.de\/","article_published_time":"2009-07-02T11:07:11+00:00","article_modified_time":"2022-03-14T18:01:36+00:00","og_image":[{"width":765,"height":490,"url":"https:\/\/www.printweb.de\/digitaldruck\/wp-content\/uploads\/2009\/07\/bild-sommerfest-765x490.jpg","type":"image\/jpeg"}],"author":"Ralph Hadem","twitter_card":"summary_large_image","twitter_creator":"@digitaldruck","twitter_site":"@digitaldruck","twitter_misc":{"Verfasst von":"Ralph Hadem","Gesch\u00e4tzte Lesezeit":"1 Minute"},"schema":{"@context":"https:\/\/schema.org","@graph":[{"@type":"Article","@id":"https:\/\/www.printweb.de\/digitaldruck\/sommerfest-der-kreativwirtschaft-in-offenbach-am-main\/2417\/#article","isPartOf":{"@id":"https:\/\/www.printweb.de\/digitaldruck\/sommerfest-der-kreativwirtschaft-in-offenbach-am-main\/2417\/"},"author":{"name":"Ralph Hadem","@id":"https:\/\/www.printweb.de\/digitaldruck\/#\/schema\/person\/0e0308818185589fb8602180e9273195"},"headline":"Sommerfest der Kreativwirtschaft in Offenbach am Main","datePublished":"2009-07-02T11:07:11+00:00","dateModified":"2022-03-14T18:01:36+00:00","mainEntityOfPage":{"@id":"https:\/\/www.printweb.de\/digitaldruck\/sommerfest-der-kreativwirtschaft-in-offenbach-am-main\/2417\/"},"wordCount":137,"commentCount":0,"publisher":{"@id":"https:\/\/www.printweb.de\/digitaldruck\/#organization"},"image":{"@id":"https:\/\/www.printweb.de\/digitaldruck\/sommerfest-der-kreativwirtschaft-in-offenbach-am-main\/2417\/#primaryimage"},"thumbnailUrl":"https:\/\/www.printweb.de\/digitaldruck\/wp-content\/uploads\/2009\/07\/bild-sommerfest.jpg","articleSection":["Digitaldruck+Veredlung","Passiert - notiert"],"inLanguage":"de-DE","potentialAction":[{"@type":"CommentAction","name":"Comment","target":["https:\/\/www.printweb.de\/digitaldruck\/sommerfest-der-kreativwirtschaft-in-offenbach-am-main\/2417\/#respond"]}]},{"@type":"WebPage","@id":"https:\/\/www.printweb.de\/digitaldruck\/sommerfest-der-kreativwirtschaft-in-offenbach-am-main\/2417\/","url":"https:\/\/www.printweb.de\/digitaldruck\/sommerfest-der-kreativwirtschaft-in-offenbach-am-main\/2417\/","name":"Sommerfest der Kreativwirtschaft in Offenbach am Main | Was Print bewirken kann.","isPartOf":{"@id":"https:\/\/www.printweb.de\/digitaldruck\/#website"},"primaryImageOfPage":{"@id":"https:\/\/www.printweb.de\/digitaldruck\/sommerfest-der-kreativwirtschaft-in-offenbach-am-main\/2417\/#primaryimage"},"image":{"@id":"https:\/\/www.printweb.de\/digitaldruck\/sommerfest-der-kreativwirtschaft-in-offenbach-am-main\/2417\/#primaryimage"},"thumbnailUrl":"https:\/\/www.printweb.de\/digitaldruck\/wp-content\/uploads\/2009\/07\/bild-sommerfest.jpg","datePublished":"2009-07-02T11:07:11+00:00","dateModified":"2022-03-14T18:01:36+00:00","inLanguage":"de-DE","potentialAction":[{"@type":"ReadAction","target":["https:\/\/www.printweb.de\/digitaldruck\/sommerfest-der-kreativwirtschaft-in-offenbach-am-main\/2417\/"]}]},{"@type":"ImageObject","inLanguage":"de-DE","@id":"https:\/\/www.printweb.de\/digitaldruck\/sommerfest-der-kreativwirtschaft-in-offenbach-am-main\/2417\/#primaryimage","url":"https:\/\/www.printweb.de\/digitaldruck\/wp-content\/uploads\/2009\/07\/bild-sommerfest.jpg","contentUrl":"https:\/\/www.printweb.de\/digitaldruck\/wp-content\/uploads\/2009\/07\/bild-sommerfest.jpg","width":3072,"height":2304},{"@type":"WebSite","@id":"https:\/\/www.printweb.de\/digitaldruck\/#website","url":"https:\/\/www.printweb.de\/digitaldruck\/","name":"Was Print bewirken kann.","description":"Was Print bewirken kann \u2013 1700 Ideen.","publisher":{"@id":"https:\/\/www.printweb.de\/digitaldruck\/#organization"},"potentialAction":[{"@type":"SearchAction","target":{"@type":"EntryPoint","urlTemplate":"https:\/\/www.printweb.de\/digitaldruck\/?s={search_term_string}"},"query-input":"required name=search_term_string"}],"inLanguage":"de-DE"},{"@type":"Organization","@id":"https:\/\/www.printweb.de\/digitaldruck\/#organization","name":"Colour Connection GmbH, printweb.de, Frankfurt am Main","url":"https:\/\/www.printweb.de\/digitaldruck\/","logo":{"@type":"ImageObject","inLanguage":"de-DE","@id":"https:\/\/www.printweb.de\/digitaldruck\/#\/schema\/logo\/image\/","url":"https:\/\/www.printweb.de\/digitaldruck\/wp-content\/uploads\/2019\/11\/colour-connectio-printweb-logo.jpg","contentUrl":"https:\/\/www.printweb.de\/digitaldruck\/wp-content\/uploads\/2019\/11\/colour-connectio-printweb-logo.jpg","width":1014,"height":229,"caption":"Colour Connection GmbH, printweb.de, Frankfurt am Main"},"image":{"@id":"https:\/\/www.printweb.de\/digitaldruck\/#\/schema\/logo\/image\/"},"sameAs":["https:\/\/www.facebook.com\/printweb.de\/","https:\/\/x.com\/digitaldruck","https:\/\/www.instagram.com\/printweb.de\/","https:\/\/www.youtube.com\/user\/Digitaldruckerei"]},{"@type":"Person","@id":"https:\/\/www.printweb.de\/digitaldruck\/#\/schema\/person\/0e0308818185589fb8602180e9273195","name":"Ralph Hadem","image":{"@type":"ImageObject","inLanguage":"de-DE","@id":"https:\/\/www.printweb.de\/digitaldruck\/#\/schema\/person\/image\/","url":"https:\/\/secure.gravatar.com\/avatar\/386b1b183dce310c5ac8a8f475fdecd8?s=96&d=blank&r=g","contentUrl":"https:\/\/secure.gravatar.com\/avatar\/386b1b183dce310c5ac8a8f475fdecd8?s=96&d=blank&r=g","caption":"Ralph Hadem"},"sameAs":["https:\/\/www.printweb.de"],"url":"https:\/\/www.printweb.de\/digitaldruck\/author\/ralphhadem\/"}]}},"_links":{"self":[{"href":"https:\/\/www.printweb.de\/digitaldruck\/wp-json\/wp\/v2\/posts\/2417"}],"collection":[{"href":"https:\/\/www.printweb.de\/digitaldruck\/wp-json\/wp\/v2\/posts"}],"about":[{"href":"https:\/\/www.printweb.de\/digitaldruck\/wp-json\/wp\/v2\/types\/post"}],"author":[{"embeddable":true,"href":"https:\/\/www.printweb.de\/digitaldruck\/wp-json\/wp\/v2\/users\/2"}],"replies":[{"embeddable":true,"href":"https:\/\/www.printweb.de\/digitaldruck\/wp-json\/wp\/v2\/comments?post=2417"}],"version-history":[{"count":10,"href":"https:\/\/www.printweb.de\/digitaldruck\/wp-json\/wp\/v2\/posts\/2417\/revisions"}],"predecessor-version":[{"id":16990,"href":"https:\/\/www.printweb.de\/digitaldruck\/wp-json\/wp\/v2\/posts\/2417\/revisions\/16990"}],"wp:featuredmedia":[{"embeddable":true,"href":"https:\/\/www.printweb.de\/digitaldruck\/wp-json\/wp\/v2\/media\/2420"}],"wp:attachment":[{"href":"https:\/\/www.printweb.de\/digitaldruck\/wp-json\/wp\/v2\/media?parent=2417"}],"wp:term":[{"taxonomy":"category","embeddable":true,"href":"https:\/\/www.printweb.de\/digitaldruck\/wp-json\/wp\/v2\/categories?post=2417"},{"taxonomy":"post_tag","embeddable":true,"href":"https:\/\/www.printweb.de\/digitaldruck\/wp-json\/wp\/v2\/tags?post=2417"}],"curies":[{"name":"wp","href":"https:\/\/api.w.org\/{rel}","templated":true}]}}