{"id":2542,"date":"2009-07-24T10:13:33","date_gmt":"2009-07-24T08:13:33","guid":{"rendered":"https:\/\/www.printweb.de\/digitaldruck\/?p=2542"},"modified":"2010-01-13T09:52:10","modified_gmt":"2010-01-13T08:52:10","slug":"was-andere-ueber-unsere-eierlegende-wollmilchsau-sagen","status":"publish","type":"post","link":"https:\/\/www.printweb.de\/digitaldruck\/was-andere-ueber-unsere-eierlegende-wollmilchsau-sagen\/2542\/","title":{"rendered":"Was Andere \u00fcber unsere <br \/>\u201eEierlegende Wollmilchsau\u201d sagen"},"content":{"rendered":"<p>In diesem Blog hat unsere \u201edigitale Siebdruckmaschine\u201d (ich wei\u00df, rein technisch ist die Bezeichnung irref\u00fchrend) ja schon zahlreiche Auftritte in Verbindung mit ungew\u00f6hnlichen Materialien und einer excellenten Druckqualit\u00e4t gehabt. Unabh\u00e4ngig davon ist es ganz spannend zu lesen, was andere, unabh\u00e4ngige Berichterstatter \u00fcber die Arizona 350 GT zu erz\u00e4hlen haben. <a href=\"http:\/\/www.oce.de\/news\/press-releases\/2009\/Oce-Arizona-350-XT-and-Oce-Arizona-350-GT-printers-win-Product-of-the-Year-Awards.aspx\" target=\"_blank\" class=\"broken_link\">Lesen Sie selbst<\/a>.<\/p>\n<p style=\"text-align: center;\"><a href=\"https:\/\/www.printweb.de\/digitaldruck\/wp-content\/uploads\/2009\/07\/arizona-350gt_600.jpg\" target=\"_blank\"><img decoding=\"async\" class=\"size-thumbnail wp-image-2543  aligncenter\" title=\"arizona-350gt_600\" src=\"https:\/\/www.printweb.de\/digitaldruck\/wp-content\/uploads\/2009\/07\/arizona-350gt_600.jpg\" alt=\"arizona-350gt_600\" width=\"437\" height=\"437\" srcset=\"https:\/\/www.printweb.de\/digitaldruck\/wp-content\/uploads\/2009\/07\/arizona-350gt_600.jpg 600w, https:\/\/www.printweb.de\/digitaldruck\/wp-content\/uploads\/2009\/07\/arizona-350gt_600-490x490.jpg 490w, https:\/\/www.printweb.de\/digitaldruck\/wp-content\/uploads\/2009\/07\/arizona-350gt_600-65x65.jpg 65w\" sizes=\"(max-width: 437px) 100vw, 437px\" \/><\/a><\/p>\n","protected":false},"excerpt":{"rendered":"In diesem Blog hat unsere \u201edigitale Siebdruckmaschine\u201d (ich wei\u00df, rein technisch ist die Bezeichnung irref\u00fchrend) ja schon zahlreiche &#8230; <br><br><a class=\"readmore\" href=\"https:\/\/www.printweb.de\/digitaldruck\/was-andere-ueber-unsere-eierlegende-wollmilchsau-sagen\/2542\/\">mehr<\/a>","protected":false},"author":2,"featured_media":2543,"comment_status":"open","ping_status":"open","sticky":false,"template":"","format":"standard","meta":{"_acf_changed":false,"footnotes":""},"categories":[1,20,30],"tags":[],"class_list":["post-2542","post","type-post","status-publish","format-standard","has-post-thumbnail","hentry","category-alle-beitraege","category-produktion","category-passiert-notiert"],"acf":[],"yoast_head":"<!-- This site is optimized with the Yoast SEO plugin v23.1 - https:\/\/yoast.com\/wordpress\/plugins\/seo\/ -->\n<title>Was Andere \u00fcber unsere \u201eEierlegende Wollmilchsau\u201d sagen | Was Print bewirken kann.<\/title>\n<meta name=\"robots\" content=\"index, follow, max-snippet:-1, max-image-preview:large, max-video-preview:-1\" \/>\n<link rel=\"canonical\" href=\"https:\/\/www.printweb.de\/digitaldruck\/was-andere-ueber-unsere-eierlegende-wollmilchsau-sagen\/2542\/\" \/>\n<meta property=\"og:locale\" content=\"de_DE\" \/>\n<meta property=\"og:type\" content=\"article\" \/>\n<meta property=\"og:title\" content=\"Was Andere \u00fcber unsere \u201eEierlegende Wollmilchsau\u201d sagen | Was Print bewirken kann.\" \/>\n<meta property=\"og:description\" content=\"In diesem Blog hat unsere \u201edigitale Siebdruckmaschine\u201d (ich wei\u00df, rein technisch ist die Bezeichnung irref\u00fchrend) ja schon zahlreiche ... mehr\" \/>\n<meta property=\"og:url\" content=\"https:\/\/www.printweb.de\/digitaldruck\/was-andere-ueber-unsere-eierlegende-wollmilchsau-sagen\/2542\/\" \/>\n<meta property=\"og:site_name\" content=\"Was Print bewirken kann.\" \/>\n<meta property=\"article:publisher\" content=\"https:\/\/www.facebook.com\/printweb.de\/\" \/>\n<meta property=\"article:published_time\" content=\"2009-07-24T08:13:33+00:00\" \/>\n<meta property=\"article:modified_time\" content=\"2010-01-13T08:52:10+00:00\" \/>\n<meta property=\"og:image\" content=\"https:\/\/www.printweb.de\/digitaldruck\/wp-content\/uploads\/2009\/07\/arizona-350gt_600.jpg\" \/>\n\t<meta property=\"og:image:width\" content=\"600\" \/>\n\t<meta property=\"og:image:height\" content=\"600\" \/>\n\t<meta property=\"og:image:type\" content=\"image\/jpeg\" \/>\n<meta name=\"author\" content=\"Ralph Hadem\" \/>\n<meta name=\"twitter:card\" content=\"summary_large_image\" \/>\n<meta name=\"twitter:creator\" content=\"@digitaldruck\" \/>\n<meta name=\"twitter:site\" content=\"@digitaldruck\" \/>\n<meta name=\"twitter:label1\" content=\"Verfasst von\" \/>\n\t<meta name=\"twitter:data1\" content=\"Ralph Hadem\" \/>\n<script type=\"application\/ld+json\" class=\"yoast-schema-graph\">{\"@context\":\"https:\/\/schema.org\",\"@graph\":[{\"@type\":\"Article\",\"@id\":\"https:\/\/www.printweb.de\/digitaldruck\/was-andere-ueber-unsere-eierlegende-wollmilchsau-sagen\/2542\/#article\",\"isPartOf\":{\"@id\":\"https:\/\/www.printweb.de\/digitaldruck\/was-andere-ueber-unsere-eierlegende-wollmilchsau-sagen\/2542\/\"},\"author\":{\"name\":\"Ralph Hadem\",\"@id\":\"https:\/\/www.printweb.de\/digitaldruck\/#\/schema\/person\/0e0308818185589fb8602180e9273195\"},\"headline\":\"Was Andere \u00fcber unsere \u201eEierlegende Wollmilchsau\u201d sagen\",\"datePublished\":\"2009-07-24T08:13:33+00:00\",\"dateModified\":\"2010-01-13T08:52:10+00:00\",\"mainEntityOfPage\":{\"@id\":\"https:\/\/www.printweb.de\/digitaldruck\/was-andere-ueber-unsere-eierlegende-wollmilchsau-sagen\/2542\/\"},\"wordCount\":64,\"commentCount\":0,\"publisher\":{\"@id\":\"https:\/\/www.printweb.de\/digitaldruck\/#organization\"},\"image\":{\"@id\":\"https:\/\/www.printweb.de\/digitaldruck\/was-andere-ueber-unsere-eierlegende-wollmilchsau-sagen\/2542\/#primaryimage\"},\"thumbnailUrl\":\"https:\/\/www.printweb.de\/digitaldruck\/wp-content\/uploads\/2009\/07\/arizona-350gt_600.jpg\",\"articleSection\":[\"Digitaldruck+Veredlung\",\"Produktion, Beratung\",\"Passiert - notiert\"],\"inLanguage\":\"de-DE\",\"potentialAction\":[{\"@type\":\"CommentAction\",\"name\":\"Comment\",\"target\":[\"https:\/\/www.printweb.de\/digitaldruck\/was-andere-ueber-unsere-eierlegende-wollmilchsau-sagen\/2542\/#respond\"]}]},{\"@type\":\"WebPage\",\"@id\":\"https:\/\/www.printweb.de\/digitaldruck\/was-andere-ueber-unsere-eierlegende-wollmilchsau-sagen\/2542\/\",\"url\":\"https:\/\/www.printweb.de\/digitaldruck\/was-andere-ueber-unsere-eierlegende-wollmilchsau-sagen\/2542\/\",\"name\":\"Was Andere \u00fcber unsere \u201eEierlegende Wollmilchsau\u201d sagen | Was Print bewirken kann.\",\"isPartOf\":{\"@id\":\"https:\/\/www.printweb.de\/digitaldruck\/#website\"},\"primaryImageOfPage\":{\"@id\":\"https:\/\/www.printweb.de\/digitaldruck\/was-andere-ueber-unsere-eierlegende-wollmilchsau-sagen\/2542\/#primaryimage\"},\"image\":{\"@id\":\"https:\/\/www.printweb.de\/digitaldruck\/was-andere-ueber-unsere-eierlegende-wollmilchsau-sagen\/2542\/#primaryimage\"},\"thumbnailUrl\":\"https:\/\/www.printweb.de\/digitaldruck\/wp-content\/uploads\/2009\/07\/arizona-350gt_600.jpg\",\"datePublished\":\"2009-07-24T08:13:33+00:00\",\"dateModified\":\"2010-01-13T08:52:10+00:00\",\"inLanguage\":\"de-DE\",\"potentialAction\":[{\"@type\":\"ReadAction\",\"target\":[\"https:\/\/www.printweb.de\/digitaldruck\/was-andere-ueber-unsere-eierlegende-wollmilchsau-sagen\/2542\/\"]}]},{\"@type\":\"ImageObject\",\"inLanguage\":\"de-DE\",\"@id\":\"https:\/\/www.printweb.de\/digitaldruck\/was-andere-ueber-unsere-eierlegende-wollmilchsau-sagen\/2542\/#primaryimage\",\"url\":\"https:\/\/www.printweb.de\/digitaldruck\/wp-content\/uploads\/2009\/07\/arizona-350gt_600.jpg\",\"contentUrl\":\"https:\/\/www.printweb.de\/digitaldruck\/wp-content\/uploads\/2009\/07\/arizona-350gt_600.jpg\",\"width\":600,\"height\":600},{\"@type\":\"WebSite\",\"@id\":\"https:\/\/www.printweb.de\/digitaldruck\/#website\",\"url\":\"https:\/\/www.printweb.de\/digitaldruck\/\",\"name\":\"Was Print bewirken kann.\",\"description\":\"Was Print bewirken kann \u2013 1700 Ideen.\",\"publisher\":{\"@id\":\"https:\/\/www.printweb.de\/digitaldruck\/#organization\"},\"potentialAction\":[{\"@type\":\"SearchAction\",\"target\":{\"@type\":\"EntryPoint\",\"urlTemplate\":\"https:\/\/www.printweb.de\/digitaldruck\/?s={search_term_string}\"},\"query-input\":\"required name=search_term_string\"}],\"inLanguage\":\"de-DE\"},{\"@type\":\"Organization\",\"@id\":\"https:\/\/www.printweb.de\/digitaldruck\/#organization\",\"name\":\"Colour Connection GmbH, printweb.de, Frankfurt am Main\",\"url\":\"https:\/\/www.printweb.de\/digitaldruck\/\",\"logo\":{\"@type\":\"ImageObject\",\"inLanguage\":\"de-DE\",\"@id\":\"https:\/\/www.printweb.de\/digitaldruck\/#\/schema\/logo\/image\/\",\"url\":\"https:\/\/www.printweb.de\/digitaldruck\/wp-content\/uploads\/2019\/11\/colour-connectio-printweb-logo.jpg\",\"contentUrl\":\"https:\/\/www.printweb.de\/digitaldruck\/wp-content\/uploads\/2019\/11\/colour-connectio-printweb-logo.jpg\",\"width\":1014,\"height\":229,\"caption\":\"Colour Connection GmbH, printweb.de, Frankfurt am Main\"},\"image\":{\"@id\":\"https:\/\/www.printweb.de\/digitaldruck\/#\/schema\/logo\/image\/\"},\"sameAs\":[\"https:\/\/www.facebook.com\/printweb.de\/\",\"https:\/\/x.com\/digitaldruck\",\"https:\/\/www.instagram.com\/printweb.de\/\",\"https:\/\/www.youtube.com\/user\/Digitaldruckerei\"]},{\"@type\":\"Person\",\"@id\":\"https:\/\/www.printweb.de\/digitaldruck\/#\/schema\/person\/0e0308818185589fb8602180e9273195\",\"name\":\"Ralph Hadem\",\"image\":{\"@type\":\"ImageObject\",\"inLanguage\":\"de-DE\",\"@id\":\"https:\/\/www.printweb.de\/digitaldruck\/#\/schema\/person\/image\/\",\"url\":\"https:\/\/secure.gravatar.com\/avatar\/386b1b183dce310c5ac8a8f475fdecd8?s=96&d=blank&r=g\",\"contentUrl\":\"https:\/\/secure.gravatar.com\/avatar\/386b1b183dce310c5ac8a8f475fdecd8?s=96&d=blank&r=g\",\"caption\":\"Ralph Hadem\"},\"sameAs\":[\"https:\/\/www.printweb.de\"],\"url\":\"https:\/\/www.printweb.de\/digitaldruck\/author\/ralphhadem\/\"}]}<\/script>\n<!-- \/ Yoast SEO plugin. -->","yoast_head_json":{"title":"Was Andere \u00fcber unsere \u201eEierlegende Wollmilchsau\u201d sagen | Was Print bewirken kann.","robots":{"index":"index","follow":"follow","max-snippet":"max-snippet:-1","max-image-preview":"max-image-preview:large","max-video-preview":"max-video-preview:-1"},"canonical":"https:\/\/www.printweb.de\/digitaldruck\/was-andere-ueber-unsere-eierlegende-wollmilchsau-sagen\/2542\/","og_locale":"de_DE","og_type":"article","og_title":"Was Andere \u00fcber unsere \u201eEierlegende Wollmilchsau\u201d sagen | Was Print bewirken kann.","og_description":"In diesem Blog hat unsere \u201edigitale Siebdruckmaschine\u201d (ich wei\u00df, rein technisch ist die Bezeichnung irref\u00fchrend) ja schon zahlreiche ... mehr","og_url":"https:\/\/www.printweb.de\/digitaldruck\/was-andere-ueber-unsere-eierlegende-wollmilchsau-sagen\/2542\/","og_site_name":"Was Print bewirken kann.","article_publisher":"https:\/\/www.facebook.com\/printweb.de\/","article_published_time":"2009-07-24T08:13:33+00:00","article_modified_time":"2010-01-13T08:52:10+00:00","og_image":[{"width":600,"height":600,"url":"https:\/\/www.printweb.de\/digitaldruck\/wp-content\/uploads\/2009\/07\/arizona-350gt_600.jpg","type":"image\/jpeg"}],"author":"Ralph Hadem","twitter_card":"summary_large_image","twitter_creator":"@digitaldruck","twitter_site":"@digitaldruck","twitter_misc":{"Verfasst von":"Ralph Hadem"},"schema":{"@context":"https:\/\/schema.org","@graph":[{"@type":"Article","@id":"https:\/\/www.printweb.de\/digitaldruck\/was-andere-ueber-unsere-eierlegende-wollmilchsau-sagen\/2542\/#article","isPartOf":{"@id":"https:\/\/www.printweb.de\/digitaldruck\/was-andere-ueber-unsere-eierlegende-wollmilchsau-sagen\/2542\/"},"author":{"name":"Ralph Hadem","@id":"https:\/\/www.printweb.de\/digitaldruck\/#\/schema\/person\/0e0308818185589fb8602180e9273195"},"headline":"Was Andere \u00fcber unsere \u201eEierlegende Wollmilchsau\u201d sagen","datePublished":"2009-07-24T08:13:33+00:00","dateModified":"2010-01-13T08:52:10+00:00","mainEntityOfPage":{"@id":"https:\/\/www.printweb.de\/digitaldruck\/was-andere-ueber-unsere-eierlegende-wollmilchsau-sagen\/2542\/"},"wordCount":64,"commentCount":0,"publisher":{"@id":"https:\/\/www.printweb.de\/digitaldruck\/#organization"},"image":{"@id":"https:\/\/www.printweb.de\/digitaldruck\/was-andere-ueber-unsere-eierlegende-wollmilchsau-sagen\/2542\/#primaryimage"},"thumbnailUrl":"https:\/\/www.printweb.de\/digitaldruck\/wp-content\/uploads\/2009\/07\/arizona-350gt_600.jpg","articleSection":["Digitaldruck+Veredlung","Produktion, Beratung","Passiert - notiert"],"inLanguage":"de-DE","potentialAction":[{"@type":"CommentAction","name":"Comment","target":["https:\/\/www.printweb.de\/digitaldruck\/was-andere-ueber-unsere-eierlegende-wollmilchsau-sagen\/2542\/#respond"]}]},{"@type":"WebPage","@id":"https:\/\/www.printweb.de\/digitaldruck\/was-andere-ueber-unsere-eierlegende-wollmilchsau-sagen\/2542\/","url":"https:\/\/www.printweb.de\/digitaldruck\/was-andere-ueber-unsere-eierlegende-wollmilchsau-sagen\/2542\/","name":"Was Andere \u00fcber unsere \u201eEierlegende Wollmilchsau\u201d sagen | Was Print bewirken kann.","isPartOf":{"@id":"https:\/\/www.printweb.de\/digitaldruck\/#website"},"primaryImageOfPage":{"@id":"https:\/\/www.printweb.de\/digitaldruck\/was-andere-ueber-unsere-eierlegende-wollmilchsau-sagen\/2542\/#primaryimage"},"image":{"@id":"https:\/\/www.printweb.de\/digitaldruck\/was-andere-ueber-unsere-eierlegende-wollmilchsau-sagen\/2542\/#primaryimage"},"thumbnailUrl":"https:\/\/www.printweb.de\/digitaldruck\/wp-content\/uploads\/2009\/07\/arizona-350gt_600.jpg","datePublished":"2009-07-24T08:13:33+00:00","dateModified":"2010-01-13T08:52:10+00:00","inLanguage":"de-DE","potentialAction":[{"@type":"ReadAction","target":["https:\/\/www.printweb.de\/digitaldruck\/was-andere-ueber-unsere-eierlegende-wollmilchsau-sagen\/2542\/"]}]},{"@type":"ImageObject","inLanguage":"de-DE","@id":"https:\/\/www.printweb.de\/digitaldruck\/was-andere-ueber-unsere-eierlegende-wollmilchsau-sagen\/2542\/#primaryimage","url":"https:\/\/www.printweb.de\/digitaldruck\/wp-content\/uploads\/2009\/07\/arizona-350gt_600.jpg","contentUrl":"https:\/\/www.printweb.de\/digitaldruck\/wp-content\/uploads\/2009\/07\/arizona-350gt_600.jpg","width":600,"height":600},{"@type":"WebSite","@id":"https:\/\/www.printweb.de\/digitaldruck\/#website","url":"https:\/\/www.printweb.de\/digitaldruck\/","name":"Was Print bewirken kann.","description":"Was Print bewirken kann \u2013 1700 Ideen.","publisher":{"@id":"https:\/\/www.printweb.de\/digitaldruck\/#organization"},"potentialAction":[{"@type":"SearchAction","target":{"@type":"EntryPoint","urlTemplate":"https:\/\/www.printweb.de\/digitaldruck\/?s={search_term_string}"},"query-input":"required name=search_term_string"}],"inLanguage":"de-DE"},{"@type":"Organization","@id":"https:\/\/www.printweb.de\/digitaldruck\/#organization","name":"Colour Connection GmbH, printweb.de, Frankfurt am Main","url":"https:\/\/www.printweb.de\/digitaldruck\/","logo":{"@type":"ImageObject","inLanguage":"de-DE","@id":"https:\/\/www.printweb.de\/digitaldruck\/#\/schema\/logo\/image\/","url":"https:\/\/www.printweb.de\/digitaldruck\/wp-content\/uploads\/2019\/11\/colour-connectio-printweb-logo.jpg","contentUrl":"https:\/\/www.printweb.de\/digitaldruck\/wp-content\/uploads\/2019\/11\/colour-connectio-printweb-logo.jpg","width":1014,"height":229,"caption":"Colour Connection GmbH, printweb.de, Frankfurt am Main"},"image":{"@id":"https:\/\/www.printweb.de\/digitaldruck\/#\/schema\/logo\/image\/"},"sameAs":["https:\/\/www.facebook.com\/printweb.de\/","https:\/\/x.com\/digitaldruck","https:\/\/www.instagram.com\/printweb.de\/","https:\/\/www.youtube.com\/user\/Digitaldruckerei"]},{"@type":"Person","@id":"https:\/\/www.printweb.de\/digitaldruck\/#\/schema\/person\/0e0308818185589fb8602180e9273195","name":"Ralph Hadem","image":{"@type":"ImageObject","inLanguage":"de-DE","@id":"https:\/\/www.printweb.de\/digitaldruck\/#\/schema\/person\/image\/","url":"https:\/\/secure.gravatar.com\/avatar\/386b1b183dce310c5ac8a8f475fdecd8?s=96&d=blank&r=g","contentUrl":"https:\/\/secure.gravatar.com\/avatar\/386b1b183dce310c5ac8a8f475fdecd8?s=96&d=blank&r=g","caption":"Ralph Hadem"},"sameAs":["https:\/\/www.printweb.de"],"url":"https:\/\/www.printweb.de\/digitaldruck\/author\/ralphhadem\/"}]}},"_links":{"self":[{"href":"https:\/\/www.printweb.de\/digitaldruck\/wp-json\/wp\/v2\/posts\/2542"}],"collection":[{"href":"https:\/\/www.printweb.de\/digitaldruck\/wp-json\/wp\/v2\/posts"}],"about":[{"href":"https:\/\/www.printweb.de\/digitaldruck\/wp-json\/wp\/v2\/types\/post"}],"author":[{"embeddable":true,"href":"https:\/\/www.printweb.de\/digitaldruck\/wp-json\/wp\/v2\/users\/2"}],"replies":[{"embeddable":true,"href":"https:\/\/www.printweb.de\/digitaldruck\/wp-json\/wp\/v2\/comments?post=2542"}],"version-history":[{"count":5,"href":"https:\/\/www.printweb.de\/digitaldruck\/wp-json\/wp\/v2\/posts\/2542\/revisions"}],"predecessor-version":[{"id":3125,"href":"https:\/\/www.printweb.de\/digitaldruck\/wp-json\/wp\/v2\/posts\/2542\/revisions\/3125"}],"wp:featuredmedia":[{"embeddable":true,"href":"https:\/\/www.printweb.de\/digitaldruck\/wp-json\/wp\/v2\/media\/2543"}],"wp:attachment":[{"href":"https:\/\/www.printweb.de\/digitaldruck\/wp-json\/wp\/v2\/media?parent=2542"}],"wp:term":[{"taxonomy":"category","embeddable":true,"href":"https:\/\/www.printweb.de\/digitaldruck\/wp-json\/wp\/v2\/categories?post=2542"},{"taxonomy":"post_tag","embeddable":true,"href":"https:\/\/www.printweb.de\/digitaldruck\/wp-json\/wp\/v2\/tags?post=2542"}],"curies":[{"name":"wp","href":"https:\/\/api.w.org\/{rel}","templated":true}]}}