{"id":2548,"date":"2009-07-27T11:40:58","date_gmt":"2009-07-27T09:40:58","guid":{"rendered":"https:\/\/www.printweb.de\/digitaldruck\/?p=2548"},"modified":"2017-03-28T12:49:23","modified_gmt":"2017-03-28T10:49:23","slug":"macht-schlagzeilen-ein-buchtipp","status":"publish","type":"post","link":"https:\/\/www.printweb.de\/digitaldruck\/macht-schlagzeilen-ein-buchtipp\/2548\/","title":{"rendered":"\u201eMacht Schlagzeilen\u201d &#8211; ein Buchtipp"},"content":{"rendered":"<p>Burhard Schneider bespricht in seinem <a href=\"http:\/\/www.best-practice-business.de\/blog\/\" target=\"_blank\">best-practice-business-blog<\/a> <a href=\"http:\/\/www.best-practice-business.de\/blog\/?p=10013\" target=\"_blank\"><br \/>\ndas Buch<\/a> von Christian Maria Fischer. Gerade kleine Unternehmen tun sich oft schwer, eine Idee zu generieren und so umzusetzen, dass es die Lokal- oder Fachpresse auf den Plan bringt. Was hilft die beste PR-Idee, wenn der Aufwand f\u00fcr die Idee h\u00f6her ist als vergleichbare Anzeigenschaltungen in den entsprechenden Medien? Hier ist Kreativit\u00e4t gefragt. Lassen Sie sich von dem Buch und seinen 1000 Ideen inspirieren und inszenieren Sie dann Ihr eigenes PR-Event. Die 10 besten Beispiele werden <a href=\"http:\/\/www.best-practice-business.de\/blog\/?p=10013\" target=\"_blank\">hier<\/a> aufgelistet. Das Buch ist bei <a href=\"http:\/\/www.amazon.de\/Macht-Schlagzeilen-PR-Ideen-Journalisten-Unternehmen\/dp\/3897499193\/ref=sr_1_1?ie=UTF8&amp;qid=1248687229&amp;sr=8-1\" target=\"_blank\">amazon<\/a> bestellbar und der Versandmulti bietet auch die M\u00f6glichkeit, einige Seiten vorab zu lesen.<\/p>\n<p style=\"text-align: center;\"><a href=\"https:\/\/www.printweb.de\/digitaldruck\/wp-content\/uploads\/2009\/07\/macht-schlagzeilen.png\" target=\"_blank\"><img decoding=\"async\" class=\"size-thumbnail-vertikal wp-image-2549  aligncenter\" style=\"border: 1px solid black;\" title=\"macht-schlagzeilen\" src=\"https:\/\/www.printweb.de\/digitaldruck\/wp-content\/uploads\/2009\/07\/macht-schlagzeilen-342x490.png\" alt=\"macht-schlagzeilen\" width=\"342\" height=\"490\" srcset=\"https:\/\/www.printweb.de\/digitaldruck\/wp-content\/uploads\/2009\/07\/macht-schlagzeilen-342x490.png 342w, https:\/\/www.printweb.de\/digitaldruck\/wp-content\/uploads\/2009\/07\/macht-schlagzeilen.png 596w\" sizes=\"(max-width: 342px) 100vw, 342px\" \/><\/a><\/p>\n","protected":false},"excerpt":{"rendered":"Burhard Schneider bespricht in seinem best-practice-business-blog das Buch von Christian Maria Fischer. Gerade kleine Unternehmen tun sich oft &#8230; <br><br><a class=\"readmore\" href=\"https:\/\/www.printweb.de\/digitaldruck\/macht-schlagzeilen-ein-buchtipp\/2548\/\">mehr<\/a>","protected":false},"author":2,"featured_media":2549,"comment_status":"open","ping_status":"open","sticky":false,"template":"","format":"standard","meta":{"_acf_changed":false,"footnotes":""},"categories":[1,30],"tags":[],"class_list":["post-2548","post","type-post","status-publish","format-standard","has-post-thumbnail","hentry","category-alle-beitraege","category-passiert-notiert"],"acf":[],"yoast_head":"<!-- This site is optimized with the Yoast SEO plugin v23.1 - https:\/\/yoast.com\/wordpress\/plugins\/seo\/ -->\n<title>\u201eMacht Schlagzeilen\u201d - ein Buchtipp | Was Print bewirken kann.<\/title>\n<meta name=\"robots\" content=\"index, follow, max-snippet:-1, max-image-preview:large, max-video-preview:-1\" \/>\n<link rel=\"canonical\" href=\"https:\/\/www.printweb.de\/digitaldruck\/macht-schlagzeilen-ein-buchtipp\/2548\/\" \/>\n<meta property=\"og:locale\" content=\"de_DE\" \/>\n<meta property=\"og:type\" content=\"article\" \/>\n<meta property=\"og:title\" content=\"\u201eMacht Schlagzeilen\u201d - ein Buchtipp | Was Print bewirken kann.\" \/>\n<meta property=\"og:description\" content=\"Burhard Schneider bespricht in seinem best-practice-business-blog das Buch von Christian Maria Fischer. Gerade kleine Unternehmen tun sich oft ... mehr\" \/>\n<meta property=\"og:url\" content=\"https:\/\/www.printweb.de\/digitaldruck\/macht-schlagzeilen-ein-buchtipp\/2548\/\" \/>\n<meta property=\"og:site_name\" content=\"Was Print bewirken kann.\" \/>\n<meta property=\"article:publisher\" content=\"https:\/\/www.facebook.com\/printweb.de\/\" \/>\n<meta property=\"article:published_time\" content=\"2009-07-27T09:40:58+00:00\" \/>\n<meta property=\"article:modified_time\" content=\"2017-03-28T10:49:23+00:00\" \/>\n<meta property=\"og:image\" content=\"https:\/\/www.printweb.de\/digitaldruck\/wp-content\/uploads\/2009\/07\/macht-schlagzeilen.png\" \/>\n\t<meta property=\"og:image:width\" content=\"596\" \/>\n\t<meta property=\"og:image:height\" content=\"855\" \/>\n\t<meta property=\"og:image:type\" content=\"image\/png\" \/>\n<meta name=\"author\" content=\"Ralph Hadem\" \/>\n<meta name=\"twitter:card\" content=\"summary_large_image\" \/>\n<meta name=\"twitter:creator\" content=\"@digitaldruck\" \/>\n<meta name=\"twitter:site\" content=\"@digitaldruck\" \/>\n<meta name=\"twitter:label1\" content=\"Verfasst von\" \/>\n\t<meta name=\"twitter:data1\" content=\"Ralph Hadem\" \/>\n\t<meta name=\"twitter:label2\" content=\"Gesch\u00e4tzte Lesezeit\" \/>\n\t<meta name=\"twitter:data2\" content=\"1 Minute\" \/>\n<script type=\"application\/ld+json\" class=\"yoast-schema-graph\">{\"@context\":\"https:\/\/schema.org\",\"@graph\":[{\"@type\":\"Article\",\"@id\":\"https:\/\/www.printweb.de\/digitaldruck\/macht-schlagzeilen-ein-buchtipp\/2548\/#article\",\"isPartOf\":{\"@id\":\"https:\/\/www.printweb.de\/digitaldruck\/macht-schlagzeilen-ein-buchtipp\/2548\/\"},\"author\":{\"name\":\"Ralph Hadem\",\"@id\":\"https:\/\/www.printweb.de\/digitaldruck\/#\/schema\/person\/0e0308818185589fb8602180e9273195\"},\"headline\":\"\u201eMacht Schlagzeilen\u201d &#8211; ein Buchtipp\",\"datePublished\":\"2009-07-27T09:40:58+00:00\",\"dateModified\":\"2017-03-28T10:49:23+00:00\",\"mainEntityOfPage\":{\"@id\":\"https:\/\/www.printweb.de\/digitaldruck\/macht-schlagzeilen-ein-buchtipp\/2548\/\"},\"wordCount\":110,\"commentCount\":0,\"publisher\":{\"@id\":\"https:\/\/www.printweb.de\/digitaldruck\/#organization\"},\"image\":{\"@id\":\"https:\/\/www.printweb.de\/digitaldruck\/macht-schlagzeilen-ein-buchtipp\/2548\/#primaryimage\"},\"thumbnailUrl\":\"https:\/\/www.printweb.de\/digitaldruck\/wp-content\/uploads\/2009\/07\/macht-schlagzeilen.png\",\"articleSection\":[\"Digitaldruck+Veredlung\",\"Passiert - notiert\"],\"inLanguage\":\"de-DE\",\"potentialAction\":[{\"@type\":\"CommentAction\",\"name\":\"Comment\",\"target\":[\"https:\/\/www.printweb.de\/digitaldruck\/macht-schlagzeilen-ein-buchtipp\/2548\/#respond\"]}]},{\"@type\":\"WebPage\",\"@id\":\"https:\/\/www.printweb.de\/digitaldruck\/macht-schlagzeilen-ein-buchtipp\/2548\/\",\"url\":\"https:\/\/www.printweb.de\/digitaldruck\/macht-schlagzeilen-ein-buchtipp\/2548\/\",\"name\":\"\u201eMacht Schlagzeilen\u201d - ein Buchtipp | Was Print bewirken kann.\",\"isPartOf\":{\"@id\":\"https:\/\/www.printweb.de\/digitaldruck\/#website\"},\"primaryImageOfPage\":{\"@id\":\"https:\/\/www.printweb.de\/digitaldruck\/macht-schlagzeilen-ein-buchtipp\/2548\/#primaryimage\"},\"image\":{\"@id\":\"https:\/\/www.printweb.de\/digitaldruck\/macht-schlagzeilen-ein-buchtipp\/2548\/#primaryimage\"},\"thumbnailUrl\":\"https:\/\/www.printweb.de\/digitaldruck\/wp-content\/uploads\/2009\/07\/macht-schlagzeilen.png\",\"datePublished\":\"2009-07-27T09:40:58+00:00\",\"dateModified\":\"2017-03-28T10:49:23+00:00\",\"inLanguage\":\"de-DE\",\"potentialAction\":[{\"@type\":\"ReadAction\",\"target\":[\"https:\/\/www.printweb.de\/digitaldruck\/macht-schlagzeilen-ein-buchtipp\/2548\/\"]}]},{\"@type\":\"ImageObject\",\"inLanguage\":\"de-DE\",\"@id\":\"https:\/\/www.printweb.de\/digitaldruck\/macht-schlagzeilen-ein-buchtipp\/2548\/#primaryimage\",\"url\":\"https:\/\/www.printweb.de\/digitaldruck\/wp-content\/uploads\/2009\/07\/macht-schlagzeilen.png\",\"contentUrl\":\"https:\/\/www.printweb.de\/digitaldruck\/wp-content\/uploads\/2009\/07\/macht-schlagzeilen.png\",\"width\":596,\"height\":855},{\"@type\":\"WebSite\",\"@id\":\"https:\/\/www.printweb.de\/digitaldruck\/#website\",\"url\":\"https:\/\/www.printweb.de\/digitaldruck\/\",\"name\":\"Was Print bewirken kann.\",\"description\":\"Was Print bewirken kann \u2013 1700 Ideen.\",\"publisher\":{\"@id\":\"https:\/\/www.printweb.de\/digitaldruck\/#organization\"},\"potentialAction\":[{\"@type\":\"SearchAction\",\"target\":{\"@type\":\"EntryPoint\",\"urlTemplate\":\"https:\/\/www.printweb.de\/digitaldruck\/?s={search_term_string}\"},\"query-input\":\"required name=search_term_string\"}],\"inLanguage\":\"de-DE\"},{\"@type\":\"Organization\",\"@id\":\"https:\/\/www.printweb.de\/digitaldruck\/#organization\",\"name\":\"Colour Connection GmbH, printweb.de, Frankfurt am Main\",\"url\":\"https:\/\/www.printweb.de\/digitaldruck\/\",\"logo\":{\"@type\":\"ImageObject\",\"inLanguage\":\"de-DE\",\"@id\":\"https:\/\/www.printweb.de\/digitaldruck\/#\/schema\/logo\/image\/\",\"url\":\"https:\/\/www.printweb.de\/digitaldruck\/wp-content\/uploads\/2019\/11\/colour-connectio-printweb-logo.jpg\",\"contentUrl\":\"https:\/\/www.printweb.de\/digitaldruck\/wp-content\/uploads\/2019\/11\/colour-connectio-printweb-logo.jpg\",\"width\":1014,\"height\":229,\"caption\":\"Colour Connection GmbH, printweb.de, Frankfurt am Main\"},\"image\":{\"@id\":\"https:\/\/www.printweb.de\/digitaldruck\/#\/schema\/logo\/image\/\"},\"sameAs\":[\"https:\/\/www.facebook.com\/printweb.de\/\",\"https:\/\/x.com\/digitaldruck\",\"https:\/\/www.instagram.com\/printweb.de\/\",\"https:\/\/www.youtube.com\/user\/Digitaldruckerei\"]},{\"@type\":\"Person\",\"@id\":\"https:\/\/www.printweb.de\/digitaldruck\/#\/schema\/person\/0e0308818185589fb8602180e9273195\",\"name\":\"Ralph Hadem\",\"image\":{\"@type\":\"ImageObject\",\"inLanguage\":\"de-DE\",\"@id\":\"https:\/\/www.printweb.de\/digitaldruck\/#\/schema\/person\/image\/\",\"url\":\"https:\/\/secure.gravatar.com\/avatar\/386b1b183dce310c5ac8a8f475fdecd8?s=96&d=blank&r=g\",\"contentUrl\":\"https:\/\/secure.gravatar.com\/avatar\/386b1b183dce310c5ac8a8f475fdecd8?s=96&d=blank&r=g\",\"caption\":\"Ralph Hadem\"},\"sameAs\":[\"https:\/\/www.printweb.de\"],\"url\":\"https:\/\/www.printweb.de\/digitaldruck\/author\/ralphhadem\/\"}]}<\/script>\n<!-- \/ Yoast SEO plugin. -->","yoast_head_json":{"title":"\u201eMacht Schlagzeilen\u201d - ein Buchtipp | Was Print bewirken kann.","robots":{"index":"index","follow":"follow","max-snippet":"max-snippet:-1","max-image-preview":"max-image-preview:large","max-video-preview":"max-video-preview:-1"},"canonical":"https:\/\/www.printweb.de\/digitaldruck\/macht-schlagzeilen-ein-buchtipp\/2548\/","og_locale":"de_DE","og_type":"article","og_title":"\u201eMacht Schlagzeilen\u201d - ein Buchtipp | Was Print bewirken kann.","og_description":"Burhard Schneider bespricht in seinem best-practice-business-blog das Buch von Christian Maria Fischer. Gerade kleine Unternehmen tun sich oft ... mehr","og_url":"https:\/\/www.printweb.de\/digitaldruck\/macht-schlagzeilen-ein-buchtipp\/2548\/","og_site_name":"Was Print bewirken kann.","article_publisher":"https:\/\/www.facebook.com\/printweb.de\/","article_published_time":"2009-07-27T09:40:58+00:00","article_modified_time":"2017-03-28T10:49:23+00:00","og_image":[{"width":596,"height":855,"url":"https:\/\/www.printweb.de\/digitaldruck\/wp-content\/uploads\/2009\/07\/macht-schlagzeilen.png","type":"image\/png"}],"author":"Ralph Hadem","twitter_card":"summary_large_image","twitter_creator":"@digitaldruck","twitter_site":"@digitaldruck","twitter_misc":{"Verfasst von":"Ralph Hadem","Gesch\u00e4tzte Lesezeit":"1 Minute"},"schema":{"@context":"https:\/\/schema.org","@graph":[{"@type":"Article","@id":"https:\/\/www.printweb.de\/digitaldruck\/macht-schlagzeilen-ein-buchtipp\/2548\/#article","isPartOf":{"@id":"https:\/\/www.printweb.de\/digitaldruck\/macht-schlagzeilen-ein-buchtipp\/2548\/"},"author":{"name":"Ralph Hadem","@id":"https:\/\/www.printweb.de\/digitaldruck\/#\/schema\/person\/0e0308818185589fb8602180e9273195"},"headline":"\u201eMacht Schlagzeilen\u201d &#8211; ein Buchtipp","datePublished":"2009-07-27T09:40:58+00:00","dateModified":"2017-03-28T10:49:23+00:00","mainEntityOfPage":{"@id":"https:\/\/www.printweb.de\/digitaldruck\/macht-schlagzeilen-ein-buchtipp\/2548\/"},"wordCount":110,"commentCount":0,"publisher":{"@id":"https:\/\/www.printweb.de\/digitaldruck\/#organization"},"image":{"@id":"https:\/\/www.printweb.de\/digitaldruck\/macht-schlagzeilen-ein-buchtipp\/2548\/#primaryimage"},"thumbnailUrl":"https:\/\/www.printweb.de\/digitaldruck\/wp-content\/uploads\/2009\/07\/macht-schlagzeilen.png","articleSection":["Digitaldruck+Veredlung","Passiert - notiert"],"inLanguage":"de-DE","potentialAction":[{"@type":"CommentAction","name":"Comment","target":["https:\/\/www.printweb.de\/digitaldruck\/macht-schlagzeilen-ein-buchtipp\/2548\/#respond"]}]},{"@type":"WebPage","@id":"https:\/\/www.printweb.de\/digitaldruck\/macht-schlagzeilen-ein-buchtipp\/2548\/","url":"https:\/\/www.printweb.de\/digitaldruck\/macht-schlagzeilen-ein-buchtipp\/2548\/","name":"\u201eMacht Schlagzeilen\u201d - ein Buchtipp | Was Print bewirken kann.","isPartOf":{"@id":"https:\/\/www.printweb.de\/digitaldruck\/#website"},"primaryImageOfPage":{"@id":"https:\/\/www.printweb.de\/digitaldruck\/macht-schlagzeilen-ein-buchtipp\/2548\/#primaryimage"},"image":{"@id":"https:\/\/www.printweb.de\/digitaldruck\/macht-schlagzeilen-ein-buchtipp\/2548\/#primaryimage"},"thumbnailUrl":"https:\/\/www.printweb.de\/digitaldruck\/wp-content\/uploads\/2009\/07\/macht-schlagzeilen.png","datePublished":"2009-07-27T09:40:58+00:00","dateModified":"2017-03-28T10:49:23+00:00","inLanguage":"de-DE","potentialAction":[{"@type":"ReadAction","target":["https:\/\/www.printweb.de\/digitaldruck\/macht-schlagzeilen-ein-buchtipp\/2548\/"]}]},{"@type":"ImageObject","inLanguage":"de-DE","@id":"https:\/\/www.printweb.de\/digitaldruck\/macht-schlagzeilen-ein-buchtipp\/2548\/#primaryimage","url":"https:\/\/www.printweb.de\/digitaldruck\/wp-content\/uploads\/2009\/07\/macht-schlagzeilen.png","contentUrl":"https:\/\/www.printweb.de\/digitaldruck\/wp-content\/uploads\/2009\/07\/macht-schlagzeilen.png","width":596,"height":855},{"@type":"WebSite","@id":"https:\/\/www.printweb.de\/digitaldruck\/#website","url":"https:\/\/www.printweb.de\/digitaldruck\/","name":"Was Print bewirken kann.","description":"Was Print bewirken kann \u2013 1700 Ideen.","publisher":{"@id":"https:\/\/www.printweb.de\/digitaldruck\/#organization"},"potentialAction":[{"@type":"SearchAction","target":{"@type":"EntryPoint","urlTemplate":"https:\/\/www.printweb.de\/digitaldruck\/?s={search_term_string}"},"query-input":"required name=search_term_string"}],"inLanguage":"de-DE"},{"@type":"Organization","@id":"https:\/\/www.printweb.de\/digitaldruck\/#organization","name":"Colour Connection GmbH, printweb.de, Frankfurt am Main","url":"https:\/\/www.printweb.de\/digitaldruck\/","logo":{"@type":"ImageObject","inLanguage":"de-DE","@id":"https:\/\/www.printweb.de\/digitaldruck\/#\/schema\/logo\/image\/","url":"https:\/\/www.printweb.de\/digitaldruck\/wp-content\/uploads\/2019\/11\/colour-connectio-printweb-logo.jpg","contentUrl":"https:\/\/www.printweb.de\/digitaldruck\/wp-content\/uploads\/2019\/11\/colour-connectio-printweb-logo.jpg","width":1014,"height":229,"caption":"Colour Connection GmbH, printweb.de, Frankfurt am Main"},"image":{"@id":"https:\/\/www.printweb.de\/digitaldruck\/#\/schema\/logo\/image\/"},"sameAs":["https:\/\/www.facebook.com\/printweb.de\/","https:\/\/x.com\/digitaldruck","https:\/\/www.instagram.com\/printweb.de\/","https:\/\/www.youtube.com\/user\/Digitaldruckerei"]},{"@type":"Person","@id":"https:\/\/www.printweb.de\/digitaldruck\/#\/schema\/person\/0e0308818185589fb8602180e9273195","name":"Ralph Hadem","image":{"@type":"ImageObject","inLanguage":"de-DE","@id":"https:\/\/www.printweb.de\/digitaldruck\/#\/schema\/person\/image\/","url":"https:\/\/secure.gravatar.com\/avatar\/386b1b183dce310c5ac8a8f475fdecd8?s=96&d=blank&r=g","contentUrl":"https:\/\/secure.gravatar.com\/avatar\/386b1b183dce310c5ac8a8f475fdecd8?s=96&d=blank&r=g","caption":"Ralph Hadem"},"sameAs":["https:\/\/www.printweb.de"],"url":"https:\/\/www.printweb.de\/digitaldruck\/author\/ralphhadem\/"}]}},"_links":{"self":[{"href":"https:\/\/www.printweb.de\/digitaldruck\/wp-json\/wp\/v2\/posts\/2548"}],"collection":[{"href":"https:\/\/www.printweb.de\/digitaldruck\/wp-json\/wp\/v2\/posts"}],"about":[{"href":"https:\/\/www.printweb.de\/digitaldruck\/wp-json\/wp\/v2\/types\/post"}],"author":[{"embeddable":true,"href":"https:\/\/www.printweb.de\/digitaldruck\/wp-json\/wp\/v2\/users\/2"}],"replies":[{"embeddable":true,"href":"https:\/\/www.printweb.de\/digitaldruck\/wp-json\/wp\/v2\/comments?post=2548"}],"version-history":[{"count":6,"href":"https:\/\/www.printweb.de\/digitaldruck\/wp-json\/wp\/v2\/posts\/2548\/revisions"}],"predecessor-version":[{"id":13499,"href":"https:\/\/www.printweb.de\/digitaldruck\/wp-json\/wp\/v2\/posts\/2548\/revisions\/13499"}],"wp:featuredmedia":[{"embeddable":true,"href":"https:\/\/www.printweb.de\/digitaldruck\/wp-json\/wp\/v2\/media\/2549"}],"wp:attachment":[{"href":"https:\/\/www.printweb.de\/digitaldruck\/wp-json\/wp\/v2\/media?parent=2548"}],"wp:term":[{"taxonomy":"category","embeddable":true,"href":"https:\/\/www.printweb.de\/digitaldruck\/wp-json\/wp\/v2\/categories?post=2548"},{"taxonomy":"post_tag","embeddable":true,"href":"https:\/\/www.printweb.de\/digitaldruck\/wp-json\/wp\/v2\/tags?post=2548"}],"curies":[{"name":"wp","href":"https:\/\/api.w.org\/{rel}","templated":true}]}}