{"id":2610,"date":"2009-08-10T13:18:46","date_gmt":"2009-08-10T11:18:46","guid":{"rendered":"https:\/\/www.printweb.de\/digitaldruck\/?p=2610"},"modified":"2015-06-23T06:09:04","modified_gmt":"2015-06-23T04:09:04","slug":"keilrahmen-ist-nicht-gleich-keilrahmen","status":"publish","type":"post","link":"https:\/\/www.printweb.de\/digitaldruck\/keilrahmen-ist-nicht-gleich-keilrahmen\/2610\/","title":{"rendered":"Keilrahmen ist nicht gleich Keilrahmen"},"content":{"rendered":"<p>Wie <a href=\"https:\/\/www.printweb.de\/digitaldruck\/keilrahmenbilder-von-ihren-schoensten-fotos-und-motiven\" target=\"_blank\">hier<\/a> schon beschrieben, verwenden wir f\u00fcr unsere Produktion ausschlie\u00dflich hochwertige <a href=\"http:\/\/www.boesner.com\" target=\"_blank\">Boesner<\/a> K\u00fcnstlerkeilrahmen. Mit der mehrfachen Verleimung sind die Keilrahmen auch in gr\u00f6\u00dferen Formaten weitgehend verzugsfrei. Die Rahmen sind 45 mm breit und 18 mm tief. Mit den unten zu sehenden Holzkeilen l\u00e4sst sich die Leinwand bei Bedarf immer wieder leicht nachspannen. Das Foto zeigt eine Ecke eines bei uns produzierten Rahmens im Detail.<\/p>\n<p style=\"text-align: center;\"><a href=\"https:\/\/www.printweb.de\/digitaldruck\/wp-content\/uploads\/2009\/08\/Keilrahmendetail.jpg\" target=\"_blank\"><img decoding=\"async\" class=\"size-thumbnail-vertikal wp-image-2611  aligncenter\" title=\"Keilrahmendetail\" src=\"https:\/\/www.printweb.de\/digitaldruck\/wp-content\/uploads\/2009\/08\/Keilrahmendetail-489x490.jpg\" alt=\"Keilrahmendetail\" width=\"489\" height=\"490\" srcset=\"https:\/\/www.printweb.de\/digitaldruck\/wp-content\/uploads\/2009\/08\/Keilrahmendetail-489x490.jpg 489w, https:\/\/www.printweb.de\/digitaldruck\/wp-content\/uploads\/2009\/08\/Keilrahmendetail-765x766.jpg 765w, https:\/\/www.printweb.de\/digitaldruck\/wp-content\/uploads\/2009\/08\/Keilrahmendetail-768x769.jpg 768w, https:\/\/www.printweb.de\/digitaldruck\/wp-content\/uploads\/2009\/08\/Keilrahmendetail-65x65.jpg 65w, https:\/\/www.printweb.de\/digitaldruck\/wp-content\/uploads\/2009\/08\/Keilrahmendetail.jpg 1926w\" sizes=\"(max-width: 489px) 100vw, 489px\" \/><\/a><\/p>\n","protected":false},"excerpt":{"rendered":"Wie hier schon beschrieben, verwenden wir f\u00fcr unsere Produktion ausschlie\u00dflich hochwertige Boesner K\u00fcnstlerkeilrahmen. Mit der mehrfachen Verleimung sind &#8230; <br><br><a class=\"readmore\" href=\"https:\/\/www.printweb.de\/digitaldruck\/keilrahmen-ist-nicht-gleich-keilrahmen\/2610\/\">mehr<\/a>","protected":false},"author":2,"featured_media":2611,"comment_status":"open","ping_status":"open","sticky":false,"template":"","format":"standard","meta":{"_acf_changed":false,"footnotes":""},"categories":[1,34,31,20],"tags":[],"class_list":["post-2610","post","type-post","status-publish","format-standard","has-post-thumbnail","hentry","category-alle-beitraege","category-papier-und-bedruckstoffe","category-weiterverarbeitung","category-produktion"],"acf":[],"yoast_head":"<!-- This site is optimized with the Yoast SEO plugin v23.1 - https:\/\/yoast.com\/wordpress\/plugins\/seo\/ -->\n<title>Keilrahmen ist nicht gleich Keilrahmen | Was Print bewirken kann.<\/title>\n<meta name=\"robots\" content=\"index, follow, max-snippet:-1, max-image-preview:large, max-video-preview:-1\" \/>\n<link rel=\"canonical\" href=\"https:\/\/www.printweb.de\/digitaldruck\/keilrahmen-ist-nicht-gleich-keilrahmen\/2610\/\" \/>\n<meta property=\"og:locale\" content=\"de_DE\" \/>\n<meta property=\"og:type\" content=\"article\" \/>\n<meta property=\"og:title\" content=\"Keilrahmen ist nicht gleich Keilrahmen | Was Print bewirken kann.\" \/>\n<meta property=\"og:description\" content=\"Wie hier schon beschrieben, verwenden wir f\u00fcr unsere Produktion ausschlie\u00dflich hochwertige Boesner K\u00fcnstlerkeilrahmen. Mit der mehrfachen Verleimung sind ... mehr\" \/>\n<meta property=\"og:url\" content=\"https:\/\/www.printweb.de\/digitaldruck\/keilrahmen-ist-nicht-gleich-keilrahmen\/2610\/\" \/>\n<meta property=\"og:site_name\" content=\"Was Print bewirken kann.\" \/>\n<meta property=\"article:publisher\" content=\"https:\/\/www.facebook.com\/printweb.de\/\" \/>\n<meta property=\"article:published_time\" content=\"2009-08-10T11:18:46+00:00\" \/>\n<meta property=\"article:modified_time\" content=\"2015-06-23T04:09:04+00:00\" \/>\n<meta property=\"og:image\" content=\"https:\/\/www.printweb.de\/digitaldruck\/wp-content\/uploads\/2009\/08\/Keilrahmendetail-765x490.jpg\" \/>\n\t<meta property=\"og:image:width\" content=\"765\" \/>\n\t<meta property=\"og:image:height\" content=\"490\" \/>\n\t<meta property=\"og:image:type\" content=\"image\/jpeg\" \/>\n<meta name=\"author\" content=\"Ralph Hadem\" \/>\n<meta name=\"twitter:card\" content=\"summary_large_image\" \/>\n<meta name=\"twitter:creator\" content=\"@digitaldruck\" \/>\n<meta name=\"twitter:site\" content=\"@digitaldruck\" \/>\n<meta name=\"twitter:label1\" content=\"Verfasst von\" \/>\n\t<meta name=\"twitter:data1\" content=\"Ralph Hadem\" \/>\n<script type=\"application\/ld+json\" class=\"yoast-schema-graph\">{\"@context\":\"https:\/\/schema.org\",\"@graph\":[{\"@type\":\"Article\",\"@id\":\"https:\/\/www.printweb.de\/digitaldruck\/keilrahmen-ist-nicht-gleich-keilrahmen\/2610\/#article\",\"isPartOf\":{\"@id\":\"https:\/\/www.printweb.de\/digitaldruck\/keilrahmen-ist-nicht-gleich-keilrahmen\/2610\/\"},\"author\":{\"name\":\"Ralph Hadem\",\"@id\":\"https:\/\/www.printweb.de\/digitaldruck\/#\/schema\/person\/0e0308818185589fb8602180e9273195\"},\"headline\":\"Keilrahmen ist nicht gleich Keilrahmen\",\"datePublished\":\"2009-08-10T11:18:46+00:00\",\"dateModified\":\"2015-06-23T04:09:04+00:00\",\"mainEntityOfPage\":{\"@id\":\"https:\/\/www.printweb.de\/digitaldruck\/keilrahmen-ist-nicht-gleich-keilrahmen\/2610\/\"},\"wordCount\":72,\"commentCount\":0,\"publisher\":{\"@id\":\"https:\/\/www.printweb.de\/digitaldruck\/#organization\"},\"image\":{\"@id\":\"https:\/\/www.printweb.de\/digitaldruck\/keilrahmen-ist-nicht-gleich-keilrahmen\/2610\/#primaryimage\"},\"thumbnailUrl\":\"https:\/\/www.printweb.de\/digitaldruck\/wp-content\/uploads\/2009\/08\/Keilrahmendetail.jpg\",\"articleSection\":[\"Digitaldruck+Veredlung\",\"Papier &amp; Bedruckstoffe\",\"Weiterverarbeitung\",\"Produktion, Beratung\"],\"inLanguage\":\"de-DE\",\"potentialAction\":[{\"@type\":\"CommentAction\",\"name\":\"Comment\",\"target\":[\"https:\/\/www.printweb.de\/digitaldruck\/keilrahmen-ist-nicht-gleich-keilrahmen\/2610\/#respond\"]}]},{\"@type\":\"WebPage\",\"@id\":\"https:\/\/www.printweb.de\/digitaldruck\/keilrahmen-ist-nicht-gleich-keilrahmen\/2610\/\",\"url\":\"https:\/\/www.printweb.de\/digitaldruck\/keilrahmen-ist-nicht-gleich-keilrahmen\/2610\/\",\"name\":\"Keilrahmen ist nicht gleich Keilrahmen | Was Print bewirken kann.\",\"isPartOf\":{\"@id\":\"https:\/\/www.printweb.de\/digitaldruck\/#website\"},\"primaryImageOfPage\":{\"@id\":\"https:\/\/www.printweb.de\/digitaldruck\/keilrahmen-ist-nicht-gleich-keilrahmen\/2610\/#primaryimage\"},\"image\":{\"@id\":\"https:\/\/www.printweb.de\/digitaldruck\/keilrahmen-ist-nicht-gleich-keilrahmen\/2610\/#primaryimage\"},\"thumbnailUrl\":\"https:\/\/www.printweb.de\/digitaldruck\/wp-content\/uploads\/2009\/08\/Keilrahmendetail.jpg\",\"datePublished\":\"2009-08-10T11:18:46+00:00\",\"dateModified\":\"2015-06-23T04:09:04+00:00\",\"inLanguage\":\"de-DE\",\"potentialAction\":[{\"@type\":\"ReadAction\",\"target\":[\"https:\/\/www.printweb.de\/digitaldruck\/keilrahmen-ist-nicht-gleich-keilrahmen\/2610\/\"]}]},{\"@type\":\"ImageObject\",\"inLanguage\":\"de-DE\",\"@id\":\"https:\/\/www.printweb.de\/digitaldruck\/keilrahmen-ist-nicht-gleich-keilrahmen\/2610\/#primaryimage\",\"url\":\"https:\/\/www.printweb.de\/digitaldruck\/wp-content\/uploads\/2009\/08\/Keilrahmendetail.jpg\",\"contentUrl\":\"https:\/\/www.printweb.de\/digitaldruck\/wp-content\/uploads\/2009\/08\/Keilrahmendetail.jpg\",\"width\":1926,\"height\":1929},{\"@type\":\"WebSite\",\"@id\":\"https:\/\/www.printweb.de\/digitaldruck\/#website\",\"url\":\"https:\/\/www.printweb.de\/digitaldruck\/\",\"name\":\"Was Print bewirken kann.\",\"description\":\"Was Print bewirken kann \u2013 1700 Ideen.\",\"publisher\":{\"@id\":\"https:\/\/www.printweb.de\/digitaldruck\/#organization\"},\"potentialAction\":[{\"@type\":\"SearchAction\",\"target\":{\"@type\":\"EntryPoint\",\"urlTemplate\":\"https:\/\/www.printweb.de\/digitaldruck\/?s={search_term_string}\"},\"query-input\":\"required name=search_term_string\"}],\"inLanguage\":\"de-DE\"},{\"@type\":\"Organization\",\"@id\":\"https:\/\/www.printweb.de\/digitaldruck\/#organization\",\"name\":\"Colour Connection GmbH, printweb.de, Frankfurt am Main\",\"url\":\"https:\/\/www.printweb.de\/digitaldruck\/\",\"logo\":{\"@type\":\"ImageObject\",\"inLanguage\":\"de-DE\",\"@id\":\"https:\/\/www.printweb.de\/digitaldruck\/#\/schema\/logo\/image\/\",\"url\":\"https:\/\/www.printweb.de\/digitaldruck\/wp-content\/uploads\/2019\/11\/colour-connectio-printweb-logo.jpg\",\"contentUrl\":\"https:\/\/www.printweb.de\/digitaldruck\/wp-content\/uploads\/2019\/11\/colour-connectio-printweb-logo.jpg\",\"width\":1014,\"height\":229,\"caption\":\"Colour Connection GmbH, printweb.de, Frankfurt am Main\"},\"image\":{\"@id\":\"https:\/\/www.printweb.de\/digitaldruck\/#\/schema\/logo\/image\/\"},\"sameAs\":[\"https:\/\/www.facebook.com\/printweb.de\/\",\"https:\/\/x.com\/digitaldruck\",\"https:\/\/www.instagram.com\/printweb.de\/\",\"https:\/\/www.youtube.com\/user\/Digitaldruckerei\"]},{\"@type\":\"Person\",\"@id\":\"https:\/\/www.printweb.de\/digitaldruck\/#\/schema\/person\/0e0308818185589fb8602180e9273195\",\"name\":\"Ralph Hadem\",\"image\":{\"@type\":\"ImageObject\",\"inLanguage\":\"de-DE\",\"@id\":\"https:\/\/www.printweb.de\/digitaldruck\/#\/schema\/person\/image\/\",\"url\":\"https:\/\/secure.gravatar.com\/avatar\/386b1b183dce310c5ac8a8f475fdecd8?s=96&d=blank&r=g\",\"contentUrl\":\"https:\/\/secure.gravatar.com\/avatar\/386b1b183dce310c5ac8a8f475fdecd8?s=96&d=blank&r=g\",\"caption\":\"Ralph Hadem\"},\"sameAs\":[\"https:\/\/www.printweb.de\"],\"url\":\"https:\/\/www.printweb.de\/digitaldruck\/author\/ralphhadem\/\"}]}<\/script>\n<!-- \/ Yoast SEO plugin. -->","yoast_head_json":{"title":"Keilrahmen ist nicht gleich Keilrahmen | Was Print bewirken kann.","robots":{"index":"index","follow":"follow","max-snippet":"max-snippet:-1","max-image-preview":"max-image-preview:large","max-video-preview":"max-video-preview:-1"},"canonical":"https:\/\/www.printweb.de\/digitaldruck\/keilrahmen-ist-nicht-gleich-keilrahmen\/2610\/","og_locale":"de_DE","og_type":"article","og_title":"Keilrahmen ist nicht gleich Keilrahmen | Was Print bewirken kann.","og_description":"Wie hier schon beschrieben, verwenden wir f\u00fcr unsere Produktion ausschlie\u00dflich hochwertige Boesner K\u00fcnstlerkeilrahmen. Mit der mehrfachen Verleimung sind ... mehr","og_url":"https:\/\/www.printweb.de\/digitaldruck\/keilrahmen-ist-nicht-gleich-keilrahmen\/2610\/","og_site_name":"Was Print bewirken kann.","article_publisher":"https:\/\/www.facebook.com\/printweb.de\/","article_published_time":"2009-08-10T11:18:46+00:00","article_modified_time":"2015-06-23T04:09:04+00:00","og_image":[{"width":765,"height":490,"url":"https:\/\/www.printweb.de\/digitaldruck\/wp-content\/uploads\/2009\/08\/Keilrahmendetail-765x490.jpg","type":"image\/jpeg"}],"author":"Ralph Hadem","twitter_card":"summary_large_image","twitter_creator":"@digitaldruck","twitter_site":"@digitaldruck","twitter_misc":{"Verfasst von":"Ralph Hadem"},"schema":{"@context":"https:\/\/schema.org","@graph":[{"@type":"Article","@id":"https:\/\/www.printweb.de\/digitaldruck\/keilrahmen-ist-nicht-gleich-keilrahmen\/2610\/#article","isPartOf":{"@id":"https:\/\/www.printweb.de\/digitaldruck\/keilrahmen-ist-nicht-gleich-keilrahmen\/2610\/"},"author":{"name":"Ralph Hadem","@id":"https:\/\/www.printweb.de\/digitaldruck\/#\/schema\/person\/0e0308818185589fb8602180e9273195"},"headline":"Keilrahmen ist nicht gleich Keilrahmen","datePublished":"2009-08-10T11:18:46+00:00","dateModified":"2015-06-23T04:09:04+00:00","mainEntityOfPage":{"@id":"https:\/\/www.printweb.de\/digitaldruck\/keilrahmen-ist-nicht-gleich-keilrahmen\/2610\/"},"wordCount":72,"commentCount":0,"publisher":{"@id":"https:\/\/www.printweb.de\/digitaldruck\/#organization"},"image":{"@id":"https:\/\/www.printweb.de\/digitaldruck\/keilrahmen-ist-nicht-gleich-keilrahmen\/2610\/#primaryimage"},"thumbnailUrl":"https:\/\/www.printweb.de\/digitaldruck\/wp-content\/uploads\/2009\/08\/Keilrahmendetail.jpg","articleSection":["Digitaldruck+Veredlung","Papier &amp; Bedruckstoffe","Weiterverarbeitung","Produktion, Beratung"],"inLanguage":"de-DE","potentialAction":[{"@type":"CommentAction","name":"Comment","target":["https:\/\/www.printweb.de\/digitaldruck\/keilrahmen-ist-nicht-gleich-keilrahmen\/2610\/#respond"]}]},{"@type":"WebPage","@id":"https:\/\/www.printweb.de\/digitaldruck\/keilrahmen-ist-nicht-gleich-keilrahmen\/2610\/","url":"https:\/\/www.printweb.de\/digitaldruck\/keilrahmen-ist-nicht-gleich-keilrahmen\/2610\/","name":"Keilrahmen ist nicht gleich Keilrahmen | Was Print bewirken kann.","isPartOf":{"@id":"https:\/\/www.printweb.de\/digitaldruck\/#website"},"primaryImageOfPage":{"@id":"https:\/\/www.printweb.de\/digitaldruck\/keilrahmen-ist-nicht-gleich-keilrahmen\/2610\/#primaryimage"},"image":{"@id":"https:\/\/www.printweb.de\/digitaldruck\/keilrahmen-ist-nicht-gleich-keilrahmen\/2610\/#primaryimage"},"thumbnailUrl":"https:\/\/www.printweb.de\/digitaldruck\/wp-content\/uploads\/2009\/08\/Keilrahmendetail.jpg","datePublished":"2009-08-10T11:18:46+00:00","dateModified":"2015-06-23T04:09:04+00:00","inLanguage":"de-DE","potentialAction":[{"@type":"ReadAction","target":["https:\/\/www.printweb.de\/digitaldruck\/keilrahmen-ist-nicht-gleich-keilrahmen\/2610\/"]}]},{"@type":"ImageObject","inLanguage":"de-DE","@id":"https:\/\/www.printweb.de\/digitaldruck\/keilrahmen-ist-nicht-gleich-keilrahmen\/2610\/#primaryimage","url":"https:\/\/www.printweb.de\/digitaldruck\/wp-content\/uploads\/2009\/08\/Keilrahmendetail.jpg","contentUrl":"https:\/\/www.printweb.de\/digitaldruck\/wp-content\/uploads\/2009\/08\/Keilrahmendetail.jpg","width":1926,"height":1929},{"@type":"WebSite","@id":"https:\/\/www.printweb.de\/digitaldruck\/#website","url":"https:\/\/www.printweb.de\/digitaldruck\/","name":"Was Print bewirken kann.","description":"Was Print bewirken kann \u2013 1700 Ideen.","publisher":{"@id":"https:\/\/www.printweb.de\/digitaldruck\/#organization"},"potentialAction":[{"@type":"SearchAction","target":{"@type":"EntryPoint","urlTemplate":"https:\/\/www.printweb.de\/digitaldruck\/?s={search_term_string}"},"query-input":"required name=search_term_string"}],"inLanguage":"de-DE"},{"@type":"Organization","@id":"https:\/\/www.printweb.de\/digitaldruck\/#organization","name":"Colour Connection GmbH, printweb.de, Frankfurt am Main","url":"https:\/\/www.printweb.de\/digitaldruck\/","logo":{"@type":"ImageObject","inLanguage":"de-DE","@id":"https:\/\/www.printweb.de\/digitaldruck\/#\/schema\/logo\/image\/","url":"https:\/\/www.printweb.de\/digitaldruck\/wp-content\/uploads\/2019\/11\/colour-connectio-printweb-logo.jpg","contentUrl":"https:\/\/www.printweb.de\/digitaldruck\/wp-content\/uploads\/2019\/11\/colour-connectio-printweb-logo.jpg","width":1014,"height":229,"caption":"Colour Connection GmbH, printweb.de, Frankfurt am Main"},"image":{"@id":"https:\/\/www.printweb.de\/digitaldruck\/#\/schema\/logo\/image\/"},"sameAs":["https:\/\/www.facebook.com\/printweb.de\/","https:\/\/x.com\/digitaldruck","https:\/\/www.instagram.com\/printweb.de\/","https:\/\/www.youtube.com\/user\/Digitaldruckerei"]},{"@type":"Person","@id":"https:\/\/www.printweb.de\/digitaldruck\/#\/schema\/person\/0e0308818185589fb8602180e9273195","name":"Ralph Hadem","image":{"@type":"ImageObject","inLanguage":"de-DE","@id":"https:\/\/www.printweb.de\/digitaldruck\/#\/schema\/person\/image\/","url":"https:\/\/secure.gravatar.com\/avatar\/386b1b183dce310c5ac8a8f475fdecd8?s=96&d=blank&r=g","contentUrl":"https:\/\/secure.gravatar.com\/avatar\/386b1b183dce310c5ac8a8f475fdecd8?s=96&d=blank&r=g","caption":"Ralph Hadem"},"sameAs":["https:\/\/www.printweb.de"],"url":"https:\/\/www.printweb.de\/digitaldruck\/author\/ralphhadem\/"}]}},"_links":{"self":[{"href":"https:\/\/www.printweb.de\/digitaldruck\/wp-json\/wp\/v2\/posts\/2610"}],"collection":[{"href":"https:\/\/www.printweb.de\/digitaldruck\/wp-json\/wp\/v2\/posts"}],"about":[{"href":"https:\/\/www.printweb.de\/digitaldruck\/wp-json\/wp\/v2\/types\/post"}],"author":[{"embeddable":true,"href":"https:\/\/www.printweb.de\/digitaldruck\/wp-json\/wp\/v2\/users\/2"}],"replies":[{"embeddable":true,"href":"https:\/\/www.printweb.de\/digitaldruck\/wp-json\/wp\/v2\/comments?post=2610"}],"version-history":[{"count":3,"href":"https:\/\/www.printweb.de\/digitaldruck\/wp-json\/wp\/v2\/posts\/2610\/revisions"}],"predecessor-version":[{"id":2613,"href":"https:\/\/www.printweb.de\/digitaldruck\/wp-json\/wp\/v2\/posts\/2610\/revisions\/2613"}],"wp:featuredmedia":[{"embeddable":true,"href":"https:\/\/www.printweb.de\/digitaldruck\/wp-json\/wp\/v2\/media\/2611"}],"wp:attachment":[{"href":"https:\/\/www.printweb.de\/digitaldruck\/wp-json\/wp\/v2\/media?parent=2610"}],"wp:term":[{"taxonomy":"category","embeddable":true,"href":"https:\/\/www.printweb.de\/digitaldruck\/wp-json\/wp\/v2\/categories?post=2610"},{"taxonomy":"post_tag","embeddable":true,"href":"https:\/\/www.printweb.de\/digitaldruck\/wp-json\/wp\/v2\/tags?post=2610"}],"curies":[{"name":"wp","href":"https:\/\/api.w.org\/{rel}","templated":true}]}}