{"id":2638,"date":"2009-08-17T11:54:44","date_gmt":"2009-08-17T09:54:44","guid":{"rendered":"https:\/\/www.printweb.de\/digitaldruck\/?p=2638"},"modified":"2016-03-04T10:11:24","modified_gmt":"2016-03-04T09:11:24","slug":"quark-xpress-zu-indesign-konvertieren","status":"publish","type":"post","link":"https:\/\/www.printweb.de\/digitaldruck\/quark-xpress-zu-indesign-konvertieren\/2638\/","title":{"rendered":"Quark Xpress zu Indesign konvertieren"},"content":{"rendered":"<p>Ich bin nun wirklich kein nachtragender Mensch. Nachdem ich 1985 mit PageMaker auf dem Mac begonnen habe folgte dann einige Jahre sp\u00e4ter der Wechsel zu Quark Xpress. Das damals deutlich bessere Programm und ganz schnell Marktf\u00fchrer. Die darauf von Quark an den Tag gelegte Arroganz und Ignoranz hat vermutlich nicht nur mich ver\u00e4rgert. Und so waren wir froh und gl\u00fccklich, als mit <a href=\"http:\/\/www.adobe.com\/de\/products\/indesign\/\" target=\"_blank\" class=\"broken_link\">Adobe Indesign<\/a> ein ernst zu nehmender Konkurrent auf den Platz trat.<\/p>\n<p style=\"text-align: center;\"><a href=\"https:\/\/www.printweb.de\/digitaldruck\/wp-content\/uploads\/2009\/08\/Bildschirmfoto-1.png\" target=\"_blank\"><img decoding=\"async\" class=\"size-thumbnail wp-image-2642 aligncenter\" title=\"Bildschirmfoto 1\" src=\"https:\/\/www.printweb.de\/digitaldruck\/wp-content\/uploads\/2009\/08\/Bildschirmfoto-1.png\" alt=\"Bildschirmfoto 1\" width=\"596\" height=\"286\" \/><\/a><\/p>\n<p>Und siehe da, die Machtverh\u00e4ltnisse verschoben sich zu Gunsten des Angreifers. Nicht nur ich wechselte mit einem Gef\u00fchl der Genugtuung zu Indesign. Und pl\u00f6tzlich merkte die Firma <a href=\"http:\/\/www.quark.com\/de\/\" target=\"_blank\">Quark<\/a>, dass Kundenservice und kulantes Update-Verhalten wohl n\u00f6tig w\u00e4ren, um weiterhin am Markt bestehen zu k\u00f6nnen. Ist mir egal. Solange Indesign ordentlich funktioniert und die Firma Adobe nicht allzusehr Oberwasser bekommt, werde ich nicht mehr wechseln.<\/p>\n","protected":false},"excerpt":{"rendered":"Ich bin nun wirklich kein nachtragender Mensch. Nachdem ich 1985 mit PageMaker auf dem Mac begonnen habe folgte &#8230; <br><br><a class=\"readmore\" href=\"https:\/\/www.printweb.de\/digitaldruck\/quark-xpress-zu-indesign-konvertieren\/2638\/\">mehr<\/a>","protected":false},"author":2,"featured_media":2642,"comment_status":"open","ping_status":"open","sticky":false,"template":"","format":"standard","meta":{"_acf_changed":false,"footnotes":""},"categories":[1,20,30],"tags":[],"class_list":["post-2638","post","type-post","status-publish","format-standard","has-post-thumbnail","hentry","category-alle-beitraege","category-produktion","category-passiert-notiert"],"acf":[],"yoast_head":"<!-- This site is optimized with the Yoast SEO plugin v23.1 - https:\/\/yoast.com\/wordpress\/plugins\/seo\/ -->\n<title>Quark Xpress zu Indesign konvertieren | Was Print bewirken kann.<\/title>\n<meta name=\"robots\" content=\"index, follow, max-snippet:-1, max-image-preview:large, max-video-preview:-1\" \/>\n<link rel=\"canonical\" href=\"https:\/\/www.printweb.de\/digitaldruck\/quark-xpress-zu-indesign-konvertieren\/2638\/\" \/>\n<meta property=\"og:locale\" content=\"de_DE\" \/>\n<meta property=\"og:type\" content=\"article\" \/>\n<meta property=\"og:title\" content=\"Quark Xpress zu Indesign konvertieren | Was Print bewirken kann.\" \/>\n<meta property=\"og:description\" content=\"Ich bin nun wirklich kein nachtragender Mensch. Nachdem ich 1985 mit PageMaker auf dem Mac begonnen habe folgte ... mehr\" \/>\n<meta property=\"og:url\" content=\"https:\/\/www.printweb.de\/digitaldruck\/quark-xpress-zu-indesign-konvertieren\/2638\/\" \/>\n<meta property=\"og:site_name\" content=\"Was Print bewirken kann.\" \/>\n<meta property=\"article:publisher\" content=\"https:\/\/www.facebook.com\/printweb.de\/\" \/>\n<meta property=\"article:published_time\" content=\"2009-08-17T09:54:44+00:00\" \/>\n<meta property=\"article:modified_time\" content=\"2016-03-04T09:11:24+00:00\" \/>\n<meta property=\"og:image\" content=\"https:\/\/www.printweb.de\/digitaldruck\/wp-content\/uploads\/2009\/08\/Bildschirmfoto-1.png\" \/>\n\t<meta property=\"og:image:width\" content=\"596\" \/>\n\t<meta property=\"og:image:height\" content=\"286\" \/>\n\t<meta property=\"og:image:type\" content=\"image\/png\" \/>\n<meta name=\"author\" content=\"Ralph Hadem\" \/>\n<meta name=\"twitter:card\" content=\"summary_large_image\" \/>\n<meta name=\"twitter:creator\" content=\"@digitaldruck\" \/>\n<meta name=\"twitter:site\" content=\"@digitaldruck\" \/>\n<meta name=\"twitter:label1\" content=\"Verfasst von\" \/>\n\t<meta name=\"twitter:data1\" content=\"Ralph Hadem\" \/>\n\t<meta name=\"twitter:label2\" content=\"Gesch\u00e4tzte Lesezeit\" \/>\n\t<meta name=\"twitter:data2\" content=\"1 Minute\" \/>\n<script type=\"application\/ld+json\" class=\"yoast-schema-graph\">{\"@context\":\"https:\/\/schema.org\",\"@graph\":[{\"@type\":\"Article\",\"@id\":\"https:\/\/www.printweb.de\/digitaldruck\/quark-xpress-zu-indesign-konvertieren\/2638\/#article\",\"isPartOf\":{\"@id\":\"https:\/\/www.printweb.de\/digitaldruck\/quark-xpress-zu-indesign-konvertieren\/2638\/\"},\"author\":{\"name\":\"Ralph Hadem\",\"@id\":\"https:\/\/www.printweb.de\/digitaldruck\/#\/schema\/person\/0e0308818185589fb8602180e9273195\"},\"headline\":\"Quark Xpress zu Indesign konvertieren\",\"datePublished\":\"2009-08-17T09:54:44+00:00\",\"dateModified\":\"2016-03-04T09:11:24+00:00\",\"mainEntityOfPage\":{\"@id\":\"https:\/\/www.printweb.de\/digitaldruck\/quark-xpress-zu-indesign-konvertieren\/2638\/\"},\"wordCount\":150,\"commentCount\":5,\"publisher\":{\"@id\":\"https:\/\/www.printweb.de\/digitaldruck\/#organization\"},\"image\":{\"@id\":\"https:\/\/www.printweb.de\/digitaldruck\/quark-xpress-zu-indesign-konvertieren\/2638\/#primaryimage\"},\"thumbnailUrl\":\"https:\/\/www.printweb.de\/digitaldruck\/wp-content\/uploads\/2009\/08\/Bildschirmfoto-1.png\",\"articleSection\":[\"Digitaldruck+Veredlung\",\"Produktion, Beratung\",\"Passiert - notiert\"],\"inLanguage\":\"de-DE\",\"potentialAction\":[{\"@type\":\"CommentAction\",\"name\":\"Comment\",\"target\":[\"https:\/\/www.printweb.de\/digitaldruck\/quark-xpress-zu-indesign-konvertieren\/2638\/#respond\"]}]},{\"@type\":\"WebPage\",\"@id\":\"https:\/\/www.printweb.de\/digitaldruck\/quark-xpress-zu-indesign-konvertieren\/2638\/\",\"url\":\"https:\/\/www.printweb.de\/digitaldruck\/quark-xpress-zu-indesign-konvertieren\/2638\/\",\"name\":\"Quark Xpress zu Indesign konvertieren | Was Print bewirken kann.\",\"isPartOf\":{\"@id\":\"https:\/\/www.printweb.de\/digitaldruck\/#website\"},\"primaryImageOfPage\":{\"@id\":\"https:\/\/www.printweb.de\/digitaldruck\/quark-xpress-zu-indesign-konvertieren\/2638\/#primaryimage\"},\"image\":{\"@id\":\"https:\/\/www.printweb.de\/digitaldruck\/quark-xpress-zu-indesign-konvertieren\/2638\/#primaryimage\"},\"thumbnailUrl\":\"https:\/\/www.printweb.de\/digitaldruck\/wp-content\/uploads\/2009\/08\/Bildschirmfoto-1.png\",\"datePublished\":\"2009-08-17T09:54:44+00:00\",\"dateModified\":\"2016-03-04T09:11:24+00:00\",\"inLanguage\":\"de-DE\",\"potentialAction\":[{\"@type\":\"ReadAction\",\"target\":[\"https:\/\/www.printweb.de\/digitaldruck\/quark-xpress-zu-indesign-konvertieren\/2638\/\"]}]},{\"@type\":\"ImageObject\",\"inLanguage\":\"de-DE\",\"@id\":\"https:\/\/www.printweb.de\/digitaldruck\/quark-xpress-zu-indesign-konvertieren\/2638\/#primaryimage\",\"url\":\"https:\/\/www.printweb.de\/digitaldruck\/wp-content\/uploads\/2009\/08\/Bildschirmfoto-1.png\",\"contentUrl\":\"https:\/\/www.printweb.de\/digitaldruck\/wp-content\/uploads\/2009\/08\/Bildschirmfoto-1.png\",\"width\":596,\"height\":286},{\"@type\":\"WebSite\",\"@id\":\"https:\/\/www.printweb.de\/digitaldruck\/#website\",\"url\":\"https:\/\/www.printweb.de\/digitaldruck\/\",\"name\":\"Was Print bewirken kann.\",\"description\":\"Was Print bewirken kann \u2013 1700 Ideen.\",\"publisher\":{\"@id\":\"https:\/\/www.printweb.de\/digitaldruck\/#organization\"},\"potentialAction\":[{\"@type\":\"SearchAction\",\"target\":{\"@type\":\"EntryPoint\",\"urlTemplate\":\"https:\/\/www.printweb.de\/digitaldruck\/?s={search_term_string}\"},\"query-input\":\"required name=search_term_string\"}],\"inLanguage\":\"de-DE\"},{\"@type\":\"Organization\",\"@id\":\"https:\/\/www.printweb.de\/digitaldruck\/#organization\",\"name\":\"Colour Connection GmbH, printweb.de, Frankfurt am Main\",\"url\":\"https:\/\/www.printweb.de\/digitaldruck\/\",\"logo\":{\"@type\":\"ImageObject\",\"inLanguage\":\"de-DE\",\"@id\":\"https:\/\/www.printweb.de\/digitaldruck\/#\/schema\/logo\/image\/\",\"url\":\"https:\/\/www.printweb.de\/digitaldruck\/wp-content\/uploads\/2019\/11\/colour-connectio-printweb-logo.jpg\",\"contentUrl\":\"https:\/\/www.printweb.de\/digitaldruck\/wp-content\/uploads\/2019\/11\/colour-connectio-printweb-logo.jpg\",\"width\":1014,\"height\":229,\"caption\":\"Colour Connection GmbH, printweb.de, Frankfurt am Main\"},\"image\":{\"@id\":\"https:\/\/www.printweb.de\/digitaldruck\/#\/schema\/logo\/image\/\"},\"sameAs\":[\"https:\/\/www.facebook.com\/printweb.de\/\",\"https:\/\/x.com\/digitaldruck\",\"https:\/\/www.instagram.com\/printweb.de\/\",\"https:\/\/www.youtube.com\/user\/Digitaldruckerei\"]},{\"@type\":\"Person\",\"@id\":\"https:\/\/www.printweb.de\/digitaldruck\/#\/schema\/person\/0e0308818185589fb8602180e9273195\",\"name\":\"Ralph Hadem\",\"image\":{\"@type\":\"ImageObject\",\"inLanguage\":\"de-DE\",\"@id\":\"https:\/\/www.printweb.de\/digitaldruck\/#\/schema\/person\/image\/\",\"url\":\"https:\/\/secure.gravatar.com\/avatar\/386b1b183dce310c5ac8a8f475fdecd8?s=96&d=blank&r=g\",\"contentUrl\":\"https:\/\/secure.gravatar.com\/avatar\/386b1b183dce310c5ac8a8f475fdecd8?s=96&d=blank&r=g\",\"caption\":\"Ralph Hadem\"},\"sameAs\":[\"https:\/\/www.printweb.de\"],\"url\":\"https:\/\/www.printweb.de\/digitaldruck\/author\/ralphhadem\/\"}]}<\/script>\n<!-- \/ Yoast SEO plugin. -->","yoast_head_json":{"title":"Quark Xpress zu Indesign konvertieren | Was Print bewirken kann.","robots":{"index":"index","follow":"follow","max-snippet":"max-snippet:-1","max-image-preview":"max-image-preview:large","max-video-preview":"max-video-preview:-1"},"canonical":"https:\/\/www.printweb.de\/digitaldruck\/quark-xpress-zu-indesign-konvertieren\/2638\/","og_locale":"de_DE","og_type":"article","og_title":"Quark Xpress zu Indesign konvertieren | Was Print bewirken kann.","og_description":"Ich bin nun wirklich kein nachtragender Mensch. Nachdem ich 1985 mit PageMaker auf dem Mac begonnen habe folgte ... mehr","og_url":"https:\/\/www.printweb.de\/digitaldruck\/quark-xpress-zu-indesign-konvertieren\/2638\/","og_site_name":"Was Print bewirken kann.","article_publisher":"https:\/\/www.facebook.com\/printweb.de\/","article_published_time":"2009-08-17T09:54:44+00:00","article_modified_time":"2016-03-04T09:11:24+00:00","og_image":[{"width":596,"height":286,"url":"https:\/\/www.printweb.de\/digitaldruck\/wp-content\/uploads\/2009\/08\/Bildschirmfoto-1.png","type":"image\/png"}],"author":"Ralph Hadem","twitter_card":"summary_large_image","twitter_creator":"@digitaldruck","twitter_site":"@digitaldruck","twitter_misc":{"Verfasst von":"Ralph Hadem","Gesch\u00e4tzte Lesezeit":"1 Minute"},"schema":{"@context":"https:\/\/schema.org","@graph":[{"@type":"Article","@id":"https:\/\/www.printweb.de\/digitaldruck\/quark-xpress-zu-indesign-konvertieren\/2638\/#article","isPartOf":{"@id":"https:\/\/www.printweb.de\/digitaldruck\/quark-xpress-zu-indesign-konvertieren\/2638\/"},"author":{"name":"Ralph Hadem","@id":"https:\/\/www.printweb.de\/digitaldruck\/#\/schema\/person\/0e0308818185589fb8602180e9273195"},"headline":"Quark Xpress zu Indesign konvertieren","datePublished":"2009-08-17T09:54:44+00:00","dateModified":"2016-03-04T09:11:24+00:00","mainEntityOfPage":{"@id":"https:\/\/www.printweb.de\/digitaldruck\/quark-xpress-zu-indesign-konvertieren\/2638\/"},"wordCount":150,"commentCount":5,"publisher":{"@id":"https:\/\/www.printweb.de\/digitaldruck\/#organization"},"image":{"@id":"https:\/\/www.printweb.de\/digitaldruck\/quark-xpress-zu-indesign-konvertieren\/2638\/#primaryimage"},"thumbnailUrl":"https:\/\/www.printweb.de\/digitaldruck\/wp-content\/uploads\/2009\/08\/Bildschirmfoto-1.png","articleSection":["Digitaldruck+Veredlung","Produktion, Beratung","Passiert - notiert"],"inLanguage":"de-DE","potentialAction":[{"@type":"CommentAction","name":"Comment","target":["https:\/\/www.printweb.de\/digitaldruck\/quark-xpress-zu-indesign-konvertieren\/2638\/#respond"]}]},{"@type":"WebPage","@id":"https:\/\/www.printweb.de\/digitaldruck\/quark-xpress-zu-indesign-konvertieren\/2638\/","url":"https:\/\/www.printweb.de\/digitaldruck\/quark-xpress-zu-indesign-konvertieren\/2638\/","name":"Quark Xpress zu Indesign konvertieren | Was Print bewirken kann.","isPartOf":{"@id":"https:\/\/www.printweb.de\/digitaldruck\/#website"},"primaryImageOfPage":{"@id":"https:\/\/www.printweb.de\/digitaldruck\/quark-xpress-zu-indesign-konvertieren\/2638\/#primaryimage"},"image":{"@id":"https:\/\/www.printweb.de\/digitaldruck\/quark-xpress-zu-indesign-konvertieren\/2638\/#primaryimage"},"thumbnailUrl":"https:\/\/www.printweb.de\/digitaldruck\/wp-content\/uploads\/2009\/08\/Bildschirmfoto-1.png","datePublished":"2009-08-17T09:54:44+00:00","dateModified":"2016-03-04T09:11:24+00:00","inLanguage":"de-DE","potentialAction":[{"@type":"ReadAction","target":["https:\/\/www.printweb.de\/digitaldruck\/quark-xpress-zu-indesign-konvertieren\/2638\/"]}]},{"@type":"ImageObject","inLanguage":"de-DE","@id":"https:\/\/www.printweb.de\/digitaldruck\/quark-xpress-zu-indesign-konvertieren\/2638\/#primaryimage","url":"https:\/\/www.printweb.de\/digitaldruck\/wp-content\/uploads\/2009\/08\/Bildschirmfoto-1.png","contentUrl":"https:\/\/www.printweb.de\/digitaldruck\/wp-content\/uploads\/2009\/08\/Bildschirmfoto-1.png","width":596,"height":286},{"@type":"WebSite","@id":"https:\/\/www.printweb.de\/digitaldruck\/#website","url":"https:\/\/www.printweb.de\/digitaldruck\/","name":"Was Print bewirken kann.","description":"Was Print bewirken kann \u2013 1700 Ideen.","publisher":{"@id":"https:\/\/www.printweb.de\/digitaldruck\/#organization"},"potentialAction":[{"@type":"SearchAction","target":{"@type":"EntryPoint","urlTemplate":"https:\/\/www.printweb.de\/digitaldruck\/?s={search_term_string}"},"query-input":"required name=search_term_string"}],"inLanguage":"de-DE"},{"@type":"Organization","@id":"https:\/\/www.printweb.de\/digitaldruck\/#organization","name":"Colour Connection GmbH, printweb.de, Frankfurt am Main","url":"https:\/\/www.printweb.de\/digitaldruck\/","logo":{"@type":"ImageObject","inLanguage":"de-DE","@id":"https:\/\/www.printweb.de\/digitaldruck\/#\/schema\/logo\/image\/","url":"https:\/\/www.printweb.de\/digitaldruck\/wp-content\/uploads\/2019\/11\/colour-connectio-printweb-logo.jpg","contentUrl":"https:\/\/www.printweb.de\/digitaldruck\/wp-content\/uploads\/2019\/11\/colour-connectio-printweb-logo.jpg","width":1014,"height":229,"caption":"Colour Connection GmbH, printweb.de, Frankfurt am Main"},"image":{"@id":"https:\/\/www.printweb.de\/digitaldruck\/#\/schema\/logo\/image\/"},"sameAs":["https:\/\/www.facebook.com\/printweb.de\/","https:\/\/x.com\/digitaldruck","https:\/\/www.instagram.com\/printweb.de\/","https:\/\/www.youtube.com\/user\/Digitaldruckerei"]},{"@type":"Person","@id":"https:\/\/www.printweb.de\/digitaldruck\/#\/schema\/person\/0e0308818185589fb8602180e9273195","name":"Ralph Hadem","image":{"@type":"ImageObject","inLanguage":"de-DE","@id":"https:\/\/www.printweb.de\/digitaldruck\/#\/schema\/person\/image\/","url":"https:\/\/secure.gravatar.com\/avatar\/386b1b183dce310c5ac8a8f475fdecd8?s=96&d=blank&r=g","contentUrl":"https:\/\/secure.gravatar.com\/avatar\/386b1b183dce310c5ac8a8f475fdecd8?s=96&d=blank&r=g","caption":"Ralph Hadem"},"sameAs":["https:\/\/www.printweb.de"],"url":"https:\/\/www.printweb.de\/digitaldruck\/author\/ralphhadem\/"}]}},"_links":{"self":[{"href":"https:\/\/www.printweb.de\/digitaldruck\/wp-json\/wp\/v2\/posts\/2638"}],"collection":[{"href":"https:\/\/www.printweb.de\/digitaldruck\/wp-json\/wp\/v2\/posts"}],"about":[{"href":"https:\/\/www.printweb.de\/digitaldruck\/wp-json\/wp\/v2\/types\/post"}],"author":[{"embeddable":true,"href":"https:\/\/www.printweb.de\/digitaldruck\/wp-json\/wp\/v2\/users\/2"}],"replies":[{"embeddable":true,"href":"https:\/\/www.printweb.de\/digitaldruck\/wp-json\/wp\/v2\/comments?post=2638"}],"version-history":[{"count":6,"href":"https:\/\/www.printweb.de\/digitaldruck\/wp-json\/wp\/v2\/posts\/2638\/revisions"}],"predecessor-version":[{"id":12498,"href":"https:\/\/www.printweb.de\/digitaldruck\/wp-json\/wp\/v2\/posts\/2638\/revisions\/12498"}],"wp:featuredmedia":[{"embeddable":true,"href":"https:\/\/www.printweb.de\/digitaldruck\/wp-json\/wp\/v2\/media\/2642"}],"wp:attachment":[{"href":"https:\/\/www.printweb.de\/digitaldruck\/wp-json\/wp\/v2\/media?parent=2638"}],"wp:term":[{"taxonomy":"category","embeddable":true,"href":"https:\/\/www.printweb.de\/digitaldruck\/wp-json\/wp\/v2\/categories?post=2638"},{"taxonomy":"post_tag","embeddable":true,"href":"https:\/\/www.printweb.de\/digitaldruck\/wp-json\/wp\/v2\/tags?post=2638"}],"curies":[{"name":"wp","href":"https:\/\/api.w.org\/{rel}","templated":true}]}}