{"id":3198,"date":"2010-01-28T13:55:47","date_gmt":"2010-01-28T12:55:47","guid":{"rendered":"https:\/\/www.printweb.de\/digitaldruck\/?p=3198"},"modified":"2010-01-30T23:15:25","modified_gmt":"2010-01-30T22:15:25","slug":"was-passieren-kann-wenn-man-steve-jobs-aergert","status":"publish","type":"post","link":"https:\/\/www.printweb.de\/digitaldruck\/was-passieren-kann-wenn-man-steve-jobs-aergert\/3198\/","title":{"rendered":"Was passieren kann, <br \/>wenn man Steve Jobs \u00e4rgert &#8230;"},"content":{"rendered":"<p>Verleger sind ja besondere Menschen. Traditionsbewusst, verschwiegen und k\u00fchl kalkulierend. Dann hatte Harold McGraw III, Chef von McGraw-Hill wohl einen schlechten Tag oder einen Blackout. Wissend, dass Apple, insbesondere bei der Geheimhaltung von neuen Produkten, \u00fcberhaupt keinen Spass versteht, gab er zur Unzeit ein Interview, bei dem er ausf\u00fchrlich \u00fcber Apple&#8217;s neues iPad referierte. <a href=\"http:\/\/www.basicthinking.de\/blog\/2010\/01\/28\/steve-jobs-saegt-verleger-ab-nachdem-dieser-ipad-plaene-ausgeplaudert-hatte\/?utm_source=feedburner&amp;utm_medium=feed&amp;utm_campaign=Feed%3A+basicthinking%2Fdoho+%28Basic+Thinking+Blog%29\" target=\"_blank\">Lesen Sie selbst, was dann passierte<\/a>.<\/p>\n<p>Ansonsten finde ich das <a href=\"http:\/\/www.iphone-ticker.de\/2010\/01\/27\/das-ipad-apple-stellt-tablet-rechner-vor\" target=\"_blank\">iPad<\/a> f\u00fcr mich jetzt noch nicht sooo spannend. Aber das werden andere Zielgruppen sicherlich anders sehen.<\/p>\n<p style=\"text-align: center;\"><a href=\"https:\/\/www.printweb.de\/digitaldruck\/wp-content\/uploads\/2010\/01\/itablet.jpg\" target=\"_blank\"><img decoding=\"async\" class=\"size-thumbnail wp-image-3199  aligncenter\" title=\"itablet\" src=\"https:\/\/www.printweb.de\/digitaldruck\/wp-content\/uploads\/2010\/01\/itablet.jpg\" alt=\"itablet\" width=\"600\" height=\"147\" \/><\/a><\/p>\n","protected":false},"excerpt":{"rendered":"Verleger sind ja besondere Menschen. Traditionsbewusst, verschwiegen und k\u00fchl kalkulierend. Dann hatte Harold McGraw III, Chef von McGraw-Hill &#8230; <br><br><a class=\"readmore\" href=\"https:\/\/www.printweb.de\/digitaldruck\/was-passieren-kann-wenn-man-steve-jobs-aergert\/3198\/\">mehr<\/a>","protected":false},"author":2,"featured_media":3199,"comment_status":"open","ping_status":"open","sticky":false,"template":"","format":"standard","meta":{"_acf_changed":false,"footnotes":""},"categories":[1,30],"tags":[],"class_list":["post-3198","post","type-post","status-publish","format-standard","has-post-thumbnail","hentry","category-alle-beitraege","category-passiert-notiert"],"acf":[],"yoast_head":"<!-- This site is optimized with the Yoast SEO plugin v23.1 - https:\/\/yoast.com\/wordpress\/plugins\/seo\/ -->\n<title>Was passieren kann, wenn man Steve Jobs \u00e4rgert ... | Was Print bewirken kann.<\/title>\n<meta name=\"robots\" content=\"index, follow, max-snippet:-1, max-image-preview:large, max-video-preview:-1\" \/>\n<link rel=\"canonical\" href=\"https:\/\/www.printweb.de\/digitaldruck\/was-passieren-kann-wenn-man-steve-jobs-aergert\/3198\/\" \/>\n<meta property=\"og:locale\" content=\"de_DE\" \/>\n<meta property=\"og:type\" content=\"article\" \/>\n<meta property=\"og:title\" content=\"Was passieren kann, wenn man Steve Jobs \u00e4rgert ... | Was Print bewirken kann.\" \/>\n<meta property=\"og:description\" content=\"Verleger sind ja besondere Menschen. Traditionsbewusst, verschwiegen und k\u00fchl kalkulierend. Dann hatte Harold McGraw III, Chef von McGraw-Hill ... mehr\" \/>\n<meta property=\"og:url\" content=\"https:\/\/www.printweb.de\/digitaldruck\/was-passieren-kann-wenn-man-steve-jobs-aergert\/3198\/\" \/>\n<meta property=\"og:site_name\" content=\"Was Print bewirken kann.\" \/>\n<meta property=\"article:publisher\" content=\"https:\/\/www.facebook.com\/printweb.de\/\" \/>\n<meta property=\"article:published_time\" content=\"2010-01-28T12:55:47+00:00\" \/>\n<meta property=\"article:modified_time\" content=\"2010-01-30T22:15:25+00:00\" \/>\n<meta property=\"og:image\" content=\"https:\/\/www.printweb.de\/digitaldruck\/wp-content\/uploads\/2010\/01\/itablet.jpg\" \/>\n\t<meta property=\"og:image:width\" content=\"600\" \/>\n\t<meta property=\"og:image:height\" content=\"147\" \/>\n\t<meta property=\"og:image:type\" content=\"image\/jpeg\" \/>\n<meta name=\"author\" content=\"Ralph Hadem\" \/>\n<meta name=\"twitter:card\" content=\"summary_large_image\" \/>\n<meta name=\"twitter:creator\" content=\"@digitaldruck\" \/>\n<meta name=\"twitter:site\" content=\"@digitaldruck\" \/>\n<meta name=\"twitter:label1\" content=\"Verfasst von\" \/>\n\t<meta name=\"twitter:data1\" content=\"Ralph Hadem\" \/>\n<script type=\"application\/ld+json\" class=\"yoast-schema-graph\">{\"@context\":\"https:\/\/schema.org\",\"@graph\":[{\"@type\":\"Article\",\"@id\":\"https:\/\/www.printweb.de\/digitaldruck\/was-passieren-kann-wenn-man-steve-jobs-aergert\/3198\/#article\",\"isPartOf\":{\"@id\":\"https:\/\/www.printweb.de\/digitaldruck\/was-passieren-kann-wenn-man-steve-jobs-aergert\/3198\/\"},\"author\":{\"name\":\"Ralph Hadem\",\"@id\":\"https:\/\/www.printweb.de\/digitaldruck\/#\/schema\/person\/0e0308818185589fb8602180e9273195\"},\"headline\":\"Was passieren kann, wenn man Steve Jobs \u00e4rgert &#8230;\",\"datePublished\":\"2010-01-28T12:55:47+00:00\",\"dateModified\":\"2010-01-30T22:15:25+00:00\",\"mainEntityOfPage\":{\"@id\":\"https:\/\/www.printweb.de\/digitaldruck\/was-passieren-kann-wenn-man-steve-jobs-aergert\/3198\/\"},\"wordCount\":92,\"commentCount\":0,\"publisher\":{\"@id\":\"https:\/\/www.printweb.de\/digitaldruck\/#organization\"},\"image\":{\"@id\":\"https:\/\/www.printweb.de\/digitaldruck\/was-passieren-kann-wenn-man-steve-jobs-aergert\/3198\/#primaryimage\"},\"thumbnailUrl\":\"https:\/\/www.printweb.de\/digitaldruck\/wp-content\/uploads\/2010\/01\/itablet.jpg\",\"articleSection\":[\"Digitaldruck+Veredlung\",\"Passiert - notiert\"],\"inLanguage\":\"de-DE\",\"potentialAction\":[{\"@type\":\"CommentAction\",\"name\":\"Comment\",\"target\":[\"https:\/\/www.printweb.de\/digitaldruck\/was-passieren-kann-wenn-man-steve-jobs-aergert\/3198\/#respond\"]}]},{\"@type\":\"WebPage\",\"@id\":\"https:\/\/www.printweb.de\/digitaldruck\/was-passieren-kann-wenn-man-steve-jobs-aergert\/3198\/\",\"url\":\"https:\/\/www.printweb.de\/digitaldruck\/was-passieren-kann-wenn-man-steve-jobs-aergert\/3198\/\",\"name\":\"Was passieren kann, wenn man Steve Jobs \u00e4rgert ... | Was Print bewirken kann.\",\"isPartOf\":{\"@id\":\"https:\/\/www.printweb.de\/digitaldruck\/#website\"},\"primaryImageOfPage\":{\"@id\":\"https:\/\/www.printweb.de\/digitaldruck\/was-passieren-kann-wenn-man-steve-jobs-aergert\/3198\/#primaryimage\"},\"image\":{\"@id\":\"https:\/\/www.printweb.de\/digitaldruck\/was-passieren-kann-wenn-man-steve-jobs-aergert\/3198\/#primaryimage\"},\"thumbnailUrl\":\"https:\/\/www.printweb.de\/digitaldruck\/wp-content\/uploads\/2010\/01\/itablet.jpg\",\"datePublished\":\"2010-01-28T12:55:47+00:00\",\"dateModified\":\"2010-01-30T22:15:25+00:00\",\"inLanguage\":\"de-DE\",\"potentialAction\":[{\"@type\":\"ReadAction\",\"target\":[\"https:\/\/www.printweb.de\/digitaldruck\/was-passieren-kann-wenn-man-steve-jobs-aergert\/3198\/\"]}]},{\"@type\":\"ImageObject\",\"inLanguage\":\"de-DE\",\"@id\":\"https:\/\/www.printweb.de\/digitaldruck\/was-passieren-kann-wenn-man-steve-jobs-aergert\/3198\/#primaryimage\",\"url\":\"https:\/\/www.printweb.de\/digitaldruck\/wp-content\/uploads\/2010\/01\/itablet.jpg\",\"contentUrl\":\"https:\/\/www.printweb.de\/digitaldruck\/wp-content\/uploads\/2010\/01\/itablet.jpg\",\"width\":600,\"height\":147},{\"@type\":\"WebSite\",\"@id\":\"https:\/\/www.printweb.de\/digitaldruck\/#website\",\"url\":\"https:\/\/www.printweb.de\/digitaldruck\/\",\"name\":\"Was Print bewirken kann.\",\"description\":\"Was Print bewirken kann \u2013 1700 Ideen.\",\"publisher\":{\"@id\":\"https:\/\/www.printweb.de\/digitaldruck\/#organization\"},\"potentialAction\":[{\"@type\":\"SearchAction\",\"target\":{\"@type\":\"EntryPoint\",\"urlTemplate\":\"https:\/\/www.printweb.de\/digitaldruck\/?s={search_term_string}\"},\"query-input\":\"required name=search_term_string\"}],\"inLanguage\":\"de-DE\"},{\"@type\":\"Organization\",\"@id\":\"https:\/\/www.printweb.de\/digitaldruck\/#organization\",\"name\":\"Colour Connection GmbH, printweb.de, Frankfurt am Main\",\"url\":\"https:\/\/www.printweb.de\/digitaldruck\/\",\"logo\":{\"@type\":\"ImageObject\",\"inLanguage\":\"de-DE\",\"@id\":\"https:\/\/www.printweb.de\/digitaldruck\/#\/schema\/logo\/image\/\",\"url\":\"https:\/\/www.printweb.de\/digitaldruck\/wp-content\/uploads\/2019\/11\/colour-connectio-printweb-logo.jpg\",\"contentUrl\":\"https:\/\/www.printweb.de\/digitaldruck\/wp-content\/uploads\/2019\/11\/colour-connectio-printweb-logo.jpg\",\"width\":1014,\"height\":229,\"caption\":\"Colour Connection GmbH, printweb.de, Frankfurt am Main\"},\"image\":{\"@id\":\"https:\/\/www.printweb.de\/digitaldruck\/#\/schema\/logo\/image\/\"},\"sameAs\":[\"https:\/\/www.facebook.com\/printweb.de\/\",\"https:\/\/x.com\/digitaldruck\",\"https:\/\/www.instagram.com\/printweb.de\/\",\"https:\/\/www.youtube.com\/user\/Digitaldruckerei\"]},{\"@type\":\"Person\",\"@id\":\"https:\/\/www.printweb.de\/digitaldruck\/#\/schema\/person\/0e0308818185589fb8602180e9273195\",\"name\":\"Ralph Hadem\",\"image\":{\"@type\":\"ImageObject\",\"inLanguage\":\"de-DE\",\"@id\":\"https:\/\/www.printweb.de\/digitaldruck\/#\/schema\/person\/image\/\",\"url\":\"https:\/\/secure.gravatar.com\/avatar\/386b1b183dce310c5ac8a8f475fdecd8?s=96&d=blank&r=g\",\"contentUrl\":\"https:\/\/secure.gravatar.com\/avatar\/386b1b183dce310c5ac8a8f475fdecd8?s=96&d=blank&r=g\",\"caption\":\"Ralph Hadem\"},\"sameAs\":[\"https:\/\/www.printweb.de\"],\"url\":\"https:\/\/www.printweb.de\/digitaldruck\/author\/ralphhadem\/\"}]}<\/script>\n<!-- \/ Yoast SEO plugin. -->","yoast_head_json":{"title":"Was passieren kann, wenn man Steve Jobs \u00e4rgert ... | Was Print bewirken kann.","robots":{"index":"index","follow":"follow","max-snippet":"max-snippet:-1","max-image-preview":"max-image-preview:large","max-video-preview":"max-video-preview:-1"},"canonical":"https:\/\/www.printweb.de\/digitaldruck\/was-passieren-kann-wenn-man-steve-jobs-aergert\/3198\/","og_locale":"de_DE","og_type":"article","og_title":"Was passieren kann, wenn man Steve Jobs \u00e4rgert ... | Was Print bewirken kann.","og_description":"Verleger sind ja besondere Menschen. Traditionsbewusst, verschwiegen und k\u00fchl kalkulierend. Dann hatte Harold McGraw III, Chef von McGraw-Hill ... mehr","og_url":"https:\/\/www.printweb.de\/digitaldruck\/was-passieren-kann-wenn-man-steve-jobs-aergert\/3198\/","og_site_name":"Was Print bewirken kann.","article_publisher":"https:\/\/www.facebook.com\/printweb.de\/","article_published_time":"2010-01-28T12:55:47+00:00","article_modified_time":"2010-01-30T22:15:25+00:00","og_image":[{"width":600,"height":147,"url":"https:\/\/www.printweb.de\/digitaldruck\/wp-content\/uploads\/2010\/01\/itablet.jpg","type":"image\/jpeg"}],"author":"Ralph Hadem","twitter_card":"summary_large_image","twitter_creator":"@digitaldruck","twitter_site":"@digitaldruck","twitter_misc":{"Verfasst von":"Ralph Hadem"},"schema":{"@context":"https:\/\/schema.org","@graph":[{"@type":"Article","@id":"https:\/\/www.printweb.de\/digitaldruck\/was-passieren-kann-wenn-man-steve-jobs-aergert\/3198\/#article","isPartOf":{"@id":"https:\/\/www.printweb.de\/digitaldruck\/was-passieren-kann-wenn-man-steve-jobs-aergert\/3198\/"},"author":{"name":"Ralph Hadem","@id":"https:\/\/www.printweb.de\/digitaldruck\/#\/schema\/person\/0e0308818185589fb8602180e9273195"},"headline":"Was passieren kann, wenn man Steve Jobs \u00e4rgert &#8230;","datePublished":"2010-01-28T12:55:47+00:00","dateModified":"2010-01-30T22:15:25+00:00","mainEntityOfPage":{"@id":"https:\/\/www.printweb.de\/digitaldruck\/was-passieren-kann-wenn-man-steve-jobs-aergert\/3198\/"},"wordCount":92,"commentCount":0,"publisher":{"@id":"https:\/\/www.printweb.de\/digitaldruck\/#organization"},"image":{"@id":"https:\/\/www.printweb.de\/digitaldruck\/was-passieren-kann-wenn-man-steve-jobs-aergert\/3198\/#primaryimage"},"thumbnailUrl":"https:\/\/www.printweb.de\/digitaldruck\/wp-content\/uploads\/2010\/01\/itablet.jpg","articleSection":["Digitaldruck+Veredlung","Passiert - notiert"],"inLanguage":"de-DE","potentialAction":[{"@type":"CommentAction","name":"Comment","target":["https:\/\/www.printweb.de\/digitaldruck\/was-passieren-kann-wenn-man-steve-jobs-aergert\/3198\/#respond"]}]},{"@type":"WebPage","@id":"https:\/\/www.printweb.de\/digitaldruck\/was-passieren-kann-wenn-man-steve-jobs-aergert\/3198\/","url":"https:\/\/www.printweb.de\/digitaldruck\/was-passieren-kann-wenn-man-steve-jobs-aergert\/3198\/","name":"Was passieren kann, wenn man Steve Jobs \u00e4rgert ... | Was Print bewirken kann.","isPartOf":{"@id":"https:\/\/www.printweb.de\/digitaldruck\/#website"},"primaryImageOfPage":{"@id":"https:\/\/www.printweb.de\/digitaldruck\/was-passieren-kann-wenn-man-steve-jobs-aergert\/3198\/#primaryimage"},"image":{"@id":"https:\/\/www.printweb.de\/digitaldruck\/was-passieren-kann-wenn-man-steve-jobs-aergert\/3198\/#primaryimage"},"thumbnailUrl":"https:\/\/www.printweb.de\/digitaldruck\/wp-content\/uploads\/2010\/01\/itablet.jpg","datePublished":"2010-01-28T12:55:47+00:00","dateModified":"2010-01-30T22:15:25+00:00","inLanguage":"de-DE","potentialAction":[{"@type":"ReadAction","target":["https:\/\/www.printweb.de\/digitaldruck\/was-passieren-kann-wenn-man-steve-jobs-aergert\/3198\/"]}]},{"@type":"ImageObject","inLanguage":"de-DE","@id":"https:\/\/www.printweb.de\/digitaldruck\/was-passieren-kann-wenn-man-steve-jobs-aergert\/3198\/#primaryimage","url":"https:\/\/www.printweb.de\/digitaldruck\/wp-content\/uploads\/2010\/01\/itablet.jpg","contentUrl":"https:\/\/www.printweb.de\/digitaldruck\/wp-content\/uploads\/2010\/01\/itablet.jpg","width":600,"height":147},{"@type":"WebSite","@id":"https:\/\/www.printweb.de\/digitaldruck\/#website","url":"https:\/\/www.printweb.de\/digitaldruck\/","name":"Was Print bewirken kann.","description":"Was Print bewirken kann \u2013 1700 Ideen.","publisher":{"@id":"https:\/\/www.printweb.de\/digitaldruck\/#organization"},"potentialAction":[{"@type":"SearchAction","target":{"@type":"EntryPoint","urlTemplate":"https:\/\/www.printweb.de\/digitaldruck\/?s={search_term_string}"},"query-input":"required name=search_term_string"}],"inLanguage":"de-DE"},{"@type":"Organization","@id":"https:\/\/www.printweb.de\/digitaldruck\/#organization","name":"Colour Connection GmbH, printweb.de, Frankfurt am Main","url":"https:\/\/www.printweb.de\/digitaldruck\/","logo":{"@type":"ImageObject","inLanguage":"de-DE","@id":"https:\/\/www.printweb.de\/digitaldruck\/#\/schema\/logo\/image\/","url":"https:\/\/www.printweb.de\/digitaldruck\/wp-content\/uploads\/2019\/11\/colour-connectio-printweb-logo.jpg","contentUrl":"https:\/\/www.printweb.de\/digitaldruck\/wp-content\/uploads\/2019\/11\/colour-connectio-printweb-logo.jpg","width":1014,"height":229,"caption":"Colour Connection GmbH, printweb.de, Frankfurt am Main"},"image":{"@id":"https:\/\/www.printweb.de\/digitaldruck\/#\/schema\/logo\/image\/"},"sameAs":["https:\/\/www.facebook.com\/printweb.de\/","https:\/\/x.com\/digitaldruck","https:\/\/www.instagram.com\/printweb.de\/","https:\/\/www.youtube.com\/user\/Digitaldruckerei"]},{"@type":"Person","@id":"https:\/\/www.printweb.de\/digitaldruck\/#\/schema\/person\/0e0308818185589fb8602180e9273195","name":"Ralph Hadem","image":{"@type":"ImageObject","inLanguage":"de-DE","@id":"https:\/\/www.printweb.de\/digitaldruck\/#\/schema\/person\/image\/","url":"https:\/\/secure.gravatar.com\/avatar\/386b1b183dce310c5ac8a8f475fdecd8?s=96&d=blank&r=g","contentUrl":"https:\/\/secure.gravatar.com\/avatar\/386b1b183dce310c5ac8a8f475fdecd8?s=96&d=blank&r=g","caption":"Ralph Hadem"},"sameAs":["https:\/\/www.printweb.de"],"url":"https:\/\/www.printweb.de\/digitaldruck\/author\/ralphhadem\/"}]}},"_links":{"self":[{"href":"https:\/\/www.printweb.de\/digitaldruck\/wp-json\/wp\/v2\/posts\/3198"}],"collection":[{"href":"https:\/\/www.printweb.de\/digitaldruck\/wp-json\/wp\/v2\/posts"}],"about":[{"href":"https:\/\/www.printweb.de\/digitaldruck\/wp-json\/wp\/v2\/types\/post"}],"author":[{"embeddable":true,"href":"https:\/\/www.printweb.de\/digitaldruck\/wp-json\/wp\/v2\/users\/2"}],"replies":[{"embeddable":true,"href":"https:\/\/www.printweb.de\/digitaldruck\/wp-json\/wp\/v2\/comments?post=3198"}],"version-history":[{"count":6,"href":"https:\/\/www.printweb.de\/digitaldruck\/wp-json\/wp\/v2\/posts\/3198\/revisions"}],"predecessor-version":[{"id":3214,"href":"https:\/\/www.printweb.de\/digitaldruck\/wp-json\/wp\/v2\/posts\/3198\/revisions\/3214"}],"wp:featuredmedia":[{"embeddable":true,"href":"https:\/\/www.printweb.de\/digitaldruck\/wp-json\/wp\/v2\/media\/3199"}],"wp:attachment":[{"href":"https:\/\/www.printweb.de\/digitaldruck\/wp-json\/wp\/v2\/media?parent=3198"}],"wp:term":[{"taxonomy":"category","embeddable":true,"href":"https:\/\/www.printweb.de\/digitaldruck\/wp-json\/wp\/v2\/categories?post=3198"},{"taxonomy":"post_tag","embeddable":true,"href":"https:\/\/www.printweb.de\/digitaldruck\/wp-json\/wp\/v2\/tags?post=3198"}],"curies":[{"name":"wp","href":"https:\/\/api.w.org\/{rel}","templated":true}]}}