{"id":3205,"date":"2010-01-29T17:03:56","date_gmt":"2010-01-29T16:03:56","guid":{"rendered":"https:\/\/www.printweb.de\/digitaldruck\/?p=3205"},"modified":"2016-03-04T10:37:56","modified_gmt":"2016-03-04T09:37:56","slug":"schwarz-und-weiss-auf-gmund-wordline-blau","status":"publish","type":"post","link":"https:\/\/www.printweb.de\/digitaldruck\/schwarz-und-weiss-auf-gmund-wordline-blau\/3205\/","title":{"rendered":"Schwarz und Wei\u00df auf <br \/>Gmund Wordline ultramarineblau"},"content":{"rendered":"<p>Diese kleine Karte auf <a href=\"http:\/\/de.gmund.com\/shop\/worldline.html\" target=\"_blank\">Gmund Worldline<\/a> Maximum Ultramarine in 300g wurde im digitalen Siebdruck mit schwarz und wei\u00df bedruckt. Gut zu sehen: Bei ungestrichenen Papieren erh\u00e4lt man bei wei\u00dfem Digitaldruck nicht so ohne Weiteres eine perfekte Deckung. Wenn es, wie hier, zum Motiv pa\u00dft, ist es ok. Bei gestrichenen Papieren bekommt man im Gegensatz dazu eine sehr homogene Fl\u00e4che, die ausgesprochen elegant wirkt. Hier zu sehen in einem <a href=\"https:\/\/www.printweb.de\/digitaldruck\/visitenkarte-weiss-auf-schwarz\" target=\"_blank\">fr\u00fcheren Beitrag<\/a>. Damals Druck auf Curious Skin schwarz in 380g.<\/p>\n<p style=\"text-align: center;\"><a href=\"https:\/\/www.printweb.de\/digitaldruck\/wp-content\/uploads\/2010\/01\/Gmund-Wordline-Ultramarine.jpg\" target=\"_blank\"><img decoding=\"async\" class=\"size-thumbnail wp-image-3206  aligncenter\" title=\"Gmund-Wordline-Ultramarine\" src=\"https:\/\/www.printweb.de\/digitaldruck\/wp-content\/uploads\/2010\/01\/Gmund-Wordline-Ultramarine-765x608.jpg\" alt=\"Gmund-Wordline-Ultramarine\" width=\"550\" height=\"437\" srcset=\"https:\/\/www.printweb.de\/digitaldruck\/wp-content\/uploads\/2010\/01\/Gmund-Wordline-Ultramarine-765x608.jpg 765w, https:\/\/www.printweb.de\/digitaldruck\/wp-content\/uploads\/2010\/01\/Gmund-Wordline-Ultramarine-768x611.jpg 768w, https:\/\/www.printweb.de\/digitaldruck\/wp-content\/uploads\/2010\/01\/Gmund-Wordline-Ultramarine-616x490.jpg 616w\" sizes=\"(max-width: 550px) 100vw, 550px\" \/><\/a><\/p>\n","protected":false},"excerpt":{"rendered":"Diese kleine Karte auf Gmund Worldline Maximum Ultramarine in 300g wurde im digitalen Siebdruck mit schwarz und wei\u00df &#8230; <br><br><a class=\"readmore\" href=\"https:\/\/www.printweb.de\/digitaldruck\/schwarz-und-weiss-auf-gmund-wordline-blau\/3205\/\">mehr<\/a>","protected":false},"author":2,"featured_media":3206,"comment_status":"open","ping_status":"open","sticky":false,"template":"","format":"standard","meta":{"_acf_changed":false,"footnotes":""},"categories":[1,34],"tags":[],"class_list":["post-3205","post","type-post","status-publish","format-standard","has-post-thumbnail","hentry","category-alle-beitraege","category-papier-und-bedruckstoffe"],"acf":[],"yoast_head":"<!-- This site is optimized with the Yoast SEO plugin v23.1 - https:\/\/yoast.com\/wordpress\/plugins\/seo\/ -->\n<title>Schwarz und Wei\u00df auf Gmund Wordline ultramarineblau | Was Print bewirken kann.<\/title>\n<meta name=\"robots\" content=\"index, follow, max-snippet:-1, max-image-preview:large, max-video-preview:-1\" \/>\n<link rel=\"canonical\" href=\"https:\/\/www.printweb.de\/digitaldruck\/schwarz-und-weiss-auf-gmund-wordline-blau\/3205\/\" \/>\n<meta property=\"og:locale\" content=\"de_DE\" \/>\n<meta property=\"og:type\" content=\"article\" \/>\n<meta property=\"og:title\" content=\"Schwarz und Wei\u00df auf Gmund Wordline ultramarineblau | Was Print bewirken kann.\" \/>\n<meta property=\"og:description\" content=\"Diese kleine Karte auf Gmund Worldline Maximum Ultramarine in 300g wurde im digitalen Siebdruck mit schwarz und wei\u00df ... mehr\" \/>\n<meta property=\"og:url\" content=\"https:\/\/www.printweb.de\/digitaldruck\/schwarz-und-weiss-auf-gmund-wordline-blau\/3205\/\" \/>\n<meta property=\"og:site_name\" content=\"Was Print bewirken kann.\" \/>\n<meta property=\"article:publisher\" content=\"https:\/\/www.facebook.com\/printweb.de\/\" \/>\n<meta property=\"article:published_time\" content=\"2010-01-29T16:03:56+00:00\" \/>\n<meta property=\"article:modified_time\" content=\"2016-03-04T09:37:56+00:00\" \/>\n<meta property=\"og:image\" content=\"https:\/\/www.printweb.de\/digitaldruck\/wp-content\/uploads\/2010\/01\/Gmund-Wordline-Ultramarine-765x490.jpg\" \/>\n\t<meta property=\"og:image:width\" content=\"765\" \/>\n\t<meta property=\"og:image:height\" content=\"490\" \/>\n\t<meta property=\"og:image:type\" content=\"image\/jpeg\" \/>\n<meta name=\"author\" content=\"Ralph Hadem\" \/>\n<meta name=\"twitter:card\" content=\"summary_large_image\" \/>\n<meta name=\"twitter:creator\" content=\"@digitaldruck\" \/>\n<meta name=\"twitter:site\" content=\"@digitaldruck\" \/>\n<meta name=\"twitter:label1\" content=\"Verfasst von\" \/>\n\t<meta name=\"twitter:data1\" content=\"Ralph Hadem\" \/>\n<script type=\"application\/ld+json\" class=\"yoast-schema-graph\">{\"@context\":\"https:\/\/schema.org\",\"@graph\":[{\"@type\":\"Article\",\"@id\":\"https:\/\/www.printweb.de\/digitaldruck\/schwarz-und-weiss-auf-gmund-wordline-blau\/3205\/#article\",\"isPartOf\":{\"@id\":\"https:\/\/www.printweb.de\/digitaldruck\/schwarz-und-weiss-auf-gmund-wordline-blau\/3205\/\"},\"author\":{\"name\":\"Ralph Hadem\",\"@id\":\"https:\/\/www.printweb.de\/digitaldruck\/#\/schema\/person\/0e0308818185589fb8602180e9273195\"},\"headline\":\"Schwarz und Wei\u00df auf Gmund Wordline ultramarineblau\",\"datePublished\":\"2010-01-29T16:03:56+00:00\",\"dateModified\":\"2016-03-04T09:37:56+00:00\",\"mainEntityOfPage\":{\"@id\":\"https:\/\/www.printweb.de\/digitaldruck\/schwarz-und-weiss-auf-gmund-wordline-blau\/3205\/\"},\"wordCount\":90,\"commentCount\":0,\"publisher\":{\"@id\":\"https:\/\/www.printweb.de\/digitaldruck\/#organization\"},\"image\":{\"@id\":\"https:\/\/www.printweb.de\/digitaldruck\/schwarz-und-weiss-auf-gmund-wordline-blau\/3205\/#primaryimage\"},\"thumbnailUrl\":\"https:\/\/www.printweb.de\/digitaldruck\/wp-content\/uploads\/2010\/01\/Gmund-Wordline-Ultramarine.jpg\",\"articleSection\":[\"Digitaldruck+Veredlung\",\"Papier &amp; Bedruckstoffe\"],\"inLanguage\":\"de-DE\",\"potentialAction\":[{\"@type\":\"CommentAction\",\"name\":\"Comment\",\"target\":[\"https:\/\/www.printweb.de\/digitaldruck\/schwarz-und-weiss-auf-gmund-wordline-blau\/3205\/#respond\"]}]},{\"@type\":\"WebPage\",\"@id\":\"https:\/\/www.printweb.de\/digitaldruck\/schwarz-und-weiss-auf-gmund-wordline-blau\/3205\/\",\"url\":\"https:\/\/www.printweb.de\/digitaldruck\/schwarz-und-weiss-auf-gmund-wordline-blau\/3205\/\",\"name\":\"Schwarz und Wei\u00df auf Gmund Wordline ultramarineblau | Was Print bewirken kann.\",\"isPartOf\":{\"@id\":\"https:\/\/www.printweb.de\/digitaldruck\/#website\"},\"primaryImageOfPage\":{\"@id\":\"https:\/\/www.printweb.de\/digitaldruck\/schwarz-und-weiss-auf-gmund-wordline-blau\/3205\/#primaryimage\"},\"image\":{\"@id\":\"https:\/\/www.printweb.de\/digitaldruck\/schwarz-und-weiss-auf-gmund-wordline-blau\/3205\/#primaryimage\"},\"thumbnailUrl\":\"https:\/\/www.printweb.de\/digitaldruck\/wp-content\/uploads\/2010\/01\/Gmund-Wordline-Ultramarine.jpg\",\"datePublished\":\"2010-01-29T16:03:56+00:00\",\"dateModified\":\"2016-03-04T09:37:56+00:00\",\"inLanguage\":\"de-DE\",\"potentialAction\":[{\"@type\":\"ReadAction\",\"target\":[\"https:\/\/www.printweb.de\/digitaldruck\/schwarz-und-weiss-auf-gmund-wordline-blau\/3205\/\"]}]},{\"@type\":\"ImageObject\",\"inLanguage\":\"de-DE\",\"@id\":\"https:\/\/www.printweb.de\/digitaldruck\/schwarz-und-weiss-auf-gmund-wordline-blau\/3205\/#primaryimage\",\"url\":\"https:\/\/www.printweb.de\/digitaldruck\/wp-content\/uploads\/2010\/01\/Gmund-Wordline-Ultramarine.jpg\",\"contentUrl\":\"https:\/\/www.printweb.de\/digitaldruck\/wp-content\/uploads\/2010\/01\/Gmund-Wordline-Ultramarine.jpg\",\"width\":2241,\"height\":1782},{\"@type\":\"WebSite\",\"@id\":\"https:\/\/www.printweb.de\/digitaldruck\/#website\",\"url\":\"https:\/\/www.printweb.de\/digitaldruck\/\",\"name\":\"Was Print bewirken kann.\",\"description\":\"Was Print bewirken kann \u2013 1700 Ideen.\",\"publisher\":{\"@id\":\"https:\/\/www.printweb.de\/digitaldruck\/#organization\"},\"potentialAction\":[{\"@type\":\"SearchAction\",\"target\":{\"@type\":\"EntryPoint\",\"urlTemplate\":\"https:\/\/www.printweb.de\/digitaldruck\/?s={search_term_string}\"},\"query-input\":\"required name=search_term_string\"}],\"inLanguage\":\"de-DE\"},{\"@type\":\"Organization\",\"@id\":\"https:\/\/www.printweb.de\/digitaldruck\/#organization\",\"name\":\"Colour Connection GmbH, printweb.de, Frankfurt am Main\",\"url\":\"https:\/\/www.printweb.de\/digitaldruck\/\",\"logo\":{\"@type\":\"ImageObject\",\"inLanguage\":\"de-DE\",\"@id\":\"https:\/\/www.printweb.de\/digitaldruck\/#\/schema\/logo\/image\/\",\"url\":\"https:\/\/www.printweb.de\/digitaldruck\/wp-content\/uploads\/2019\/11\/colour-connectio-printweb-logo.jpg\",\"contentUrl\":\"https:\/\/www.printweb.de\/digitaldruck\/wp-content\/uploads\/2019\/11\/colour-connectio-printweb-logo.jpg\",\"width\":1014,\"height\":229,\"caption\":\"Colour Connection GmbH, printweb.de, Frankfurt am Main\"},\"image\":{\"@id\":\"https:\/\/www.printweb.de\/digitaldruck\/#\/schema\/logo\/image\/\"},\"sameAs\":[\"https:\/\/www.facebook.com\/printweb.de\/\",\"https:\/\/x.com\/digitaldruck\",\"https:\/\/www.instagram.com\/printweb.de\/\",\"https:\/\/www.youtube.com\/user\/Digitaldruckerei\"]},{\"@type\":\"Person\",\"@id\":\"https:\/\/www.printweb.de\/digitaldruck\/#\/schema\/person\/0e0308818185589fb8602180e9273195\",\"name\":\"Ralph Hadem\",\"image\":{\"@type\":\"ImageObject\",\"inLanguage\":\"de-DE\",\"@id\":\"https:\/\/www.printweb.de\/digitaldruck\/#\/schema\/person\/image\/\",\"url\":\"https:\/\/secure.gravatar.com\/avatar\/386b1b183dce310c5ac8a8f475fdecd8?s=96&d=blank&r=g\",\"contentUrl\":\"https:\/\/secure.gravatar.com\/avatar\/386b1b183dce310c5ac8a8f475fdecd8?s=96&d=blank&r=g\",\"caption\":\"Ralph Hadem\"},\"sameAs\":[\"https:\/\/www.printweb.de\"],\"url\":\"https:\/\/www.printweb.de\/digitaldruck\/author\/ralphhadem\/\"}]}<\/script>\n<!-- \/ Yoast SEO plugin. -->","yoast_head_json":{"title":"Schwarz und Wei\u00df auf Gmund Wordline ultramarineblau | Was Print bewirken kann.","robots":{"index":"index","follow":"follow","max-snippet":"max-snippet:-1","max-image-preview":"max-image-preview:large","max-video-preview":"max-video-preview:-1"},"canonical":"https:\/\/www.printweb.de\/digitaldruck\/schwarz-und-weiss-auf-gmund-wordline-blau\/3205\/","og_locale":"de_DE","og_type":"article","og_title":"Schwarz und Wei\u00df auf Gmund Wordline ultramarineblau | Was Print bewirken kann.","og_description":"Diese kleine Karte auf Gmund Worldline Maximum Ultramarine in 300g wurde im digitalen Siebdruck mit schwarz und wei\u00df ... mehr","og_url":"https:\/\/www.printweb.de\/digitaldruck\/schwarz-und-weiss-auf-gmund-wordline-blau\/3205\/","og_site_name":"Was Print bewirken kann.","article_publisher":"https:\/\/www.facebook.com\/printweb.de\/","article_published_time":"2010-01-29T16:03:56+00:00","article_modified_time":"2016-03-04T09:37:56+00:00","og_image":[{"width":765,"height":490,"url":"https:\/\/www.printweb.de\/digitaldruck\/wp-content\/uploads\/2010\/01\/Gmund-Wordline-Ultramarine-765x490.jpg","type":"image\/jpeg"}],"author":"Ralph Hadem","twitter_card":"summary_large_image","twitter_creator":"@digitaldruck","twitter_site":"@digitaldruck","twitter_misc":{"Verfasst von":"Ralph Hadem"},"schema":{"@context":"https:\/\/schema.org","@graph":[{"@type":"Article","@id":"https:\/\/www.printweb.de\/digitaldruck\/schwarz-und-weiss-auf-gmund-wordline-blau\/3205\/#article","isPartOf":{"@id":"https:\/\/www.printweb.de\/digitaldruck\/schwarz-und-weiss-auf-gmund-wordline-blau\/3205\/"},"author":{"name":"Ralph Hadem","@id":"https:\/\/www.printweb.de\/digitaldruck\/#\/schema\/person\/0e0308818185589fb8602180e9273195"},"headline":"Schwarz und Wei\u00df auf Gmund Wordline ultramarineblau","datePublished":"2010-01-29T16:03:56+00:00","dateModified":"2016-03-04T09:37:56+00:00","mainEntityOfPage":{"@id":"https:\/\/www.printweb.de\/digitaldruck\/schwarz-und-weiss-auf-gmund-wordline-blau\/3205\/"},"wordCount":90,"commentCount":0,"publisher":{"@id":"https:\/\/www.printweb.de\/digitaldruck\/#organization"},"image":{"@id":"https:\/\/www.printweb.de\/digitaldruck\/schwarz-und-weiss-auf-gmund-wordline-blau\/3205\/#primaryimage"},"thumbnailUrl":"https:\/\/www.printweb.de\/digitaldruck\/wp-content\/uploads\/2010\/01\/Gmund-Wordline-Ultramarine.jpg","articleSection":["Digitaldruck+Veredlung","Papier &amp; Bedruckstoffe"],"inLanguage":"de-DE","potentialAction":[{"@type":"CommentAction","name":"Comment","target":["https:\/\/www.printweb.de\/digitaldruck\/schwarz-und-weiss-auf-gmund-wordline-blau\/3205\/#respond"]}]},{"@type":"WebPage","@id":"https:\/\/www.printweb.de\/digitaldruck\/schwarz-und-weiss-auf-gmund-wordline-blau\/3205\/","url":"https:\/\/www.printweb.de\/digitaldruck\/schwarz-und-weiss-auf-gmund-wordline-blau\/3205\/","name":"Schwarz und Wei\u00df auf Gmund Wordline ultramarineblau | Was Print bewirken kann.","isPartOf":{"@id":"https:\/\/www.printweb.de\/digitaldruck\/#website"},"primaryImageOfPage":{"@id":"https:\/\/www.printweb.de\/digitaldruck\/schwarz-und-weiss-auf-gmund-wordline-blau\/3205\/#primaryimage"},"image":{"@id":"https:\/\/www.printweb.de\/digitaldruck\/schwarz-und-weiss-auf-gmund-wordline-blau\/3205\/#primaryimage"},"thumbnailUrl":"https:\/\/www.printweb.de\/digitaldruck\/wp-content\/uploads\/2010\/01\/Gmund-Wordline-Ultramarine.jpg","datePublished":"2010-01-29T16:03:56+00:00","dateModified":"2016-03-04T09:37:56+00:00","inLanguage":"de-DE","potentialAction":[{"@type":"ReadAction","target":["https:\/\/www.printweb.de\/digitaldruck\/schwarz-und-weiss-auf-gmund-wordline-blau\/3205\/"]}]},{"@type":"ImageObject","inLanguage":"de-DE","@id":"https:\/\/www.printweb.de\/digitaldruck\/schwarz-und-weiss-auf-gmund-wordline-blau\/3205\/#primaryimage","url":"https:\/\/www.printweb.de\/digitaldruck\/wp-content\/uploads\/2010\/01\/Gmund-Wordline-Ultramarine.jpg","contentUrl":"https:\/\/www.printweb.de\/digitaldruck\/wp-content\/uploads\/2010\/01\/Gmund-Wordline-Ultramarine.jpg","width":2241,"height":1782},{"@type":"WebSite","@id":"https:\/\/www.printweb.de\/digitaldruck\/#website","url":"https:\/\/www.printweb.de\/digitaldruck\/","name":"Was Print bewirken kann.","description":"Was Print bewirken kann \u2013 1700 Ideen.","publisher":{"@id":"https:\/\/www.printweb.de\/digitaldruck\/#organization"},"potentialAction":[{"@type":"SearchAction","target":{"@type":"EntryPoint","urlTemplate":"https:\/\/www.printweb.de\/digitaldruck\/?s={search_term_string}"},"query-input":"required name=search_term_string"}],"inLanguage":"de-DE"},{"@type":"Organization","@id":"https:\/\/www.printweb.de\/digitaldruck\/#organization","name":"Colour Connection GmbH, printweb.de, Frankfurt am Main","url":"https:\/\/www.printweb.de\/digitaldruck\/","logo":{"@type":"ImageObject","inLanguage":"de-DE","@id":"https:\/\/www.printweb.de\/digitaldruck\/#\/schema\/logo\/image\/","url":"https:\/\/www.printweb.de\/digitaldruck\/wp-content\/uploads\/2019\/11\/colour-connectio-printweb-logo.jpg","contentUrl":"https:\/\/www.printweb.de\/digitaldruck\/wp-content\/uploads\/2019\/11\/colour-connectio-printweb-logo.jpg","width":1014,"height":229,"caption":"Colour Connection GmbH, printweb.de, Frankfurt am Main"},"image":{"@id":"https:\/\/www.printweb.de\/digitaldruck\/#\/schema\/logo\/image\/"},"sameAs":["https:\/\/www.facebook.com\/printweb.de\/","https:\/\/x.com\/digitaldruck","https:\/\/www.instagram.com\/printweb.de\/","https:\/\/www.youtube.com\/user\/Digitaldruckerei"]},{"@type":"Person","@id":"https:\/\/www.printweb.de\/digitaldruck\/#\/schema\/person\/0e0308818185589fb8602180e9273195","name":"Ralph Hadem","image":{"@type":"ImageObject","inLanguage":"de-DE","@id":"https:\/\/www.printweb.de\/digitaldruck\/#\/schema\/person\/image\/","url":"https:\/\/secure.gravatar.com\/avatar\/386b1b183dce310c5ac8a8f475fdecd8?s=96&d=blank&r=g","contentUrl":"https:\/\/secure.gravatar.com\/avatar\/386b1b183dce310c5ac8a8f475fdecd8?s=96&d=blank&r=g","caption":"Ralph Hadem"},"sameAs":["https:\/\/www.printweb.de"],"url":"https:\/\/www.printweb.de\/digitaldruck\/author\/ralphhadem\/"}]}},"_links":{"self":[{"href":"https:\/\/www.printweb.de\/digitaldruck\/wp-json\/wp\/v2\/posts\/3205"}],"collection":[{"href":"https:\/\/www.printweb.de\/digitaldruck\/wp-json\/wp\/v2\/posts"}],"about":[{"href":"https:\/\/www.printweb.de\/digitaldruck\/wp-json\/wp\/v2\/types\/post"}],"author":[{"embeddable":true,"href":"https:\/\/www.printweb.de\/digitaldruck\/wp-json\/wp\/v2\/users\/2"}],"replies":[{"embeddable":true,"href":"https:\/\/www.printweb.de\/digitaldruck\/wp-json\/wp\/v2\/comments?post=3205"}],"version-history":[{"count":10,"href":"https:\/\/www.printweb.de\/digitaldruck\/wp-json\/wp\/v2\/posts\/3205\/revisions"}],"predecessor-version":[{"id":12507,"href":"https:\/\/www.printweb.de\/digitaldruck\/wp-json\/wp\/v2\/posts\/3205\/revisions\/12507"}],"wp:featuredmedia":[{"embeddable":true,"href":"https:\/\/www.printweb.de\/digitaldruck\/wp-json\/wp\/v2\/media\/3206"}],"wp:attachment":[{"href":"https:\/\/www.printweb.de\/digitaldruck\/wp-json\/wp\/v2\/media?parent=3205"}],"wp:term":[{"taxonomy":"category","embeddable":true,"href":"https:\/\/www.printweb.de\/digitaldruck\/wp-json\/wp\/v2\/categories?post=3205"},{"taxonomy":"post_tag","embeddable":true,"href":"https:\/\/www.printweb.de\/digitaldruck\/wp-json\/wp\/v2\/tags?post=3205"}],"curies":[{"name":"wp","href":"https:\/\/api.w.org\/{rel}","templated":true}]}}