{"id":3373,"date":"2010-03-05T13:11:21","date_gmt":"2010-03-05T12:11:21","guid":{"rendered":"https:\/\/www.printweb.de\/digitaldruck\/?p=3373"},"modified":"2010-03-05T13:16:59","modified_gmt":"2010-03-05T12:16:59","slug":"neun-monate-spaeter-der-showroom-ist-deutlich-gewachsen","status":"publish","type":"post","link":"https:\/\/www.printweb.de\/digitaldruck\/neun-monate-spaeter-der-showroom-ist-deutlich-gewachsen\/3373\/","title":{"rendered":"Neun Monate sp\u00e4ter: <br \/>Der Showroom ist deutlich gewachsen"},"content":{"rendered":"<p>Im Mai letzten Jahres haben wir von der <a href=\"https:\/\/www.printweb.de\/digitaldruck\/unser-showroom-ist-fertig\" target=\"_blank\">Einrichtung unseres Showrooms<\/a> berichtet. Seit dem ist viel passiert. Mehr als 250 ungew\u00f6hnliche und kreative Druckprodukte haben wir jetzt dort ausgestellt. Alles bei uns im Haus produziert und eine Quelle der Inspiration f\u00fcr jeden Besucher. Das zumindest meinen die mehr als 120 begeisterten Teilnehmer unserer <a href=\"https:\/\/www.printweb.de\/digitaldruck\/heute-beginnen-unsere-digitaldruck-workshops-wieder\" target=\"_blank\">16 Workshops<\/a> in den vergangenen 6 Monaten. Besucher sind jederzeit willkommen. Wenn Sie eine kundige F\u00fchrung oder Beratung w\u00fcnschen, vereinbaren Sie am besten kurzfristig vorher einen Termin. Wir nehmen uns gerne Zeit f\u00fcr Sie.<\/p>\n<p style=\"text-align: center;\"><a href=\"https:\/\/www.printweb.de\/digitaldruck\/wp-content\/uploads\/2010\/03\/Showroom-1.JPG\" target=\"_blank\"><img decoding=\"async\" class=\"size-thumbnail wp-image-3374  aligncenter\" title=\"Showroom-1\" src=\"https:\/\/www.printweb.de\/digitaldruck\/wp-content\/uploads\/2010\/03\/Showroom-1-765x574.jpg\" alt=\"Showroom-1\" width=\"582\" height=\"437\" srcset=\"https:\/\/www.printweb.de\/digitaldruck\/wp-content\/uploads\/2010\/03\/Showroom-1-765x574.jpg 765w, https:\/\/www.printweb.de\/digitaldruck\/wp-content\/uploads\/2010\/03\/Showroom-1-768x576.jpg 768w, https:\/\/www.printweb.de\/digitaldruck\/wp-content\/uploads\/2010\/03\/Showroom-1-653x490.jpg 653w, https:\/\/www.printweb.de\/digitaldruck\/wp-content\/uploads\/2010\/03\/Showroom-1-320x240.jpg 320w, https:\/\/www.printweb.de\/digitaldruck\/wp-content\/uploads\/2010\/03\/Showroom-1.JPG 1536w\" sizes=\"(max-width: 582px) 100vw, 582px\" \/><\/a><\/p>\n<p style=\"text-align: center;\"><a href=\"https:\/\/www.printweb.de\/digitaldruck\/wp-content\/uploads\/2010\/03\/Showroom-2.JPG\" target=\"_blank\"><img decoding=\"async\" class=\"size-thumbnail wp-image-3375  aligncenter\" title=\"Showroom-2\" src=\"https:\/\/www.printweb.de\/digitaldruck\/wp-content\/uploads\/2010\/03\/Showroom-2-765x574.jpg\" alt=\"Showroom-2\" width=\"582\" height=\"437\" srcset=\"https:\/\/www.printweb.de\/digitaldruck\/wp-content\/uploads\/2010\/03\/Showroom-2-765x574.jpg 765w, https:\/\/www.printweb.de\/digitaldruck\/wp-content\/uploads\/2010\/03\/Showroom-2-768x576.jpg 768w, https:\/\/www.printweb.de\/digitaldruck\/wp-content\/uploads\/2010\/03\/Showroom-2-653x490.jpg 653w, https:\/\/www.printweb.de\/digitaldruck\/wp-content\/uploads\/2010\/03\/Showroom-2-320x240.jpg 320w, https:\/\/www.printweb.de\/digitaldruck\/wp-content\/uploads\/2010\/03\/Showroom-2.JPG 1536w\" sizes=\"(max-width: 582px) 100vw, 582px\" \/><\/a><\/p>\n<p style=\"text-align: center;\"><a href=\"https:\/\/www.printweb.de\/digitaldruck\/wp-content\/uploads\/2010\/03\/Showroom-3.JPG\" target=\"_blank\"><img decoding=\"async\" class=\"size-thumbnail wp-image-3376  aligncenter\" title=\"Showroom-3\" src=\"https:\/\/www.printweb.de\/digitaldruck\/wp-content\/uploads\/2010\/03\/Showroom-3-765x574.jpg\" alt=\"Showroom-3\" width=\"582\" height=\"437\" srcset=\"https:\/\/www.printweb.de\/digitaldruck\/wp-content\/uploads\/2010\/03\/Showroom-3-765x574.jpg 765w, https:\/\/www.printweb.de\/digitaldruck\/wp-content\/uploads\/2010\/03\/Showroom-3-768x576.jpg 768w, https:\/\/www.printweb.de\/digitaldruck\/wp-content\/uploads\/2010\/03\/Showroom-3-653x490.jpg 653w, https:\/\/www.printweb.de\/digitaldruck\/wp-content\/uploads\/2010\/03\/Showroom-3-320x240.jpg 320w, https:\/\/www.printweb.de\/digitaldruck\/wp-content\/uploads\/2010\/03\/Showroom-3.JPG 1536w\" sizes=\"(max-width: 582px) 100vw, 582px\" \/><\/a><\/p>\n","protected":false},"excerpt":{"rendered":"Im Mai letzten Jahres haben wir von der Einrichtung unseres Showrooms berichtet. Seit dem ist viel passiert. Mehr &#8230; <br><br><a class=\"readmore\" href=\"https:\/\/www.printweb.de\/digitaldruck\/neun-monate-spaeter-der-showroom-ist-deutlich-gewachsen\/3373\/\">mehr<\/a>","protected":false},"author":2,"featured_media":3374,"comment_status":"open","ping_status":"open","sticky":false,"template":"","format":"standard","meta":{"_acf_changed":false,"footnotes":""},"categories":[1,34,30],"tags":[],"class_list":["post-3373","post","type-post","status-publish","format-standard","has-post-thumbnail","hentry","category-alle-beitraege","category-papier-und-bedruckstoffe","category-passiert-notiert"],"acf":[],"yoast_head":"<!-- This site is optimized with the Yoast SEO plugin v23.1 - https:\/\/yoast.com\/wordpress\/plugins\/seo\/ -->\n<title>Neun Monate sp\u00e4ter: Der Showroom ist deutlich gewachsen | Was Print bewirken kann.<\/title>\n<meta name=\"robots\" content=\"index, follow, max-snippet:-1, max-image-preview:large, max-video-preview:-1\" \/>\n<link rel=\"canonical\" href=\"https:\/\/www.printweb.de\/digitaldruck\/neun-monate-spaeter-der-showroom-ist-deutlich-gewachsen\/3373\/\" \/>\n<meta property=\"og:locale\" content=\"de_DE\" \/>\n<meta property=\"og:type\" content=\"article\" \/>\n<meta property=\"og:title\" content=\"Neun Monate sp\u00e4ter: Der Showroom ist deutlich gewachsen | Was Print bewirken kann.\" \/>\n<meta property=\"og:description\" content=\"Im Mai letzten Jahres haben wir von der Einrichtung unseres Showrooms berichtet. Seit dem ist viel passiert. Mehr ... mehr\" \/>\n<meta property=\"og:url\" content=\"https:\/\/www.printweb.de\/digitaldruck\/neun-monate-spaeter-der-showroom-ist-deutlich-gewachsen\/3373\/\" \/>\n<meta property=\"og:site_name\" content=\"Was Print bewirken kann.\" \/>\n<meta property=\"article:publisher\" content=\"https:\/\/www.facebook.com\/printweb.de\/\" \/>\n<meta property=\"article:published_time\" content=\"2010-03-05T12:11:21+00:00\" \/>\n<meta property=\"article:modified_time\" content=\"2010-03-05T12:16:59+00:00\" \/>\n<meta property=\"og:image\" content=\"https:\/\/www.printweb.de\/digitaldruck\/wp-content\/uploads\/2010\/03\/Showroom-1.JPG\" \/>\n\t<meta property=\"og:image:width\" content=\"1536\" \/>\n\t<meta property=\"og:image:height\" content=\"1152\" \/>\n\t<meta property=\"og:image:type\" content=\"image\/jpeg\" \/>\n<meta name=\"author\" content=\"Ralph Hadem\" \/>\n<meta name=\"twitter:card\" content=\"summary_large_image\" \/>\n<meta name=\"twitter:creator\" content=\"@digitaldruck\" \/>\n<meta name=\"twitter:site\" content=\"@digitaldruck\" \/>\n<meta name=\"twitter:label1\" content=\"Verfasst von\" \/>\n\t<meta name=\"twitter:data1\" content=\"Ralph Hadem\" \/>\n<script type=\"application\/ld+json\" class=\"yoast-schema-graph\">{\"@context\":\"https:\/\/schema.org\",\"@graph\":[{\"@type\":\"Article\",\"@id\":\"https:\/\/www.printweb.de\/digitaldruck\/neun-monate-spaeter-der-showroom-ist-deutlich-gewachsen\/3373\/#article\",\"isPartOf\":{\"@id\":\"https:\/\/www.printweb.de\/digitaldruck\/neun-monate-spaeter-der-showroom-ist-deutlich-gewachsen\/3373\/\"},\"author\":{\"name\":\"Ralph Hadem\",\"@id\":\"https:\/\/www.printweb.de\/digitaldruck\/#\/schema\/person\/0e0308818185589fb8602180e9273195\"},\"headline\":\"Neun Monate sp\u00e4ter: Der Showroom ist deutlich gewachsen\",\"datePublished\":\"2010-03-05T12:11:21+00:00\",\"dateModified\":\"2010-03-05T12:16:59+00:00\",\"mainEntityOfPage\":{\"@id\":\"https:\/\/www.printweb.de\/digitaldruck\/neun-monate-spaeter-der-showroom-ist-deutlich-gewachsen\/3373\/\"},\"wordCount\":97,\"commentCount\":2,\"publisher\":{\"@id\":\"https:\/\/www.printweb.de\/digitaldruck\/#organization\"},\"image\":{\"@id\":\"https:\/\/www.printweb.de\/digitaldruck\/neun-monate-spaeter-der-showroom-ist-deutlich-gewachsen\/3373\/#primaryimage\"},\"thumbnailUrl\":\"https:\/\/www.printweb.de\/digitaldruck\/wp-content\/uploads\/2010\/03\/Showroom-1.JPG\",\"articleSection\":[\"Digitaldruck+Veredlung\",\"Papier &amp; Bedruckstoffe\",\"Passiert - notiert\"],\"inLanguage\":\"de-DE\",\"potentialAction\":[{\"@type\":\"CommentAction\",\"name\":\"Comment\",\"target\":[\"https:\/\/www.printweb.de\/digitaldruck\/neun-monate-spaeter-der-showroom-ist-deutlich-gewachsen\/3373\/#respond\"]}]},{\"@type\":\"WebPage\",\"@id\":\"https:\/\/www.printweb.de\/digitaldruck\/neun-monate-spaeter-der-showroom-ist-deutlich-gewachsen\/3373\/\",\"url\":\"https:\/\/www.printweb.de\/digitaldruck\/neun-monate-spaeter-der-showroom-ist-deutlich-gewachsen\/3373\/\",\"name\":\"Neun Monate sp\u00e4ter: Der Showroom ist deutlich gewachsen | Was Print bewirken kann.\",\"isPartOf\":{\"@id\":\"https:\/\/www.printweb.de\/digitaldruck\/#website\"},\"primaryImageOfPage\":{\"@id\":\"https:\/\/www.printweb.de\/digitaldruck\/neun-monate-spaeter-der-showroom-ist-deutlich-gewachsen\/3373\/#primaryimage\"},\"image\":{\"@id\":\"https:\/\/www.printweb.de\/digitaldruck\/neun-monate-spaeter-der-showroom-ist-deutlich-gewachsen\/3373\/#primaryimage\"},\"thumbnailUrl\":\"https:\/\/www.printweb.de\/digitaldruck\/wp-content\/uploads\/2010\/03\/Showroom-1.JPG\",\"datePublished\":\"2010-03-05T12:11:21+00:00\",\"dateModified\":\"2010-03-05T12:16:59+00:00\",\"inLanguage\":\"de-DE\",\"potentialAction\":[{\"@type\":\"ReadAction\",\"target\":[\"https:\/\/www.printweb.de\/digitaldruck\/neun-monate-spaeter-der-showroom-ist-deutlich-gewachsen\/3373\/\"]}]},{\"@type\":\"ImageObject\",\"inLanguage\":\"de-DE\",\"@id\":\"https:\/\/www.printweb.de\/digitaldruck\/neun-monate-spaeter-der-showroom-ist-deutlich-gewachsen\/3373\/#primaryimage\",\"url\":\"https:\/\/www.printweb.de\/digitaldruck\/wp-content\/uploads\/2010\/03\/Showroom-1.JPG\",\"contentUrl\":\"https:\/\/www.printweb.de\/digitaldruck\/wp-content\/uploads\/2010\/03\/Showroom-1.JPG\",\"width\":1536,\"height\":1152},{\"@type\":\"WebSite\",\"@id\":\"https:\/\/www.printweb.de\/digitaldruck\/#website\",\"url\":\"https:\/\/www.printweb.de\/digitaldruck\/\",\"name\":\"Was Print bewirken kann.\",\"description\":\"Was Print bewirken kann \u2013 1700 Ideen.\",\"publisher\":{\"@id\":\"https:\/\/www.printweb.de\/digitaldruck\/#organization\"},\"potentialAction\":[{\"@type\":\"SearchAction\",\"target\":{\"@type\":\"EntryPoint\",\"urlTemplate\":\"https:\/\/www.printweb.de\/digitaldruck\/?s={search_term_string}\"},\"query-input\":\"required name=search_term_string\"}],\"inLanguage\":\"de-DE\"},{\"@type\":\"Organization\",\"@id\":\"https:\/\/www.printweb.de\/digitaldruck\/#organization\",\"name\":\"Colour Connection GmbH, printweb.de, Frankfurt am Main\",\"url\":\"https:\/\/www.printweb.de\/digitaldruck\/\",\"logo\":{\"@type\":\"ImageObject\",\"inLanguage\":\"de-DE\",\"@id\":\"https:\/\/www.printweb.de\/digitaldruck\/#\/schema\/logo\/image\/\",\"url\":\"https:\/\/www.printweb.de\/digitaldruck\/wp-content\/uploads\/2019\/11\/colour-connectio-printweb-logo.jpg\",\"contentUrl\":\"https:\/\/www.printweb.de\/digitaldruck\/wp-content\/uploads\/2019\/11\/colour-connectio-printweb-logo.jpg\",\"width\":1014,\"height\":229,\"caption\":\"Colour Connection GmbH, printweb.de, Frankfurt am Main\"},\"image\":{\"@id\":\"https:\/\/www.printweb.de\/digitaldruck\/#\/schema\/logo\/image\/\"},\"sameAs\":[\"https:\/\/www.facebook.com\/printweb.de\/\",\"https:\/\/x.com\/digitaldruck\",\"https:\/\/www.instagram.com\/printweb.de\/\",\"https:\/\/www.youtube.com\/user\/Digitaldruckerei\"]},{\"@type\":\"Person\",\"@id\":\"https:\/\/www.printweb.de\/digitaldruck\/#\/schema\/person\/0e0308818185589fb8602180e9273195\",\"name\":\"Ralph Hadem\",\"image\":{\"@type\":\"ImageObject\",\"inLanguage\":\"de-DE\",\"@id\":\"https:\/\/www.printweb.de\/digitaldruck\/#\/schema\/person\/image\/\",\"url\":\"https:\/\/secure.gravatar.com\/avatar\/386b1b183dce310c5ac8a8f475fdecd8?s=96&d=blank&r=g\",\"contentUrl\":\"https:\/\/secure.gravatar.com\/avatar\/386b1b183dce310c5ac8a8f475fdecd8?s=96&d=blank&r=g\",\"caption\":\"Ralph Hadem\"},\"sameAs\":[\"https:\/\/www.printweb.de\"],\"url\":\"https:\/\/www.printweb.de\/digitaldruck\/author\/ralphhadem\/\"}]}<\/script>\n<!-- \/ Yoast SEO plugin. -->","yoast_head_json":{"title":"Neun Monate sp\u00e4ter: Der Showroom ist deutlich gewachsen | Was Print bewirken kann.","robots":{"index":"index","follow":"follow","max-snippet":"max-snippet:-1","max-image-preview":"max-image-preview:large","max-video-preview":"max-video-preview:-1"},"canonical":"https:\/\/www.printweb.de\/digitaldruck\/neun-monate-spaeter-der-showroom-ist-deutlich-gewachsen\/3373\/","og_locale":"de_DE","og_type":"article","og_title":"Neun Monate sp\u00e4ter: Der Showroom ist deutlich gewachsen | Was Print bewirken kann.","og_description":"Im Mai letzten Jahres haben wir von der Einrichtung unseres Showrooms berichtet. Seit dem ist viel passiert. Mehr ... mehr","og_url":"https:\/\/www.printweb.de\/digitaldruck\/neun-monate-spaeter-der-showroom-ist-deutlich-gewachsen\/3373\/","og_site_name":"Was Print bewirken kann.","article_publisher":"https:\/\/www.facebook.com\/printweb.de\/","article_published_time":"2010-03-05T12:11:21+00:00","article_modified_time":"2010-03-05T12:16:59+00:00","og_image":[{"width":1536,"height":1152,"url":"https:\/\/www.printweb.de\/digitaldruck\/wp-content\/uploads\/2010\/03\/Showroom-1.JPG","type":"image\/jpeg"}],"author":"Ralph Hadem","twitter_card":"summary_large_image","twitter_creator":"@digitaldruck","twitter_site":"@digitaldruck","twitter_misc":{"Verfasst von":"Ralph Hadem"},"schema":{"@context":"https:\/\/schema.org","@graph":[{"@type":"Article","@id":"https:\/\/www.printweb.de\/digitaldruck\/neun-monate-spaeter-der-showroom-ist-deutlich-gewachsen\/3373\/#article","isPartOf":{"@id":"https:\/\/www.printweb.de\/digitaldruck\/neun-monate-spaeter-der-showroom-ist-deutlich-gewachsen\/3373\/"},"author":{"name":"Ralph Hadem","@id":"https:\/\/www.printweb.de\/digitaldruck\/#\/schema\/person\/0e0308818185589fb8602180e9273195"},"headline":"Neun Monate sp\u00e4ter: Der Showroom ist deutlich gewachsen","datePublished":"2010-03-05T12:11:21+00:00","dateModified":"2010-03-05T12:16:59+00:00","mainEntityOfPage":{"@id":"https:\/\/www.printweb.de\/digitaldruck\/neun-monate-spaeter-der-showroom-ist-deutlich-gewachsen\/3373\/"},"wordCount":97,"commentCount":2,"publisher":{"@id":"https:\/\/www.printweb.de\/digitaldruck\/#organization"},"image":{"@id":"https:\/\/www.printweb.de\/digitaldruck\/neun-monate-spaeter-der-showroom-ist-deutlich-gewachsen\/3373\/#primaryimage"},"thumbnailUrl":"https:\/\/www.printweb.de\/digitaldruck\/wp-content\/uploads\/2010\/03\/Showroom-1.JPG","articleSection":["Digitaldruck+Veredlung","Papier &amp; Bedruckstoffe","Passiert - notiert"],"inLanguage":"de-DE","potentialAction":[{"@type":"CommentAction","name":"Comment","target":["https:\/\/www.printweb.de\/digitaldruck\/neun-monate-spaeter-der-showroom-ist-deutlich-gewachsen\/3373\/#respond"]}]},{"@type":"WebPage","@id":"https:\/\/www.printweb.de\/digitaldruck\/neun-monate-spaeter-der-showroom-ist-deutlich-gewachsen\/3373\/","url":"https:\/\/www.printweb.de\/digitaldruck\/neun-monate-spaeter-der-showroom-ist-deutlich-gewachsen\/3373\/","name":"Neun Monate sp\u00e4ter: Der Showroom ist deutlich gewachsen | Was Print bewirken kann.","isPartOf":{"@id":"https:\/\/www.printweb.de\/digitaldruck\/#website"},"primaryImageOfPage":{"@id":"https:\/\/www.printweb.de\/digitaldruck\/neun-monate-spaeter-der-showroom-ist-deutlich-gewachsen\/3373\/#primaryimage"},"image":{"@id":"https:\/\/www.printweb.de\/digitaldruck\/neun-monate-spaeter-der-showroom-ist-deutlich-gewachsen\/3373\/#primaryimage"},"thumbnailUrl":"https:\/\/www.printweb.de\/digitaldruck\/wp-content\/uploads\/2010\/03\/Showroom-1.JPG","datePublished":"2010-03-05T12:11:21+00:00","dateModified":"2010-03-05T12:16:59+00:00","inLanguage":"de-DE","potentialAction":[{"@type":"ReadAction","target":["https:\/\/www.printweb.de\/digitaldruck\/neun-monate-spaeter-der-showroom-ist-deutlich-gewachsen\/3373\/"]}]},{"@type":"ImageObject","inLanguage":"de-DE","@id":"https:\/\/www.printweb.de\/digitaldruck\/neun-monate-spaeter-der-showroom-ist-deutlich-gewachsen\/3373\/#primaryimage","url":"https:\/\/www.printweb.de\/digitaldruck\/wp-content\/uploads\/2010\/03\/Showroom-1.JPG","contentUrl":"https:\/\/www.printweb.de\/digitaldruck\/wp-content\/uploads\/2010\/03\/Showroom-1.JPG","width":1536,"height":1152},{"@type":"WebSite","@id":"https:\/\/www.printweb.de\/digitaldruck\/#website","url":"https:\/\/www.printweb.de\/digitaldruck\/","name":"Was Print bewirken kann.","description":"Was Print bewirken kann \u2013 1700 Ideen.","publisher":{"@id":"https:\/\/www.printweb.de\/digitaldruck\/#organization"},"potentialAction":[{"@type":"SearchAction","target":{"@type":"EntryPoint","urlTemplate":"https:\/\/www.printweb.de\/digitaldruck\/?s={search_term_string}"},"query-input":"required name=search_term_string"}],"inLanguage":"de-DE"},{"@type":"Organization","@id":"https:\/\/www.printweb.de\/digitaldruck\/#organization","name":"Colour Connection GmbH, printweb.de, Frankfurt am Main","url":"https:\/\/www.printweb.de\/digitaldruck\/","logo":{"@type":"ImageObject","inLanguage":"de-DE","@id":"https:\/\/www.printweb.de\/digitaldruck\/#\/schema\/logo\/image\/","url":"https:\/\/www.printweb.de\/digitaldruck\/wp-content\/uploads\/2019\/11\/colour-connectio-printweb-logo.jpg","contentUrl":"https:\/\/www.printweb.de\/digitaldruck\/wp-content\/uploads\/2019\/11\/colour-connectio-printweb-logo.jpg","width":1014,"height":229,"caption":"Colour Connection GmbH, printweb.de, Frankfurt am Main"},"image":{"@id":"https:\/\/www.printweb.de\/digitaldruck\/#\/schema\/logo\/image\/"},"sameAs":["https:\/\/www.facebook.com\/printweb.de\/","https:\/\/x.com\/digitaldruck","https:\/\/www.instagram.com\/printweb.de\/","https:\/\/www.youtube.com\/user\/Digitaldruckerei"]},{"@type":"Person","@id":"https:\/\/www.printweb.de\/digitaldruck\/#\/schema\/person\/0e0308818185589fb8602180e9273195","name":"Ralph Hadem","image":{"@type":"ImageObject","inLanguage":"de-DE","@id":"https:\/\/www.printweb.de\/digitaldruck\/#\/schema\/person\/image\/","url":"https:\/\/secure.gravatar.com\/avatar\/386b1b183dce310c5ac8a8f475fdecd8?s=96&d=blank&r=g","contentUrl":"https:\/\/secure.gravatar.com\/avatar\/386b1b183dce310c5ac8a8f475fdecd8?s=96&d=blank&r=g","caption":"Ralph Hadem"},"sameAs":["https:\/\/www.printweb.de"],"url":"https:\/\/www.printweb.de\/digitaldruck\/author\/ralphhadem\/"}]}},"_links":{"self":[{"href":"https:\/\/www.printweb.de\/digitaldruck\/wp-json\/wp\/v2\/posts\/3373"}],"collection":[{"href":"https:\/\/www.printweb.de\/digitaldruck\/wp-json\/wp\/v2\/posts"}],"about":[{"href":"https:\/\/www.printweb.de\/digitaldruck\/wp-json\/wp\/v2\/types\/post"}],"author":[{"embeddable":true,"href":"https:\/\/www.printweb.de\/digitaldruck\/wp-json\/wp\/v2\/users\/2"}],"replies":[{"embeddable":true,"href":"https:\/\/www.printweb.de\/digitaldruck\/wp-json\/wp\/v2\/comments?post=3373"}],"version-history":[{"count":4,"href":"https:\/\/www.printweb.de\/digitaldruck\/wp-json\/wp\/v2\/posts\/3373\/revisions"}],"predecessor-version":[{"id":3378,"href":"https:\/\/www.printweb.de\/digitaldruck\/wp-json\/wp\/v2\/posts\/3373\/revisions\/3378"}],"wp:featuredmedia":[{"embeddable":true,"href":"https:\/\/www.printweb.de\/digitaldruck\/wp-json\/wp\/v2\/media\/3374"}],"wp:attachment":[{"href":"https:\/\/www.printweb.de\/digitaldruck\/wp-json\/wp\/v2\/media?parent=3373"}],"wp:term":[{"taxonomy":"category","embeddable":true,"href":"https:\/\/www.printweb.de\/digitaldruck\/wp-json\/wp\/v2\/categories?post=3373"},{"taxonomy":"post_tag","embeddable":true,"href":"https:\/\/www.printweb.de\/digitaldruck\/wp-json\/wp\/v2\/tags?post=3373"}],"curies":[{"name":"wp","href":"https:\/\/api.w.org\/{rel}","templated":true}]}}