{"id":3592,"date":"2010-05-11T10:31:50","date_gmt":"2010-05-11T08:31:50","guid":{"rendered":"https:\/\/www.printweb.de\/digitaldruck\/?p=3592"},"modified":"2010-05-11T10:32:07","modified_gmt":"2010-05-11T08:32:07","slug":"druck-verpackung-und-professionelle-logistik-aus-einer-hand","status":"publish","type":"post","link":"https:\/\/www.printweb.de\/digitaldruck\/druck-verpackung-und-professionelle-logistik-aus-einer-hand\/3592\/","title":{"rendered":"Druck, Verpackung und <br \/>professionelle Logistik aus einer Hand."},"content":{"rendered":"<p>Ob Sie nun \u201enur\u201d ein P\u00e4ckchen per Kurier im Rhein-Main-Gebiet verschicken wollen oder eine Sendung Drucksachen nach M\u00fcnchen. Alles, was wir f\u00fcr Sie produzieren, k\u00f6nnen wir auch versenden. \u00dcber das Tagesgesch\u00e4ft hinaus machen wir regelm\u00e4\u00dfig auch die etwas spezielleren Projekte. Zum Beispiel der Versand von 80 individuellen Postern in Pappr\u00f6hren an 80 unterschiedliche Adressen. Dazu brauchen wir von Ihnen nur eine Excel-Tabelle mit den entsprechenden Anschriften. Oder eine ganze Palette Pr\u00e4sentationsunterlagen nach <a href=\"https:\/\/www.printweb.de\/digitaldruck\/luftfracht-nach-panama\" target=\"_blank\">Panama per Luftfracht<\/a>, inkl. der Zollabwicklung. Sendungen in die Schweiz mit entsprechenden Proforma-Rechnungen geh\u00f6ren schon zum Tagesgesch\u00e4ft. Durch unser Versandvolumen haben wir insbesondere bei Massensendungen auch h\u00e4ufig die g\u00fcnstigsten Tarife und &#8211; was uns besonders wichtig ist &#8211; Partner, mit denen wir schon seit vielen Jahren zusammen arbeiten. Zuverl\u00e4ssigkeit ist im Logistik-Bereich das A und O. Oder brauchen Sie einen Anrufer, der Ihnen sagt, dass das Paket nach New York leider doch im Zoll h\u00e4ngt, obwohl es nur Dokumente waren?<\/p>\n<p style=\"text-align: center;\"><a href=\"https:\/\/www.printweb.de\/digitaldruck\/wp-content\/uploads\/2010\/05\/Logistik.jpg\" target=\"_blank\"><img decoding=\"async\" class=\"size-thumbnail wp-image-3593  aligncenter\" title=\"Logistik\" src=\"https:\/\/www.printweb.de\/digitaldruck\/wp-content\/uploads\/2010\/05\/Logistik-765x762.jpg\" alt=\"Logistik\" width=\"439\" height=\"437\" srcset=\"https:\/\/www.printweb.de\/digitaldruck\/wp-content\/uploads\/2010\/05\/Logistik-765x762.jpg 765w, https:\/\/www.printweb.de\/digitaldruck\/wp-content\/uploads\/2010\/05\/Logistik-768x765.jpg 768w, https:\/\/www.printweb.de\/digitaldruck\/wp-content\/uploads\/2010\/05\/Logistik-492x490.jpg 492w, https:\/\/www.printweb.de\/digitaldruck\/wp-content\/uploads\/2010\/05\/Logistik-65x65.jpg 65w\" sizes=\"(max-width: 439px) 100vw, 439px\" \/><\/a><\/p>\n","protected":false},"excerpt":{"rendered":"Ob Sie nun \u201enur\u201d ein P\u00e4ckchen per Kurier im Rhein-Main-Gebiet verschicken wollen oder eine Sendung Drucksachen nach M\u00fcnchen. &#8230; <br><br><a class=\"readmore\" href=\"https:\/\/www.printweb.de\/digitaldruck\/druck-verpackung-und-professionelle-logistik-aus-einer-hand\/3592\/\">mehr<\/a>","protected":false},"author":2,"featured_media":3593,"comment_status":"open","ping_status":"open","sticky":false,"template":"","format":"standard","meta":{"_acf_changed":false,"footnotes":""},"categories":[1,20],"tags":[],"class_list":["post-3592","post","type-post","status-publish","format-standard","has-post-thumbnail","hentry","category-alle-beitraege","category-produktion"],"acf":[],"yoast_head":"<!-- This site is optimized with the Yoast SEO plugin v23.1 - https:\/\/yoast.com\/wordpress\/plugins\/seo\/ -->\n<title>Druck, Verpackung und professionelle Logistik aus einer Hand. | Was Print bewirken kann.<\/title>\n<meta name=\"robots\" content=\"index, follow, max-snippet:-1, max-image-preview:large, max-video-preview:-1\" \/>\n<link rel=\"canonical\" href=\"https:\/\/www.printweb.de\/digitaldruck\/druck-verpackung-und-professionelle-logistik-aus-einer-hand\/3592\/\" \/>\n<meta property=\"og:locale\" content=\"de_DE\" \/>\n<meta property=\"og:type\" content=\"article\" \/>\n<meta property=\"og:title\" content=\"Druck, Verpackung und professionelle Logistik aus einer Hand. | Was Print bewirken kann.\" \/>\n<meta property=\"og:description\" content=\"Ob Sie nun \u201enur\u201d ein P\u00e4ckchen per Kurier im Rhein-Main-Gebiet verschicken wollen oder eine Sendung Drucksachen nach M\u00fcnchen. ... mehr\" \/>\n<meta property=\"og:url\" content=\"https:\/\/www.printweb.de\/digitaldruck\/druck-verpackung-und-professionelle-logistik-aus-einer-hand\/3592\/\" \/>\n<meta property=\"og:site_name\" content=\"Was Print bewirken kann.\" \/>\n<meta property=\"article:publisher\" content=\"https:\/\/www.facebook.com\/printweb.de\/\" \/>\n<meta property=\"article:published_time\" content=\"2010-05-11T08:31:50+00:00\" \/>\n<meta property=\"article:modified_time\" content=\"2010-05-11T08:32:07+00:00\" \/>\n<meta property=\"og:image\" content=\"https:\/\/www.printweb.de\/digitaldruck\/wp-content\/uploads\/2010\/05\/Logistik-765x490.jpg\" \/>\n\t<meta property=\"og:image:width\" content=\"765\" \/>\n\t<meta property=\"og:image:height\" content=\"490\" \/>\n\t<meta property=\"og:image:type\" content=\"image\/jpeg\" \/>\n<meta name=\"author\" content=\"Ralph Hadem\" \/>\n<meta name=\"twitter:card\" content=\"summary_large_image\" \/>\n<meta name=\"twitter:creator\" content=\"@digitaldruck\" \/>\n<meta name=\"twitter:site\" content=\"@digitaldruck\" \/>\n<meta name=\"twitter:label1\" content=\"Verfasst von\" \/>\n\t<meta name=\"twitter:data1\" content=\"Ralph Hadem\" \/>\n\t<meta name=\"twitter:label2\" content=\"Gesch\u00e4tzte Lesezeit\" \/>\n\t<meta name=\"twitter:data2\" content=\"1 Minute\" \/>\n<script type=\"application\/ld+json\" class=\"yoast-schema-graph\">{\"@context\":\"https:\/\/schema.org\",\"@graph\":[{\"@type\":\"Article\",\"@id\":\"https:\/\/www.printweb.de\/digitaldruck\/druck-verpackung-und-professionelle-logistik-aus-einer-hand\/3592\/#article\",\"isPartOf\":{\"@id\":\"https:\/\/www.printweb.de\/digitaldruck\/druck-verpackung-und-professionelle-logistik-aus-einer-hand\/3592\/\"},\"author\":{\"name\":\"Ralph Hadem\",\"@id\":\"https:\/\/www.printweb.de\/digitaldruck\/#\/schema\/person\/0e0308818185589fb8602180e9273195\"},\"headline\":\"Druck, Verpackung und professionelle Logistik aus einer Hand.\",\"datePublished\":\"2010-05-11T08:31:50+00:00\",\"dateModified\":\"2010-05-11T08:32:07+00:00\",\"mainEntityOfPage\":{\"@id\":\"https:\/\/www.printweb.de\/digitaldruck\/druck-verpackung-und-professionelle-logistik-aus-einer-hand\/3592\/\"},\"wordCount\":172,\"commentCount\":0,\"publisher\":{\"@id\":\"https:\/\/www.printweb.de\/digitaldruck\/#organization\"},\"image\":{\"@id\":\"https:\/\/www.printweb.de\/digitaldruck\/druck-verpackung-und-professionelle-logistik-aus-einer-hand\/3592\/#primaryimage\"},\"thumbnailUrl\":\"https:\/\/www.printweb.de\/digitaldruck\/wp-content\/uploads\/2010\/05\/Logistik.jpg\",\"articleSection\":[\"Digitaldruck+Veredlung\",\"Produktion, Beratung\"],\"inLanguage\":\"de-DE\",\"potentialAction\":[{\"@type\":\"CommentAction\",\"name\":\"Comment\",\"target\":[\"https:\/\/www.printweb.de\/digitaldruck\/druck-verpackung-und-professionelle-logistik-aus-einer-hand\/3592\/#respond\"]}]},{\"@type\":\"WebPage\",\"@id\":\"https:\/\/www.printweb.de\/digitaldruck\/druck-verpackung-und-professionelle-logistik-aus-einer-hand\/3592\/\",\"url\":\"https:\/\/www.printweb.de\/digitaldruck\/druck-verpackung-und-professionelle-logistik-aus-einer-hand\/3592\/\",\"name\":\"Druck, Verpackung und professionelle Logistik aus einer Hand. | Was Print bewirken kann.\",\"isPartOf\":{\"@id\":\"https:\/\/www.printweb.de\/digitaldruck\/#website\"},\"primaryImageOfPage\":{\"@id\":\"https:\/\/www.printweb.de\/digitaldruck\/druck-verpackung-und-professionelle-logistik-aus-einer-hand\/3592\/#primaryimage\"},\"image\":{\"@id\":\"https:\/\/www.printweb.de\/digitaldruck\/druck-verpackung-und-professionelle-logistik-aus-einer-hand\/3592\/#primaryimage\"},\"thumbnailUrl\":\"https:\/\/www.printweb.de\/digitaldruck\/wp-content\/uploads\/2010\/05\/Logistik.jpg\",\"datePublished\":\"2010-05-11T08:31:50+00:00\",\"dateModified\":\"2010-05-11T08:32:07+00:00\",\"inLanguage\":\"de-DE\",\"potentialAction\":[{\"@type\":\"ReadAction\",\"target\":[\"https:\/\/www.printweb.de\/digitaldruck\/druck-verpackung-und-professionelle-logistik-aus-einer-hand\/3592\/\"]}]},{\"@type\":\"ImageObject\",\"inLanguage\":\"de-DE\",\"@id\":\"https:\/\/www.printweb.de\/digitaldruck\/druck-verpackung-und-professionelle-logistik-aus-einer-hand\/3592\/#primaryimage\",\"url\":\"https:\/\/www.printweb.de\/digitaldruck\/wp-content\/uploads\/2010\/05\/Logistik.jpg\",\"contentUrl\":\"https:\/\/www.printweb.de\/digitaldruck\/wp-content\/uploads\/2010\/05\/Logistik.jpg\",\"width\":2292,\"height\":2283},{\"@type\":\"WebSite\",\"@id\":\"https:\/\/www.printweb.de\/digitaldruck\/#website\",\"url\":\"https:\/\/www.printweb.de\/digitaldruck\/\",\"name\":\"Was Print bewirken kann.\",\"description\":\"Was Print bewirken kann \u2013 1700 Ideen.\",\"publisher\":{\"@id\":\"https:\/\/www.printweb.de\/digitaldruck\/#organization\"},\"potentialAction\":[{\"@type\":\"SearchAction\",\"target\":{\"@type\":\"EntryPoint\",\"urlTemplate\":\"https:\/\/www.printweb.de\/digitaldruck\/?s={search_term_string}\"},\"query-input\":\"required name=search_term_string\"}],\"inLanguage\":\"de-DE\"},{\"@type\":\"Organization\",\"@id\":\"https:\/\/www.printweb.de\/digitaldruck\/#organization\",\"name\":\"Colour Connection GmbH, printweb.de, Frankfurt am Main\",\"url\":\"https:\/\/www.printweb.de\/digitaldruck\/\",\"logo\":{\"@type\":\"ImageObject\",\"inLanguage\":\"de-DE\",\"@id\":\"https:\/\/www.printweb.de\/digitaldruck\/#\/schema\/logo\/image\/\",\"url\":\"https:\/\/www.printweb.de\/digitaldruck\/wp-content\/uploads\/2019\/11\/colour-connectio-printweb-logo.jpg\",\"contentUrl\":\"https:\/\/www.printweb.de\/digitaldruck\/wp-content\/uploads\/2019\/11\/colour-connectio-printweb-logo.jpg\",\"width\":1014,\"height\":229,\"caption\":\"Colour Connection GmbH, printweb.de, Frankfurt am Main\"},\"image\":{\"@id\":\"https:\/\/www.printweb.de\/digitaldruck\/#\/schema\/logo\/image\/\"},\"sameAs\":[\"https:\/\/www.facebook.com\/printweb.de\/\",\"https:\/\/x.com\/digitaldruck\",\"https:\/\/www.instagram.com\/printweb.de\/\",\"https:\/\/www.youtube.com\/user\/Digitaldruckerei\"]},{\"@type\":\"Person\",\"@id\":\"https:\/\/www.printweb.de\/digitaldruck\/#\/schema\/person\/0e0308818185589fb8602180e9273195\",\"name\":\"Ralph Hadem\",\"image\":{\"@type\":\"ImageObject\",\"inLanguage\":\"de-DE\",\"@id\":\"https:\/\/www.printweb.de\/digitaldruck\/#\/schema\/person\/image\/\",\"url\":\"https:\/\/secure.gravatar.com\/avatar\/386b1b183dce310c5ac8a8f475fdecd8?s=96&d=blank&r=g\",\"contentUrl\":\"https:\/\/secure.gravatar.com\/avatar\/386b1b183dce310c5ac8a8f475fdecd8?s=96&d=blank&r=g\",\"caption\":\"Ralph Hadem\"},\"sameAs\":[\"https:\/\/www.printweb.de\"],\"url\":\"https:\/\/www.printweb.de\/digitaldruck\/author\/ralphhadem\/\"}]}<\/script>\n<!-- \/ Yoast SEO plugin. -->","yoast_head_json":{"title":"Druck, Verpackung und professionelle Logistik aus einer Hand. | Was Print bewirken kann.","robots":{"index":"index","follow":"follow","max-snippet":"max-snippet:-1","max-image-preview":"max-image-preview:large","max-video-preview":"max-video-preview:-1"},"canonical":"https:\/\/www.printweb.de\/digitaldruck\/druck-verpackung-und-professionelle-logistik-aus-einer-hand\/3592\/","og_locale":"de_DE","og_type":"article","og_title":"Druck, Verpackung und professionelle Logistik aus einer Hand. | Was Print bewirken kann.","og_description":"Ob Sie nun \u201enur\u201d ein P\u00e4ckchen per Kurier im Rhein-Main-Gebiet verschicken wollen oder eine Sendung Drucksachen nach M\u00fcnchen. ... mehr","og_url":"https:\/\/www.printweb.de\/digitaldruck\/druck-verpackung-und-professionelle-logistik-aus-einer-hand\/3592\/","og_site_name":"Was Print bewirken kann.","article_publisher":"https:\/\/www.facebook.com\/printweb.de\/","article_published_time":"2010-05-11T08:31:50+00:00","article_modified_time":"2010-05-11T08:32:07+00:00","og_image":[{"width":765,"height":490,"url":"https:\/\/www.printweb.de\/digitaldruck\/wp-content\/uploads\/2010\/05\/Logistik-765x490.jpg","type":"image\/jpeg"}],"author":"Ralph Hadem","twitter_card":"summary_large_image","twitter_creator":"@digitaldruck","twitter_site":"@digitaldruck","twitter_misc":{"Verfasst von":"Ralph Hadem","Gesch\u00e4tzte Lesezeit":"1 Minute"},"schema":{"@context":"https:\/\/schema.org","@graph":[{"@type":"Article","@id":"https:\/\/www.printweb.de\/digitaldruck\/druck-verpackung-und-professionelle-logistik-aus-einer-hand\/3592\/#article","isPartOf":{"@id":"https:\/\/www.printweb.de\/digitaldruck\/druck-verpackung-und-professionelle-logistik-aus-einer-hand\/3592\/"},"author":{"name":"Ralph Hadem","@id":"https:\/\/www.printweb.de\/digitaldruck\/#\/schema\/person\/0e0308818185589fb8602180e9273195"},"headline":"Druck, Verpackung und professionelle Logistik aus einer Hand.","datePublished":"2010-05-11T08:31:50+00:00","dateModified":"2010-05-11T08:32:07+00:00","mainEntityOfPage":{"@id":"https:\/\/www.printweb.de\/digitaldruck\/druck-verpackung-und-professionelle-logistik-aus-einer-hand\/3592\/"},"wordCount":172,"commentCount":0,"publisher":{"@id":"https:\/\/www.printweb.de\/digitaldruck\/#organization"},"image":{"@id":"https:\/\/www.printweb.de\/digitaldruck\/druck-verpackung-und-professionelle-logistik-aus-einer-hand\/3592\/#primaryimage"},"thumbnailUrl":"https:\/\/www.printweb.de\/digitaldruck\/wp-content\/uploads\/2010\/05\/Logistik.jpg","articleSection":["Digitaldruck+Veredlung","Produktion, Beratung"],"inLanguage":"de-DE","potentialAction":[{"@type":"CommentAction","name":"Comment","target":["https:\/\/www.printweb.de\/digitaldruck\/druck-verpackung-und-professionelle-logistik-aus-einer-hand\/3592\/#respond"]}]},{"@type":"WebPage","@id":"https:\/\/www.printweb.de\/digitaldruck\/druck-verpackung-und-professionelle-logistik-aus-einer-hand\/3592\/","url":"https:\/\/www.printweb.de\/digitaldruck\/druck-verpackung-und-professionelle-logistik-aus-einer-hand\/3592\/","name":"Druck, Verpackung und professionelle Logistik aus einer Hand. | Was Print bewirken kann.","isPartOf":{"@id":"https:\/\/www.printweb.de\/digitaldruck\/#website"},"primaryImageOfPage":{"@id":"https:\/\/www.printweb.de\/digitaldruck\/druck-verpackung-und-professionelle-logistik-aus-einer-hand\/3592\/#primaryimage"},"image":{"@id":"https:\/\/www.printweb.de\/digitaldruck\/druck-verpackung-und-professionelle-logistik-aus-einer-hand\/3592\/#primaryimage"},"thumbnailUrl":"https:\/\/www.printweb.de\/digitaldruck\/wp-content\/uploads\/2010\/05\/Logistik.jpg","datePublished":"2010-05-11T08:31:50+00:00","dateModified":"2010-05-11T08:32:07+00:00","inLanguage":"de-DE","potentialAction":[{"@type":"ReadAction","target":["https:\/\/www.printweb.de\/digitaldruck\/druck-verpackung-und-professionelle-logistik-aus-einer-hand\/3592\/"]}]},{"@type":"ImageObject","inLanguage":"de-DE","@id":"https:\/\/www.printweb.de\/digitaldruck\/druck-verpackung-und-professionelle-logistik-aus-einer-hand\/3592\/#primaryimage","url":"https:\/\/www.printweb.de\/digitaldruck\/wp-content\/uploads\/2010\/05\/Logistik.jpg","contentUrl":"https:\/\/www.printweb.de\/digitaldruck\/wp-content\/uploads\/2010\/05\/Logistik.jpg","width":2292,"height":2283},{"@type":"WebSite","@id":"https:\/\/www.printweb.de\/digitaldruck\/#website","url":"https:\/\/www.printweb.de\/digitaldruck\/","name":"Was Print bewirken kann.","description":"Was Print bewirken kann \u2013 1700 Ideen.","publisher":{"@id":"https:\/\/www.printweb.de\/digitaldruck\/#organization"},"potentialAction":[{"@type":"SearchAction","target":{"@type":"EntryPoint","urlTemplate":"https:\/\/www.printweb.de\/digitaldruck\/?s={search_term_string}"},"query-input":"required name=search_term_string"}],"inLanguage":"de-DE"},{"@type":"Organization","@id":"https:\/\/www.printweb.de\/digitaldruck\/#organization","name":"Colour Connection GmbH, printweb.de, Frankfurt am Main","url":"https:\/\/www.printweb.de\/digitaldruck\/","logo":{"@type":"ImageObject","inLanguage":"de-DE","@id":"https:\/\/www.printweb.de\/digitaldruck\/#\/schema\/logo\/image\/","url":"https:\/\/www.printweb.de\/digitaldruck\/wp-content\/uploads\/2019\/11\/colour-connectio-printweb-logo.jpg","contentUrl":"https:\/\/www.printweb.de\/digitaldruck\/wp-content\/uploads\/2019\/11\/colour-connectio-printweb-logo.jpg","width":1014,"height":229,"caption":"Colour Connection GmbH, printweb.de, Frankfurt am Main"},"image":{"@id":"https:\/\/www.printweb.de\/digitaldruck\/#\/schema\/logo\/image\/"},"sameAs":["https:\/\/www.facebook.com\/printweb.de\/","https:\/\/x.com\/digitaldruck","https:\/\/www.instagram.com\/printweb.de\/","https:\/\/www.youtube.com\/user\/Digitaldruckerei"]},{"@type":"Person","@id":"https:\/\/www.printweb.de\/digitaldruck\/#\/schema\/person\/0e0308818185589fb8602180e9273195","name":"Ralph Hadem","image":{"@type":"ImageObject","inLanguage":"de-DE","@id":"https:\/\/www.printweb.de\/digitaldruck\/#\/schema\/person\/image\/","url":"https:\/\/secure.gravatar.com\/avatar\/386b1b183dce310c5ac8a8f475fdecd8?s=96&d=blank&r=g","contentUrl":"https:\/\/secure.gravatar.com\/avatar\/386b1b183dce310c5ac8a8f475fdecd8?s=96&d=blank&r=g","caption":"Ralph Hadem"},"sameAs":["https:\/\/www.printweb.de"],"url":"https:\/\/www.printweb.de\/digitaldruck\/author\/ralphhadem\/"}]}},"_links":{"self":[{"href":"https:\/\/www.printweb.de\/digitaldruck\/wp-json\/wp\/v2\/posts\/3592"}],"collection":[{"href":"https:\/\/www.printweb.de\/digitaldruck\/wp-json\/wp\/v2\/posts"}],"about":[{"href":"https:\/\/www.printweb.de\/digitaldruck\/wp-json\/wp\/v2\/types\/post"}],"author":[{"embeddable":true,"href":"https:\/\/www.printweb.de\/digitaldruck\/wp-json\/wp\/v2\/users\/2"}],"replies":[{"embeddable":true,"href":"https:\/\/www.printweb.de\/digitaldruck\/wp-json\/wp\/v2\/comments?post=3592"}],"version-history":[{"count":3,"href":"https:\/\/www.printweb.de\/digitaldruck\/wp-json\/wp\/v2\/posts\/3592\/revisions"}],"predecessor-version":[{"id":3596,"href":"https:\/\/www.printweb.de\/digitaldruck\/wp-json\/wp\/v2\/posts\/3592\/revisions\/3596"}],"wp:featuredmedia":[{"embeddable":true,"href":"https:\/\/www.printweb.de\/digitaldruck\/wp-json\/wp\/v2\/media\/3593"}],"wp:attachment":[{"href":"https:\/\/www.printweb.de\/digitaldruck\/wp-json\/wp\/v2\/media?parent=3592"}],"wp:term":[{"taxonomy":"category","embeddable":true,"href":"https:\/\/www.printweb.de\/digitaldruck\/wp-json\/wp\/v2\/categories?post=3592"},{"taxonomy":"post_tag","embeddable":true,"href":"https:\/\/www.printweb.de\/digitaldruck\/wp-json\/wp\/v2\/tags?post=3592"}],"curies":[{"name":"wp","href":"https:\/\/api.w.org\/{rel}","templated":true}]}}