{"id":3899,"date":"2010-09-14T11:47:04","date_gmt":"2010-09-14T09:47:04","guid":{"rendered":"https:\/\/www.printweb.de\/digitaldruck\/?p=3899"},"modified":"2015-01-14T17:09:31","modified_gmt":"2015-01-14T16:09:31","slug":"intensiv-kurs-das-schwarz-weiss-labor","status":"publish","type":"post","link":"https:\/\/www.printweb.de\/digitaldruck\/intensiv-kurs-das-schwarz-weiss-labor\/3899\/","title":{"rendered":"Intensiv-Kurs: Das Schwarz-Weiss-Labor"},"content":{"rendered":"<p>Doc Baumann hat auf seiner Seite <a href=\"http:\/\/www.docma.info\" target=\"_blank\">docma.info<\/a> interessante und anspruchsvolle Beitr\u00e4ge, Tipps und Tricks zum Thema digitale Bildbearbeitung zusammen getragen. Ich m\u00f6chte an dieser Stelle auf einen guten, ausf\u00fchrlichen und doch noch kompakten 5-teiligen Kurs zum Thema Schwarzweiss-Bilder und digitale Schwarzweiss-Fotografie hinweisen. Der Kurs ist komplett kostenlos &#8211; wie zahlreiche andere Beitr\u00e4ge auf der site auch. In den einzelnen Lektionen geht Doc Baumann auf relevante Themen rund um schwarzweisse Bilder ein und erkl\u00e4rt, wie und warum die einfache Umwandlung eines Farbbildes in ein Schwarzweiss Bild per Knopfdruck ein gro\u00dfes Potential verschenkt. Etwas verwirrend: Es gibt eigentlich 5 Lektionen, die Lektionen 2 ud 3 sind allerdings (mit anderen Inhalten) doppelt vorhanden.<\/p>\n<p style=\"text-align: center;\"><a href=\"https:\/\/www.printweb.de\/digitaldruck\/wp-content\/uploads\/2010\/09\/Intro_18.jpg\" target=\"_blank\"><img decoding=\"async\" class=\"size-thumbnail-vertikal wp-image-3900  aligncenter\" title=\"Intro_18\" alt=\"Intro_18\" src=\"https:\/\/www.printweb.de\/digitaldruck\/wp-content\/uploads\/2010\/09\/Intro_18-363x490.jpg\" width=\"363\" height=\"490\" srcset=\"https:\/\/www.printweb.de\/digitaldruck\/wp-content\/uploads\/2010\/09\/Intro_18-363x490.jpg 363w, https:\/\/www.printweb.de\/digitaldruck\/wp-content\/uploads\/2010\/09\/Intro_18.jpg 590w\" sizes=\"(max-width: 363px) 100vw, 363px\" \/><\/a><\/p>\n","protected":false},"excerpt":{"rendered":"Doc Baumann hat auf seiner Seite docma.info interessante und anspruchsvolle Beitr\u00e4ge, Tipps und Tricks zum Thema digitale Bildbearbeitung &#8230; <br><br><a class=\"readmore\" href=\"https:\/\/www.printweb.de\/digitaldruck\/intensiv-kurs-das-schwarz-weiss-labor\/3899\/\">mehr<\/a>","protected":false},"author":2,"featured_media":3900,"comment_status":"open","ping_status":"open","sticky":false,"template":"","format":"standard","meta":{"_acf_changed":false,"footnotes":""},"categories":[1,20],"tags":[],"class_list":["post-3899","post","type-post","status-publish","format-standard","has-post-thumbnail","hentry","category-alle-beitraege","category-produktion"],"acf":[],"yoast_head":"<!-- This site is optimized with the Yoast SEO plugin v23.1 - https:\/\/yoast.com\/wordpress\/plugins\/seo\/ -->\n<title>Intensiv-Kurs: Das Schwarz-Weiss-Labor | Was Print bewirken kann.<\/title>\n<meta name=\"robots\" content=\"index, follow, max-snippet:-1, max-image-preview:large, max-video-preview:-1\" \/>\n<link rel=\"canonical\" href=\"https:\/\/www.printweb.de\/digitaldruck\/intensiv-kurs-das-schwarz-weiss-labor\/3899\/\" \/>\n<meta property=\"og:locale\" content=\"de_DE\" \/>\n<meta property=\"og:type\" content=\"article\" \/>\n<meta property=\"og:title\" content=\"Intensiv-Kurs: Das Schwarz-Weiss-Labor | Was Print bewirken kann.\" \/>\n<meta property=\"og:description\" content=\"Doc Baumann hat auf seiner Seite docma.info interessante und anspruchsvolle Beitr\u00e4ge, Tipps und Tricks zum Thema digitale Bildbearbeitung ... mehr\" \/>\n<meta property=\"og:url\" content=\"https:\/\/www.printweb.de\/digitaldruck\/intensiv-kurs-das-schwarz-weiss-labor\/3899\/\" \/>\n<meta property=\"og:site_name\" content=\"Was Print bewirken kann.\" \/>\n<meta property=\"article:publisher\" content=\"https:\/\/www.facebook.com\/printweb.de\/\" \/>\n<meta property=\"article:published_time\" content=\"2010-09-14T09:47:04+00:00\" \/>\n<meta property=\"article:modified_time\" content=\"2015-01-14T16:09:31+00:00\" \/>\n<meta property=\"og:image\" content=\"https:\/\/www.printweb.de\/digitaldruck\/wp-content\/uploads\/2010\/09\/Intro_18.jpg\" \/>\n\t<meta property=\"og:image:width\" content=\"590\" \/>\n\t<meta property=\"og:image:height\" content=\"796\" \/>\n\t<meta property=\"og:image:type\" content=\"image\/jpeg\" \/>\n<meta name=\"author\" content=\"Ralph Hadem\" \/>\n<meta name=\"twitter:card\" content=\"summary_large_image\" \/>\n<meta name=\"twitter:creator\" content=\"@digitaldruck\" \/>\n<meta name=\"twitter:site\" content=\"@digitaldruck\" \/>\n<meta name=\"twitter:label1\" content=\"Verfasst von\" \/>\n\t<meta name=\"twitter:data1\" content=\"Ralph Hadem\" \/>\n\t<meta name=\"twitter:label2\" content=\"Gesch\u00e4tzte Lesezeit\" \/>\n\t<meta name=\"twitter:data2\" content=\"1 Minute\" \/>\n<script type=\"application\/ld+json\" class=\"yoast-schema-graph\">{\"@context\":\"https:\/\/schema.org\",\"@graph\":[{\"@type\":\"Article\",\"@id\":\"https:\/\/www.printweb.de\/digitaldruck\/intensiv-kurs-das-schwarz-weiss-labor\/3899\/#article\",\"isPartOf\":{\"@id\":\"https:\/\/www.printweb.de\/digitaldruck\/intensiv-kurs-das-schwarz-weiss-labor\/3899\/\"},\"author\":{\"name\":\"Ralph Hadem\",\"@id\":\"https:\/\/www.printweb.de\/digitaldruck\/#\/schema\/person\/0e0308818185589fb8602180e9273195\"},\"headline\":\"Intensiv-Kurs: Das Schwarz-Weiss-Labor\",\"datePublished\":\"2010-09-14T09:47:04+00:00\",\"dateModified\":\"2015-01-14T16:09:31+00:00\",\"mainEntityOfPage\":{\"@id\":\"https:\/\/www.printweb.de\/digitaldruck\/intensiv-kurs-das-schwarz-weiss-labor\/3899\/\"},\"wordCount\":117,\"commentCount\":0,\"publisher\":{\"@id\":\"https:\/\/www.printweb.de\/digitaldruck\/#organization\"},\"image\":{\"@id\":\"https:\/\/www.printweb.de\/digitaldruck\/intensiv-kurs-das-schwarz-weiss-labor\/3899\/#primaryimage\"},\"thumbnailUrl\":\"https:\/\/www.printweb.de\/digitaldruck\/wp-content\/uploads\/2010\/09\/Intro_18.jpg\",\"articleSection\":[\"Digitaldruck+Veredlung\",\"Produktion, Beratung\"],\"inLanguage\":\"de-DE\",\"potentialAction\":[{\"@type\":\"CommentAction\",\"name\":\"Comment\",\"target\":[\"https:\/\/www.printweb.de\/digitaldruck\/intensiv-kurs-das-schwarz-weiss-labor\/3899\/#respond\"]}]},{\"@type\":\"WebPage\",\"@id\":\"https:\/\/www.printweb.de\/digitaldruck\/intensiv-kurs-das-schwarz-weiss-labor\/3899\/\",\"url\":\"https:\/\/www.printweb.de\/digitaldruck\/intensiv-kurs-das-schwarz-weiss-labor\/3899\/\",\"name\":\"Intensiv-Kurs: Das Schwarz-Weiss-Labor | Was Print bewirken kann.\",\"isPartOf\":{\"@id\":\"https:\/\/www.printweb.de\/digitaldruck\/#website\"},\"primaryImageOfPage\":{\"@id\":\"https:\/\/www.printweb.de\/digitaldruck\/intensiv-kurs-das-schwarz-weiss-labor\/3899\/#primaryimage\"},\"image\":{\"@id\":\"https:\/\/www.printweb.de\/digitaldruck\/intensiv-kurs-das-schwarz-weiss-labor\/3899\/#primaryimage\"},\"thumbnailUrl\":\"https:\/\/www.printweb.de\/digitaldruck\/wp-content\/uploads\/2010\/09\/Intro_18.jpg\",\"datePublished\":\"2010-09-14T09:47:04+00:00\",\"dateModified\":\"2015-01-14T16:09:31+00:00\",\"inLanguage\":\"de-DE\",\"potentialAction\":[{\"@type\":\"ReadAction\",\"target\":[\"https:\/\/www.printweb.de\/digitaldruck\/intensiv-kurs-das-schwarz-weiss-labor\/3899\/\"]}]},{\"@type\":\"ImageObject\",\"inLanguage\":\"de-DE\",\"@id\":\"https:\/\/www.printweb.de\/digitaldruck\/intensiv-kurs-das-schwarz-weiss-labor\/3899\/#primaryimage\",\"url\":\"https:\/\/www.printweb.de\/digitaldruck\/wp-content\/uploads\/2010\/09\/Intro_18.jpg\",\"contentUrl\":\"https:\/\/www.printweb.de\/digitaldruck\/wp-content\/uploads\/2010\/09\/Intro_18.jpg\",\"width\":590,\"height\":796},{\"@type\":\"WebSite\",\"@id\":\"https:\/\/www.printweb.de\/digitaldruck\/#website\",\"url\":\"https:\/\/www.printweb.de\/digitaldruck\/\",\"name\":\"Was Print bewirken kann.\",\"description\":\"Was Print bewirken kann \u2013 1700 Ideen.\",\"publisher\":{\"@id\":\"https:\/\/www.printweb.de\/digitaldruck\/#organization\"},\"potentialAction\":[{\"@type\":\"SearchAction\",\"target\":{\"@type\":\"EntryPoint\",\"urlTemplate\":\"https:\/\/www.printweb.de\/digitaldruck\/?s={search_term_string}\"},\"query-input\":\"required name=search_term_string\"}],\"inLanguage\":\"de-DE\"},{\"@type\":\"Organization\",\"@id\":\"https:\/\/www.printweb.de\/digitaldruck\/#organization\",\"name\":\"Colour Connection GmbH, printweb.de, Frankfurt am Main\",\"url\":\"https:\/\/www.printweb.de\/digitaldruck\/\",\"logo\":{\"@type\":\"ImageObject\",\"inLanguage\":\"de-DE\",\"@id\":\"https:\/\/www.printweb.de\/digitaldruck\/#\/schema\/logo\/image\/\",\"url\":\"https:\/\/www.printweb.de\/digitaldruck\/wp-content\/uploads\/2019\/11\/colour-connectio-printweb-logo.jpg\",\"contentUrl\":\"https:\/\/www.printweb.de\/digitaldruck\/wp-content\/uploads\/2019\/11\/colour-connectio-printweb-logo.jpg\",\"width\":1014,\"height\":229,\"caption\":\"Colour Connection GmbH, printweb.de, Frankfurt am Main\"},\"image\":{\"@id\":\"https:\/\/www.printweb.de\/digitaldruck\/#\/schema\/logo\/image\/\"},\"sameAs\":[\"https:\/\/www.facebook.com\/printweb.de\/\",\"https:\/\/x.com\/digitaldruck\",\"https:\/\/www.instagram.com\/printweb.de\/\",\"https:\/\/www.youtube.com\/user\/Digitaldruckerei\"]},{\"@type\":\"Person\",\"@id\":\"https:\/\/www.printweb.de\/digitaldruck\/#\/schema\/person\/0e0308818185589fb8602180e9273195\",\"name\":\"Ralph Hadem\",\"image\":{\"@type\":\"ImageObject\",\"inLanguage\":\"de-DE\",\"@id\":\"https:\/\/www.printweb.de\/digitaldruck\/#\/schema\/person\/image\/\",\"url\":\"https:\/\/secure.gravatar.com\/avatar\/386b1b183dce310c5ac8a8f475fdecd8?s=96&d=blank&r=g\",\"contentUrl\":\"https:\/\/secure.gravatar.com\/avatar\/386b1b183dce310c5ac8a8f475fdecd8?s=96&d=blank&r=g\",\"caption\":\"Ralph Hadem\"},\"sameAs\":[\"https:\/\/www.printweb.de\"],\"url\":\"https:\/\/www.printweb.de\/digitaldruck\/author\/ralphhadem\/\"}]}<\/script>\n<!-- \/ Yoast SEO plugin. -->","yoast_head_json":{"title":"Intensiv-Kurs: Das Schwarz-Weiss-Labor | Was Print bewirken kann.","robots":{"index":"index","follow":"follow","max-snippet":"max-snippet:-1","max-image-preview":"max-image-preview:large","max-video-preview":"max-video-preview:-1"},"canonical":"https:\/\/www.printweb.de\/digitaldruck\/intensiv-kurs-das-schwarz-weiss-labor\/3899\/","og_locale":"de_DE","og_type":"article","og_title":"Intensiv-Kurs: Das Schwarz-Weiss-Labor | Was Print bewirken kann.","og_description":"Doc Baumann hat auf seiner Seite docma.info interessante und anspruchsvolle Beitr\u00e4ge, Tipps und Tricks zum Thema digitale Bildbearbeitung ... mehr","og_url":"https:\/\/www.printweb.de\/digitaldruck\/intensiv-kurs-das-schwarz-weiss-labor\/3899\/","og_site_name":"Was Print bewirken kann.","article_publisher":"https:\/\/www.facebook.com\/printweb.de\/","article_published_time":"2010-09-14T09:47:04+00:00","article_modified_time":"2015-01-14T16:09:31+00:00","og_image":[{"width":590,"height":796,"url":"https:\/\/www.printweb.de\/digitaldruck\/wp-content\/uploads\/2010\/09\/Intro_18.jpg","type":"image\/jpeg"}],"author":"Ralph Hadem","twitter_card":"summary_large_image","twitter_creator":"@digitaldruck","twitter_site":"@digitaldruck","twitter_misc":{"Verfasst von":"Ralph Hadem","Gesch\u00e4tzte Lesezeit":"1 Minute"},"schema":{"@context":"https:\/\/schema.org","@graph":[{"@type":"Article","@id":"https:\/\/www.printweb.de\/digitaldruck\/intensiv-kurs-das-schwarz-weiss-labor\/3899\/#article","isPartOf":{"@id":"https:\/\/www.printweb.de\/digitaldruck\/intensiv-kurs-das-schwarz-weiss-labor\/3899\/"},"author":{"name":"Ralph Hadem","@id":"https:\/\/www.printweb.de\/digitaldruck\/#\/schema\/person\/0e0308818185589fb8602180e9273195"},"headline":"Intensiv-Kurs: Das Schwarz-Weiss-Labor","datePublished":"2010-09-14T09:47:04+00:00","dateModified":"2015-01-14T16:09:31+00:00","mainEntityOfPage":{"@id":"https:\/\/www.printweb.de\/digitaldruck\/intensiv-kurs-das-schwarz-weiss-labor\/3899\/"},"wordCount":117,"commentCount":0,"publisher":{"@id":"https:\/\/www.printweb.de\/digitaldruck\/#organization"},"image":{"@id":"https:\/\/www.printweb.de\/digitaldruck\/intensiv-kurs-das-schwarz-weiss-labor\/3899\/#primaryimage"},"thumbnailUrl":"https:\/\/www.printweb.de\/digitaldruck\/wp-content\/uploads\/2010\/09\/Intro_18.jpg","articleSection":["Digitaldruck+Veredlung","Produktion, Beratung"],"inLanguage":"de-DE","potentialAction":[{"@type":"CommentAction","name":"Comment","target":["https:\/\/www.printweb.de\/digitaldruck\/intensiv-kurs-das-schwarz-weiss-labor\/3899\/#respond"]}]},{"@type":"WebPage","@id":"https:\/\/www.printweb.de\/digitaldruck\/intensiv-kurs-das-schwarz-weiss-labor\/3899\/","url":"https:\/\/www.printweb.de\/digitaldruck\/intensiv-kurs-das-schwarz-weiss-labor\/3899\/","name":"Intensiv-Kurs: Das Schwarz-Weiss-Labor | Was Print bewirken kann.","isPartOf":{"@id":"https:\/\/www.printweb.de\/digitaldruck\/#website"},"primaryImageOfPage":{"@id":"https:\/\/www.printweb.de\/digitaldruck\/intensiv-kurs-das-schwarz-weiss-labor\/3899\/#primaryimage"},"image":{"@id":"https:\/\/www.printweb.de\/digitaldruck\/intensiv-kurs-das-schwarz-weiss-labor\/3899\/#primaryimage"},"thumbnailUrl":"https:\/\/www.printweb.de\/digitaldruck\/wp-content\/uploads\/2010\/09\/Intro_18.jpg","datePublished":"2010-09-14T09:47:04+00:00","dateModified":"2015-01-14T16:09:31+00:00","inLanguage":"de-DE","potentialAction":[{"@type":"ReadAction","target":["https:\/\/www.printweb.de\/digitaldruck\/intensiv-kurs-das-schwarz-weiss-labor\/3899\/"]}]},{"@type":"ImageObject","inLanguage":"de-DE","@id":"https:\/\/www.printweb.de\/digitaldruck\/intensiv-kurs-das-schwarz-weiss-labor\/3899\/#primaryimage","url":"https:\/\/www.printweb.de\/digitaldruck\/wp-content\/uploads\/2010\/09\/Intro_18.jpg","contentUrl":"https:\/\/www.printweb.de\/digitaldruck\/wp-content\/uploads\/2010\/09\/Intro_18.jpg","width":590,"height":796},{"@type":"WebSite","@id":"https:\/\/www.printweb.de\/digitaldruck\/#website","url":"https:\/\/www.printweb.de\/digitaldruck\/","name":"Was Print bewirken kann.","description":"Was Print bewirken kann \u2013 1700 Ideen.","publisher":{"@id":"https:\/\/www.printweb.de\/digitaldruck\/#organization"},"potentialAction":[{"@type":"SearchAction","target":{"@type":"EntryPoint","urlTemplate":"https:\/\/www.printweb.de\/digitaldruck\/?s={search_term_string}"},"query-input":"required name=search_term_string"}],"inLanguage":"de-DE"},{"@type":"Organization","@id":"https:\/\/www.printweb.de\/digitaldruck\/#organization","name":"Colour Connection GmbH, printweb.de, Frankfurt am Main","url":"https:\/\/www.printweb.de\/digitaldruck\/","logo":{"@type":"ImageObject","inLanguage":"de-DE","@id":"https:\/\/www.printweb.de\/digitaldruck\/#\/schema\/logo\/image\/","url":"https:\/\/www.printweb.de\/digitaldruck\/wp-content\/uploads\/2019\/11\/colour-connectio-printweb-logo.jpg","contentUrl":"https:\/\/www.printweb.de\/digitaldruck\/wp-content\/uploads\/2019\/11\/colour-connectio-printweb-logo.jpg","width":1014,"height":229,"caption":"Colour Connection GmbH, printweb.de, Frankfurt am Main"},"image":{"@id":"https:\/\/www.printweb.de\/digitaldruck\/#\/schema\/logo\/image\/"},"sameAs":["https:\/\/www.facebook.com\/printweb.de\/","https:\/\/x.com\/digitaldruck","https:\/\/www.instagram.com\/printweb.de\/","https:\/\/www.youtube.com\/user\/Digitaldruckerei"]},{"@type":"Person","@id":"https:\/\/www.printweb.de\/digitaldruck\/#\/schema\/person\/0e0308818185589fb8602180e9273195","name":"Ralph Hadem","image":{"@type":"ImageObject","inLanguage":"de-DE","@id":"https:\/\/www.printweb.de\/digitaldruck\/#\/schema\/person\/image\/","url":"https:\/\/secure.gravatar.com\/avatar\/386b1b183dce310c5ac8a8f475fdecd8?s=96&d=blank&r=g","contentUrl":"https:\/\/secure.gravatar.com\/avatar\/386b1b183dce310c5ac8a8f475fdecd8?s=96&d=blank&r=g","caption":"Ralph Hadem"},"sameAs":["https:\/\/www.printweb.de"],"url":"https:\/\/www.printweb.de\/digitaldruck\/author\/ralphhadem\/"}]}},"_links":{"self":[{"href":"https:\/\/www.printweb.de\/digitaldruck\/wp-json\/wp\/v2\/posts\/3899"}],"collection":[{"href":"https:\/\/www.printweb.de\/digitaldruck\/wp-json\/wp\/v2\/posts"}],"about":[{"href":"https:\/\/www.printweb.de\/digitaldruck\/wp-json\/wp\/v2\/types\/post"}],"author":[{"embeddable":true,"href":"https:\/\/www.printweb.de\/digitaldruck\/wp-json\/wp\/v2\/users\/2"}],"replies":[{"embeddable":true,"href":"https:\/\/www.printweb.de\/digitaldruck\/wp-json\/wp\/v2\/comments?post=3899"}],"version-history":[{"count":6,"href":"https:\/\/www.printweb.de\/digitaldruck\/wp-json\/wp\/v2\/posts\/3899\/revisions"}],"predecessor-version":[{"id":3903,"href":"https:\/\/www.printweb.de\/digitaldruck\/wp-json\/wp\/v2\/posts\/3899\/revisions\/3903"}],"wp:featuredmedia":[{"embeddable":true,"href":"https:\/\/www.printweb.de\/digitaldruck\/wp-json\/wp\/v2\/media\/3900"}],"wp:attachment":[{"href":"https:\/\/www.printweb.de\/digitaldruck\/wp-json\/wp\/v2\/media?parent=3899"}],"wp:term":[{"taxonomy":"category","embeddable":true,"href":"https:\/\/www.printweb.de\/digitaldruck\/wp-json\/wp\/v2\/categories?post=3899"},{"taxonomy":"post_tag","embeddable":true,"href":"https:\/\/www.printweb.de\/digitaldruck\/wp-json\/wp\/v2\/tags?post=3899"}],"curies":[{"name":"wp","href":"https:\/\/api.w.org\/{rel}","templated":true}]}}