{"id":4060,"date":"2010-11-01T11:21:15","date_gmt":"2010-11-01T10:21:15","guid":{"rendered":"https:\/\/www.printweb.de\/digitaldruck\/?p=4060"},"modified":"2010-11-25T14:26:56","modified_gmt":"2010-11-25T13:26:56","slug":"ausnutzung-der-portogrenzen-bei-mailingaktionen","status":"publish","type":"post","link":"https:\/\/www.printweb.de\/digitaldruck\/ausnutzung-der-portogrenzen-bei-mailingaktionen\/4060\/","title":{"rendered":"Ausnutzung der <br \/>Portogrenzen bei Mailingaktionen"},"content":{"rendered":"<p>Die Portogrenzen der Deutschen Post lassen es zu, dass man vom Volumen und Gewicht schon ziemlich \u201ep\u00e4ckchenverd\u00e4chtige\u201d Sendungen als Kompakt, Gross- oder Maxibrief versendet. Der Maxibrief z. B. erreicht ein Format von 35,3 x 25 x 5 cm und darf bis zu 1000g wiegen. Ideal f\u00fcr volumin\u00f6se Sendungen, die nicht ganz so schwer werden. Die Versandkosten f\u00fcr den Maxibrief beginnen bei EUR 2,20 f\u00fcr das Einzelst\u00fcck. Wenn Sie 50 Sendungen aufw\u00e4rts versenden, sind Sie ohne gr\u00f6\u00dfere Formalit\u00e4ten schon im Bereich des Infobriefs. Hier berechnet die Post EUR 1,80 je Sendung. Bei 250 Sendungen, die sich die ersten 2 Ziffern der Postleitzahl teilen oder 4.000 Sendungen ohne weitere Voraussetzungen sind Sie im Bereich der Infopost angekommen. Hier wird grammgenau abgerechnet. Ein Maxibrief mit z. B. 200g kostet dann EUR 1,06 pro St\u00fcck.<\/p>\n<p>F\u00fcr unsere Kunden machen wir den kompletten Versand inkl. Portooptimierung. Das hei\u00dft, dass wir automatisch per Software im voraus die (g\u00fcnstigsten) Kosten ermitteln k\u00f6nnen. Diese Portooptimierung kombiniert Normalpost, Infobrief und Infopost in einer Sendung. Im Ergebnis zahlen Sie dann u. U. verschiedene Preise je Sendung, im Ergebnis haben Sie aber dann die g\u00fcnstigsten Gesamtkosten. Dazu braucht es allerdings nicht nur die Anzahl der Adressen sondern auch die tats\u00e4chlich zum Einsatz kommende Datei.<\/p>\n<p>Im Bereich Gro\u00df- und Maxibrief sind \u00fcbrigens auch quadratische Format zul\u00e4ssig, sofern die Kantenl\u00e4nge 12,5 cm \u00fcbersteigt.<\/p>\n","protected":false},"excerpt":{"rendered":"Die Portogrenzen der Deutschen Post lassen es zu, dass man vom Volumen und Gewicht schon ziemlich \u201ep\u00e4ckchenverd\u00e4chtige\u201d Sendungen &#8230; <br><br><a class=\"readmore\" href=\"https:\/\/www.printweb.de\/digitaldruck\/ausnutzung-der-portogrenzen-bei-mailingaktionen\/4060\/\">mehr<\/a>","protected":false},"author":2,"featured_media":11574,"comment_status":"open","ping_status":"open","sticky":false,"template":"","format":"standard","meta":{"_acf_changed":false,"footnotes":""},"categories":[1,20,67],"tags":[],"class_list":["post-4060","post","type-post","status-publish","format-standard","has-post-thumbnail","hentry","category-alle-beitraege","category-produktion","category-1to1-marketing"],"acf":[],"yoast_head":"<!-- This site is optimized with the Yoast SEO plugin v23.1 - https:\/\/yoast.com\/wordpress\/plugins\/seo\/ -->\n<title>Ausnutzung der Portogrenzen bei Mailingaktionen | Was Print bewirken kann.<\/title>\n<meta name=\"robots\" content=\"index, follow, max-snippet:-1, max-image-preview:large, max-video-preview:-1\" \/>\n<link rel=\"canonical\" href=\"https:\/\/www.printweb.de\/digitaldruck\/ausnutzung-der-portogrenzen-bei-mailingaktionen\/4060\/\" \/>\n<meta property=\"og:locale\" content=\"de_DE\" \/>\n<meta property=\"og:type\" content=\"article\" \/>\n<meta property=\"og:title\" content=\"Ausnutzung der Portogrenzen bei Mailingaktionen | Was Print bewirken kann.\" \/>\n<meta property=\"og:description\" content=\"Die Portogrenzen der Deutschen Post lassen es zu, dass man vom Volumen und Gewicht schon ziemlich \u201ep\u00e4ckchenverd\u00e4chtige\u201d Sendungen ... mehr\" \/>\n<meta property=\"og:url\" content=\"https:\/\/www.printweb.de\/digitaldruck\/ausnutzung-der-portogrenzen-bei-mailingaktionen\/4060\/\" \/>\n<meta property=\"og:site_name\" content=\"Was Print bewirken kann.\" \/>\n<meta property=\"article:publisher\" content=\"https:\/\/www.facebook.com\/printweb.de\/\" \/>\n<meta property=\"article:published_time\" content=\"2010-11-01T10:21:15+00:00\" \/>\n<meta property=\"article:modified_time\" content=\"2010-11-25T13:26:56+00:00\" \/>\n<meta property=\"og:image\" content=\"https:\/\/www.printweb.de\/digitaldruck\/wp-content\/uploads\/2015\/07\/col_blog_ph.jpg\" \/>\n\t<meta property=\"og:image:width\" content=\"683\" \/>\n\t<meta property=\"og:image:height\" content=\"437\" \/>\n\t<meta property=\"og:image:type\" content=\"image\/jpeg\" \/>\n<meta name=\"author\" content=\"Ralph Hadem\" \/>\n<meta name=\"twitter:card\" content=\"summary_large_image\" \/>\n<meta name=\"twitter:creator\" content=\"@digitaldruck\" \/>\n<meta name=\"twitter:site\" content=\"@digitaldruck\" \/>\n<meta name=\"twitter:label1\" content=\"Verfasst von\" \/>\n\t<meta name=\"twitter:data1\" content=\"Ralph Hadem\" \/>\n\t<meta name=\"twitter:label2\" content=\"Gesch\u00e4tzte Lesezeit\" \/>\n\t<meta name=\"twitter:data2\" content=\"1 Minute\" \/>\n<script type=\"application\/ld+json\" class=\"yoast-schema-graph\">{\"@context\":\"https:\/\/schema.org\",\"@graph\":[{\"@type\":\"Article\",\"@id\":\"https:\/\/www.printweb.de\/digitaldruck\/ausnutzung-der-portogrenzen-bei-mailingaktionen\/4060\/#article\",\"isPartOf\":{\"@id\":\"https:\/\/www.printweb.de\/digitaldruck\/ausnutzung-der-portogrenzen-bei-mailingaktionen\/4060\/\"},\"author\":{\"name\":\"Ralph Hadem\",\"@id\":\"https:\/\/www.printweb.de\/digitaldruck\/#\/schema\/person\/0e0308818185589fb8602180e9273195\"},\"headline\":\"Ausnutzung der Portogrenzen bei Mailingaktionen\",\"datePublished\":\"2010-11-01T10:21:15+00:00\",\"dateModified\":\"2010-11-25T13:26:56+00:00\",\"mainEntityOfPage\":{\"@id\":\"https:\/\/www.printweb.de\/digitaldruck\/ausnutzung-der-portogrenzen-bei-mailingaktionen\/4060\/\"},\"wordCount\":234,\"commentCount\":0,\"publisher\":{\"@id\":\"https:\/\/www.printweb.de\/digitaldruck\/#organization\"},\"image\":{\"@id\":\"https:\/\/www.printweb.de\/digitaldruck\/ausnutzung-der-portogrenzen-bei-mailingaktionen\/4060\/#primaryimage\"},\"thumbnailUrl\":\"https:\/\/www.printweb.de\/digitaldruck\/wp-content\/uploads\/2015\/07\/col_blog_ph.jpg\",\"articleSection\":[\"Digitaldruck+Veredlung\",\"Produktion, Beratung\",\"1to1-Marketing\"],\"inLanguage\":\"de-DE\",\"potentialAction\":[{\"@type\":\"CommentAction\",\"name\":\"Comment\",\"target\":[\"https:\/\/www.printweb.de\/digitaldruck\/ausnutzung-der-portogrenzen-bei-mailingaktionen\/4060\/#respond\"]}]},{\"@type\":\"WebPage\",\"@id\":\"https:\/\/www.printweb.de\/digitaldruck\/ausnutzung-der-portogrenzen-bei-mailingaktionen\/4060\/\",\"url\":\"https:\/\/www.printweb.de\/digitaldruck\/ausnutzung-der-portogrenzen-bei-mailingaktionen\/4060\/\",\"name\":\"Ausnutzung der Portogrenzen bei Mailingaktionen | Was Print bewirken kann.\",\"isPartOf\":{\"@id\":\"https:\/\/www.printweb.de\/digitaldruck\/#website\"},\"primaryImageOfPage\":{\"@id\":\"https:\/\/www.printweb.de\/digitaldruck\/ausnutzung-der-portogrenzen-bei-mailingaktionen\/4060\/#primaryimage\"},\"image\":{\"@id\":\"https:\/\/www.printweb.de\/digitaldruck\/ausnutzung-der-portogrenzen-bei-mailingaktionen\/4060\/#primaryimage\"},\"thumbnailUrl\":\"https:\/\/www.printweb.de\/digitaldruck\/wp-content\/uploads\/2015\/07\/col_blog_ph.jpg\",\"datePublished\":\"2010-11-01T10:21:15+00:00\",\"dateModified\":\"2010-11-25T13:26:56+00:00\",\"inLanguage\":\"de-DE\",\"potentialAction\":[{\"@type\":\"ReadAction\",\"target\":[\"https:\/\/www.printweb.de\/digitaldruck\/ausnutzung-der-portogrenzen-bei-mailingaktionen\/4060\/\"]}]},{\"@type\":\"ImageObject\",\"inLanguage\":\"de-DE\",\"@id\":\"https:\/\/www.printweb.de\/digitaldruck\/ausnutzung-der-portogrenzen-bei-mailingaktionen\/4060\/#primaryimage\",\"url\":\"https:\/\/www.printweb.de\/digitaldruck\/wp-content\/uploads\/2015\/07\/col_blog_ph.jpg\",\"contentUrl\":\"https:\/\/www.printweb.de\/digitaldruck\/wp-content\/uploads\/2015\/07\/col_blog_ph.jpg\",\"width\":683,\"height\":437},{\"@type\":\"WebSite\",\"@id\":\"https:\/\/www.printweb.de\/digitaldruck\/#website\",\"url\":\"https:\/\/www.printweb.de\/digitaldruck\/\",\"name\":\"Was Print bewirken kann.\",\"description\":\"Was Print bewirken kann \u2013 1700 Ideen.\",\"publisher\":{\"@id\":\"https:\/\/www.printweb.de\/digitaldruck\/#organization\"},\"potentialAction\":[{\"@type\":\"SearchAction\",\"target\":{\"@type\":\"EntryPoint\",\"urlTemplate\":\"https:\/\/www.printweb.de\/digitaldruck\/?s={search_term_string}\"},\"query-input\":\"required name=search_term_string\"}],\"inLanguage\":\"de-DE\"},{\"@type\":\"Organization\",\"@id\":\"https:\/\/www.printweb.de\/digitaldruck\/#organization\",\"name\":\"Colour Connection GmbH, printweb.de, Frankfurt am Main\",\"url\":\"https:\/\/www.printweb.de\/digitaldruck\/\",\"logo\":{\"@type\":\"ImageObject\",\"inLanguage\":\"de-DE\",\"@id\":\"https:\/\/www.printweb.de\/digitaldruck\/#\/schema\/logo\/image\/\",\"url\":\"https:\/\/www.printweb.de\/digitaldruck\/wp-content\/uploads\/2019\/11\/colour-connectio-printweb-logo.jpg\",\"contentUrl\":\"https:\/\/www.printweb.de\/digitaldruck\/wp-content\/uploads\/2019\/11\/colour-connectio-printweb-logo.jpg\",\"width\":1014,\"height\":229,\"caption\":\"Colour Connection GmbH, printweb.de, Frankfurt am Main\"},\"image\":{\"@id\":\"https:\/\/www.printweb.de\/digitaldruck\/#\/schema\/logo\/image\/\"},\"sameAs\":[\"https:\/\/www.facebook.com\/printweb.de\/\",\"https:\/\/x.com\/digitaldruck\",\"https:\/\/www.instagram.com\/printweb.de\/\",\"https:\/\/www.youtube.com\/user\/Digitaldruckerei\"]},{\"@type\":\"Person\",\"@id\":\"https:\/\/www.printweb.de\/digitaldruck\/#\/schema\/person\/0e0308818185589fb8602180e9273195\",\"name\":\"Ralph Hadem\",\"image\":{\"@type\":\"ImageObject\",\"inLanguage\":\"de-DE\",\"@id\":\"https:\/\/www.printweb.de\/digitaldruck\/#\/schema\/person\/image\/\",\"url\":\"https:\/\/secure.gravatar.com\/avatar\/386b1b183dce310c5ac8a8f475fdecd8?s=96&d=blank&r=g\",\"contentUrl\":\"https:\/\/secure.gravatar.com\/avatar\/386b1b183dce310c5ac8a8f475fdecd8?s=96&d=blank&r=g\",\"caption\":\"Ralph Hadem\"},\"sameAs\":[\"https:\/\/www.printweb.de\"],\"url\":\"https:\/\/www.printweb.de\/digitaldruck\/author\/ralphhadem\/\"}]}<\/script>\n<!-- \/ Yoast SEO plugin. -->","yoast_head_json":{"title":"Ausnutzung der Portogrenzen bei Mailingaktionen | Was Print bewirken kann.","robots":{"index":"index","follow":"follow","max-snippet":"max-snippet:-1","max-image-preview":"max-image-preview:large","max-video-preview":"max-video-preview:-1"},"canonical":"https:\/\/www.printweb.de\/digitaldruck\/ausnutzung-der-portogrenzen-bei-mailingaktionen\/4060\/","og_locale":"de_DE","og_type":"article","og_title":"Ausnutzung der Portogrenzen bei Mailingaktionen | Was Print bewirken kann.","og_description":"Die Portogrenzen der Deutschen Post lassen es zu, dass man vom Volumen und Gewicht schon ziemlich \u201ep\u00e4ckchenverd\u00e4chtige\u201d Sendungen ... mehr","og_url":"https:\/\/www.printweb.de\/digitaldruck\/ausnutzung-der-portogrenzen-bei-mailingaktionen\/4060\/","og_site_name":"Was Print bewirken kann.","article_publisher":"https:\/\/www.facebook.com\/printweb.de\/","article_published_time":"2010-11-01T10:21:15+00:00","article_modified_time":"2010-11-25T13:26:56+00:00","og_image":[{"width":683,"height":437,"url":"https:\/\/www.printweb.de\/digitaldruck\/wp-content\/uploads\/2015\/07\/col_blog_ph.jpg","type":"image\/jpeg"}],"author":"Ralph Hadem","twitter_card":"summary_large_image","twitter_creator":"@digitaldruck","twitter_site":"@digitaldruck","twitter_misc":{"Verfasst von":"Ralph Hadem","Gesch\u00e4tzte Lesezeit":"1 Minute"},"schema":{"@context":"https:\/\/schema.org","@graph":[{"@type":"Article","@id":"https:\/\/www.printweb.de\/digitaldruck\/ausnutzung-der-portogrenzen-bei-mailingaktionen\/4060\/#article","isPartOf":{"@id":"https:\/\/www.printweb.de\/digitaldruck\/ausnutzung-der-portogrenzen-bei-mailingaktionen\/4060\/"},"author":{"name":"Ralph Hadem","@id":"https:\/\/www.printweb.de\/digitaldruck\/#\/schema\/person\/0e0308818185589fb8602180e9273195"},"headline":"Ausnutzung der Portogrenzen bei Mailingaktionen","datePublished":"2010-11-01T10:21:15+00:00","dateModified":"2010-11-25T13:26:56+00:00","mainEntityOfPage":{"@id":"https:\/\/www.printweb.de\/digitaldruck\/ausnutzung-der-portogrenzen-bei-mailingaktionen\/4060\/"},"wordCount":234,"commentCount":0,"publisher":{"@id":"https:\/\/www.printweb.de\/digitaldruck\/#organization"},"image":{"@id":"https:\/\/www.printweb.de\/digitaldruck\/ausnutzung-der-portogrenzen-bei-mailingaktionen\/4060\/#primaryimage"},"thumbnailUrl":"https:\/\/www.printweb.de\/digitaldruck\/wp-content\/uploads\/2015\/07\/col_blog_ph.jpg","articleSection":["Digitaldruck+Veredlung","Produktion, Beratung","1to1-Marketing"],"inLanguage":"de-DE","potentialAction":[{"@type":"CommentAction","name":"Comment","target":["https:\/\/www.printweb.de\/digitaldruck\/ausnutzung-der-portogrenzen-bei-mailingaktionen\/4060\/#respond"]}]},{"@type":"WebPage","@id":"https:\/\/www.printweb.de\/digitaldruck\/ausnutzung-der-portogrenzen-bei-mailingaktionen\/4060\/","url":"https:\/\/www.printweb.de\/digitaldruck\/ausnutzung-der-portogrenzen-bei-mailingaktionen\/4060\/","name":"Ausnutzung der Portogrenzen bei Mailingaktionen | Was Print bewirken kann.","isPartOf":{"@id":"https:\/\/www.printweb.de\/digitaldruck\/#website"},"primaryImageOfPage":{"@id":"https:\/\/www.printweb.de\/digitaldruck\/ausnutzung-der-portogrenzen-bei-mailingaktionen\/4060\/#primaryimage"},"image":{"@id":"https:\/\/www.printweb.de\/digitaldruck\/ausnutzung-der-portogrenzen-bei-mailingaktionen\/4060\/#primaryimage"},"thumbnailUrl":"https:\/\/www.printweb.de\/digitaldruck\/wp-content\/uploads\/2015\/07\/col_blog_ph.jpg","datePublished":"2010-11-01T10:21:15+00:00","dateModified":"2010-11-25T13:26:56+00:00","inLanguage":"de-DE","potentialAction":[{"@type":"ReadAction","target":["https:\/\/www.printweb.de\/digitaldruck\/ausnutzung-der-portogrenzen-bei-mailingaktionen\/4060\/"]}]},{"@type":"ImageObject","inLanguage":"de-DE","@id":"https:\/\/www.printweb.de\/digitaldruck\/ausnutzung-der-portogrenzen-bei-mailingaktionen\/4060\/#primaryimage","url":"https:\/\/www.printweb.de\/digitaldruck\/wp-content\/uploads\/2015\/07\/col_blog_ph.jpg","contentUrl":"https:\/\/www.printweb.de\/digitaldruck\/wp-content\/uploads\/2015\/07\/col_blog_ph.jpg","width":683,"height":437},{"@type":"WebSite","@id":"https:\/\/www.printweb.de\/digitaldruck\/#website","url":"https:\/\/www.printweb.de\/digitaldruck\/","name":"Was Print bewirken kann.","description":"Was Print bewirken kann \u2013 1700 Ideen.","publisher":{"@id":"https:\/\/www.printweb.de\/digitaldruck\/#organization"},"potentialAction":[{"@type":"SearchAction","target":{"@type":"EntryPoint","urlTemplate":"https:\/\/www.printweb.de\/digitaldruck\/?s={search_term_string}"},"query-input":"required name=search_term_string"}],"inLanguage":"de-DE"},{"@type":"Organization","@id":"https:\/\/www.printweb.de\/digitaldruck\/#organization","name":"Colour Connection GmbH, printweb.de, Frankfurt am Main","url":"https:\/\/www.printweb.de\/digitaldruck\/","logo":{"@type":"ImageObject","inLanguage":"de-DE","@id":"https:\/\/www.printweb.de\/digitaldruck\/#\/schema\/logo\/image\/","url":"https:\/\/www.printweb.de\/digitaldruck\/wp-content\/uploads\/2019\/11\/colour-connectio-printweb-logo.jpg","contentUrl":"https:\/\/www.printweb.de\/digitaldruck\/wp-content\/uploads\/2019\/11\/colour-connectio-printweb-logo.jpg","width":1014,"height":229,"caption":"Colour Connection GmbH, printweb.de, Frankfurt am Main"},"image":{"@id":"https:\/\/www.printweb.de\/digitaldruck\/#\/schema\/logo\/image\/"},"sameAs":["https:\/\/www.facebook.com\/printweb.de\/","https:\/\/x.com\/digitaldruck","https:\/\/www.instagram.com\/printweb.de\/","https:\/\/www.youtube.com\/user\/Digitaldruckerei"]},{"@type":"Person","@id":"https:\/\/www.printweb.de\/digitaldruck\/#\/schema\/person\/0e0308818185589fb8602180e9273195","name":"Ralph Hadem","image":{"@type":"ImageObject","inLanguage":"de-DE","@id":"https:\/\/www.printweb.de\/digitaldruck\/#\/schema\/person\/image\/","url":"https:\/\/secure.gravatar.com\/avatar\/386b1b183dce310c5ac8a8f475fdecd8?s=96&d=blank&r=g","contentUrl":"https:\/\/secure.gravatar.com\/avatar\/386b1b183dce310c5ac8a8f475fdecd8?s=96&d=blank&r=g","caption":"Ralph Hadem"},"sameAs":["https:\/\/www.printweb.de"],"url":"https:\/\/www.printweb.de\/digitaldruck\/author\/ralphhadem\/"}]}},"_links":{"self":[{"href":"https:\/\/www.printweb.de\/digitaldruck\/wp-json\/wp\/v2\/posts\/4060"}],"collection":[{"href":"https:\/\/www.printweb.de\/digitaldruck\/wp-json\/wp\/v2\/posts"}],"about":[{"href":"https:\/\/www.printweb.de\/digitaldruck\/wp-json\/wp\/v2\/types\/post"}],"author":[{"embeddable":true,"href":"https:\/\/www.printweb.de\/digitaldruck\/wp-json\/wp\/v2\/users\/2"}],"replies":[{"embeddable":true,"href":"https:\/\/www.printweb.de\/digitaldruck\/wp-json\/wp\/v2\/comments?post=4060"}],"version-history":[{"count":7,"href":"https:\/\/www.printweb.de\/digitaldruck\/wp-json\/wp\/v2\/posts\/4060\/revisions"}],"predecessor-version":[{"id":4063,"href":"https:\/\/www.printweb.de\/digitaldruck\/wp-json\/wp\/v2\/posts\/4060\/revisions\/4063"}],"wp:featuredmedia":[{"embeddable":true,"href":"https:\/\/www.printweb.de\/digitaldruck\/wp-json\/wp\/v2\/media\/11574"}],"wp:attachment":[{"href":"https:\/\/www.printweb.de\/digitaldruck\/wp-json\/wp\/v2\/media?parent=4060"}],"wp:term":[{"taxonomy":"category","embeddable":true,"href":"https:\/\/www.printweb.de\/digitaldruck\/wp-json\/wp\/v2\/categories?post=4060"},{"taxonomy":"post_tag","embeddable":true,"href":"https:\/\/www.printweb.de\/digitaldruck\/wp-json\/wp\/v2\/tags?post=4060"}],"curies":[{"name":"wp","href":"https:\/\/api.w.org\/{rel}","templated":true}]}}