{"id":4119,"date":"2010-11-18T17:37:48","date_gmt":"2010-11-18T16:37:48","guid":{"rendered":"https:\/\/www.printweb.de\/digitaldruck\/?p=4119"},"modified":"2016-10-05T11:52:32","modified_gmt":"2016-10-05T09:52:32","slug":"usb-stick-schick-und-guenstig-verpacken-und-versenden","status":"publish","type":"post","link":"https:\/\/www.printweb.de\/digitaldruck\/usb-stick-schick-und-guenstig-verpacken-und-versenden\/4119\/","title":{"rendered":"USB-Stick schick und <br \/>g\u00fcnstig verpacken und versenden"},"content":{"rendered":"<p>Wer kennt das nicht: Die unglaublich schicken und praktischen USB-Sticks m\u00fcssen nicht nur mit Daten best\u00fcckt sondern auch noch verpackt und verschickt werden. Diese L\u00f6sung besteht aus einer Klarsichtbox und einer ebenso klaren Halterung, die USB-Sticks der unterschiedlichsten Gr\u00f6\u00dfen sicher in der Klarsichtschachtel h\u00e4lt. Passend dazu gibt es auch noch eine wei\u00dfe Wellpappverpackung f\u00fcr den Versand. Die Klarsichtschachtel inkl. Halterung liegt bei EUR 0,90 je St\u00fcck (120 St\u00fcck Minimum). Die Versandbox bei EUR 0,59 (50 St\u00fcck Minimum).<\/p>\n<p style=\"text-align: center;\"><a href=\"https:\/\/www.printweb.de\/digitaldruck\/wp-content\/uploads\/2010\/11\/USB-Stick-Versand1.jpg\" target=\"_blank\"><img decoding=\"async\" class=\"size-thumbnail wp-image-4121  aligncenter\" title=\"USB-Stick-Versand\" src=\"https:\/\/www.printweb.de\/digitaldruck\/wp-content\/uploads\/2010\/11\/USB-Stick-Versand1-765x574.jpg\" alt=\"\" width=\"582\" height=\"437\" srcset=\"https:\/\/www.printweb.de\/digitaldruck\/wp-content\/uploads\/2010\/11\/USB-Stick-Versand1-765x574.jpg 765w, https:\/\/www.printweb.de\/digitaldruck\/wp-content\/uploads\/2010\/11\/USB-Stick-Versand1-768x576.jpg 768w, https:\/\/www.printweb.de\/digitaldruck\/wp-content\/uploads\/2010\/11\/USB-Stick-Versand1-653x490.jpg 653w, https:\/\/www.printweb.de\/digitaldruck\/wp-content\/uploads\/2010\/11\/USB-Stick-Versand1-320x240.jpg 320w, https:\/\/www.printweb.de\/digitaldruck\/wp-content\/uploads\/2010\/11\/USB-Stick-Versand1.jpg 1536w\" sizes=\"(max-width: 582px) 100vw, 582px\" \/><\/a><\/p>\n","protected":false},"excerpt":{"rendered":"Wer kennt das nicht: Die unglaublich schicken und praktischen USB-Sticks m\u00fcssen nicht nur mit Daten best\u00fcckt sondern auch &#8230; <br><br><a class=\"readmore\" href=\"https:\/\/www.printweb.de\/digitaldruck\/usb-stick-schick-und-guenstig-verpacken-und-versenden\/4119\/\">mehr<\/a>","protected":false},"author":2,"featured_media":4121,"comment_status":"open","ping_status":"open","sticky":false,"template":"","format":"standard","meta":{"_acf_changed":false,"footnotes":""},"categories":[1,71],"tags":[],"class_list":["post-4119","post","type-post","status-publish","format-standard","has-post-thumbnail","hentry","category-alle-beitraege","category-individuelle-verpackungen"],"acf":[],"yoast_head":"<!-- This site is optimized with the Yoast SEO plugin v23.1 - https:\/\/yoast.com\/wordpress\/plugins\/seo\/ -->\n<title>USB-Stick schick und g\u00fcnstig verpacken und versenden | Was Print bewirken kann.<\/title>\n<meta name=\"robots\" content=\"index, follow, max-snippet:-1, max-image-preview:large, max-video-preview:-1\" \/>\n<link rel=\"canonical\" href=\"https:\/\/www.printweb.de\/digitaldruck\/usb-stick-schick-und-guenstig-verpacken-und-versenden\/4119\/\" \/>\n<meta property=\"og:locale\" content=\"de_DE\" \/>\n<meta property=\"og:type\" content=\"article\" \/>\n<meta property=\"og:title\" content=\"USB-Stick schick und g\u00fcnstig verpacken und versenden | Was Print bewirken kann.\" \/>\n<meta property=\"og:description\" content=\"Wer kennt das nicht: Die unglaublich schicken und praktischen USB-Sticks m\u00fcssen nicht nur mit Daten best\u00fcckt sondern auch ... mehr\" \/>\n<meta property=\"og:url\" content=\"https:\/\/www.printweb.de\/digitaldruck\/usb-stick-schick-und-guenstig-verpacken-und-versenden\/4119\/\" \/>\n<meta property=\"og:site_name\" content=\"Was Print bewirken kann.\" \/>\n<meta property=\"article:publisher\" content=\"https:\/\/www.facebook.com\/printweb.de\/\" \/>\n<meta property=\"article:published_time\" content=\"2010-11-18T16:37:48+00:00\" \/>\n<meta property=\"article:modified_time\" content=\"2016-10-05T09:52:32+00:00\" \/>\n<meta property=\"og:image\" content=\"https:\/\/www.printweb.de\/digitaldruck\/wp-content\/uploads\/2010\/11\/USB-Stick-Versand1.jpg\" \/>\n\t<meta property=\"og:image:width\" content=\"1536\" \/>\n\t<meta property=\"og:image:height\" content=\"1152\" \/>\n\t<meta property=\"og:image:type\" content=\"image\/jpeg\" \/>\n<meta name=\"author\" content=\"Ralph Hadem\" \/>\n<meta name=\"twitter:card\" content=\"summary_large_image\" \/>\n<meta name=\"twitter:creator\" content=\"@digitaldruck\" \/>\n<meta name=\"twitter:site\" content=\"@digitaldruck\" \/>\n<meta name=\"twitter:label1\" content=\"Verfasst von\" \/>\n\t<meta name=\"twitter:data1\" content=\"Ralph Hadem\" \/>\n<script type=\"application\/ld+json\" class=\"yoast-schema-graph\">{\"@context\":\"https:\/\/schema.org\",\"@graph\":[{\"@type\":\"Article\",\"@id\":\"https:\/\/www.printweb.de\/digitaldruck\/usb-stick-schick-und-guenstig-verpacken-und-versenden\/4119\/#article\",\"isPartOf\":{\"@id\":\"https:\/\/www.printweb.de\/digitaldruck\/usb-stick-schick-und-guenstig-verpacken-und-versenden\/4119\/\"},\"author\":{\"name\":\"Ralph Hadem\",\"@id\":\"https:\/\/www.printweb.de\/digitaldruck\/#\/schema\/person\/0e0308818185589fb8602180e9273195\"},\"headline\":\"USB-Stick schick und g\u00fcnstig verpacken und versenden\",\"datePublished\":\"2010-11-18T16:37:48+00:00\",\"dateModified\":\"2016-10-05T09:52:32+00:00\",\"mainEntityOfPage\":{\"@id\":\"https:\/\/www.printweb.de\/digitaldruck\/usb-stick-schick-und-guenstig-verpacken-und-versenden\/4119\/\"},\"wordCount\":91,\"commentCount\":1,\"publisher\":{\"@id\":\"https:\/\/www.printweb.de\/digitaldruck\/#organization\"},\"image\":{\"@id\":\"https:\/\/www.printweb.de\/digitaldruck\/usb-stick-schick-und-guenstig-verpacken-und-versenden\/4119\/#primaryimage\"},\"thumbnailUrl\":\"https:\/\/www.printweb.de\/digitaldruck\/wp-content\/uploads\/2010\/11\/USB-Stick-Versand1.jpg\",\"articleSection\":[\"Digitaldruck+Veredlung\",\"Individuelle Verpackungen\"],\"inLanguage\":\"de-DE\",\"potentialAction\":[{\"@type\":\"CommentAction\",\"name\":\"Comment\",\"target\":[\"https:\/\/www.printweb.de\/digitaldruck\/usb-stick-schick-und-guenstig-verpacken-und-versenden\/4119\/#respond\"]}]},{\"@type\":\"WebPage\",\"@id\":\"https:\/\/www.printweb.de\/digitaldruck\/usb-stick-schick-und-guenstig-verpacken-und-versenden\/4119\/\",\"url\":\"https:\/\/www.printweb.de\/digitaldruck\/usb-stick-schick-und-guenstig-verpacken-und-versenden\/4119\/\",\"name\":\"USB-Stick schick und g\u00fcnstig verpacken und versenden | Was Print bewirken kann.\",\"isPartOf\":{\"@id\":\"https:\/\/www.printweb.de\/digitaldruck\/#website\"},\"primaryImageOfPage\":{\"@id\":\"https:\/\/www.printweb.de\/digitaldruck\/usb-stick-schick-und-guenstig-verpacken-und-versenden\/4119\/#primaryimage\"},\"image\":{\"@id\":\"https:\/\/www.printweb.de\/digitaldruck\/usb-stick-schick-und-guenstig-verpacken-und-versenden\/4119\/#primaryimage\"},\"thumbnailUrl\":\"https:\/\/www.printweb.de\/digitaldruck\/wp-content\/uploads\/2010\/11\/USB-Stick-Versand1.jpg\",\"datePublished\":\"2010-11-18T16:37:48+00:00\",\"dateModified\":\"2016-10-05T09:52:32+00:00\",\"inLanguage\":\"de-DE\",\"potentialAction\":[{\"@type\":\"ReadAction\",\"target\":[\"https:\/\/www.printweb.de\/digitaldruck\/usb-stick-schick-und-guenstig-verpacken-und-versenden\/4119\/\"]}]},{\"@type\":\"ImageObject\",\"inLanguage\":\"de-DE\",\"@id\":\"https:\/\/www.printweb.de\/digitaldruck\/usb-stick-schick-und-guenstig-verpacken-und-versenden\/4119\/#primaryimage\",\"url\":\"https:\/\/www.printweb.de\/digitaldruck\/wp-content\/uploads\/2010\/11\/USB-Stick-Versand1.jpg\",\"contentUrl\":\"https:\/\/www.printweb.de\/digitaldruck\/wp-content\/uploads\/2010\/11\/USB-Stick-Versand1.jpg\",\"width\":1536,\"height\":1152},{\"@type\":\"WebSite\",\"@id\":\"https:\/\/www.printweb.de\/digitaldruck\/#website\",\"url\":\"https:\/\/www.printweb.de\/digitaldruck\/\",\"name\":\"Was Print bewirken kann.\",\"description\":\"Was Print bewirken kann \u2013 1700 Ideen.\",\"publisher\":{\"@id\":\"https:\/\/www.printweb.de\/digitaldruck\/#organization\"},\"potentialAction\":[{\"@type\":\"SearchAction\",\"target\":{\"@type\":\"EntryPoint\",\"urlTemplate\":\"https:\/\/www.printweb.de\/digitaldruck\/?s={search_term_string}\"},\"query-input\":\"required name=search_term_string\"}],\"inLanguage\":\"de-DE\"},{\"@type\":\"Organization\",\"@id\":\"https:\/\/www.printweb.de\/digitaldruck\/#organization\",\"name\":\"Colour Connection GmbH, printweb.de, Frankfurt am Main\",\"url\":\"https:\/\/www.printweb.de\/digitaldruck\/\",\"logo\":{\"@type\":\"ImageObject\",\"inLanguage\":\"de-DE\",\"@id\":\"https:\/\/www.printweb.de\/digitaldruck\/#\/schema\/logo\/image\/\",\"url\":\"https:\/\/www.printweb.de\/digitaldruck\/wp-content\/uploads\/2019\/11\/colour-connectio-printweb-logo.jpg\",\"contentUrl\":\"https:\/\/www.printweb.de\/digitaldruck\/wp-content\/uploads\/2019\/11\/colour-connectio-printweb-logo.jpg\",\"width\":1014,\"height\":229,\"caption\":\"Colour Connection GmbH, printweb.de, Frankfurt am Main\"},\"image\":{\"@id\":\"https:\/\/www.printweb.de\/digitaldruck\/#\/schema\/logo\/image\/\"},\"sameAs\":[\"https:\/\/www.facebook.com\/printweb.de\/\",\"https:\/\/x.com\/digitaldruck\",\"https:\/\/www.instagram.com\/printweb.de\/\",\"https:\/\/www.youtube.com\/user\/Digitaldruckerei\"]},{\"@type\":\"Person\",\"@id\":\"https:\/\/www.printweb.de\/digitaldruck\/#\/schema\/person\/0e0308818185589fb8602180e9273195\",\"name\":\"Ralph Hadem\",\"image\":{\"@type\":\"ImageObject\",\"inLanguage\":\"de-DE\",\"@id\":\"https:\/\/www.printweb.de\/digitaldruck\/#\/schema\/person\/image\/\",\"url\":\"https:\/\/secure.gravatar.com\/avatar\/386b1b183dce310c5ac8a8f475fdecd8?s=96&d=blank&r=g\",\"contentUrl\":\"https:\/\/secure.gravatar.com\/avatar\/386b1b183dce310c5ac8a8f475fdecd8?s=96&d=blank&r=g\",\"caption\":\"Ralph Hadem\"},\"sameAs\":[\"https:\/\/www.printweb.de\"],\"url\":\"https:\/\/www.printweb.de\/digitaldruck\/author\/ralphhadem\/\"}]}<\/script>\n<!-- \/ Yoast SEO plugin. -->","yoast_head_json":{"title":"USB-Stick schick und g\u00fcnstig verpacken und versenden | Was Print bewirken kann.","robots":{"index":"index","follow":"follow","max-snippet":"max-snippet:-1","max-image-preview":"max-image-preview:large","max-video-preview":"max-video-preview:-1"},"canonical":"https:\/\/www.printweb.de\/digitaldruck\/usb-stick-schick-und-guenstig-verpacken-und-versenden\/4119\/","og_locale":"de_DE","og_type":"article","og_title":"USB-Stick schick und g\u00fcnstig verpacken und versenden | Was Print bewirken kann.","og_description":"Wer kennt das nicht: Die unglaublich schicken und praktischen USB-Sticks m\u00fcssen nicht nur mit Daten best\u00fcckt sondern auch ... mehr","og_url":"https:\/\/www.printweb.de\/digitaldruck\/usb-stick-schick-und-guenstig-verpacken-und-versenden\/4119\/","og_site_name":"Was Print bewirken kann.","article_publisher":"https:\/\/www.facebook.com\/printweb.de\/","article_published_time":"2010-11-18T16:37:48+00:00","article_modified_time":"2016-10-05T09:52:32+00:00","og_image":[{"width":1536,"height":1152,"url":"https:\/\/www.printweb.de\/digitaldruck\/wp-content\/uploads\/2010\/11\/USB-Stick-Versand1.jpg","type":"image\/jpeg"}],"author":"Ralph Hadem","twitter_card":"summary_large_image","twitter_creator":"@digitaldruck","twitter_site":"@digitaldruck","twitter_misc":{"Verfasst von":"Ralph Hadem"},"schema":{"@context":"https:\/\/schema.org","@graph":[{"@type":"Article","@id":"https:\/\/www.printweb.de\/digitaldruck\/usb-stick-schick-und-guenstig-verpacken-und-versenden\/4119\/#article","isPartOf":{"@id":"https:\/\/www.printweb.de\/digitaldruck\/usb-stick-schick-und-guenstig-verpacken-und-versenden\/4119\/"},"author":{"name":"Ralph Hadem","@id":"https:\/\/www.printweb.de\/digitaldruck\/#\/schema\/person\/0e0308818185589fb8602180e9273195"},"headline":"USB-Stick schick und g\u00fcnstig verpacken und versenden","datePublished":"2010-11-18T16:37:48+00:00","dateModified":"2016-10-05T09:52:32+00:00","mainEntityOfPage":{"@id":"https:\/\/www.printweb.de\/digitaldruck\/usb-stick-schick-und-guenstig-verpacken-und-versenden\/4119\/"},"wordCount":91,"commentCount":1,"publisher":{"@id":"https:\/\/www.printweb.de\/digitaldruck\/#organization"},"image":{"@id":"https:\/\/www.printweb.de\/digitaldruck\/usb-stick-schick-und-guenstig-verpacken-und-versenden\/4119\/#primaryimage"},"thumbnailUrl":"https:\/\/www.printweb.de\/digitaldruck\/wp-content\/uploads\/2010\/11\/USB-Stick-Versand1.jpg","articleSection":["Digitaldruck+Veredlung","Individuelle Verpackungen"],"inLanguage":"de-DE","potentialAction":[{"@type":"CommentAction","name":"Comment","target":["https:\/\/www.printweb.de\/digitaldruck\/usb-stick-schick-und-guenstig-verpacken-und-versenden\/4119\/#respond"]}]},{"@type":"WebPage","@id":"https:\/\/www.printweb.de\/digitaldruck\/usb-stick-schick-und-guenstig-verpacken-und-versenden\/4119\/","url":"https:\/\/www.printweb.de\/digitaldruck\/usb-stick-schick-und-guenstig-verpacken-und-versenden\/4119\/","name":"USB-Stick schick und g\u00fcnstig verpacken und versenden | Was Print bewirken kann.","isPartOf":{"@id":"https:\/\/www.printweb.de\/digitaldruck\/#website"},"primaryImageOfPage":{"@id":"https:\/\/www.printweb.de\/digitaldruck\/usb-stick-schick-und-guenstig-verpacken-und-versenden\/4119\/#primaryimage"},"image":{"@id":"https:\/\/www.printweb.de\/digitaldruck\/usb-stick-schick-und-guenstig-verpacken-und-versenden\/4119\/#primaryimage"},"thumbnailUrl":"https:\/\/www.printweb.de\/digitaldruck\/wp-content\/uploads\/2010\/11\/USB-Stick-Versand1.jpg","datePublished":"2010-11-18T16:37:48+00:00","dateModified":"2016-10-05T09:52:32+00:00","inLanguage":"de-DE","potentialAction":[{"@type":"ReadAction","target":["https:\/\/www.printweb.de\/digitaldruck\/usb-stick-schick-und-guenstig-verpacken-und-versenden\/4119\/"]}]},{"@type":"ImageObject","inLanguage":"de-DE","@id":"https:\/\/www.printweb.de\/digitaldruck\/usb-stick-schick-und-guenstig-verpacken-und-versenden\/4119\/#primaryimage","url":"https:\/\/www.printweb.de\/digitaldruck\/wp-content\/uploads\/2010\/11\/USB-Stick-Versand1.jpg","contentUrl":"https:\/\/www.printweb.de\/digitaldruck\/wp-content\/uploads\/2010\/11\/USB-Stick-Versand1.jpg","width":1536,"height":1152},{"@type":"WebSite","@id":"https:\/\/www.printweb.de\/digitaldruck\/#website","url":"https:\/\/www.printweb.de\/digitaldruck\/","name":"Was Print bewirken kann.","description":"Was Print bewirken kann \u2013 1700 Ideen.","publisher":{"@id":"https:\/\/www.printweb.de\/digitaldruck\/#organization"},"potentialAction":[{"@type":"SearchAction","target":{"@type":"EntryPoint","urlTemplate":"https:\/\/www.printweb.de\/digitaldruck\/?s={search_term_string}"},"query-input":"required name=search_term_string"}],"inLanguage":"de-DE"},{"@type":"Organization","@id":"https:\/\/www.printweb.de\/digitaldruck\/#organization","name":"Colour Connection GmbH, printweb.de, Frankfurt am Main","url":"https:\/\/www.printweb.de\/digitaldruck\/","logo":{"@type":"ImageObject","inLanguage":"de-DE","@id":"https:\/\/www.printweb.de\/digitaldruck\/#\/schema\/logo\/image\/","url":"https:\/\/www.printweb.de\/digitaldruck\/wp-content\/uploads\/2019\/11\/colour-connectio-printweb-logo.jpg","contentUrl":"https:\/\/www.printweb.de\/digitaldruck\/wp-content\/uploads\/2019\/11\/colour-connectio-printweb-logo.jpg","width":1014,"height":229,"caption":"Colour Connection GmbH, printweb.de, Frankfurt am Main"},"image":{"@id":"https:\/\/www.printweb.de\/digitaldruck\/#\/schema\/logo\/image\/"},"sameAs":["https:\/\/www.facebook.com\/printweb.de\/","https:\/\/x.com\/digitaldruck","https:\/\/www.instagram.com\/printweb.de\/","https:\/\/www.youtube.com\/user\/Digitaldruckerei"]},{"@type":"Person","@id":"https:\/\/www.printweb.de\/digitaldruck\/#\/schema\/person\/0e0308818185589fb8602180e9273195","name":"Ralph Hadem","image":{"@type":"ImageObject","inLanguage":"de-DE","@id":"https:\/\/www.printweb.de\/digitaldruck\/#\/schema\/person\/image\/","url":"https:\/\/secure.gravatar.com\/avatar\/386b1b183dce310c5ac8a8f475fdecd8?s=96&d=blank&r=g","contentUrl":"https:\/\/secure.gravatar.com\/avatar\/386b1b183dce310c5ac8a8f475fdecd8?s=96&d=blank&r=g","caption":"Ralph Hadem"},"sameAs":["https:\/\/www.printweb.de"],"url":"https:\/\/www.printweb.de\/digitaldruck\/author\/ralphhadem\/"}]}},"_links":{"self":[{"href":"https:\/\/www.printweb.de\/digitaldruck\/wp-json\/wp\/v2\/posts\/4119"}],"collection":[{"href":"https:\/\/www.printweb.de\/digitaldruck\/wp-json\/wp\/v2\/posts"}],"about":[{"href":"https:\/\/www.printweb.de\/digitaldruck\/wp-json\/wp\/v2\/types\/post"}],"author":[{"embeddable":true,"href":"https:\/\/www.printweb.de\/digitaldruck\/wp-json\/wp\/v2\/users\/2"}],"replies":[{"embeddable":true,"href":"https:\/\/www.printweb.de\/digitaldruck\/wp-json\/wp\/v2\/comments?post=4119"}],"version-history":[{"count":3,"href":"https:\/\/www.printweb.de\/digitaldruck\/wp-json\/wp\/v2\/posts\/4119\/revisions"}],"predecessor-version":[{"id":4123,"href":"https:\/\/www.printweb.de\/digitaldruck\/wp-json\/wp\/v2\/posts\/4119\/revisions\/4123"}],"wp:featuredmedia":[{"embeddable":true,"href":"https:\/\/www.printweb.de\/digitaldruck\/wp-json\/wp\/v2\/media\/4121"}],"wp:attachment":[{"href":"https:\/\/www.printweb.de\/digitaldruck\/wp-json\/wp\/v2\/media?parent=4119"}],"wp:term":[{"taxonomy":"category","embeddable":true,"href":"https:\/\/www.printweb.de\/digitaldruck\/wp-json\/wp\/v2\/categories?post=4119"},{"taxonomy":"post_tag","embeddable":true,"href":"https:\/\/www.printweb.de\/digitaldruck\/wp-json\/wp\/v2\/tags?post=4119"}],"curies":[{"name":"wp","href":"https:\/\/api.w.org\/{rel}","templated":true}]}}