{"id":4226,"date":"2010-12-20T10:12:11","date_gmt":"2010-12-20T09:12:11","guid":{"rendered":"https:\/\/www.printweb.de\/digitaldruck\/?p=4226"},"modified":"2010-12-20T10:12:11","modified_gmt":"2010-12-20T09:12:11","slug":"aus-der-vogelperspektive-fotografieren","status":"publish","type":"post","link":"https:\/\/www.printweb.de\/digitaldruck\/aus-der-vogelperspektive-fotografieren\/4226\/","title":{"rendered":"Aus der Vogelperspektive fotografieren"},"content":{"rendered":"<p>Bis vor einigen Jahren waren Luftaufnahmen ja sogar noch genehmigungspflichtig. Seitdem der kalte Krieg sich etwas aufgew\u00e4rmt hat, ist diese (sinnlose) Regelung Gott sei Dank vom Tisch. Jetzt bleibt nur noch die Frage, wie man seine Kamera in die entsprechende H\u00f6he bekommt. Eine mobile, mit EUR 1.100 nur m\u00e4\u00dfig teure und immerhin 720 cm hohe L\u00f6sung stellt <a href=\"http:\/\/www.docma.info\/?id=8741\" target=\"_blank\">Doc Baumann<\/a> vor. Das Stativ mit Standardgewinde am oberen Ende erreicht inkl. Dreibein eine H\u00f6he von 720 cm bei einem Gesamtgewicht von nur 4,2 KG. Jetzt noch eine Verbindung von der Kamera zum Laptop und schon steht gezielten Aufnahmen aus luftiger H\u00f6he nichts mehr im Wege. Der n\u00e4chste Schritt w\u00e4re dann die Kameraaurichtung vom Boden aus.<\/p>\n<p style=\"text-align: center;\"><a href=\"https:\/\/www.printweb.de\/digitaldruck\/wp-content\/uploads\/2010\/12\/Stativ.jpg\" target=\"_blank\"><img decoding=\"async\" class=\"size-thumbnail-vertikal wp-image-4227  aligncenter\" title=\"Stativ\" src=\"https:\/\/www.printweb.de\/digitaldruck\/wp-content\/uploads\/2010\/12\/Stativ-283x490.jpg\" alt=\"\" width=\"283\" height=\"490\" srcset=\"https:\/\/www.printweb.de\/digitaldruck\/wp-content\/uploads\/2010\/12\/Stativ-283x490.jpg 283w, https:\/\/www.printweb.de\/digitaldruck\/wp-content\/uploads\/2010\/12\/Stativ.jpg 600w\" sizes=\"(max-width: 283px) 100vw, 283px\" \/><\/a><\/p>\n","protected":false},"excerpt":{"rendered":"Bis vor einigen Jahren waren Luftaufnahmen ja sogar noch genehmigungspflichtig. Seitdem der kalte Krieg sich etwas aufgew\u00e4rmt hat, &#8230; <br><br><a class=\"readmore\" href=\"https:\/\/www.printweb.de\/digitaldruck\/aus-der-vogelperspektive-fotografieren\/4226\/\">mehr<\/a>","protected":false},"author":2,"featured_media":4227,"comment_status":"open","ping_status":"open","sticky":false,"template":"","format":"standard","meta":{"_acf_changed":false,"footnotes":""},"categories":[1,20],"tags":[],"class_list":["post-4226","post","type-post","status-publish","format-standard","has-post-thumbnail","hentry","category-alle-beitraege","category-produktion"],"acf":[],"yoast_head":"<!-- This site is optimized with the Yoast SEO plugin v23.1 - https:\/\/yoast.com\/wordpress\/plugins\/seo\/ -->\n<title>Aus der Vogelperspektive fotografieren | Was Print bewirken kann.<\/title>\n<meta name=\"robots\" content=\"index, follow, max-snippet:-1, max-image-preview:large, max-video-preview:-1\" \/>\n<link rel=\"canonical\" href=\"https:\/\/www.printweb.de\/digitaldruck\/aus-der-vogelperspektive-fotografieren\/4226\/\" \/>\n<meta property=\"og:locale\" content=\"de_DE\" \/>\n<meta property=\"og:type\" content=\"article\" \/>\n<meta property=\"og:title\" content=\"Aus der Vogelperspektive fotografieren | Was Print bewirken kann.\" \/>\n<meta property=\"og:description\" content=\"Bis vor einigen Jahren waren Luftaufnahmen ja sogar noch genehmigungspflichtig. Seitdem der kalte Krieg sich etwas aufgew\u00e4rmt hat, ... mehr\" \/>\n<meta property=\"og:url\" content=\"https:\/\/www.printweb.de\/digitaldruck\/aus-der-vogelperspektive-fotografieren\/4226\/\" \/>\n<meta property=\"og:site_name\" content=\"Was Print bewirken kann.\" \/>\n<meta property=\"article:publisher\" content=\"https:\/\/www.facebook.com\/printweb.de\/\" \/>\n<meta property=\"article:published_time\" content=\"2010-12-20T09:12:11+00:00\" \/>\n<meta property=\"og:image\" content=\"https:\/\/www.printweb.de\/digitaldruck\/wp-content\/uploads\/2010\/12\/Stativ.jpg\" \/>\n\t<meta property=\"og:image:width\" content=\"600\" \/>\n\t<meta property=\"og:image:height\" content=\"1038\" \/>\n\t<meta property=\"og:image:type\" content=\"image\/jpeg\" \/>\n<meta name=\"author\" content=\"Ralph Hadem\" \/>\n<meta name=\"twitter:card\" content=\"summary_large_image\" \/>\n<meta name=\"twitter:creator\" content=\"@digitaldruck\" \/>\n<meta name=\"twitter:site\" content=\"@digitaldruck\" \/>\n<meta name=\"twitter:label1\" content=\"Verfasst von\" \/>\n\t<meta name=\"twitter:data1\" content=\"Ralph Hadem\" \/>\n\t<meta name=\"twitter:label2\" content=\"Gesch\u00e4tzte Lesezeit\" \/>\n\t<meta name=\"twitter:data2\" content=\"1 Minute\" \/>\n<script type=\"application\/ld+json\" class=\"yoast-schema-graph\">{\"@context\":\"https:\/\/schema.org\",\"@graph\":[{\"@type\":\"Article\",\"@id\":\"https:\/\/www.printweb.de\/digitaldruck\/aus-der-vogelperspektive-fotografieren\/4226\/#article\",\"isPartOf\":{\"@id\":\"https:\/\/www.printweb.de\/digitaldruck\/aus-der-vogelperspektive-fotografieren\/4226\/\"},\"author\":{\"name\":\"Ralph Hadem\",\"@id\":\"https:\/\/www.printweb.de\/digitaldruck\/#\/schema\/person\/0e0308818185589fb8602180e9273195\"},\"headline\":\"Aus der Vogelperspektive fotografieren\",\"datePublished\":\"2010-12-20T09:12:11+00:00\",\"dateModified\":\"2010-12-20T09:12:11+00:00\",\"mainEntityOfPage\":{\"@id\":\"https:\/\/www.printweb.de\/digitaldruck\/aus-der-vogelperspektive-fotografieren\/4226\/\"},\"wordCount\":121,\"commentCount\":0,\"publisher\":{\"@id\":\"https:\/\/www.printweb.de\/digitaldruck\/#organization\"},\"image\":{\"@id\":\"https:\/\/www.printweb.de\/digitaldruck\/aus-der-vogelperspektive-fotografieren\/4226\/#primaryimage\"},\"thumbnailUrl\":\"https:\/\/www.printweb.de\/digitaldruck\/wp-content\/uploads\/2010\/12\/Stativ.jpg\",\"articleSection\":[\"Digitaldruck+Veredlung\",\"Produktion, Beratung\"],\"inLanguage\":\"de-DE\",\"potentialAction\":[{\"@type\":\"CommentAction\",\"name\":\"Comment\",\"target\":[\"https:\/\/www.printweb.de\/digitaldruck\/aus-der-vogelperspektive-fotografieren\/4226\/#respond\"]}]},{\"@type\":\"WebPage\",\"@id\":\"https:\/\/www.printweb.de\/digitaldruck\/aus-der-vogelperspektive-fotografieren\/4226\/\",\"url\":\"https:\/\/www.printweb.de\/digitaldruck\/aus-der-vogelperspektive-fotografieren\/4226\/\",\"name\":\"Aus der Vogelperspektive fotografieren | Was Print bewirken kann.\",\"isPartOf\":{\"@id\":\"https:\/\/www.printweb.de\/digitaldruck\/#website\"},\"primaryImageOfPage\":{\"@id\":\"https:\/\/www.printweb.de\/digitaldruck\/aus-der-vogelperspektive-fotografieren\/4226\/#primaryimage\"},\"image\":{\"@id\":\"https:\/\/www.printweb.de\/digitaldruck\/aus-der-vogelperspektive-fotografieren\/4226\/#primaryimage\"},\"thumbnailUrl\":\"https:\/\/www.printweb.de\/digitaldruck\/wp-content\/uploads\/2010\/12\/Stativ.jpg\",\"datePublished\":\"2010-12-20T09:12:11+00:00\",\"dateModified\":\"2010-12-20T09:12:11+00:00\",\"inLanguage\":\"de-DE\",\"potentialAction\":[{\"@type\":\"ReadAction\",\"target\":[\"https:\/\/www.printweb.de\/digitaldruck\/aus-der-vogelperspektive-fotografieren\/4226\/\"]}]},{\"@type\":\"ImageObject\",\"inLanguage\":\"de-DE\",\"@id\":\"https:\/\/www.printweb.de\/digitaldruck\/aus-der-vogelperspektive-fotografieren\/4226\/#primaryimage\",\"url\":\"https:\/\/www.printweb.de\/digitaldruck\/wp-content\/uploads\/2010\/12\/Stativ.jpg\",\"contentUrl\":\"https:\/\/www.printweb.de\/digitaldruck\/wp-content\/uploads\/2010\/12\/Stativ.jpg\",\"width\":600,\"height\":1038},{\"@type\":\"WebSite\",\"@id\":\"https:\/\/www.printweb.de\/digitaldruck\/#website\",\"url\":\"https:\/\/www.printweb.de\/digitaldruck\/\",\"name\":\"Was Print bewirken kann.\",\"description\":\"Was Print bewirken kann \u2013 1700 Ideen.\",\"publisher\":{\"@id\":\"https:\/\/www.printweb.de\/digitaldruck\/#organization\"},\"potentialAction\":[{\"@type\":\"SearchAction\",\"target\":{\"@type\":\"EntryPoint\",\"urlTemplate\":\"https:\/\/www.printweb.de\/digitaldruck\/?s={search_term_string}\"},\"query-input\":\"required name=search_term_string\"}],\"inLanguage\":\"de-DE\"},{\"@type\":\"Organization\",\"@id\":\"https:\/\/www.printweb.de\/digitaldruck\/#organization\",\"name\":\"Colour Connection GmbH, printweb.de, Frankfurt am Main\",\"url\":\"https:\/\/www.printweb.de\/digitaldruck\/\",\"logo\":{\"@type\":\"ImageObject\",\"inLanguage\":\"de-DE\",\"@id\":\"https:\/\/www.printweb.de\/digitaldruck\/#\/schema\/logo\/image\/\",\"url\":\"https:\/\/www.printweb.de\/digitaldruck\/wp-content\/uploads\/2019\/11\/colour-connectio-printweb-logo.jpg\",\"contentUrl\":\"https:\/\/www.printweb.de\/digitaldruck\/wp-content\/uploads\/2019\/11\/colour-connectio-printweb-logo.jpg\",\"width\":1014,\"height\":229,\"caption\":\"Colour Connection GmbH, printweb.de, Frankfurt am Main\"},\"image\":{\"@id\":\"https:\/\/www.printweb.de\/digitaldruck\/#\/schema\/logo\/image\/\"},\"sameAs\":[\"https:\/\/www.facebook.com\/printweb.de\/\",\"https:\/\/x.com\/digitaldruck\",\"https:\/\/www.instagram.com\/printweb.de\/\",\"https:\/\/www.youtube.com\/user\/Digitaldruckerei\"]},{\"@type\":\"Person\",\"@id\":\"https:\/\/www.printweb.de\/digitaldruck\/#\/schema\/person\/0e0308818185589fb8602180e9273195\",\"name\":\"Ralph Hadem\",\"image\":{\"@type\":\"ImageObject\",\"inLanguage\":\"de-DE\",\"@id\":\"https:\/\/www.printweb.de\/digitaldruck\/#\/schema\/person\/image\/\",\"url\":\"https:\/\/secure.gravatar.com\/avatar\/386b1b183dce310c5ac8a8f475fdecd8?s=96&d=blank&r=g\",\"contentUrl\":\"https:\/\/secure.gravatar.com\/avatar\/386b1b183dce310c5ac8a8f475fdecd8?s=96&d=blank&r=g\",\"caption\":\"Ralph Hadem\"},\"sameAs\":[\"https:\/\/www.printweb.de\"],\"url\":\"https:\/\/www.printweb.de\/digitaldruck\/author\/ralphhadem\/\"}]}<\/script>\n<!-- \/ Yoast SEO plugin. -->","yoast_head_json":{"title":"Aus der Vogelperspektive fotografieren | Was Print bewirken kann.","robots":{"index":"index","follow":"follow","max-snippet":"max-snippet:-1","max-image-preview":"max-image-preview:large","max-video-preview":"max-video-preview:-1"},"canonical":"https:\/\/www.printweb.de\/digitaldruck\/aus-der-vogelperspektive-fotografieren\/4226\/","og_locale":"de_DE","og_type":"article","og_title":"Aus der Vogelperspektive fotografieren | Was Print bewirken kann.","og_description":"Bis vor einigen Jahren waren Luftaufnahmen ja sogar noch genehmigungspflichtig. Seitdem der kalte Krieg sich etwas aufgew\u00e4rmt hat, ... mehr","og_url":"https:\/\/www.printweb.de\/digitaldruck\/aus-der-vogelperspektive-fotografieren\/4226\/","og_site_name":"Was Print bewirken kann.","article_publisher":"https:\/\/www.facebook.com\/printweb.de\/","article_published_time":"2010-12-20T09:12:11+00:00","og_image":[{"width":600,"height":1038,"url":"https:\/\/www.printweb.de\/digitaldruck\/wp-content\/uploads\/2010\/12\/Stativ.jpg","type":"image\/jpeg"}],"author":"Ralph Hadem","twitter_card":"summary_large_image","twitter_creator":"@digitaldruck","twitter_site":"@digitaldruck","twitter_misc":{"Verfasst von":"Ralph Hadem","Gesch\u00e4tzte Lesezeit":"1 Minute"},"schema":{"@context":"https:\/\/schema.org","@graph":[{"@type":"Article","@id":"https:\/\/www.printweb.de\/digitaldruck\/aus-der-vogelperspektive-fotografieren\/4226\/#article","isPartOf":{"@id":"https:\/\/www.printweb.de\/digitaldruck\/aus-der-vogelperspektive-fotografieren\/4226\/"},"author":{"name":"Ralph Hadem","@id":"https:\/\/www.printweb.de\/digitaldruck\/#\/schema\/person\/0e0308818185589fb8602180e9273195"},"headline":"Aus der Vogelperspektive fotografieren","datePublished":"2010-12-20T09:12:11+00:00","dateModified":"2010-12-20T09:12:11+00:00","mainEntityOfPage":{"@id":"https:\/\/www.printweb.de\/digitaldruck\/aus-der-vogelperspektive-fotografieren\/4226\/"},"wordCount":121,"commentCount":0,"publisher":{"@id":"https:\/\/www.printweb.de\/digitaldruck\/#organization"},"image":{"@id":"https:\/\/www.printweb.de\/digitaldruck\/aus-der-vogelperspektive-fotografieren\/4226\/#primaryimage"},"thumbnailUrl":"https:\/\/www.printweb.de\/digitaldruck\/wp-content\/uploads\/2010\/12\/Stativ.jpg","articleSection":["Digitaldruck+Veredlung","Produktion, Beratung"],"inLanguage":"de-DE","potentialAction":[{"@type":"CommentAction","name":"Comment","target":["https:\/\/www.printweb.de\/digitaldruck\/aus-der-vogelperspektive-fotografieren\/4226\/#respond"]}]},{"@type":"WebPage","@id":"https:\/\/www.printweb.de\/digitaldruck\/aus-der-vogelperspektive-fotografieren\/4226\/","url":"https:\/\/www.printweb.de\/digitaldruck\/aus-der-vogelperspektive-fotografieren\/4226\/","name":"Aus der Vogelperspektive fotografieren | Was Print bewirken kann.","isPartOf":{"@id":"https:\/\/www.printweb.de\/digitaldruck\/#website"},"primaryImageOfPage":{"@id":"https:\/\/www.printweb.de\/digitaldruck\/aus-der-vogelperspektive-fotografieren\/4226\/#primaryimage"},"image":{"@id":"https:\/\/www.printweb.de\/digitaldruck\/aus-der-vogelperspektive-fotografieren\/4226\/#primaryimage"},"thumbnailUrl":"https:\/\/www.printweb.de\/digitaldruck\/wp-content\/uploads\/2010\/12\/Stativ.jpg","datePublished":"2010-12-20T09:12:11+00:00","dateModified":"2010-12-20T09:12:11+00:00","inLanguage":"de-DE","potentialAction":[{"@type":"ReadAction","target":["https:\/\/www.printweb.de\/digitaldruck\/aus-der-vogelperspektive-fotografieren\/4226\/"]}]},{"@type":"ImageObject","inLanguage":"de-DE","@id":"https:\/\/www.printweb.de\/digitaldruck\/aus-der-vogelperspektive-fotografieren\/4226\/#primaryimage","url":"https:\/\/www.printweb.de\/digitaldruck\/wp-content\/uploads\/2010\/12\/Stativ.jpg","contentUrl":"https:\/\/www.printweb.de\/digitaldruck\/wp-content\/uploads\/2010\/12\/Stativ.jpg","width":600,"height":1038},{"@type":"WebSite","@id":"https:\/\/www.printweb.de\/digitaldruck\/#website","url":"https:\/\/www.printweb.de\/digitaldruck\/","name":"Was Print bewirken kann.","description":"Was Print bewirken kann \u2013 1700 Ideen.","publisher":{"@id":"https:\/\/www.printweb.de\/digitaldruck\/#organization"},"potentialAction":[{"@type":"SearchAction","target":{"@type":"EntryPoint","urlTemplate":"https:\/\/www.printweb.de\/digitaldruck\/?s={search_term_string}"},"query-input":"required name=search_term_string"}],"inLanguage":"de-DE"},{"@type":"Organization","@id":"https:\/\/www.printweb.de\/digitaldruck\/#organization","name":"Colour Connection GmbH, printweb.de, Frankfurt am Main","url":"https:\/\/www.printweb.de\/digitaldruck\/","logo":{"@type":"ImageObject","inLanguage":"de-DE","@id":"https:\/\/www.printweb.de\/digitaldruck\/#\/schema\/logo\/image\/","url":"https:\/\/www.printweb.de\/digitaldruck\/wp-content\/uploads\/2019\/11\/colour-connectio-printweb-logo.jpg","contentUrl":"https:\/\/www.printweb.de\/digitaldruck\/wp-content\/uploads\/2019\/11\/colour-connectio-printweb-logo.jpg","width":1014,"height":229,"caption":"Colour Connection GmbH, printweb.de, Frankfurt am Main"},"image":{"@id":"https:\/\/www.printweb.de\/digitaldruck\/#\/schema\/logo\/image\/"},"sameAs":["https:\/\/www.facebook.com\/printweb.de\/","https:\/\/x.com\/digitaldruck","https:\/\/www.instagram.com\/printweb.de\/","https:\/\/www.youtube.com\/user\/Digitaldruckerei"]},{"@type":"Person","@id":"https:\/\/www.printweb.de\/digitaldruck\/#\/schema\/person\/0e0308818185589fb8602180e9273195","name":"Ralph Hadem","image":{"@type":"ImageObject","inLanguage":"de-DE","@id":"https:\/\/www.printweb.de\/digitaldruck\/#\/schema\/person\/image\/","url":"https:\/\/secure.gravatar.com\/avatar\/386b1b183dce310c5ac8a8f475fdecd8?s=96&d=blank&r=g","contentUrl":"https:\/\/secure.gravatar.com\/avatar\/386b1b183dce310c5ac8a8f475fdecd8?s=96&d=blank&r=g","caption":"Ralph Hadem"},"sameAs":["https:\/\/www.printweb.de"],"url":"https:\/\/www.printweb.de\/digitaldruck\/author\/ralphhadem\/"}]}},"_links":{"self":[{"href":"https:\/\/www.printweb.de\/digitaldruck\/wp-json\/wp\/v2\/posts\/4226"}],"collection":[{"href":"https:\/\/www.printweb.de\/digitaldruck\/wp-json\/wp\/v2\/posts"}],"about":[{"href":"https:\/\/www.printweb.de\/digitaldruck\/wp-json\/wp\/v2\/types\/post"}],"author":[{"embeddable":true,"href":"https:\/\/www.printweb.de\/digitaldruck\/wp-json\/wp\/v2\/users\/2"}],"replies":[{"embeddable":true,"href":"https:\/\/www.printweb.de\/digitaldruck\/wp-json\/wp\/v2\/comments?post=4226"}],"version-history":[{"count":2,"href":"https:\/\/www.printweb.de\/digitaldruck\/wp-json\/wp\/v2\/posts\/4226\/revisions"}],"predecessor-version":[{"id":4229,"href":"https:\/\/www.printweb.de\/digitaldruck\/wp-json\/wp\/v2\/posts\/4226\/revisions\/4229"}],"wp:featuredmedia":[{"embeddable":true,"href":"https:\/\/www.printweb.de\/digitaldruck\/wp-json\/wp\/v2\/media\/4227"}],"wp:attachment":[{"href":"https:\/\/www.printweb.de\/digitaldruck\/wp-json\/wp\/v2\/media?parent=4226"}],"wp:term":[{"taxonomy":"category","embeddable":true,"href":"https:\/\/www.printweb.de\/digitaldruck\/wp-json\/wp\/v2\/categories?post=4226"},{"taxonomy":"post_tag","embeddable":true,"href":"https:\/\/www.printweb.de\/digitaldruck\/wp-json\/wp\/v2\/tags?post=4226"}],"curies":[{"name":"wp","href":"https:\/\/api.w.org\/{rel}","templated":true}]}}