{"id":4569,"date":"2011-04-18T09:46:51","date_gmt":"2011-04-18T07:46:51","guid":{"rendered":"https:\/\/www.printweb.de\/digitaldruck\/?p=4569"},"modified":"2012-08-27T09:19:24","modified_gmt":"2012-08-27T07:19:24","slug":"feines-frankfurt-die-skyline-in-karton-graviert","status":"publish","type":"post","link":"https:\/\/www.printweb.de\/digitaldruck\/feines-frankfurt-die-skyline-in-karton-graviert\/4569\/","title":{"rendered":"Feines Frankfurt: <br \/>Die Skyline in Karton graviert"},"content":{"rendered":"<p>Dass ein Laser nicht nur schneiden sondern auch ausgesprochen Edles gravieren kann, zeigt diese Finger\u00fcbung. Die Frankfurter Skyline in ein 300g Planojet Feinpapier graviert. Dabei wird pr\u00e4zise die H\u00e4lfte der Materialst\u00e4rke entfernt und es kommt ein feines und haptisch wunderbar griffiges Relief heraus. Der Vorteil eines Filigran-Lasers ist, dass man solche Kunstwerke auch in Miniatur-Ausgabe, z. B. in der Gr\u00f6\u00dfe einer Visitenkarte realisieren kann. Wenn Sie ein Objekt Ihrer Begierde haben: Noch produzieren wir mit Ihren Daten kostenlos und unverbindlich Muster :-).<\/p>\n<p style=\"text-align: center;\"><a href=\"https:\/\/www.printweb.de\/digitaldruck\/wp-content\/uploads\/2011\/04\/Skyline-Frankfurt.jpg\" target=\"_blank\"><img decoding=\"async\" class=\"size-thumbnail wp-image-4570  aligncenter\" title=\"Skyline-Frankfurt\" src=\"https:\/\/www.printweb.de\/digitaldruck\/wp-content\/uploads\/2011\/04\/Skyline-Frankfurt-765x355.jpg\" alt=\"\" width=\"683\" height=\"317\" srcset=\"https:\/\/www.printweb.de\/digitaldruck\/wp-content\/uploads\/2011\/04\/Skyline-Frankfurt-765x355.jpg 765w, https:\/\/www.printweb.de\/digitaldruck\/wp-content\/uploads\/2011\/04\/Skyline-Frankfurt-768x356.jpg 768w\" sizes=\"(max-width: 683px) 100vw, 683px\" \/><\/a><\/p>\n","protected":false},"excerpt":{"rendered":"Dass ein Laser nicht nur schneiden sondern auch ausgesprochen Edles gravieren kann, zeigt diese Finger\u00fcbung. Die Frankfurter Skyline &#8230; <br><br><a class=\"readmore\" href=\"https:\/\/www.printweb.de\/digitaldruck\/feines-frankfurt-die-skyline-in-karton-graviert\/4569\/\">mehr<\/a>","protected":false},"author":2,"featured_media":4570,"comment_status":"open","ping_status":"open","sticky":false,"template":"","format":"standard","meta":{"_acf_changed":false,"footnotes":""},"categories":[1,20,48,49],"tags":[],"class_list":["post-4569","post","type-post","status-publish","format-standard","has-post-thumbnail","hentry","category-alle-beitraege","category-produktion","category-haptik-highlights","category-laserbearbeitung"],"acf":[],"yoast_head":"<!-- This site is optimized with the Yoast SEO plugin v23.1 - https:\/\/yoast.com\/wordpress\/plugins\/seo\/ -->\n<title>Feines Frankfurt: Die Skyline in Karton graviert | Was Print bewirken kann.<\/title>\n<meta name=\"robots\" content=\"index, follow, max-snippet:-1, max-image-preview:large, max-video-preview:-1\" \/>\n<link rel=\"canonical\" href=\"https:\/\/www.printweb.de\/digitaldruck\/feines-frankfurt-die-skyline-in-karton-graviert\/4569\/\" \/>\n<meta property=\"og:locale\" content=\"de_DE\" \/>\n<meta property=\"og:type\" content=\"article\" \/>\n<meta property=\"og:title\" content=\"Feines Frankfurt: Die Skyline in Karton graviert | Was Print bewirken kann.\" \/>\n<meta property=\"og:description\" content=\"Dass ein Laser nicht nur schneiden sondern auch ausgesprochen Edles gravieren kann, zeigt diese Finger\u00fcbung. Die Frankfurter Skyline ... mehr\" \/>\n<meta property=\"og:url\" content=\"https:\/\/www.printweb.de\/digitaldruck\/feines-frankfurt-die-skyline-in-karton-graviert\/4569\/\" \/>\n<meta property=\"og:site_name\" content=\"Was Print bewirken kann.\" \/>\n<meta property=\"article:publisher\" content=\"https:\/\/www.facebook.com\/printweb.de\/\" \/>\n<meta property=\"article:published_time\" content=\"2011-04-18T07:46:51+00:00\" \/>\n<meta property=\"article:modified_time\" content=\"2012-08-27T07:19:24+00:00\" \/>\n<meta property=\"og:image\" content=\"https:\/\/www.printweb.de\/digitaldruck\/wp-content\/uploads\/2011\/04\/Skyline-Frankfurt-765x490.jpg\" \/>\n\t<meta property=\"og:image:width\" content=\"765\" \/>\n\t<meta property=\"og:image:height\" content=\"490\" \/>\n\t<meta property=\"og:image:type\" content=\"image\/jpeg\" \/>\n<meta name=\"author\" content=\"Ralph Hadem\" \/>\n<meta name=\"twitter:card\" content=\"summary_large_image\" \/>\n<meta name=\"twitter:creator\" content=\"@digitaldruck\" \/>\n<meta name=\"twitter:site\" content=\"@digitaldruck\" \/>\n<meta name=\"twitter:label1\" content=\"Verfasst von\" \/>\n\t<meta name=\"twitter:data1\" content=\"Ralph Hadem\" \/>\n<script type=\"application\/ld+json\" class=\"yoast-schema-graph\">{\"@context\":\"https:\/\/schema.org\",\"@graph\":[{\"@type\":\"Article\",\"@id\":\"https:\/\/www.printweb.de\/digitaldruck\/feines-frankfurt-die-skyline-in-karton-graviert\/4569\/#article\",\"isPartOf\":{\"@id\":\"https:\/\/www.printweb.de\/digitaldruck\/feines-frankfurt-die-skyline-in-karton-graviert\/4569\/\"},\"author\":{\"name\":\"Ralph Hadem\",\"@id\":\"https:\/\/www.printweb.de\/digitaldruck\/#\/schema\/person\/0e0308818185589fb8602180e9273195\"},\"headline\":\"Feines Frankfurt: Die Skyline in Karton graviert\",\"datePublished\":\"2011-04-18T07:46:51+00:00\",\"dateModified\":\"2012-08-27T07:19:24+00:00\",\"mainEntityOfPage\":{\"@id\":\"https:\/\/www.printweb.de\/digitaldruck\/feines-frankfurt-die-skyline-in-karton-graviert\/4569\/\"},\"wordCount\":94,\"commentCount\":2,\"publisher\":{\"@id\":\"https:\/\/www.printweb.de\/digitaldruck\/#organization\"},\"image\":{\"@id\":\"https:\/\/www.printweb.de\/digitaldruck\/feines-frankfurt-die-skyline-in-karton-graviert\/4569\/#primaryimage\"},\"thumbnailUrl\":\"https:\/\/www.printweb.de\/digitaldruck\/wp-content\/uploads\/2011\/04\/Skyline-Frankfurt.jpg\",\"articleSection\":[\"Digitaldruck+Veredlung\",\"Produktion, Beratung\",\"Haptik-Highlights\",\"Laserbearbeitung\"],\"inLanguage\":\"de-DE\",\"potentialAction\":[{\"@type\":\"CommentAction\",\"name\":\"Comment\",\"target\":[\"https:\/\/www.printweb.de\/digitaldruck\/feines-frankfurt-die-skyline-in-karton-graviert\/4569\/#respond\"]}]},{\"@type\":\"WebPage\",\"@id\":\"https:\/\/www.printweb.de\/digitaldruck\/feines-frankfurt-die-skyline-in-karton-graviert\/4569\/\",\"url\":\"https:\/\/www.printweb.de\/digitaldruck\/feines-frankfurt-die-skyline-in-karton-graviert\/4569\/\",\"name\":\"Feines Frankfurt: Die Skyline in Karton graviert | Was Print bewirken kann.\",\"isPartOf\":{\"@id\":\"https:\/\/www.printweb.de\/digitaldruck\/#website\"},\"primaryImageOfPage\":{\"@id\":\"https:\/\/www.printweb.de\/digitaldruck\/feines-frankfurt-die-skyline-in-karton-graviert\/4569\/#primaryimage\"},\"image\":{\"@id\":\"https:\/\/www.printweb.de\/digitaldruck\/feines-frankfurt-die-skyline-in-karton-graviert\/4569\/#primaryimage\"},\"thumbnailUrl\":\"https:\/\/www.printweb.de\/digitaldruck\/wp-content\/uploads\/2011\/04\/Skyline-Frankfurt.jpg\",\"datePublished\":\"2011-04-18T07:46:51+00:00\",\"dateModified\":\"2012-08-27T07:19:24+00:00\",\"inLanguage\":\"de-DE\",\"potentialAction\":[{\"@type\":\"ReadAction\",\"target\":[\"https:\/\/www.printweb.de\/digitaldruck\/feines-frankfurt-die-skyline-in-karton-graviert\/4569\/\"]}]},{\"@type\":\"ImageObject\",\"inLanguage\":\"de-DE\",\"@id\":\"https:\/\/www.printweb.de\/digitaldruck\/feines-frankfurt-die-skyline-in-karton-graviert\/4569\/#primaryimage\",\"url\":\"https:\/\/www.printweb.de\/digitaldruck\/wp-content\/uploads\/2011\/04\/Skyline-Frankfurt.jpg\",\"contentUrl\":\"https:\/\/www.printweb.de\/digitaldruck\/wp-content\/uploads\/2011\/04\/Skyline-Frankfurt.jpg\",\"width\":3066,\"height\":1422},{\"@type\":\"WebSite\",\"@id\":\"https:\/\/www.printweb.de\/digitaldruck\/#website\",\"url\":\"https:\/\/www.printweb.de\/digitaldruck\/\",\"name\":\"Was Print bewirken kann.\",\"description\":\"Was Print bewirken kann \u2013 1700 Ideen.\",\"publisher\":{\"@id\":\"https:\/\/www.printweb.de\/digitaldruck\/#organization\"},\"potentialAction\":[{\"@type\":\"SearchAction\",\"target\":{\"@type\":\"EntryPoint\",\"urlTemplate\":\"https:\/\/www.printweb.de\/digitaldruck\/?s={search_term_string}\"},\"query-input\":\"required name=search_term_string\"}],\"inLanguage\":\"de-DE\"},{\"@type\":\"Organization\",\"@id\":\"https:\/\/www.printweb.de\/digitaldruck\/#organization\",\"name\":\"Colour Connection GmbH, printweb.de, Frankfurt am Main\",\"url\":\"https:\/\/www.printweb.de\/digitaldruck\/\",\"logo\":{\"@type\":\"ImageObject\",\"inLanguage\":\"de-DE\",\"@id\":\"https:\/\/www.printweb.de\/digitaldruck\/#\/schema\/logo\/image\/\",\"url\":\"https:\/\/www.printweb.de\/digitaldruck\/wp-content\/uploads\/2019\/11\/colour-connectio-printweb-logo.jpg\",\"contentUrl\":\"https:\/\/www.printweb.de\/digitaldruck\/wp-content\/uploads\/2019\/11\/colour-connectio-printweb-logo.jpg\",\"width\":1014,\"height\":229,\"caption\":\"Colour Connection GmbH, printweb.de, Frankfurt am Main\"},\"image\":{\"@id\":\"https:\/\/www.printweb.de\/digitaldruck\/#\/schema\/logo\/image\/\"},\"sameAs\":[\"https:\/\/www.facebook.com\/printweb.de\/\",\"https:\/\/x.com\/digitaldruck\",\"https:\/\/www.instagram.com\/printweb.de\/\",\"https:\/\/www.youtube.com\/user\/Digitaldruckerei\"]},{\"@type\":\"Person\",\"@id\":\"https:\/\/www.printweb.de\/digitaldruck\/#\/schema\/person\/0e0308818185589fb8602180e9273195\",\"name\":\"Ralph Hadem\",\"image\":{\"@type\":\"ImageObject\",\"inLanguage\":\"de-DE\",\"@id\":\"https:\/\/www.printweb.de\/digitaldruck\/#\/schema\/person\/image\/\",\"url\":\"https:\/\/secure.gravatar.com\/avatar\/386b1b183dce310c5ac8a8f475fdecd8?s=96&d=blank&r=g\",\"contentUrl\":\"https:\/\/secure.gravatar.com\/avatar\/386b1b183dce310c5ac8a8f475fdecd8?s=96&d=blank&r=g\",\"caption\":\"Ralph Hadem\"},\"sameAs\":[\"https:\/\/www.printweb.de\"],\"url\":\"https:\/\/www.printweb.de\/digitaldruck\/author\/ralphhadem\/\"}]}<\/script>\n<!-- \/ Yoast SEO plugin. -->","yoast_head_json":{"title":"Feines Frankfurt: Die Skyline in Karton graviert | Was Print bewirken kann.","robots":{"index":"index","follow":"follow","max-snippet":"max-snippet:-1","max-image-preview":"max-image-preview:large","max-video-preview":"max-video-preview:-1"},"canonical":"https:\/\/www.printweb.de\/digitaldruck\/feines-frankfurt-die-skyline-in-karton-graviert\/4569\/","og_locale":"de_DE","og_type":"article","og_title":"Feines Frankfurt: Die Skyline in Karton graviert | Was Print bewirken kann.","og_description":"Dass ein Laser nicht nur schneiden sondern auch ausgesprochen Edles gravieren kann, zeigt diese Finger\u00fcbung. Die Frankfurter Skyline ... mehr","og_url":"https:\/\/www.printweb.de\/digitaldruck\/feines-frankfurt-die-skyline-in-karton-graviert\/4569\/","og_site_name":"Was Print bewirken kann.","article_publisher":"https:\/\/www.facebook.com\/printweb.de\/","article_published_time":"2011-04-18T07:46:51+00:00","article_modified_time":"2012-08-27T07:19:24+00:00","og_image":[{"width":765,"height":490,"url":"https:\/\/www.printweb.de\/digitaldruck\/wp-content\/uploads\/2011\/04\/Skyline-Frankfurt-765x490.jpg","type":"image\/jpeg"}],"author":"Ralph Hadem","twitter_card":"summary_large_image","twitter_creator":"@digitaldruck","twitter_site":"@digitaldruck","twitter_misc":{"Verfasst von":"Ralph Hadem"},"schema":{"@context":"https:\/\/schema.org","@graph":[{"@type":"Article","@id":"https:\/\/www.printweb.de\/digitaldruck\/feines-frankfurt-die-skyline-in-karton-graviert\/4569\/#article","isPartOf":{"@id":"https:\/\/www.printweb.de\/digitaldruck\/feines-frankfurt-die-skyline-in-karton-graviert\/4569\/"},"author":{"name":"Ralph Hadem","@id":"https:\/\/www.printweb.de\/digitaldruck\/#\/schema\/person\/0e0308818185589fb8602180e9273195"},"headline":"Feines Frankfurt: Die Skyline in Karton graviert","datePublished":"2011-04-18T07:46:51+00:00","dateModified":"2012-08-27T07:19:24+00:00","mainEntityOfPage":{"@id":"https:\/\/www.printweb.de\/digitaldruck\/feines-frankfurt-die-skyline-in-karton-graviert\/4569\/"},"wordCount":94,"commentCount":2,"publisher":{"@id":"https:\/\/www.printweb.de\/digitaldruck\/#organization"},"image":{"@id":"https:\/\/www.printweb.de\/digitaldruck\/feines-frankfurt-die-skyline-in-karton-graviert\/4569\/#primaryimage"},"thumbnailUrl":"https:\/\/www.printweb.de\/digitaldruck\/wp-content\/uploads\/2011\/04\/Skyline-Frankfurt.jpg","articleSection":["Digitaldruck+Veredlung","Produktion, Beratung","Haptik-Highlights","Laserbearbeitung"],"inLanguage":"de-DE","potentialAction":[{"@type":"CommentAction","name":"Comment","target":["https:\/\/www.printweb.de\/digitaldruck\/feines-frankfurt-die-skyline-in-karton-graviert\/4569\/#respond"]}]},{"@type":"WebPage","@id":"https:\/\/www.printweb.de\/digitaldruck\/feines-frankfurt-die-skyline-in-karton-graviert\/4569\/","url":"https:\/\/www.printweb.de\/digitaldruck\/feines-frankfurt-die-skyline-in-karton-graviert\/4569\/","name":"Feines Frankfurt: Die Skyline in Karton graviert | Was Print bewirken kann.","isPartOf":{"@id":"https:\/\/www.printweb.de\/digitaldruck\/#website"},"primaryImageOfPage":{"@id":"https:\/\/www.printweb.de\/digitaldruck\/feines-frankfurt-die-skyline-in-karton-graviert\/4569\/#primaryimage"},"image":{"@id":"https:\/\/www.printweb.de\/digitaldruck\/feines-frankfurt-die-skyline-in-karton-graviert\/4569\/#primaryimage"},"thumbnailUrl":"https:\/\/www.printweb.de\/digitaldruck\/wp-content\/uploads\/2011\/04\/Skyline-Frankfurt.jpg","datePublished":"2011-04-18T07:46:51+00:00","dateModified":"2012-08-27T07:19:24+00:00","inLanguage":"de-DE","potentialAction":[{"@type":"ReadAction","target":["https:\/\/www.printweb.de\/digitaldruck\/feines-frankfurt-die-skyline-in-karton-graviert\/4569\/"]}]},{"@type":"ImageObject","inLanguage":"de-DE","@id":"https:\/\/www.printweb.de\/digitaldruck\/feines-frankfurt-die-skyline-in-karton-graviert\/4569\/#primaryimage","url":"https:\/\/www.printweb.de\/digitaldruck\/wp-content\/uploads\/2011\/04\/Skyline-Frankfurt.jpg","contentUrl":"https:\/\/www.printweb.de\/digitaldruck\/wp-content\/uploads\/2011\/04\/Skyline-Frankfurt.jpg","width":3066,"height":1422},{"@type":"WebSite","@id":"https:\/\/www.printweb.de\/digitaldruck\/#website","url":"https:\/\/www.printweb.de\/digitaldruck\/","name":"Was Print bewirken kann.","description":"Was Print bewirken kann \u2013 1700 Ideen.","publisher":{"@id":"https:\/\/www.printweb.de\/digitaldruck\/#organization"},"potentialAction":[{"@type":"SearchAction","target":{"@type":"EntryPoint","urlTemplate":"https:\/\/www.printweb.de\/digitaldruck\/?s={search_term_string}"},"query-input":"required name=search_term_string"}],"inLanguage":"de-DE"},{"@type":"Organization","@id":"https:\/\/www.printweb.de\/digitaldruck\/#organization","name":"Colour Connection GmbH, printweb.de, Frankfurt am Main","url":"https:\/\/www.printweb.de\/digitaldruck\/","logo":{"@type":"ImageObject","inLanguage":"de-DE","@id":"https:\/\/www.printweb.de\/digitaldruck\/#\/schema\/logo\/image\/","url":"https:\/\/www.printweb.de\/digitaldruck\/wp-content\/uploads\/2019\/11\/colour-connectio-printweb-logo.jpg","contentUrl":"https:\/\/www.printweb.de\/digitaldruck\/wp-content\/uploads\/2019\/11\/colour-connectio-printweb-logo.jpg","width":1014,"height":229,"caption":"Colour Connection GmbH, printweb.de, Frankfurt am Main"},"image":{"@id":"https:\/\/www.printweb.de\/digitaldruck\/#\/schema\/logo\/image\/"},"sameAs":["https:\/\/www.facebook.com\/printweb.de\/","https:\/\/x.com\/digitaldruck","https:\/\/www.instagram.com\/printweb.de\/","https:\/\/www.youtube.com\/user\/Digitaldruckerei"]},{"@type":"Person","@id":"https:\/\/www.printweb.de\/digitaldruck\/#\/schema\/person\/0e0308818185589fb8602180e9273195","name":"Ralph Hadem","image":{"@type":"ImageObject","inLanguage":"de-DE","@id":"https:\/\/www.printweb.de\/digitaldruck\/#\/schema\/person\/image\/","url":"https:\/\/secure.gravatar.com\/avatar\/386b1b183dce310c5ac8a8f475fdecd8?s=96&d=blank&r=g","contentUrl":"https:\/\/secure.gravatar.com\/avatar\/386b1b183dce310c5ac8a8f475fdecd8?s=96&d=blank&r=g","caption":"Ralph Hadem"},"sameAs":["https:\/\/www.printweb.de"],"url":"https:\/\/www.printweb.de\/digitaldruck\/author\/ralphhadem\/"}]}},"_links":{"self":[{"href":"https:\/\/www.printweb.de\/digitaldruck\/wp-json\/wp\/v2\/posts\/4569"}],"collection":[{"href":"https:\/\/www.printweb.de\/digitaldruck\/wp-json\/wp\/v2\/posts"}],"about":[{"href":"https:\/\/www.printweb.de\/digitaldruck\/wp-json\/wp\/v2\/types\/post"}],"author":[{"embeddable":true,"href":"https:\/\/www.printweb.de\/digitaldruck\/wp-json\/wp\/v2\/users\/2"}],"replies":[{"embeddable":true,"href":"https:\/\/www.printweb.de\/digitaldruck\/wp-json\/wp\/v2\/comments?post=4569"}],"version-history":[{"count":6,"href":"https:\/\/www.printweb.de\/digitaldruck\/wp-json\/wp\/v2\/posts\/4569\/revisions"}],"predecessor-version":[{"id":6433,"href":"https:\/\/www.printweb.de\/digitaldruck\/wp-json\/wp\/v2\/posts\/4569\/revisions\/6433"}],"wp:featuredmedia":[{"embeddable":true,"href":"https:\/\/www.printweb.de\/digitaldruck\/wp-json\/wp\/v2\/media\/4570"}],"wp:attachment":[{"href":"https:\/\/www.printweb.de\/digitaldruck\/wp-json\/wp\/v2\/media?parent=4569"}],"wp:term":[{"taxonomy":"category","embeddable":true,"href":"https:\/\/www.printweb.de\/digitaldruck\/wp-json\/wp\/v2\/categories?post=4569"},{"taxonomy":"post_tag","embeddable":true,"href":"https:\/\/www.printweb.de\/digitaldruck\/wp-json\/wp\/v2\/tags?post=4569"}],"curies":[{"name":"wp","href":"https:\/\/api.w.org\/{rel}","templated":true}]}}