{"id":4592,"date":"2011-05-01T15:58:44","date_gmt":"2011-05-01T13:58:44","guid":{"rendered":"https:\/\/www.printweb.de\/digitaldruck\/?p=4592"},"modified":"2011-05-01T15:58:44","modified_gmt":"2011-05-01T13:58:44","slug":"lieber-marke-als-mensch","status":"publish","type":"post","link":"https:\/\/www.printweb.de\/digitaldruck\/lieber-marke-als-mensch\/4592\/","title":{"rendered":"Lieber Marke als Mensch?"},"content":{"rendered":"<p>In einem Beitrag \u00fcber Industriellen-Dynastien in Nordrhein-Westfalen habe ich einen sehr interessanten Auspruch einer Dame geh\u00f6rt, die, gemeinsam mit zahlreichen anderen Personen, die jetzigen Eigent\u00fcmer des Oetker-Konzerns stellt. Sie sagte in einem Interview, dass sie manchmal lieber eine Marke als ein Mensch w\u00e4re. Mit Marken w\u00fcrde freundlicher umgegangen, sie w\u00fcrden gehegt und gepflegt und es w\u00fcrde alles unternommen, damit es Ihnen gut ergeht und sie vor Kraft und Gesundheit nur so strotzen. Dieser Ausspruch sagt einiges \u00fcber den Umgang des Oetker-Konzerns mit seinen Marken aus. Und einiges dar\u00fcber, dass auch mit dem Namen Oetker nicht alles Gold ist, was gl\u00e4nzt &#8230;<\/p>\n","protected":false},"excerpt":{"rendered":"In einem Beitrag \u00fcber Industriellen-Dynastien in Nordrhein-Westfalen habe ich einen sehr interessanten Auspruch einer Dame geh\u00f6rt, die, gemeinsam &#8230; <br><br><a class=\"readmore\" href=\"https:\/\/www.printweb.de\/digitaldruck\/lieber-marke-als-mensch\/4592\/\">mehr<\/a>","protected":false},"author":2,"featured_media":11574,"comment_status":"open","ping_status":"open","sticky":false,"template":"","format":"standard","meta":{"_acf_changed":false,"footnotes":""},"categories":[1,30],"tags":[],"class_list":["post-4592","post","type-post","status-publish","format-standard","has-post-thumbnail","hentry","category-alle-beitraege","category-passiert-notiert"],"acf":[],"yoast_head":"<!-- This site is optimized with the Yoast SEO plugin v23.1 - https:\/\/yoast.com\/wordpress\/plugins\/seo\/ -->\n<title>Lieber Marke als Mensch? | Was Print bewirken kann.<\/title>\n<meta name=\"robots\" content=\"index, follow, max-snippet:-1, max-image-preview:large, max-video-preview:-1\" \/>\n<link rel=\"canonical\" href=\"https:\/\/www.printweb.de\/digitaldruck\/lieber-marke-als-mensch\/4592\/\" \/>\n<meta property=\"og:locale\" content=\"de_DE\" \/>\n<meta property=\"og:type\" content=\"article\" \/>\n<meta property=\"og:title\" content=\"Lieber Marke als Mensch? | Was Print bewirken kann.\" \/>\n<meta property=\"og:description\" content=\"In einem Beitrag \u00fcber Industriellen-Dynastien in Nordrhein-Westfalen habe ich einen sehr interessanten Auspruch einer Dame geh\u00f6rt, die, gemeinsam ... mehr\" \/>\n<meta property=\"og:url\" content=\"https:\/\/www.printweb.de\/digitaldruck\/lieber-marke-als-mensch\/4592\/\" \/>\n<meta property=\"og:site_name\" content=\"Was Print bewirken kann.\" \/>\n<meta property=\"article:publisher\" content=\"https:\/\/www.facebook.com\/printweb.de\/\" \/>\n<meta property=\"article:published_time\" content=\"2011-05-01T13:58:44+00:00\" \/>\n<meta property=\"og:image\" content=\"https:\/\/www.printweb.de\/digitaldruck\/wp-content\/uploads\/2015\/07\/col_blog_ph.jpg\" \/>\n\t<meta property=\"og:image:width\" content=\"683\" \/>\n\t<meta property=\"og:image:height\" content=\"437\" \/>\n\t<meta property=\"og:image:type\" content=\"image\/jpeg\" \/>\n<meta name=\"author\" content=\"Ralph Hadem\" \/>\n<meta name=\"twitter:card\" content=\"summary_large_image\" \/>\n<meta name=\"twitter:creator\" content=\"@digitaldruck\" \/>\n<meta name=\"twitter:site\" content=\"@digitaldruck\" \/>\n<meta name=\"twitter:label1\" content=\"Verfasst von\" \/>\n\t<meta name=\"twitter:data1\" content=\"Ralph Hadem\" \/>\n\t<meta name=\"twitter:label2\" content=\"Gesch\u00e4tzte Lesezeit\" \/>\n\t<meta name=\"twitter:data2\" content=\"1 Minute\" \/>\n<script type=\"application\/ld+json\" class=\"yoast-schema-graph\">{\"@context\":\"https:\/\/schema.org\",\"@graph\":[{\"@type\":\"Article\",\"@id\":\"https:\/\/www.printweb.de\/digitaldruck\/lieber-marke-als-mensch\/4592\/#article\",\"isPartOf\":{\"@id\":\"https:\/\/www.printweb.de\/digitaldruck\/lieber-marke-als-mensch\/4592\/\"},\"author\":{\"name\":\"Ralph Hadem\",\"@id\":\"https:\/\/www.printweb.de\/digitaldruck\/#\/schema\/person\/0e0308818185589fb8602180e9273195\"},\"headline\":\"Lieber Marke als Mensch?\",\"datePublished\":\"2011-05-01T13:58:44+00:00\",\"dateModified\":\"2011-05-01T13:58:44+00:00\",\"mainEntityOfPage\":{\"@id\":\"https:\/\/www.printweb.de\/digitaldruck\/lieber-marke-als-mensch\/4592\/\"},\"wordCount\":112,\"commentCount\":0,\"publisher\":{\"@id\":\"https:\/\/www.printweb.de\/digitaldruck\/#organization\"},\"image\":{\"@id\":\"https:\/\/www.printweb.de\/digitaldruck\/lieber-marke-als-mensch\/4592\/#primaryimage\"},\"thumbnailUrl\":\"https:\/\/www.printweb.de\/digitaldruck\/wp-content\/uploads\/2015\/07\/col_blog_ph.jpg\",\"articleSection\":[\"Digitaldruck+Veredlung\",\"Passiert - notiert\"],\"inLanguage\":\"de-DE\",\"potentialAction\":[{\"@type\":\"CommentAction\",\"name\":\"Comment\",\"target\":[\"https:\/\/www.printweb.de\/digitaldruck\/lieber-marke-als-mensch\/4592\/#respond\"]}]},{\"@type\":\"WebPage\",\"@id\":\"https:\/\/www.printweb.de\/digitaldruck\/lieber-marke-als-mensch\/4592\/\",\"url\":\"https:\/\/www.printweb.de\/digitaldruck\/lieber-marke-als-mensch\/4592\/\",\"name\":\"Lieber Marke als Mensch? | Was Print bewirken kann.\",\"isPartOf\":{\"@id\":\"https:\/\/www.printweb.de\/digitaldruck\/#website\"},\"primaryImageOfPage\":{\"@id\":\"https:\/\/www.printweb.de\/digitaldruck\/lieber-marke-als-mensch\/4592\/#primaryimage\"},\"image\":{\"@id\":\"https:\/\/www.printweb.de\/digitaldruck\/lieber-marke-als-mensch\/4592\/#primaryimage\"},\"thumbnailUrl\":\"https:\/\/www.printweb.de\/digitaldruck\/wp-content\/uploads\/2015\/07\/col_blog_ph.jpg\",\"datePublished\":\"2011-05-01T13:58:44+00:00\",\"dateModified\":\"2011-05-01T13:58:44+00:00\",\"inLanguage\":\"de-DE\",\"potentialAction\":[{\"@type\":\"ReadAction\",\"target\":[\"https:\/\/www.printweb.de\/digitaldruck\/lieber-marke-als-mensch\/4592\/\"]}]},{\"@type\":\"ImageObject\",\"inLanguage\":\"de-DE\",\"@id\":\"https:\/\/www.printweb.de\/digitaldruck\/lieber-marke-als-mensch\/4592\/#primaryimage\",\"url\":\"https:\/\/www.printweb.de\/digitaldruck\/wp-content\/uploads\/2015\/07\/col_blog_ph.jpg\",\"contentUrl\":\"https:\/\/www.printweb.de\/digitaldruck\/wp-content\/uploads\/2015\/07\/col_blog_ph.jpg\",\"width\":683,\"height\":437},{\"@type\":\"WebSite\",\"@id\":\"https:\/\/www.printweb.de\/digitaldruck\/#website\",\"url\":\"https:\/\/www.printweb.de\/digitaldruck\/\",\"name\":\"Was Print bewirken kann.\",\"description\":\"Was Print bewirken kann \u2013 1700 Ideen.\",\"publisher\":{\"@id\":\"https:\/\/www.printweb.de\/digitaldruck\/#organization\"},\"potentialAction\":[{\"@type\":\"SearchAction\",\"target\":{\"@type\":\"EntryPoint\",\"urlTemplate\":\"https:\/\/www.printweb.de\/digitaldruck\/?s={search_term_string}\"},\"query-input\":\"required name=search_term_string\"}],\"inLanguage\":\"de-DE\"},{\"@type\":\"Organization\",\"@id\":\"https:\/\/www.printweb.de\/digitaldruck\/#organization\",\"name\":\"Colour Connection GmbH, printweb.de, Frankfurt am Main\",\"url\":\"https:\/\/www.printweb.de\/digitaldruck\/\",\"logo\":{\"@type\":\"ImageObject\",\"inLanguage\":\"de-DE\",\"@id\":\"https:\/\/www.printweb.de\/digitaldruck\/#\/schema\/logo\/image\/\",\"url\":\"https:\/\/www.printweb.de\/digitaldruck\/wp-content\/uploads\/2019\/11\/colour-connectio-printweb-logo.jpg\",\"contentUrl\":\"https:\/\/www.printweb.de\/digitaldruck\/wp-content\/uploads\/2019\/11\/colour-connectio-printweb-logo.jpg\",\"width\":1014,\"height\":229,\"caption\":\"Colour Connection GmbH, printweb.de, Frankfurt am Main\"},\"image\":{\"@id\":\"https:\/\/www.printweb.de\/digitaldruck\/#\/schema\/logo\/image\/\"},\"sameAs\":[\"https:\/\/www.facebook.com\/printweb.de\/\",\"https:\/\/x.com\/digitaldruck\",\"https:\/\/www.instagram.com\/printweb.de\/\",\"https:\/\/www.youtube.com\/user\/Digitaldruckerei\"]},{\"@type\":\"Person\",\"@id\":\"https:\/\/www.printweb.de\/digitaldruck\/#\/schema\/person\/0e0308818185589fb8602180e9273195\",\"name\":\"Ralph Hadem\",\"image\":{\"@type\":\"ImageObject\",\"inLanguage\":\"de-DE\",\"@id\":\"https:\/\/www.printweb.de\/digitaldruck\/#\/schema\/person\/image\/\",\"url\":\"https:\/\/secure.gravatar.com\/avatar\/386b1b183dce310c5ac8a8f475fdecd8?s=96&d=blank&r=g\",\"contentUrl\":\"https:\/\/secure.gravatar.com\/avatar\/386b1b183dce310c5ac8a8f475fdecd8?s=96&d=blank&r=g\",\"caption\":\"Ralph Hadem\"},\"sameAs\":[\"https:\/\/www.printweb.de\"],\"url\":\"https:\/\/www.printweb.de\/digitaldruck\/author\/ralphhadem\/\"}]}<\/script>\n<!-- \/ Yoast SEO plugin. -->","yoast_head_json":{"title":"Lieber Marke als Mensch? | Was Print bewirken kann.","robots":{"index":"index","follow":"follow","max-snippet":"max-snippet:-1","max-image-preview":"max-image-preview:large","max-video-preview":"max-video-preview:-1"},"canonical":"https:\/\/www.printweb.de\/digitaldruck\/lieber-marke-als-mensch\/4592\/","og_locale":"de_DE","og_type":"article","og_title":"Lieber Marke als Mensch? | Was Print bewirken kann.","og_description":"In einem Beitrag \u00fcber Industriellen-Dynastien in Nordrhein-Westfalen habe ich einen sehr interessanten Auspruch einer Dame geh\u00f6rt, die, gemeinsam ... mehr","og_url":"https:\/\/www.printweb.de\/digitaldruck\/lieber-marke-als-mensch\/4592\/","og_site_name":"Was Print bewirken kann.","article_publisher":"https:\/\/www.facebook.com\/printweb.de\/","article_published_time":"2011-05-01T13:58:44+00:00","og_image":[{"width":683,"height":437,"url":"https:\/\/www.printweb.de\/digitaldruck\/wp-content\/uploads\/2015\/07\/col_blog_ph.jpg","type":"image\/jpeg"}],"author":"Ralph Hadem","twitter_card":"summary_large_image","twitter_creator":"@digitaldruck","twitter_site":"@digitaldruck","twitter_misc":{"Verfasst von":"Ralph Hadem","Gesch\u00e4tzte Lesezeit":"1 Minute"},"schema":{"@context":"https:\/\/schema.org","@graph":[{"@type":"Article","@id":"https:\/\/www.printweb.de\/digitaldruck\/lieber-marke-als-mensch\/4592\/#article","isPartOf":{"@id":"https:\/\/www.printweb.de\/digitaldruck\/lieber-marke-als-mensch\/4592\/"},"author":{"name":"Ralph Hadem","@id":"https:\/\/www.printweb.de\/digitaldruck\/#\/schema\/person\/0e0308818185589fb8602180e9273195"},"headline":"Lieber Marke als Mensch?","datePublished":"2011-05-01T13:58:44+00:00","dateModified":"2011-05-01T13:58:44+00:00","mainEntityOfPage":{"@id":"https:\/\/www.printweb.de\/digitaldruck\/lieber-marke-als-mensch\/4592\/"},"wordCount":112,"commentCount":0,"publisher":{"@id":"https:\/\/www.printweb.de\/digitaldruck\/#organization"},"image":{"@id":"https:\/\/www.printweb.de\/digitaldruck\/lieber-marke-als-mensch\/4592\/#primaryimage"},"thumbnailUrl":"https:\/\/www.printweb.de\/digitaldruck\/wp-content\/uploads\/2015\/07\/col_blog_ph.jpg","articleSection":["Digitaldruck+Veredlung","Passiert - notiert"],"inLanguage":"de-DE","potentialAction":[{"@type":"CommentAction","name":"Comment","target":["https:\/\/www.printweb.de\/digitaldruck\/lieber-marke-als-mensch\/4592\/#respond"]}]},{"@type":"WebPage","@id":"https:\/\/www.printweb.de\/digitaldruck\/lieber-marke-als-mensch\/4592\/","url":"https:\/\/www.printweb.de\/digitaldruck\/lieber-marke-als-mensch\/4592\/","name":"Lieber Marke als Mensch? | Was Print bewirken kann.","isPartOf":{"@id":"https:\/\/www.printweb.de\/digitaldruck\/#website"},"primaryImageOfPage":{"@id":"https:\/\/www.printweb.de\/digitaldruck\/lieber-marke-als-mensch\/4592\/#primaryimage"},"image":{"@id":"https:\/\/www.printweb.de\/digitaldruck\/lieber-marke-als-mensch\/4592\/#primaryimage"},"thumbnailUrl":"https:\/\/www.printweb.de\/digitaldruck\/wp-content\/uploads\/2015\/07\/col_blog_ph.jpg","datePublished":"2011-05-01T13:58:44+00:00","dateModified":"2011-05-01T13:58:44+00:00","inLanguage":"de-DE","potentialAction":[{"@type":"ReadAction","target":["https:\/\/www.printweb.de\/digitaldruck\/lieber-marke-als-mensch\/4592\/"]}]},{"@type":"ImageObject","inLanguage":"de-DE","@id":"https:\/\/www.printweb.de\/digitaldruck\/lieber-marke-als-mensch\/4592\/#primaryimage","url":"https:\/\/www.printweb.de\/digitaldruck\/wp-content\/uploads\/2015\/07\/col_blog_ph.jpg","contentUrl":"https:\/\/www.printweb.de\/digitaldruck\/wp-content\/uploads\/2015\/07\/col_blog_ph.jpg","width":683,"height":437},{"@type":"WebSite","@id":"https:\/\/www.printweb.de\/digitaldruck\/#website","url":"https:\/\/www.printweb.de\/digitaldruck\/","name":"Was Print bewirken kann.","description":"Was Print bewirken kann \u2013 1700 Ideen.","publisher":{"@id":"https:\/\/www.printweb.de\/digitaldruck\/#organization"},"potentialAction":[{"@type":"SearchAction","target":{"@type":"EntryPoint","urlTemplate":"https:\/\/www.printweb.de\/digitaldruck\/?s={search_term_string}"},"query-input":"required name=search_term_string"}],"inLanguage":"de-DE"},{"@type":"Organization","@id":"https:\/\/www.printweb.de\/digitaldruck\/#organization","name":"Colour Connection GmbH, printweb.de, Frankfurt am Main","url":"https:\/\/www.printweb.de\/digitaldruck\/","logo":{"@type":"ImageObject","inLanguage":"de-DE","@id":"https:\/\/www.printweb.de\/digitaldruck\/#\/schema\/logo\/image\/","url":"https:\/\/www.printweb.de\/digitaldruck\/wp-content\/uploads\/2019\/11\/colour-connectio-printweb-logo.jpg","contentUrl":"https:\/\/www.printweb.de\/digitaldruck\/wp-content\/uploads\/2019\/11\/colour-connectio-printweb-logo.jpg","width":1014,"height":229,"caption":"Colour Connection GmbH, printweb.de, Frankfurt am Main"},"image":{"@id":"https:\/\/www.printweb.de\/digitaldruck\/#\/schema\/logo\/image\/"},"sameAs":["https:\/\/www.facebook.com\/printweb.de\/","https:\/\/x.com\/digitaldruck","https:\/\/www.instagram.com\/printweb.de\/","https:\/\/www.youtube.com\/user\/Digitaldruckerei"]},{"@type":"Person","@id":"https:\/\/www.printweb.de\/digitaldruck\/#\/schema\/person\/0e0308818185589fb8602180e9273195","name":"Ralph Hadem","image":{"@type":"ImageObject","inLanguage":"de-DE","@id":"https:\/\/www.printweb.de\/digitaldruck\/#\/schema\/person\/image\/","url":"https:\/\/secure.gravatar.com\/avatar\/386b1b183dce310c5ac8a8f475fdecd8?s=96&d=blank&r=g","contentUrl":"https:\/\/secure.gravatar.com\/avatar\/386b1b183dce310c5ac8a8f475fdecd8?s=96&d=blank&r=g","caption":"Ralph Hadem"},"sameAs":["https:\/\/www.printweb.de"],"url":"https:\/\/www.printweb.de\/digitaldruck\/author\/ralphhadem\/"}]}},"_links":{"self":[{"href":"https:\/\/www.printweb.de\/digitaldruck\/wp-json\/wp\/v2\/posts\/4592"}],"collection":[{"href":"https:\/\/www.printweb.de\/digitaldruck\/wp-json\/wp\/v2\/posts"}],"about":[{"href":"https:\/\/www.printweb.de\/digitaldruck\/wp-json\/wp\/v2\/types\/post"}],"author":[{"embeddable":true,"href":"https:\/\/www.printweb.de\/digitaldruck\/wp-json\/wp\/v2\/users\/2"}],"replies":[{"embeddable":true,"href":"https:\/\/www.printweb.de\/digitaldruck\/wp-json\/wp\/v2\/comments?post=4592"}],"version-history":[{"count":2,"href":"https:\/\/www.printweb.de\/digitaldruck\/wp-json\/wp\/v2\/posts\/4592\/revisions"}],"predecessor-version":[{"id":4594,"href":"https:\/\/www.printweb.de\/digitaldruck\/wp-json\/wp\/v2\/posts\/4592\/revisions\/4594"}],"wp:featuredmedia":[{"embeddable":true,"href":"https:\/\/www.printweb.de\/digitaldruck\/wp-json\/wp\/v2\/media\/11574"}],"wp:attachment":[{"href":"https:\/\/www.printweb.de\/digitaldruck\/wp-json\/wp\/v2\/media?parent=4592"}],"wp:term":[{"taxonomy":"category","embeddable":true,"href":"https:\/\/www.printweb.de\/digitaldruck\/wp-json\/wp\/v2\/categories?post=4592"},{"taxonomy":"post_tag","embeddable":true,"href":"https:\/\/www.printweb.de\/digitaldruck\/wp-json\/wp\/v2\/tags?post=4592"}],"curies":[{"name":"wp","href":"https:\/\/api.w.org\/{rel}","templated":true}]}}