{"id":4808,"date":"2011-07-22T12:17:15","date_gmt":"2011-07-22T10:17:15","guid":{"rendered":"https:\/\/www.printweb.de\/digitaldruck\/?p=4808"},"modified":"2011-09-07T10:28:44","modified_gmt":"2011-09-07T08:28:44","slug":"unser-showroom-wird-erweitert","status":"publish","type":"post","link":"https:\/\/www.printweb.de\/digitaldruck\/unser-showroom-wird-erweitert\/4808\/","title":{"rendered":"Unser Showroom wird erweitert"},"content":{"rendered":"<p>Die Menge an au\u00dfergew\u00f6hnlichen Drucksachen und Materialien bei uns w\u00e4chst rapide. Und der Showroom gleicht immer mehr einem Edel-Lager. Das kann so nicht weiter gehen. Wir installieren neue Schr\u00e4nke und Vitrinen und best\u00fccken die mit einem Lagersystem, in dem sich auch gr\u00f6\u00dfere Mengen Muster sinnvoll archivieren und, man h\u00f6re und staune, auch wiederfinden lassen. In fr\u00fcheren Beitr\u00e4gen gab es schon <a href=\"https:\/\/www.printweb.de\/digitaldruck\/?s=showroom\" target=\"_blank\">Bilder<\/a>, die, gegen\u00fcber heute, einen spartanisch anmutenden\u00a0 Showroom zeigen. Besonders wenn man das Bild mit dem heutigen Zustand vergleicht, wird der Unterschied deutlich. Neue Bilder gibt es erst, wenn alles steht &#8230;<\/p>\n<p>Update: Hier kommen jetzt die Bilder.<\/p>\n<p style=\"text-align: center;\"><a href=\"https:\/\/www.printweb.de\/digitaldruck\/wp-content\/uploads\/2011\/07\/P1020987.jpg\" target=\"_blank\"><img decoding=\"async\" class=\"size-thumbnail wp-image-4902 aligncenter\" title=\"P1020987\" src=\"https:\/\/www.printweb.de\/digitaldruck\/wp-content\/uploads\/2011\/07\/P1020987-765x512.jpg\" alt=\"\" width=\"653\" height=\"437\" srcset=\"https:\/\/www.printweb.de\/digitaldruck\/wp-content\/uploads\/2011\/07\/P1020987-765x512.jpg 765w, https:\/\/www.printweb.de\/digitaldruck\/wp-content\/uploads\/2011\/07\/P1020987-768x514.jpg 768w, https:\/\/www.printweb.de\/digitaldruck\/wp-content\/uploads\/2011\/07\/P1020987-732x490.jpg 732w\" sizes=\"(max-width: 653px) 100vw, 653px\" \/><\/a><\/p>\n<p style=\"text-align: center;\"><a href=\"https:\/\/www.printweb.de\/digitaldruck\/wp-content\/uploads\/2011\/07\/P1020982.jpg\"><img decoding=\"async\" class=\"size-thumbnail wp-image-4903 aligncenter\" title=\"P1020982\" src=\"https:\/\/www.printweb.de\/digitaldruck\/wp-content\/uploads\/2011\/07\/P1020982-765x517.jpg\" alt=\"\" width=\"647\" height=\"437\" srcset=\"https:\/\/www.printweb.de\/digitaldruck\/wp-content\/uploads\/2011\/07\/P1020982-765x517.jpg 765w, https:\/\/www.printweb.de\/digitaldruck\/wp-content\/uploads\/2011\/07\/P1020982-768x519.jpg 768w, https:\/\/www.printweb.de\/digitaldruck\/wp-content\/uploads\/2011\/07\/P1020982-724x490.jpg 724w\" sizes=\"(max-width: 647px) 100vw, 647px\" \/><\/a><\/p>\n<p style=\"text-align: center;\"><a href=\"https:\/\/www.printweb.de\/digitaldruck\/wp-content\/uploads\/2011\/07\/P1020984.jpg\" target=\"_blank\"><img decoding=\"async\" class=\"size-thumbnail wp-image-4904 aligncenter\" title=\"P1020984\" src=\"https:\/\/www.printweb.de\/digitaldruck\/wp-content\/uploads\/2011\/07\/P1020984-765x636.jpg\" alt=\"\" width=\"526\" height=\"437\" srcset=\"https:\/\/www.printweb.de\/digitaldruck\/wp-content\/uploads\/2011\/07\/P1020984-765x636.jpg 765w, https:\/\/www.printweb.de\/digitaldruck\/wp-content\/uploads\/2011\/07\/P1020984-768x638.jpg 768w, https:\/\/www.printweb.de\/digitaldruck\/wp-content\/uploads\/2011\/07\/P1020984-590x490.jpg 590w\" sizes=\"(max-width: 526px) 100vw, 526px\" \/><\/a><\/p>\n<p style=\"text-align: center;\"><a href=\"https:\/\/www.printweb.de\/digitaldruck\/wp-content\/uploads\/2011\/07\/P1020985.jpg\"><img decoding=\"async\" class=\"size-thumbnail wp-image-4905 aligncenter\" title=\"P1020985\" src=\"https:\/\/www.printweb.de\/digitaldruck\/wp-content\/uploads\/2011\/07\/P1020985-765x574.jpg\" alt=\"\" width=\"582\" height=\"437\" srcset=\"https:\/\/www.printweb.de\/digitaldruck\/wp-content\/uploads\/2011\/07\/P1020985-765x574.jpg 765w, https:\/\/www.printweb.de\/digitaldruck\/wp-content\/uploads\/2011\/07\/P1020985-768x576.jpg 768w, https:\/\/www.printweb.de\/digitaldruck\/wp-content\/uploads\/2011\/07\/P1020985-653x490.jpg 653w, https:\/\/www.printweb.de\/digitaldruck\/wp-content\/uploads\/2011\/07\/P1020985-320x240.jpg 320w\" sizes=\"(max-width: 582px) 100vw, 582px\" \/><\/a><\/p>\n<p style=\"text-align: center;\"><a href=\"https:\/\/www.printweb.de\/digitaldruck\/wp-content\/uploads\/2011\/07\/P1020986.jpg\" target=\"_blank\"><img decoding=\"async\" class=\"size-thumbnail-vertikal wp-image-4906\" title=\"P1020986\" src=\"https:\/\/www.printweb.de\/digitaldruck\/wp-content\/uploads\/2011\/07\/P1020986-368x490.jpg\" alt=\"\" width=\"368\" height=\"490\" srcset=\"https:\/\/www.printweb.de\/digitaldruck\/wp-content\/uploads\/2011\/07\/P1020986-368x490.jpg 368w, https:\/\/www.printweb.de\/digitaldruck\/wp-content\/uploads\/2011\/07\/P1020986-765x1020.jpg 765w, https:\/\/www.printweb.de\/digitaldruck\/wp-content\/uploads\/2011\/07\/P1020986-768x1024.jpg 768w\" sizes=\"(max-width: 368px) 100vw, 368px\" \/><\/a><\/p>\n","protected":false},"excerpt":{"rendered":"Die Menge an au\u00dfergew\u00f6hnlichen Drucksachen und Materialien bei uns w\u00e4chst rapide. Und der Showroom gleicht immer mehr einem &#8230; <br><br><a class=\"readmore\" href=\"https:\/\/www.printweb.de\/digitaldruck\/unser-showroom-wird-erweitert\/4808\/\">mehr<\/a>","protected":false},"author":2,"featured_media":4902,"comment_status":"open","ping_status":"open","sticky":false,"template":"","format":"standard","meta":{"_acf_changed":false,"footnotes":""},"categories":[1,30],"tags":[],"class_list":["post-4808","post","type-post","status-publish","format-standard","has-post-thumbnail","hentry","category-alle-beitraege","category-passiert-notiert"],"acf":[],"yoast_head":"<!-- This site is optimized with the Yoast SEO plugin v23.1 - https:\/\/yoast.com\/wordpress\/plugins\/seo\/ -->\n<title>Unser Showroom wird erweitert | Was Print bewirken kann.<\/title>\n<meta name=\"robots\" content=\"index, follow, max-snippet:-1, max-image-preview:large, max-video-preview:-1\" \/>\n<link rel=\"canonical\" href=\"https:\/\/www.printweb.de\/digitaldruck\/unser-showroom-wird-erweitert\/4808\/\" \/>\n<meta property=\"og:locale\" content=\"de_DE\" \/>\n<meta property=\"og:type\" content=\"article\" \/>\n<meta property=\"og:title\" content=\"Unser Showroom wird erweitert | Was Print bewirken kann.\" \/>\n<meta property=\"og:description\" content=\"Die Menge an au\u00dfergew\u00f6hnlichen Drucksachen und Materialien bei uns w\u00e4chst rapide. Und der Showroom gleicht immer mehr einem ... mehr\" \/>\n<meta property=\"og:url\" content=\"https:\/\/www.printweb.de\/digitaldruck\/unser-showroom-wird-erweitert\/4808\/\" \/>\n<meta property=\"og:site_name\" content=\"Was Print bewirken kann.\" \/>\n<meta property=\"article:publisher\" content=\"https:\/\/www.facebook.com\/printweb.de\/\" \/>\n<meta property=\"article:published_time\" content=\"2011-07-22T10:17:15+00:00\" \/>\n<meta property=\"article:modified_time\" content=\"2011-09-07T08:28:44+00:00\" \/>\n<meta property=\"og:image\" content=\"https:\/\/www.printweb.de\/digitaldruck\/wp-content\/uploads\/2011\/07\/P1020987-765x490.jpg\" \/>\n\t<meta property=\"og:image:width\" content=\"765\" \/>\n\t<meta property=\"og:image:height\" content=\"490\" \/>\n\t<meta property=\"og:image:type\" content=\"image\/jpeg\" \/>\n<meta name=\"author\" content=\"Ralph Hadem\" \/>\n<meta name=\"twitter:card\" content=\"summary_large_image\" \/>\n<meta name=\"twitter:creator\" content=\"@digitaldruck\" \/>\n<meta name=\"twitter:site\" content=\"@digitaldruck\" \/>\n<meta name=\"twitter:label1\" content=\"Verfasst von\" \/>\n\t<meta name=\"twitter:data1\" content=\"Ralph Hadem\" \/>\n\t<meta name=\"twitter:label2\" content=\"Gesch\u00e4tzte Lesezeit\" \/>\n\t<meta name=\"twitter:data2\" content=\"1 Minute\" \/>\n<script type=\"application\/ld+json\" class=\"yoast-schema-graph\">{\"@context\":\"https:\/\/schema.org\",\"@graph\":[{\"@type\":\"Article\",\"@id\":\"https:\/\/www.printweb.de\/digitaldruck\/unser-showroom-wird-erweitert\/4808\/#article\",\"isPartOf\":{\"@id\":\"https:\/\/www.printweb.de\/digitaldruck\/unser-showroom-wird-erweitert\/4808\/\"},\"author\":{\"name\":\"Ralph Hadem\",\"@id\":\"https:\/\/www.printweb.de\/digitaldruck\/#\/schema\/person\/0e0308818185589fb8602180e9273195\"},\"headline\":\"Unser Showroom wird erweitert\",\"datePublished\":\"2011-07-22T10:17:15+00:00\",\"dateModified\":\"2011-09-07T08:28:44+00:00\",\"mainEntityOfPage\":{\"@id\":\"https:\/\/www.printweb.de\/digitaldruck\/unser-showroom-wird-erweitert\/4808\/\"},\"wordCount\":111,\"commentCount\":0,\"publisher\":{\"@id\":\"https:\/\/www.printweb.de\/digitaldruck\/#organization\"},\"image\":{\"@id\":\"https:\/\/www.printweb.de\/digitaldruck\/unser-showroom-wird-erweitert\/4808\/#primaryimage\"},\"thumbnailUrl\":\"https:\/\/www.printweb.de\/digitaldruck\/wp-content\/uploads\/2011\/07\/P1020987.jpg\",\"articleSection\":[\"Digitaldruck+Veredlung\",\"Passiert - notiert\"],\"inLanguage\":\"de-DE\",\"potentialAction\":[{\"@type\":\"CommentAction\",\"name\":\"Comment\",\"target\":[\"https:\/\/www.printweb.de\/digitaldruck\/unser-showroom-wird-erweitert\/4808\/#respond\"]}]},{\"@type\":\"WebPage\",\"@id\":\"https:\/\/www.printweb.de\/digitaldruck\/unser-showroom-wird-erweitert\/4808\/\",\"url\":\"https:\/\/www.printweb.de\/digitaldruck\/unser-showroom-wird-erweitert\/4808\/\",\"name\":\"Unser Showroom wird erweitert | Was Print bewirken kann.\",\"isPartOf\":{\"@id\":\"https:\/\/www.printweb.de\/digitaldruck\/#website\"},\"primaryImageOfPage\":{\"@id\":\"https:\/\/www.printweb.de\/digitaldruck\/unser-showroom-wird-erweitert\/4808\/#primaryimage\"},\"image\":{\"@id\":\"https:\/\/www.printweb.de\/digitaldruck\/unser-showroom-wird-erweitert\/4808\/#primaryimage\"},\"thumbnailUrl\":\"https:\/\/www.printweb.de\/digitaldruck\/wp-content\/uploads\/2011\/07\/P1020987.jpg\",\"datePublished\":\"2011-07-22T10:17:15+00:00\",\"dateModified\":\"2011-09-07T08:28:44+00:00\",\"inLanguage\":\"de-DE\",\"potentialAction\":[{\"@type\":\"ReadAction\",\"target\":[\"https:\/\/www.printweb.de\/digitaldruck\/unser-showroom-wird-erweitert\/4808\/\"]}]},{\"@type\":\"ImageObject\",\"inLanguage\":\"de-DE\",\"@id\":\"https:\/\/www.printweb.de\/digitaldruck\/unser-showroom-wird-erweitert\/4808\/#primaryimage\",\"url\":\"https:\/\/www.printweb.de\/digitaldruck\/wp-content\/uploads\/2011\/07\/P1020987.jpg\",\"contentUrl\":\"https:\/\/www.printweb.de\/digitaldruck\/wp-content\/uploads\/2011\/07\/P1020987.jpg\",\"width\":3069,\"height\":2055},{\"@type\":\"WebSite\",\"@id\":\"https:\/\/www.printweb.de\/digitaldruck\/#website\",\"url\":\"https:\/\/www.printweb.de\/digitaldruck\/\",\"name\":\"Was Print bewirken kann.\",\"description\":\"Was Print bewirken kann \u2013 1700 Ideen.\",\"publisher\":{\"@id\":\"https:\/\/www.printweb.de\/digitaldruck\/#organization\"},\"potentialAction\":[{\"@type\":\"SearchAction\",\"target\":{\"@type\":\"EntryPoint\",\"urlTemplate\":\"https:\/\/www.printweb.de\/digitaldruck\/?s={search_term_string}\"},\"query-input\":\"required name=search_term_string\"}],\"inLanguage\":\"de-DE\"},{\"@type\":\"Organization\",\"@id\":\"https:\/\/www.printweb.de\/digitaldruck\/#organization\",\"name\":\"Colour Connection GmbH, printweb.de, Frankfurt am Main\",\"url\":\"https:\/\/www.printweb.de\/digitaldruck\/\",\"logo\":{\"@type\":\"ImageObject\",\"inLanguage\":\"de-DE\",\"@id\":\"https:\/\/www.printweb.de\/digitaldruck\/#\/schema\/logo\/image\/\",\"url\":\"https:\/\/www.printweb.de\/digitaldruck\/wp-content\/uploads\/2019\/11\/colour-connectio-printweb-logo.jpg\",\"contentUrl\":\"https:\/\/www.printweb.de\/digitaldruck\/wp-content\/uploads\/2019\/11\/colour-connectio-printweb-logo.jpg\",\"width\":1014,\"height\":229,\"caption\":\"Colour Connection GmbH, printweb.de, Frankfurt am Main\"},\"image\":{\"@id\":\"https:\/\/www.printweb.de\/digitaldruck\/#\/schema\/logo\/image\/\"},\"sameAs\":[\"https:\/\/www.facebook.com\/printweb.de\/\",\"https:\/\/x.com\/digitaldruck\",\"https:\/\/www.instagram.com\/printweb.de\/\",\"https:\/\/www.youtube.com\/user\/Digitaldruckerei\"]},{\"@type\":\"Person\",\"@id\":\"https:\/\/www.printweb.de\/digitaldruck\/#\/schema\/person\/0e0308818185589fb8602180e9273195\",\"name\":\"Ralph Hadem\",\"image\":{\"@type\":\"ImageObject\",\"inLanguage\":\"de-DE\",\"@id\":\"https:\/\/www.printweb.de\/digitaldruck\/#\/schema\/person\/image\/\",\"url\":\"https:\/\/secure.gravatar.com\/avatar\/386b1b183dce310c5ac8a8f475fdecd8?s=96&d=blank&r=g\",\"contentUrl\":\"https:\/\/secure.gravatar.com\/avatar\/386b1b183dce310c5ac8a8f475fdecd8?s=96&d=blank&r=g\",\"caption\":\"Ralph Hadem\"},\"sameAs\":[\"https:\/\/www.printweb.de\"],\"url\":\"https:\/\/www.printweb.de\/digitaldruck\/author\/ralphhadem\/\"}]}<\/script>\n<!-- \/ Yoast SEO plugin. -->","yoast_head_json":{"title":"Unser Showroom wird erweitert | Was Print bewirken kann.","robots":{"index":"index","follow":"follow","max-snippet":"max-snippet:-1","max-image-preview":"max-image-preview:large","max-video-preview":"max-video-preview:-1"},"canonical":"https:\/\/www.printweb.de\/digitaldruck\/unser-showroom-wird-erweitert\/4808\/","og_locale":"de_DE","og_type":"article","og_title":"Unser Showroom wird erweitert | Was Print bewirken kann.","og_description":"Die Menge an au\u00dfergew\u00f6hnlichen Drucksachen und Materialien bei uns w\u00e4chst rapide. Und der Showroom gleicht immer mehr einem ... mehr","og_url":"https:\/\/www.printweb.de\/digitaldruck\/unser-showroom-wird-erweitert\/4808\/","og_site_name":"Was Print bewirken kann.","article_publisher":"https:\/\/www.facebook.com\/printweb.de\/","article_published_time":"2011-07-22T10:17:15+00:00","article_modified_time":"2011-09-07T08:28:44+00:00","og_image":[{"width":765,"height":490,"url":"https:\/\/www.printweb.de\/digitaldruck\/wp-content\/uploads\/2011\/07\/P1020987-765x490.jpg","type":"image\/jpeg"}],"author":"Ralph Hadem","twitter_card":"summary_large_image","twitter_creator":"@digitaldruck","twitter_site":"@digitaldruck","twitter_misc":{"Verfasst von":"Ralph Hadem","Gesch\u00e4tzte Lesezeit":"1 Minute"},"schema":{"@context":"https:\/\/schema.org","@graph":[{"@type":"Article","@id":"https:\/\/www.printweb.de\/digitaldruck\/unser-showroom-wird-erweitert\/4808\/#article","isPartOf":{"@id":"https:\/\/www.printweb.de\/digitaldruck\/unser-showroom-wird-erweitert\/4808\/"},"author":{"name":"Ralph Hadem","@id":"https:\/\/www.printweb.de\/digitaldruck\/#\/schema\/person\/0e0308818185589fb8602180e9273195"},"headline":"Unser Showroom wird erweitert","datePublished":"2011-07-22T10:17:15+00:00","dateModified":"2011-09-07T08:28:44+00:00","mainEntityOfPage":{"@id":"https:\/\/www.printweb.de\/digitaldruck\/unser-showroom-wird-erweitert\/4808\/"},"wordCount":111,"commentCount":0,"publisher":{"@id":"https:\/\/www.printweb.de\/digitaldruck\/#organization"},"image":{"@id":"https:\/\/www.printweb.de\/digitaldruck\/unser-showroom-wird-erweitert\/4808\/#primaryimage"},"thumbnailUrl":"https:\/\/www.printweb.de\/digitaldruck\/wp-content\/uploads\/2011\/07\/P1020987.jpg","articleSection":["Digitaldruck+Veredlung","Passiert - notiert"],"inLanguage":"de-DE","potentialAction":[{"@type":"CommentAction","name":"Comment","target":["https:\/\/www.printweb.de\/digitaldruck\/unser-showroom-wird-erweitert\/4808\/#respond"]}]},{"@type":"WebPage","@id":"https:\/\/www.printweb.de\/digitaldruck\/unser-showroom-wird-erweitert\/4808\/","url":"https:\/\/www.printweb.de\/digitaldruck\/unser-showroom-wird-erweitert\/4808\/","name":"Unser Showroom wird erweitert | Was Print bewirken kann.","isPartOf":{"@id":"https:\/\/www.printweb.de\/digitaldruck\/#website"},"primaryImageOfPage":{"@id":"https:\/\/www.printweb.de\/digitaldruck\/unser-showroom-wird-erweitert\/4808\/#primaryimage"},"image":{"@id":"https:\/\/www.printweb.de\/digitaldruck\/unser-showroom-wird-erweitert\/4808\/#primaryimage"},"thumbnailUrl":"https:\/\/www.printweb.de\/digitaldruck\/wp-content\/uploads\/2011\/07\/P1020987.jpg","datePublished":"2011-07-22T10:17:15+00:00","dateModified":"2011-09-07T08:28:44+00:00","inLanguage":"de-DE","potentialAction":[{"@type":"ReadAction","target":["https:\/\/www.printweb.de\/digitaldruck\/unser-showroom-wird-erweitert\/4808\/"]}]},{"@type":"ImageObject","inLanguage":"de-DE","@id":"https:\/\/www.printweb.de\/digitaldruck\/unser-showroom-wird-erweitert\/4808\/#primaryimage","url":"https:\/\/www.printweb.de\/digitaldruck\/wp-content\/uploads\/2011\/07\/P1020987.jpg","contentUrl":"https:\/\/www.printweb.de\/digitaldruck\/wp-content\/uploads\/2011\/07\/P1020987.jpg","width":3069,"height":2055},{"@type":"WebSite","@id":"https:\/\/www.printweb.de\/digitaldruck\/#website","url":"https:\/\/www.printweb.de\/digitaldruck\/","name":"Was Print bewirken kann.","description":"Was Print bewirken kann \u2013 1700 Ideen.","publisher":{"@id":"https:\/\/www.printweb.de\/digitaldruck\/#organization"},"potentialAction":[{"@type":"SearchAction","target":{"@type":"EntryPoint","urlTemplate":"https:\/\/www.printweb.de\/digitaldruck\/?s={search_term_string}"},"query-input":"required name=search_term_string"}],"inLanguage":"de-DE"},{"@type":"Organization","@id":"https:\/\/www.printweb.de\/digitaldruck\/#organization","name":"Colour Connection GmbH, printweb.de, Frankfurt am Main","url":"https:\/\/www.printweb.de\/digitaldruck\/","logo":{"@type":"ImageObject","inLanguage":"de-DE","@id":"https:\/\/www.printweb.de\/digitaldruck\/#\/schema\/logo\/image\/","url":"https:\/\/www.printweb.de\/digitaldruck\/wp-content\/uploads\/2019\/11\/colour-connectio-printweb-logo.jpg","contentUrl":"https:\/\/www.printweb.de\/digitaldruck\/wp-content\/uploads\/2019\/11\/colour-connectio-printweb-logo.jpg","width":1014,"height":229,"caption":"Colour Connection GmbH, printweb.de, Frankfurt am Main"},"image":{"@id":"https:\/\/www.printweb.de\/digitaldruck\/#\/schema\/logo\/image\/"},"sameAs":["https:\/\/www.facebook.com\/printweb.de\/","https:\/\/x.com\/digitaldruck","https:\/\/www.instagram.com\/printweb.de\/","https:\/\/www.youtube.com\/user\/Digitaldruckerei"]},{"@type":"Person","@id":"https:\/\/www.printweb.de\/digitaldruck\/#\/schema\/person\/0e0308818185589fb8602180e9273195","name":"Ralph Hadem","image":{"@type":"ImageObject","inLanguage":"de-DE","@id":"https:\/\/www.printweb.de\/digitaldruck\/#\/schema\/person\/image\/","url":"https:\/\/secure.gravatar.com\/avatar\/386b1b183dce310c5ac8a8f475fdecd8?s=96&d=blank&r=g","contentUrl":"https:\/\/secure.gravatar.com\/avatar\/386b1b183dce310c5ac8a8f475fdecd8?s=96&d=blank&r=g","caption":"Ralph Hadem"},"sameAs":["https:\/\/www.printweb.de"],"url":"https:\/\/www.printweb.de\/digitaldruck\/author\/ralphhadem\/"}]}},"_links":{"self":[{"href":"https:\/\/www.printweb.de\/digitaldruck\/wp-json\/wp\/v2\/posts\/4808"}],"collection":[{"href":"https:\/\/www.printweb.de\/digitaldruck\/wp-json\/wp\/v2\/posts"}],"about":[{"href":"https:\/\/www.printweb.de\/digitaldruck\/wp-json\/wp\/v2\/types\/post"}],"author":[{"embeddable":true,"href":"https:\/\/www.printweb.de\/digitaldruck\/wp-json\/wp\/v2\/users\/2"}],"replies":[{"embeddable":true,"href":"https:\/\/www.printweb.de\/digitaldruck\/wp-json\/wp\/v2\/comments?post=4808"}],"version-history":[{"count":4,"href":"https:\/\/www.printweb.de\/digitaldruck\/wp-json\/wp\/v2\/posts\/4808\/revisions"}],"predecessor-version":[{"id":4811,"href":"https:\/\/www.printweb.de\/digitaldruck\/wp-json\/wp\/v2\/posts\/4808\/revisions\/4811"}],"wp:featuredmedia":[{"embeddable":true,"href":"https:\/\/www.printweb.de\/digitaldruck\/wp-json\/wp\/v2\/media\/4902"}],"wp:attachment":[{"href":"https:\/\/www.printweb.de\/digitaldruck\/wp-json\/wp\/v2\/media?parent=4808"}],"wp:term":[{"taxonomy":"category","embeddable":true,"href":"https:\/\/www.printweb.de\/digitaldruck\/wp-json\/wp\/v2\/categories?post=4808"},{"taxonomy":"post_tag","embeddable":true,"href":"https:\/\/www.printweb.de\/digitaldruck\/wp-json\/wp\/v2\/tags?post=4808"}],"curies":[{"name":"wp","href":"https:\/\/api.w.org\/{rel}","templated":true}]}}