{"id":4812,"date":"2011-07-25T15:48:10","date_gmt":"2011-07-25T13:48:10","guid":{"rendered":"https:\/\/www.printweb.de\/digitaldruck\/?p=4812"},"modified":"2011-07-25T16:38:26","modified_gmt":"2011-07-25T14:38:26","slug":"digitaler-siebdruck-auf-d-c-fix","status":"publish","type":"post","link":"https:\/\/www.printweb.de\/digitaldruck\/digitaler-siebdruck-auf-d-c-fix\/4812\/","title":{"rendered":"Digitaler Siebdruck auf d-c-fix"},"content":{"rendered":"<p style=\"text-align: left;\">Wer kennt diese wunderbare Klebefolie nicht? Als Kind hatte ich vorzugsweise mit grellen Farben ohne Muster zu tun und so manches Schrank- und Regalbrett wurde damit \u201eversch\u00f6nert\u201d. Inzwischen gibt es auch anspruchsvollere Dekore wie z.B. Lederoptik mit Pr\u00e4gung oder auch Holz und Metall. Vor einigen Wochen haben wir dieses Material im digitalen Siebdruck direkt bedruckt. Geht wunderbar und er\u00f6ffnet kreativen Menschen wieder eine neue Spielwiese. Modulor f\u00fchrt eine sch\u00f6ne <a href=\"http:\/\/www.modulor.de\/shop\/oxid.php\/sid\/067f2392c238b6afdec29aeb0285d5d7\/cl\/alist\/cnid\/AED\" target=\"_blank\" class=\"broken_link\">Auswahl<\/a>, aber auch in Baum\u00e4rkten wird man f\u00fcndig.<\/p>\n<p style=\"text-align: left;\"><a href=\"https:\/\/www.printweb.de\/digitaldruck\/wp-content\/uploads\/2011\/07\/aedb_z1.jpg\" target=\"_blank\"><img decoding=\"async\" class=\"size-thumbnail wp-image-4813 aligncenter\" title=\"aedb_z1\" src=\"https:\/\/www.printweb.de\/digitaldruck\/wp-content\/uploads\/2011\/07\/aedb_z1-765x545.jpg\" alt=\"\" width=\"613\" height=\"437\" srcset=\"https:\/\/www.printweb.de\/digitaldruck\/wp-content\/uploads\/2011\/07\/aedb_z1-765x545.jpg 765w, https:\/\/www.printweb.de\/digitaldruck\/wp-content\/uploads\/2011\/07\/aedb_z1-768x547.jpg 768w, https:\/\/www.printweb.de\/digitaldruck\/wp-content\/uploads\/2011\/07\/aedb_z1-688x490.jpg 688w, https:\/\/www.printweb.de\/digitaldruck\/wp-content\/uploads\/2011\/07\/aedb_z1.jpg 800w\" sizes=\"(max-width: 613px) 100vw, 613px\" \/><\/a><\/p>\n","protected":false},"excerpt":{"rendered":"Wer kennt diese wunderbare Klebefolie nicht? Als Kind hatte ich vorzugsweise mit grellen Farben ohne Muster zu tun &#8230; <br><br><a class=\"readmore\" href=\"https:\/\/www.printweb.de\/digitaldruck\/digitaler-siebdruck-auf-d-c-fix\/4812\/\">mehr<\/a>","protected":false},"author":2,"featured_media":4813,"comment_status":"open","ping_status":"open","sticky":false,"template":"","format":"standard","meta":{"_acf_changed":false,"footnotes":""},"categories":[1,34],"tags":[],"class_list":["post-4812","post","type-post","status-publish","format-standard","has-post-thumbnail","hentry","category-alle-beitraege","category-papier-und-bedruckstoffe"],"acf":[],"yoast_head":"<!-- This site is optimized with the Yoast SEO plugin v23.1 - https:\/\/yoast.com\/wordpress\/plugins\/seo\/ -->\n<title>Digitaler Siebdruck auf d-c-fix | Was Print bewirken kann.<\/title>\n<meta name=\"robots\" content=\"index, follow, max-snippet:-1, max-image-preview:large, max-video-preview:-1\" \/>\n<link rel=\"canonical\" href=\"https:\/\/www.printweb.de\/digitaldruck\/digitaler-siebdruck-auf-d-c-fix\/4812\/\" \/>\n<meta property=\"og:locale\" content=\"de_DE\" \/>\n<meta property=\"og:type\" content=\"article\" \/>\n<meta property=\"og:title\" content=\"Digitaler Siebdruck auf d-c-fix | Was Print bewirken kann.\" \/>\n<meta property=\"og:description\" content=\"Wer kennt diese wunderbare Klebefolie nicht? Als Kind hatte ich vorzugsweise mit grellen Farben ohne Muster zu tun ... mehr\" \/>\n<meta property=\"og:url\" content=\"https:\/\/www.printweb.de\/digitaldruck\/digitaler-siebdruck-auf-d-c-fix\/4812\/\" \/>\n<meta property=\"og:site_name\" content=\"Was Print bewirken kann.\" \/>\n<meta property=\"article:publisher\" content=\"https:\/\/www.facebook.com\/printweb.de\/\" \/>\n<meta property=\"article:published_time\" content=\"2011-07-25T13:48:10+00:00\" \/>\n<meta property=\"article:modified_time\" content=\"2011-07-25T14:38:26+00:00\" \/>\n<meta property=\"og:image\" content=\"https:\/\/www.printweb.de\/digitaldruck\/wp-content\/uploads\/2011\/07\/aedb_z1.jpg\" \/>\n\t<meta property=\"og:image:width\" content=\"800\" \/>\n\t<meta property=\"og:image:height\" content=\"570\" \/>\n\t<meta property=\"og:image:type\" content=\"image\/jpeg\" \/>\n<meta name=\"author\" content=\"Ralph Hadem\" \/>\n<meta name=\"twitter:card\" content=\"summary_large_image\" \/>\n<meta name=\"twitter:creator\" content=\"@digitaldruck\" \/>\n<meta name=\"twitter:site\" content=\"@digitaldruck\" \/>\n<meta name=\"twitter:label1\" content=\"Verfasst von\" \/>\n\t<meta name=\"twitter:data1\" content=\"Ralph Hadem\" \/>\n<script type=\"application\/ld+json\" class=\"yoast-schema-graph\">{\"@context\":\"https:\/\/schema.org\",\"@graph\":[{\"@type\":\"Article\",\"@id\":\"https:\/\/www.printweb.de\/digitaldruck\/digitaler-siebdruck-auf-d-c-fix\/4812\/#article\",\"isPartOf\":{\"@id\":\"https:\/\/www.printweb.de\/digitaldruck\/digitaler-siebdruck-auf-d-c-fix\/4812\/\"},\"author\":{\"name\":\"Ralph Hadem\",\"@id\":\"https:\/\/www.printweb.de\/digitaldruck\/#\/schema\/person\/0e0308818185589fb8602180e9273195\"},\"headline\":\"Digitaler Siebdruck auf d-c-fix\",\"datePublished\":\"2011-07-25T13:48:10+00:00\",\"dateModified\":\"2011-07-25T14:38:26+00:00\",\"mainEntityOfPage\":{\"@id\":\"https:\/\/www.printweb.de\/digitaldruck\/digitaler-siebdruck-auf-d-c-fix\/4812\/\"},\"wordCount\":89,\"commentCount\":0,\"publisher\":{\"@id\":\"https:\/\/www.printweb.de\/digitaldruck\/#organization\"},\"image\":{\"@id\":\"https:\/\/www.printweb.de\/digitaldruck\/digitaler-siebdruck-auf-d-c-fix\/4812\/#primaryimage\"},\"thumbnailUrl\":\"https:\/\/www.printweb.de\/digitaldruck\/wp-content\/uploads\/2011\/07\/aedb_z1.jpg\",\"articleSection\":[\"Digitaldruck+Veredlung\",\"Papier &amp; Bedruckstoffe\"],\"inLanguage\":\"de-DE\",\"potentialAction\":[{\"@type\":\"CommentAction\",\"name\":\"Comment\",\"target\":[\"https:\/\/www.printweb.de\/digitaldruck\/digitaler-siebdruck-auf-d-c-fix\/4812\/#respond\"]}]},{\"@type\":\"WebPage\",\"@id\":\"https:\/\/www.printweb.de\/digitaldruck\/digitaler-siebdruck-auf-d-c-fix\/4812\/\",\"url\":\"https:\/\/www.printweb.de\/digitaldruck\/digitaler-siebdruck-auf-d-c-fix\/4812\/\",\"name\":\"Digitaler Siebdruck auf d-c-fix | Was Print bewirken kann.\",\"isPartOf\":{\"@id\":\"https:\/\/www.printweb.de\/digitaldruck\/#website\"},\"primaryImageOfPage\":{\"@id\":\"https:\/\/www.printweb.de\/digitaldruck\/digitaler-siebdruck-auf-d-c-fix\/4812\/#primaryimage\"},\"image\":{\"@id\":\"https:\/\/www.printweb.de\/digitaldruck\/digitaler-siebdruck-auf-d-c-fix\/4812\/#primaryimage\"},\"thumbnailUrl\":\"https:\/\/www.printweb.de\/digitaldruck\/wp-content\/uploads\/2011\/07\/aedb_z1.jpg\",\"datePublished\":\"2011-07-25T13:48:10+00:00\",\"dateModified\":\"2011-07-25T14:38:26+00:00\",\"inLanguage\":\"de-DE\",\"potentialAction\":[{\"@type\":\"ReadAction\",\"target\":[\"https:\/\/www.printweb.de\/digitaldruck\/digitaler-siebdruck-auf-d-c-fix\/4812\/\"]}]},{\"@type\":\"ImageObject\",\"inLanguage\":\"de-DE\",\"@id\":\"https:\/\/www.printweb.de\/digitaldruck\/digitaler-siebdruck-auf-d-c-fix\/4812\/#primaryimage\",\"url\":\"https:\/\/www.printweb.de\/digitaldruck\/wp-content\/uploads\/2011\/07\/aedb_z1.jpg\",\"contentUrl\":\"https:\/\/www.printweb.de\/digitaldruck\/wp-content\/uploads\/2011\/07\/aedb_z1.jpg\",\"width\":800,\"height\":570},{\"@type\":\"WebSite\",\"@id\":\"https:\/\/www.printweb.de\/digitaldruck\/#website\",\"url\":\"https:\/\/www.printweb.de\/digitaldruck\/\",\"name\":\"Was Print bewirken kann.\",\"description\":\"Was Print bewirken kann \u2013 1700 Ideen.\",\"publisher\":{\"@id\":\"https:\/\/www.printweb.de\/digitaldruck\/#organization\"},\"potentialAction\":[{\"@type\":\"SearchAction\",\"target\":{\"@type\":\"EntryPoint\",\"urlTemplate\":\"https:\/\/www.printweb.de\/digitaldruck\/?s={search_term_string}\"},\"query-input\":\"required name=search_term_string\"}],\"inLanguage\":\"de-DE\"},{\"@type\":\"Organization\",\"@id\":\"https:\/\/www.printweb.de\/digitaldruck\/#organization\",\"name\":\"Colour Connection GmbH, printweb.de, Frankfurt am Main\",\"url\":\"https:\/\/www.printweb.de\/digitaldruck\/\",\"logo\":{\"@type\":\"ImageObject\",\"inLanguage\":\"de-DE\",\"@id\":\"https:\/\/www.printweb.de\/digitaldruck\/#\/schema\/logo\/image\/\",\"url\":\"https:\/\/www.printweb.de\/digitaldruck\/wp-content\/uploads\/2019\/11\/colour-connectio-printweb-logo.jpg\",\"contentUrl\":\"https:\/\/www.printweb.de\/digitaldruck\/wp-content\/uploads\/2019\/11\/colour-connectio-printweb-logo.jpg\",\"width\":1014,\"height\":229,\"caption\":\"Colour Connection GmbH, printweb.de, Frankfurt am Main\"},\"image\":{\"@id\":\"https:\/\/www.printweb.de\/digitaldruck\/#\/schema\/logo\/image\/\"},\"sameAs\":[\"https:\/\/www.facebook.com\/printweb.de\/\",\"https:\/\/x.com\/digitaldruck\",\"https:\/\/www.instagram.com\/printweb.de\/\",\"https:\/\/www.youtube.com\/user\/Digitaldruckerei\"]},{\"@type\":\"Person\",\"@id\":\"https:\/\/www.printweb.de\/digitaldruck\/#\/schema\/person\/0e0308818185589fb8602180e9273195\",\"name\":\"Ralph Hadem\",\"image\":{\"@type\":\"ImageObject\",\"inLanguage\":\"de-DE\",\"@id\":\"https:\/\/www.printweb.de\/digitaldruck\/#\/schema\/person\/image\/\",\"url\":\"https:\/\/secure.gravatar.com\/avatar\/386b1b183dce310c5ac8a8f475fdecd8?s=96&d=blank&r=g\",\"contentUrl\":\"https:\/\/secure.gravatar.com\/avatar\/386b1b183dce310c5ac8a8f475fdecd8?s=96&d=blank&r=g\",\"caption\":\"Ralph Hadem\"},\"sameAs\":[\"https:\/\/www.printweb.de\"],\"url\":\"https:\/\/www.printweb.de\/digitaldruck\/author\/ralphhadem\/\"}]}<\/script>\n<!-- \/ Yoast SEO plugin. -->","yoast_head_json":{"title":"Digitaler Siebdruck auf d-c-fix | Was Print bewirken kann.","robots":{"index":"index","follow":"follow","max-snippet":"max-snippet:-1","max-image-preview":"max-image-preview:large","max-video-preview":"max-video-preview:-1"},"canonical":"https:\/\/www.printweb.de\/digitaldruck\/digitaler-siebdruck-auf-d-c-fix\/4812\/","og_locale":"de_DE","og_type":"article","og_title":"Digitaler Siebdruck auf d-c-fix | Was Print bewirken kann.","og_description":"Wer kennt diese wunderbare Klebefolie nicht? Als Kind hatte ich vorzugsweise mit grellen Farben ohne Muster zu tun ... mehr","og_url":"https:\/\/www.printweb.de\/digitaldruck\/digitaler-siebdruck-auf-d-c-fix\/4812\/","og_site_name":"Was Print bewirken kann.","article_publisher":"https:\/\/www.facebook.com\/printweb.de\/","article_published_time":"2011-07-25T13:48:10+00:00","article_modified_time":"2011-07-25T14:38:26+00:00","og_image":[{"width":800,"height":570,"url":"https:\/\/www.printweb.de\/digitaldruck\/wp-content\/uploads\/2011\/07\/aedb_z1.jpg","type":"image\/jpeg"}],"author":"Ralph Hadem","twitter_card":"summary_large_image","twitter_creator":"@digitaldruck","twitter_site":"@digitaldruck","twitter_misc":{"Verfasst von":"Ralph Hadem"},"schema":{"@context":"https:\/\/schema.org","@graph":[{"@type":"Article","@id":"https:\/\/www.printweb.de\/digitaldruck\/digitaler-siebdruck-auf-d-c-fix\/4812\/#article","isPartOf":{"@id":"https:\/\/www.printweb.de\/digitaldruck\/digitaler-siebdruck-auf-d-c-fix\/4812\/"},"author":{"name":"Ralph Hadem","@id":"https:\/\/www.printweb.de\/digitaldruck\/#\/schema\/person\/0e0308818185589fb8602180e9273195"},"headline":"Digitaler Siebdruck auf d-c-fix","datePublished":"2011-07-25T13:48:10+00:00","dateModified":"2011-07-25T14:38:26+00:00","mainEntityOfPage":{"@id":"https:\/\/www.printweb.de\/digitaldruck\/digitaler-siebdruck-auf-d-c-fix\/4812\/"},"wordCount":89,"commentCount":0,"publisher":{"@id":"https:\/\/www.printweb.de\/digitaldruck\/#organization"},"image":{"@id":"https:\/\/www.printweb.de\/digitaldruck\/digitaler-siebdruck-auf-d-c-fix\/4812\/#primaryimage"},"thumbnailUrl":"https:\/\/www.printweb.de\/digitaldruck\/wp-content\/uploads\/2011\/07\/aedb_z1.jpg","articleSection":["Digitaldruck+Veredlung","Papier &amp; Bedruckstoffe"],"inLanguage":"de-DE","potentialAction":[{"@type":"CommentAction","name":"Comment","target":["https:\/\/www.printweb.de\/digitaldruck\/digitaler-siebdruck-auf-d-c-fix\/4812\/#respond"]}]},{"@type":"WebPage","@id":"https:\/\/www.printweb.de\/digitaldruck\/digitaler-siebdruck-auf-d-c-fix\/4812\/","url":"https:\/\/www.printweb.de\/digitaldruck\/digitaler-siebdruck-auf-d-c-fix\/4812\/","name":"Digitaler Siebdruck auf d-c-fix | Was Print bewirken kann.","isPartOf":{"@id":"https:\/\/www.printweb.de\/digitaldruck\/#website"},"primaryImageOfPage":{"@id":"https:\/\/www.printweb.de\/digitaldruck\/digitaler-siebdruck-auf-d-c-fix\/4812\/#primaryimage"},"image":{"@id":"https:\/\/www.printweb.de\/digitaldruck\/digitaler-siebdruck-auf-d-c-fix\/4812\/#primaryimage"},"thumbnailUrl":"https:\/\/www.printweb.de\/digitaldruck\/wp-content\/uploads\/2011\/07\/aedb_z1.jpg","datePublished":"2011-07-25T13:48:10+00:00","dateModified":"2011-07-25T14:38:26+00:00","inLanguage":"de-DE","potentialAction":[{"@type":"ReadAction","target":["https:\/\/www.printweb.de\/digitaldruck\/digitaler-siebdruck-auf-d-c-fix\/4812\/"]}]},{"@type":"ImageObject","inLanguage":"de-DE","@id":"https:\/\/www.printweb.de\/digitaldruck\/digitaler-siebdruck-auf-d-c-fix\/4812\/#primaryimage","url":"https:\/\/www.printweb.de\/digitaldruck\/wp-content\/uploads\/2011\/07\/aedb_z1.jpg","contentUrl":"https:\/\/www.printweb.de\/digitaldruck\/wp-content\/uploads\/2011\/07\/aedb_z1.jpg","width":800,"height":570},{"@type":"WebSite","@id":"https:\/\/www.printweb.de\/digitaldruck\/#website","url":"https:\/\/www.printweb.de\/digitaldruck\/","name":"Was Print bewirken kann.","description":"Was Print bewirken kann \u2013 1700 Ideen.","publisher":{"@id":"https:\/\/www.printweb.de\/digitaldruck\/#organization"},"potentialAction":[{"@type":"SearchAction","target":{"@type":"EntryPoint","urlTemplate":"https:\/\/www.printweb.de\/digitaldruck\/?s={search_term_string}"},"query-input":"required name=search_term_string"}],"inLanguage":"de-DE"},{"@type":"Organization","@id":"https:\/\/www.printweb.de\/digitaldruck\/#organization","name":"Colour Connection GmbH, printweb.de, Frankfurt am Main","url":"https:\/\/www.printweb.de\/digitaldruck\/","logo":{"@type":"ImageObject","inLanguage":"de-DE","@id":"https:\/\/www.printweb.de\/digitaldruck\/#\/schema\/logo\/image\/","url":"https:\/\/www.printweb.de\/digitaldruck\/wp-content\/uploads\/2019\/11\/colour-connectio-printweb-logo.jpg","contentUrl":"https:\/\/www.printweb.de\/digitaldruck\/wp-content\/uploads\/2019\/11\/colour-connectio-printweb-logo.jpg","width":1014,"height":229,"caption":"Colour Connection GmbH, printweb.de, Frankfurt am Main"},"image":{"@id":"https:\/\/www.printweb.de\/digitaldruck\/#\/schema\/logo\/image\/"},"sameAs":["https:\/\/www.facebook.com\/printweb.de\/","https:\/\/x.com\/digitaldruck","https:\/\/www.instagram.com\/printweb.de\/","https:\/\/www.youtube.com\/user\/Digitaldruckerei"]},{"@type":"Person","@id":"https:\/\/www.printweb.de\/digitaldruck\/#\/schema\/person\/0e0308818185589fb8602180e9273195","name":"Ralph Hadem","image":{"@type":"ImageObject","inLanguage":"de-DE","@id":"https:\/\/www.printweb.de\/digitaldruck\/#\/schema\/person\/image\/","url":"https:\/\/secure.gravatar.com\/avatar\/386b1b183dce310c5ac8a8f475fdecd8?s=96&d=blank&r=g","contentUrl":"https:\/\/secure.gravatar.com\/avatar\/386b1b183dce310c5ac8a8f475fdecd8?s=96&d=blank&r=g","caption":"Ralph Hadem"},"sameAs":["https:\/\/www.printweb.de"],"url":"https:\/\/www.printweb.de\/digitaldruck\/author\/ralphhadem\/"}]}},"_links":{"self":[{"href":"https:\/\/www.printweb.de\/digitaldruck\/wp-json\/wp\/v2\/posts\/4812"}],"collection":[{"href":"https:\/\/www.printweb.de\/digitaldruck\/wp-json\/wp\/v2\/posts"}],"about":[{"href":"https:\/\/www.printweb.de\/digitaldruck\/wp-json\/wp\/v2\/types\/post"}],"author":[{"embeddable":true,"href":"https:\/\/www.printweb.de\/digitaldruck\/wp-json\/wp\/v2\/users\/2"}],"replies":[{"embeddable":true,"href":"https:\/\/www.printweb.de\/digitaldruck\/wp-json\/wp\/v2\/comments?post=4812"}],"version-history":[{"count":7,"href":"https:\/\/www.printweb.de\/digitaldruck\/wp-json\/wp\/v2\/posts\/4812\/revisions"}],"predecessor-version":[{"id":4819,"href":"https:\/\/www.printweb.de\/digitaldruck\/wp-json\/wp\/v2\/posts\/4812\/revisions\/4819"}],"wp:featuredmedia":[{"embeddable":true,"href":"https:\/\/www.printweb.de\/digitaldruck\/wp-json\/wp\/v2\/media\/4813"}],"wp:attachment":[{"href":"https:\/\/www.printweb.de\/digitaldruck\/wp-json\/wp\/v2\/media?parent=4812"}],"wp:term":[{"taxonomy":"category","embeddable":true,"href":"https:\/\/www.printweb.de\/digitaldruck\/wp-json\/wp\/v2\/categories?post=4812"},{"taxonomy":"post_tag","embeddable":true,"href":"https:\/\/www.printweb.de\/digitaldruck\/wp-json\/wp\/v2\/tags?post=4812"}],"curies":[{"name":"wp","href":"https:\/\/api.w.org\/{rel}","templated":true}]}}