{"id":4895,"date":"2011-09-06T09:41:01","date_gmt":"2011-09-06T07:41:01","guid":{"rendered":"https:\/\/www.printweb.de\/digitaldruck\/?p=4895"},"modified":"2012-01-08T17:49:09","modified_gmt":"2012-01-08T16:49:09","slug":"dezentrale-energieerzeugung-mit-windkraft","status":"publish","type":"post","link":"https:\/\/www.printweb.de\/digitaldruck\/dezentrale-energieerzeugung-mit-windkraft\/4895\/","title":{"rendered":"Dezentrale <br \/>Energieerzeugung mit Windkraft"},"content":{"rendered":"<p>Bereits im<a href=\"https:\/\/www.printweb.de\/digitaldruck\/auf-ihrem-balkon-strom-mit-windkraft-ab-100-dollar\" target=\"_blank\"> Januar 2009<\/a> habe ich \u00fcber eine spannende M\u00f6glichkeit zur dezentralen Stromerzeugung mit Mini-Windkraftanlagen berichtet. Am 31. August hat <a href=\"http:\/\/www.best-practice-business.de\/blog\/?p=24371\" target=\"_blank\">Burkhard Schneider <\/a>dieses Thema nochmals aufgegriffen und unter aktuellen Bedingungen beleuchtet. Dieser Beitrag ist Wasser auf meine M\u00fchlen (nicht nur die f\u00fcr den Wind) :-). Meines Erachtens bringt nur eine dezentrale Energieversorgung mittels Blockheizkraftwerken, Solar- und Windenergie, Biomasse etc. einen echten Fortschritt. Nur so werden wir es schaffen, die monopolartigen Strukturen im Energiemarkt aufzubrechen und jedem einzelnen bewusst zu machen, dass Energie sparen die beste M\u00f6glichkeit ist, um die unaufhaltsam steigenden Kosten zu z\u00e4hmen. Knackpunkt ist die intelligente Vernetzung aller Systeme \u00fcber das Internet. Da Strom nur begrenzt lagerf\u00e4hig ist (z. B. in Pumpkraftwerken), muss im Prinzip immer genau so viel Strom erzeugt werden, wie gerade gebraucht wird. Eine nicht triviale Aufgabe, die bei unsachgem\u00e4\u00dfer Handhabung zu einem Zusammenbruch des Stromnetzes f\u00fchrt und damit einen immensen wirtschaftlichen Schaden anrichtet.<\/p>\n","protected":false},"excerpt":{"rendered":"Bereits im Januar 2009 habe ich \u00fcber eine spannende M\u00f6glichkeit zur dezentralen Stromerzeugung mit Mini-Windkraftanlagen berichtet. Am 31. &#8230; <br><br><a class=\"readmore\" href=\"https:\/\/www.printweb.de\/digitaldruck\/dezentrale-energieerzeugung-mit-windkraft\/4895\/\">mehr<\/a>","protected":false},"author":2,"featured_media":11574,"comment_status":"open","ping_status":"open","sticky":false,"template":"","format":"standard","meta":{"_acf_changed":false,"footnotes":""},"categories":[1,6],"tags":[],"class_list":["post-4895","post","type-post","status-publish","format-standard","has-post-thumbnail","hentry","category-alle-beitraege","category-nachhaltigkeit"],"acf":[],"yoast_head":"<!-- This site is optimized with the Yoast SEO plugin v23.1 - https:\/\/yoast.com\/wordpress\/plugins\/seo\/ -->\n<title>Dezentrale Energieerzeugung mit Windkraft | Was Print bewirken kann.<\/title>\n<meta name=\"robots\" content=\"index, follow, max-snippet:-1, max-image-preview:large, max-video-preview:-1\" \/>\n<link rel=\"canonical\" href=\"https:\/\/www.printweb.de\/digitaldruck\/dezentrale-energieerzeugung-mit-windkraft\/4895\/\" \/>\n<meta property=\"og:locale\" content=\"de_DE\" \/>\n<meta property=\"og:type\" content=\"article\" \/>\n<meta property=\"og:title\" content=\"Dezentrale Energieerzeugung mit Windkraft | Was Print bewirken kann.\" \/>\n<meta property=\"og:description\" content=\"Bereits im Januar 2009 habe ich \u00fcber eine spannende M\u00f6glichkeit zur dezentralen Stromerzeugung mit Mini-Windkraftanlagen berichtet. Am 31. ... mehr\" \/>\n<meta property=\"og:url\" content=\"https:\/\/www.printweb.de\/digitaldruck\/dezentrale-energieerzeugung-mit-windkraft\/4895\/\" \/>\n<meta property=\"og:site_name\" content=\"Was Print bewirken kann.\" \/>\n<meta property=\"article:publisher\" content=\"https:\/\/www.facebook.com\/printweb.de\/\" \/>\n<meta property=\"article:published_time\" content=\"2011-09-06T07:41:01+00:00\" \/>\n<meta property=\"article:modified_time\" content=\"2012-01-08T16:49:09+00:00\" \/>\n<meta property=\"og:image\" content=\"https:\/\/www.printweb.de\/digitaldruck\/wp-content\/uploads\/2015\/07\/col_blog_ph.jpg\" \/>\n\t<meta property=\"og:image:width\" content=\"683\" \/>\n\t<meta property=\"og:image:height\" content=\"437\" \/>\n\t<meta property=\"og:image:type\" content=\"image\/jpeg\" \/>\n<meta name=\"author\" content=\"Ralph Hadem\" \/>\n<meta name=\"twitter:card\" content=\"summary_large_image\" \/>\n<meta name=\"twitter:creator\" content=\"@digitaldruck\" \/>\n<meta name=\"twitter:site\" content=\"@digitaldruck\" \/>\n<meta name=\"twitter:label1\" content=\"Verfasst von\" \/>\n\t<meta name=\"twitter:data1\" content=\"Ralph Hadem\" \/>\n\t<meta name=\"twitter:label2\" content=\"Gesch\u00e4tzte Lesezeit\" \/>\n\t<meta name=\"twitter:data2\" content=\"1 Minute\" \/>\n<script type=\"application\/ld+json\" class=\"yoast-schema-graph\">{\"@context\":\"https:\/\/schema.org\",\"@graph\":[{\"@type\":\"Article\",\"@id\":\"https:\/\/www.printweb.de\/digitaldruck\/dezentrale-energieerzeugung-mit-windkraft\/4895\/#article\",\"isPartOf\":{\"@id\":\"https:\/\/www.printweb.de\/digitaldruck\/dezentrale-energieerzeugung-mit-windkraft\/4895\/\"},\"author\":{\"name\":\"Ralph Hadem\",\"@id\":\"https:\/\/www.printweb.de\/digitaldruck\/#\/schema\/person\/0e0308818185589fb8602180e9273195\"},\"headline\":\"Dezentrale Energieerzeugung mit Windkraft\",\"datePublished\":\"2011-09-06T07:41:01+00:00\",\"dateModified\":\"2012-01-08T16:49:09+00:00\",\"mainEntityOfPage\":{\"@id\":\"https:\/\/www.printweb.de\/digitaldruck\/dezentrale-energieerzeugung-mit-windkraft\/4895\/\"},\"wordCount\":159,\"commentCount\":0,\"publisher\":{\"@id\":\"https:\/\/www.printweb.de\/digitaldruck\/#organization\"},\"image\":{\"@id\":\"https:\/\/www.printweb.de\/digitaldruck\/dezentrale-energieerzeugung-mit-windkraft\/4895\/#primaryimage\"},\"thumbnailUrl\":\"https:\/\/www.printweb.de\/digitaldruck\/wp-content\/uploads\/2015\/07\/col_blog_ph.jpg\",\"articleSection\":[\"Digitaldruck+Veredlung\",\"Nachhaltigkeit\"],\"inLanguage\":\"de-DE\",\"potentialAction\":[{\"@type\":\"CommentAction\",\"name\":\"Comment\",\"target\":[\"https:\/\/www.printweb.de\/digitaldruck\/dezentrale-energieerzeugung-mit-windkraft\/4895\/#respond\"]}]},{\"@type\":\"WebPage\",\"@id\":\"https:\/\/www.printweb.de\/digitaldruck\/dezentrale-energieerzeugung-mit-windkraft\/4895\/\",\"url\":\"https:\/\/www.printweb.de\/digitaldruck\/dezentrale-energieerzeugung-mit-windkraft\/4895\/\",\"name\":\"Dezentrale Energieerzeugung mit Windkraft | Was Print bewirken kann.\",\"isPartOf\":{\"@id\":\"https:\/\/www.printweb.de\/digitaldruck\/#website\"},\"primaryImageOfPage\":{\"@id\":\"https:\/\/www.printweb.de\/digitaldruck\/dezentrale-energieerzeugung-mit-windkraft\/4895\/#primaryimage\"},\"image\":{\"@id\":\"https:\/\/www.printweb.de\/digitaldruck\/dezentrale-energieerzeugung-mit-windkraft\/4895\/#primaryimage\"},\"thumbnailUrl\":\"https:\/\/www.printweb.de\/digitaldruck\/wp-content\/uploads\/2015\/07\/col_blog_ph.jpg\",\"datePublished\":\"2011-09-06T07:41:01+00:00\",\"dateModified\":\"2012-01-08T16:49:09+00:00\",\"inLanguage\":\"de-DE\",\"potentialAction\":[{\"@type\":\"ReadAction\",\"target\":[\"https:\/\/www.printweb.de\/digitaldruck\/dezentrale-energieerzeugung-mit-windkraft\/4895\/\"]}]},{\"@type\":\"ImageObject\",\"inLanguage\":\"de-DE\",\"@id\":\"https:\/\/www.printweb.de\/digitaldruck\/dezentrale-energieerzeugung-mit-windkraft\/4895\/#primaryimage\",\"url\":\"https:\/\/www.printweb.de\/digitaldruck\/wp-content\/uploads\/2015\/07\/col_blog_ph.jpg\",\"contentUrl\":\"https:\/\/www.printweb.de\/digitaldruck\/wp-content\/uploads\/2015\/07\/col_blog_ph.jpg\",\"width\":683,\"height\":437},{\"@type\":\"WebSite\",\"@id\":\"https:\/\/www.printweb.de\/digitaldruck\/#website\",\"url\":\"https:\/\/www.printweb.de\/digitaldruck\/\",\"name\":\"Was Print bewirken kann.\",\"description\":\"Was Print bewirken kann \u2013 1700 Ideen.\",\"publisher\":{\"@id\":\"https:\/\/www.printweb.de\/digitaldruck\/#organization\"},\"potentialAction\":[{\"@type\":\"SearchAction\",\"target\":{\"@type\":\"EntryPoint\",\"urlTemplate\":\"https:\/\/www.printweb.de\/digitaldruck\/?s={search_term_string}\"},\"query-input\":\"required name=search_term_string\"}],\"inLanguage\":\"de-DE\"},{\"@type\":\"Organization\",\"@id\":\"https:\/\/www.printweb.de\/digitaldruck\/#organization\",\"name\":\"Colour Connection GmbH, printweb.de, Frankfurt am Main\",\"url\":\"https:\/\/www.printweb.de\/digitaldruck\/\",\"logo\":{\"@type\":\"ImageObject\",\"inLanguage\":\"de-DE\",\"@id\":\"https:\/\/www.printweb.de\/digitaldruck\/#\/schema\/logo\/image\/\",\"url\":\"https:\/\/www.printweb.de\/digitaldruck\/wp-content\/uploads\/2019\/11\/colour-connectio-printweb-logo.jpg\",\"contentUrl\":\"https:\/\/www.printweb.de\/digitaldruck\/wp-content\/uploads\/2019\/11\/colour-connectio-printweb-logo.jpg\",\"width\":1014,\"height\":229,\"caption\":\"Colour Connection GmbH, printweb.de, Frankfurt am Main\"},\"image\":{\"@id\":\"https:\/\/www.printweb.de\/digitaldruck\/#\/schema\/logo\/image\/\"},\"sameAs\":[\"https:\/\/www.facebook.com\/printweb.de\/\",\"https:\/\/x.com\/digitaldruck\",\"https:\/\/www.instagram.com\/printweb.de\/\",\"https:\/\/www.youtube.com\/user\/Digitaldruckerei\"]},{\"@type\":\"Person\",\"@id\":\"https:\/\/www.printweb.de\/digitaldruck\/#\/schema\/person\/0e0308818185589fb8602180e9273195\",\"name\":\"Ralph Hadem\",\"image\":{\"@type\":\"ImageObject\",\"inLanguage\":\"de-DE\",\"@id\":\"https:\/\/www.printweb.de\/digitaldruck\/#\/schema\/person\/image\/\",\"url\":\"https:\/\/secure.gravatar.com\/avatar\/386b1b183dce310c5ac8a8f475fdecd8?s=96&d=blank&r=g\",\"contentUrl\":\"https:\/\/secure.gravatar.com\/avatar\/386b1b183dce310c5ac8a8f475fdecd8?s=96&d=blank&r=g\",\"caption\":\"Ralph Hadem\"},\"sameAs\":[\"https:\/\/www.printweb.de\"],\"url\":\"https:\/\/www.printweb.de\/digitaldruck\/author\/ralphhadem\/\"}]}<\/script>\n<!-- \/ Yoast SEO plugin. -->","yoast_head_json":{"title":"Dezentrale Energieerzeugung mit Windkraft | Was Print bewirken kann.","robots":{"index":"index","follow":"follow","max-snippet":"max-snippet:-1","max-image-preview":"max-image-preview:large","max-video-preview":"max-video-preview:-1"},"canonical":"https:\/\/www.printweb.de\/digitaldruck\/dezentrale-energieerzeugung-mit-windkraft\/4895\/","og_locale":"de_DE","og_type":"article","og_title":"Dezentrale Energieerzeugung mit Windkraft | Was Print bewirken kann.","og_description":"Bereits im Januar 2009 habe ich \u00fcber eine spannende M\u00f6glichkeit zur dezentralen Stromerzeugung mit Mini-Windkraftanlagen berichtet. Am 31. ... mehr","og_url":"https:\/\/www.printweb.de\/digitaldruck\/dezentrale-energieerzeugung-mit-windkraft\/4895\/","og_site_name":"Was Print bewirken kann.","article_publisher":"https:\/\/www.facebook.com\/printweb.de\/","article_published_time":"2011-09-06T07:41:01+00:00","article_modified_time":"2012-01-08T16:49:09+00:00","og_image":[{"width":683,"height":437,"url":"https:\/\/www.printweb.de\/digitaldruck\/wp-content\/uploads\/2015\/07\/col_blog_ph.jpg","type":"image\/jpeg"}],"author":"Ralph Hadem","twitter_card":"summary_large_image","twitter_creator":"@digitaldruck","twitter_site":"@digitaldruck","twitter_misc":{"Verfasst von":"Ralph Hadem","Gesch\u00e4tzte Lesezeit":"1 Minute"},"schema":{"@context":"https:\/\/schema.org","@graph":[{"@type":"Article","@id":"https:\/\/www.printweb.de\/digitaldruck\/dezentrale-energieerzeugung-mit-windkraft\/4895\/#article","isPartOf":{"@id":"https:\/\/www.printweb.de\/digitaldruck\/dezentrale-energieerzeugung-mit-windkraft\/4895\/"},"author":{"name":"Ralph Hadem","@id":"https:\/\/www.printweb.de\/digitaldruck\/#\/schema\/person\/0e0308818185589fb8602180e9273195"},"headline":"Dezentrale Energieerzeugung mit Windkraft","datePublished":"2011-09-06T07:41:01+00:00","dateModified":"2012-01-08T16:49:09+00:00","mainEntityOfPage":{"@id":"https:\/\/www.printweb.de\/digitaldruck\/dezentrale-energieerzeugung-mit-windkraft\/4895\/"},"wordCount":159,"commentCount":0,"publisher":{"@id":"https:\/\/www.printweb.de\/digitaldruck\/#organization"},"image":{"@id":"https:\/\/www.printweb.de\/digitaldruck\/dezentrale-energieerzeugung-mit-windkraft\/4895\/#primaryimage"},"thumbnailUrl":"https:\/\/www.printweb.de\/digitaldruck\/wp-content\/uploads\/2015\/07\/col_blog_ph.jpg","articleSection":["Digitaldruck+Veredlung","Nachhaltigkeit"],"inLanguage":"de-DE","potentialAction":[{"@type":"CommentAction","name":"Comment","target":["https:\/\/www.printweb.de\/digitaldruck\/dezentrale-energieerzeugung-mit-windkraft\/4895\/#respond"]}]},{"@type":"WebPage","@id":"https:\/\/www.printweb.de\/digitaldruck\/dezentrale-energieerzeugung-mit-windkraft\/4895\/","url":"https:\/\/www.printweb.de\/digitaldruck\/dezentrale-energieerzeugung-mit-windkraft\/4895\/","name":"Dezentrale Energieerzeugung mit Windkraft | Was Print bewirken kann.","isPartOf":{"@id":"https:\/\/www.printweb.de\/digitaldruck\/#website"},"primaryImageOfPage":{"@id":"https:\/\/www.printweb.de\/digitaldruck\/dezentrale-energieerzeugung-mit-windkraft\/4895\/#primaryimage"},"image":{"@id":"https:\/\/www.printweb.de\/digitaldruck\/dezentrale-energieerzeugung-mit-windkraft\/4895\/#primaryimage"},"thumbnailUrl":"https:\/\/www.printweb.de\/digitaldruck\/wp-content\/uploads\/2015\/07\/col_blog_ph.jpg","datePublished":"2011-09-06T07:41:01+00:00","dateModified":"2012-01-08T16:49:09+00:00","inLanguage":"de-DE","potentialAction":[{"@type":"ReadAction","target":["https:\/\/www.printweb.de\/digitaldruck\/dezentrale-energieerzeugung-mit-windkraft\/4895\/"]}]},{"@type":"ImageObject","inLanguage":"de-DE","@id":"https:\/\/www.printweb.de\/digitaldruck\/dezentrale-energieerzeugung-mit-windkraft\/4895\/#primaryimage","url":"https:\/\/www.printweb.de\/digitaldruck\/wp-content\/uploads\/2015\/07\/col_blog_ph.jpg","contentUrl":"https:\/\/www.printweb.de\/digitaldruck\/wp-content\/uploads\/2015\/07\/col_blog_ph.jpg","width":683,"height":437},{"@type":"WebSite","@id":"https:\/\/www.printweb.de\/digitaldruck\/#website","url":"https:\/\/www.printweb.de\/digitaldruck\/","name":"Was Print bewirken kann.","description":"Was Print bewirken kann \u2013 1700 Ideen.","publisher":{"@id":"https:\/\/www.printweb.de\/digitaldruck\/#organization"},"potentialAction":[{"@type":"SearchAction","target":{"@type":"EntryPoint","urlTemplate":"https:\/\/www.printweb.de\/digitaldruck\/?s={search_term_string}"},"query-input":"required name=search_term_string"}],"inLanguage":"de-DE"},{"@type":"Organization","@id":"https:\/\/www.printweb.de\/digitaldruck\/#organization","name":"Colour Connection GmbH, printweb.de, Frankfurt am Main","url":"https:\/\/www.printweb.de\/digitaldruck\/","logo":{"@type":"ImageObject","inLanguage":"de-DE","@id":"https:\/\/www.printweb.de\/digitaldruck\/#\/schema\/logo\/image\/","url":"https:\/\/www.printweb.de\/digitaldruck\/wp-content\/uploads\/2019\/11\/colour-connectio-printweb-logo.jpg","contentUrl":"https:\/\/www.printweb.de\/digitaldruck\/wp-content\/uploads\/2019\/11\/colour-connectio-printweb-logo.jpg","width":1014,"height":229,"caption":"Colour Connection GmbH, printweb.de, Frankfurt am Main"},"image":{"@id":"https:\/\/www.printweb.de\/digitaldruck\/#\/schema\/logo\/image\/"},"sameAs":["https:\/\/www.facebook.com\/printweb.de\/","https:\/\/x.com\/digitaldruck","https:\/\/www.instagram.com\/printweb.de\/","https:\/\/www.youtube.com\/user\/Digitaldruckerei"]},{"@type":"Person","@id":"https:\/\/www.printweb.de\/digitaldruck\/#\/schema\/person\/0e0308818185589fb8602180e9273195","name":"Ralph Hadem","image":{"@type":"ImageObject","inLanguage":"de-DE","@id":"https:\/\/www.printweb.de\/digitaldruck\/#\/schema\/person\/image\/","url":"https:\/\/secure.gravatar.com\/avatar\/386b1b183dce310c5ac8a8f475fdecd8?s=96&d=blank&r=g","contentUrl":"https:\/\/secure.gravatar.com\/avatar\/386b1b183dce310c5ac8a8f475fdecd8?s=96&d=blank&r=g","caption":"Ralph Hadem"},"sameAs":["https:\/\/www.printweb.de"],"url":"https:\/\/www.printweb.de\/digitaldruck\/author\/ralphhadem\/"}]}},"_links":{"self":[{"href":"https:\/\/www.printweb.de\/digitaldruck\/wp-json\/wp\/v2\/posts\/4895"}],"collection":[{"href":"https:\/\/www.printweb.de\/digitaldruck\/wp-json\/wp\/v2\/posts"}],"about":[{"href":"https:\/\/www.printweb.de\/digitaldruck\/wp-json\/wp\/v2\/types\/post"}],"author":[{"embeddable":true,"href":"https:\/\/www.printweb.de\/digitaldruck\/wp-json\/wp\/v2\/users\/2"}],"replies":[{"embeddable":true,"href":"https:\/\/www.printweb.de\/digitaldruck\/wp-json\/wp\/v2\/comments?post=4895"}],"version-history":[{"count":7,"href":"https:\/\/www.printweb.de\/digitaldruck\/wp-json\/wp\/v2\/posts\/4895\/revisions"}],"predecessor-version":[{"id":5370,"href":"https:\/\/www.printweb.de\/digitaldruck\/wp-json\/wp\/v2\/posts\/4895\/revisions\/5370"}],"wp:featuredmedia":[{"embeddable":true,"href":"https:\/\/www.printweb.de\/digitaldruck\/wp-json\/wp\/v2\/media\/11574"}],"wp:attachment":[{"href":"https:\/\/www.printweb.de\/digitaldruck\/wp-json\/wp\/v2\/media?parent=4895"}],"wp:term":[{"taxonomy":"category","embeddable":true,"href":"https:\/\/www.printweb.de\/digitaldruck\/wp-json\/wp\/v2\/categories?post=4895"},{"taxonomy":"post_tag","embeddable":true,"href":"https:\/\/www.printweb.de\/digitaldruck\/wp-json\/wp\/v2\/tags?post=4895"}],"curies":[{"name":"wp","href":"https:\/\/api.w.org\/{rel}","templated":true}]}}