{"id":493,"date":"2009-02-03T15:01:31","date_gmt":"2009-02-03T14:01:31","guid":{"rendered":"https:\/\/www.printweb.de\/digitaldruck\/?p=493"},"modified":"2017-03-28T12:47:05","modified_gmt":"2017-03-28T10:47:05","slug":"buchstabenmuseum-punkt-de-eine-zeitreise","status":"publish","type":"post","link":"https:\/\/www.printweb.de\/digitaldruck\/buchstabenmuseum-punkt-de-eine-zeitreise\/493\/","title":{"rendered":"Buchstabenmuseum.de: Eine Zeitreise"},"content":{"rendered":"<p>Betrachtet man die Museumslandschaft einer Gesellschaft, kann man an deren Anzahl und den abgedeckten Themengebieten meines Erachtens sehr sch\u00f6n den <!--more-->Entwicklungsstand dieser Gesellschaft ablesen. Ein <a href=\"http:\/\/www.buchstabenmuseum.de\" target=\"_blank\">Museum<\/a>, das sich die Bewahrung und Dokumentation von Buchstaben zur Aufgabe gemacht hat ist einerseits eine sch\u00f6ne und wichtige Kulturaufgabe. Andererseits zeigt es aber auch, um welche Luxusthemen wir uns hier im mittleren Westeuropa Gedanken machen <span style=\"text-decoration: line-through;\">k\u00f6nnen<\/span> d\u00fcrfen.<\/p>\n<p>Um Mitglied des Betreiber-Vereins zu werden, m\u00fcssen Sie zun\u00e4chst die Aufnahmegeb\u00fchr berappen: Macht je einen Euro pro Buchstaben des eigenen Namens, wie er in Ihrem Reisepass angegeben ist. Die j\u00e4hrliche Mitgliedsgeb\u00fchr betr\u00e4gt EUR 5,00 zzgl. EUR 21,00 Spende. Einen ersten sch\u00f6nen Eindruck vermittelt die Website. Im Men\u00fcpunkt Buchstaben auf Sammlung klicken und dann die kleinen Pfeilchen links und rechts des Bildes bedienen ;-). Ein Besuch lohnt sich.<\/p>\n<p style=\"text-align: center;\"><a href=\"http:\/\/www.buchstabenmuseum.de\" target=\"_blank\"><img decoding=\"async\" class=\"size-full wp-image-495 aligncenter\" style=\"margin-top: 7px; margin-bottom: 7px;\" title=\"Das Buchstabenmuseum in Berlin\" src=\"https:\/\/www.printweb.de\/digitaldruck\/wp-content\/uploads\/2009\/02\/bildschirmfoto-11.png\" alt=\"Zahlreiche Buchstaben aus der Zeit vor dem Digitaldruck ;-).\" width=\"458\" height=\"306\" \/><\/a><br \/>\nZahlreiche Buchstaben aus der Zeit vor dem Digitaldruck ;-).<\/p>\n","protected":false},"excerpt":{"rendered":"Betrachtet man die Museumslandschaft einer Gesellschaft, kann man an deren Anzahl und den abgedeckten Themengebieten meines Erachtens sehr &#8230; <br><br><a class=\"readmore\" href=\"https:\/\/www.printweb.de\/digitaldruck\/buchstabenmuseum-punkt-de-eine-zeitreise\/493\/\">mehr<\/a>","protected":false},"author":2,"featured_media":495,"comment_status":"open","ping_status":"open","sticky":false,"template":"","format":"standard","meta":{"_acf_changed":false,"footnotes":""},"categories":[1,30],"tags":[],"class_list":["post-493","post","type-post","status-publish","format-standard","has-post-thumbnail","hentry","category-alle-beitraege","category-passiert-notiert"],"acf":[],"yoast_head":"<!-- This site is optimized with the Yoast SEO plugin v23.1 - https:\/\/yoast.com\/wordpress\/plugins\/seo\/ -->\n<title>Buchstabenmuseum.de: Eine Zeitreise | Was Print bewirken kann.<\/title>\n<meta name=\"robots\" content=\"index, follow, max-snippet:-1, max-image-preview:large, max-video-preview:-1\" \/>\n<link rel=\"canonical\" href=\"https:\/\/www.printweb.de\/digitaldruck\/buchstabenmuseum-punkt-de-eine-zeitreise\/493\/\" \/>\n<meta property=\"og:locale\" content=\"de_DE\" \/>\n<meta property=\"og:type\" content=\"article\" \/>\n<meta property=\"og:title\" content=\"Buchstabenmuseum.de: Eine Zeitreise | Was Print bewirken kann.\" \/>\n<meta property=\"og:description\" content=\"Betrachtet man die Museumslandschaft einer Gesellschaft, kann man an deren Anzahl und den abgedeckten Themengebieten meines Erachtens sehr ... mehr\" \/>\n<meta property=\"og:url\" content=\"https:\/\/www.printweb.de\/digitaldruck\/buchstabenmuseum-punkt-de-eine-zeitreise\/493\/\" \/>\n<meta property=\"og:site_name\" content=\"Was Print bewirken kann.\" \/>\n<meta property=\"article:publisher\" content=\"https:\/\/www.facebook.com\/printweb.de\/\" \/>\n<meta property=\"article:published_time\" content=\"2009-02-03T14:01:31+00:00\" \/>\n<meta property=\"article:modified_time\" content=\"2017-03-28T10:47:05+00:00\" \/>\n<meta property=\"og:image\" content=\"https:\/\/www.printweb.de\/digitaldruck\/wp-content\/uploads\/2009\/02\/bildschirmfoto-11.png\" \/>\n\t<meta property=\"og:image:width\" content=\"458\" \/>\n\t<meta property=\"og:image:height\" content=\"306\" \/>\n\t<meta property=\"og:image:type\" content=\"image\/png\" \/>\n<meta name=\"author\" content=\"Ralph Hadem\" \/>\n<meta name=\"twitter:card\" content=\"summary_large_image\" \/>\n<meta name=\"twitter:creator\" content=\"@digitaldruck\" \/>\n<meta name=\"twitter:site\" content=\"@digitaldruck\" \/>\n<meta name=\"twitter:label1\" content=\"Verfasst von\" \/>\n\t<meta name=\"twitter:data1\" content=\"Ralph Hadem\" \/>\n\t<meta name=\"twitter:label2\" content=\"Gesch\u00e4tzte Lesezeit\" \/>\n\t<meta name=\"twitter:data2\" content=\"1 Minute\" \/>\n<script type=\"application\/ld+json\" class=\"yoast-schema-graph\">{\"@context\":\"https:\/\/schema.org\",\"@graph\":[{\"@type\":\"Article\",\"@id\":\"https:\/\/www.printweb.de\/digitaldruck\/buchstabenmuseum-punkt-de-eine-zeitreise\/493\/#article\",\"isPartOf\":{\"@id\":\"https:\/\/www.printweb.de\/digitaldruck\/buchstabenmuseum-punkt-de-eine-zeitreise\/493\/\"},\"author\":{\"name\":\"Ralph Hadem\",\"@id\":\"https:\/\/www.printweb.de\/digitaldruck\/#\/schema\/person\/0e0308818185589fb8602180e9273195\"},\"headline\":\"Buchstabenmuseum.de: Eine Zeitreise\",\"datePublished\":\"2009-02-03T14:01:31+00:00\",\"dateModified\":\"2017-03-28T10:47:05+00:00\",\"mainEntityOfPage\":{\"@id\":\"https:\/\/www.printweb.de\/digitaldruck\/buchstabenmuseum-punkt-de-eine-zeitreise\/493\/\"},\"wordCount\":153,\"commentCount\":0,\"publisher\":{\"@id\":\"https:\/\/www.printweb.de\/digitaldruck\/#organization\"},\"image\":{\"@id\":\"https:\/\/www.printweb.de\/digitaldruck\/buchstabenmuseum-punkt-de-eine-zeitreise\/493\/#primaryimage\"},\"thumbnailUrl\":\"https:\/\/www.printweb.de\/digitaldruck\/wp-content\/uploads\/2009\/02\/bildschirmfoto-11.png\",\"articleSection\":[\"Digitaldruck+Veredlung\",\"Passiert - notiert\"],\"inLanguage\":\"de-DE\",\"potentialAction\":[{\"@type\":\"CommentAction\",\"name\":\"Comment\",\"target\":[\"https:\/\/www.printweb.de\/digitaldruck\/buchstabenmuseum-punkt-de-eine-zeitreise\/493\/#respond\"]}]},{\"@type\":\"WebPage\",\"@id\":\"https:\/\/www.printweb.de\/digitaldruck\/buchstabenmuseum-punkt-de-eine-zeitreise\/493\/\",\"url\":\"https:\/\/www.printweb.de\/digitaldruck\/buchstabenmuseum-punkt-de-eine-zeitreise\/493\/\",\"name\":\"Buchstabenmuseum.de: Eine Zeitreise | Was Print bewirken kann.\",\"isPartOf\":{\"@id\":\"https:\/\/www.printweb.de\/digitaldruck\/#website\"},\"primaryImageOfPage\":{\"@id\":\"https:\/\/www.printweb.de\/digitaldruck\/buchstabenmuseum-punkt-de-eine-zeitreise\/493\/#primaryimage\"},\"image\":{\"@id\":\"https:\/\/www.printweb.de\/digitaldruck\/buchstabenmuseum-punkt-de-eine-zeitreise\/493\/#primaryimage\"},\"thumbnailUrl\":\"https:\/\/www.printweb.de\/digitaldruck\/wp-content\/uploads\/2009\/02\/bildschirmfoto-11.png\",\"datePublished\":\"2009-02-03T14:01:31+00:00\",\"dateModified\":\"2017-03-28T10:47:05+00:00\",\"inLanguage\":\"de-DE\",\"potentialAction\":[{\"@type\":\"ReadAction\",\"target\":[\"https:\/\/www.printweb.de\/digitaldruck\/buchstabenmuseum-punkt-de-eine-zeitreise\/493\/\"]}]},{\"@type\":\"ImageObject\",\"inLanguage\":\"de-DE\",\"@id\":\"https:\/\/www.printweb.de\/digitaldruck\/buchstabenmuseum-punkt-de-eine-zeitreise\/493\/#primaryimage\",\"url\":\"https:\/\/www.printweb.de\/digitaldruck\/wp-content\/uploads\/2009\/02\/bildschirmfoto-11.png\",\"contentUrl\":\"https:\/\/www.printweb.de\/digitaldruck\/wp-content\/uploads\/2009\/02\/bildschirmfoto-11.png\",\"width\":458,\"height\":306,\"caption\":\"Zahlreiche Buchstaben aus der Zeit vor dem Digitaldruck ;-).\"},{\"@type\":\"WebSite\",\"@id\":\"https:\/\/www.printweb.de\/digitaldruck\/#website\",\"url\":\"https:\/\/www.printweb.de\/digitaldruck\/\",\"name\":\"Was Print bewirken kann.\",\"description\":\"Was Print bewirken kann \u2013 1700 Ideen.\",\"publisher\":{\"@id\":\"https:\/\/www.printweb.de\/digitaldruck\/#organization\"},\"potentialAction\":[{\"@type\":\"SearchAction\",\"target\":{\"@type\":\"EntryPoint\",\"urlTemplate\":\"https:\/\/www.printweb.de\/digitaldruck\/?s={search_term_string}\"},\"query-input\":\"required name=search_term_string\"}],\"inLanguage\":\"de-DE\"},{\"@type\":\"Organization\",\"@id\":\"https:\/\/www.printweb.de\/digitaldruck\/#organization\",\"name\":\"Colour Connection GmbH, printweb.de, Frankfurt am Main\",\"url\":\"https:\/\/www.printweb.de\/digitaldruck\/\",\"logo\":{\"@type\":\"ImageObject\",\"inLanguage\":\"de-DE\",\"@id\":\"https:\/\/www.printweb.de\/digitaldruck\/#\/schema\/logo\/image\/\",\"url\":\"https:\/\/www.printweb.de\/digitaldruck\/wp-content\/uploads\/2019\/11\/colour-connectio-printweb-logo.jpg\",\"contentUrl\":\"https:\/\/www.printweb.de\/digitaldruck\/wp-content\/uploads\/2019\/11\/colour-connectio-printweb-logo.jpg\",\"width\":1014,\"height\":229,\"caption\":\"Colour Connection GmbH, printweb.de, Frankfurt am Main\"},\"image\":{\"@id\":\"https:\/\/www.printweb.de\/digitaldruck\/#\/schema\/logo\/image\/\"},\"sameAs\":[\"https:\/\/www.facebook.com\/printweb.de\/\",\"https:\/\/x.com\/digitaldruck\",\"https:\/\/www.instagram.com\/printweb.de\/\",\"https:\/\/www.youtube.com\/user\/Digitaldruckerei\"]},{\"@type\":\"Person\",\"@id\":\"https:\/\/www.printweb.de\/digitaldruck\/#\/schema\/person\/0e0308818185589fb8602180e9273195\",\"name\":\"Ralph Hadem\",\"image\":{\"@type\":\"ImageObject\",\"inLanguage\":\"de-DE\",\"@id\":\"https:\/\/www.printweb.de\/digitaldruck\/#\/schema\/person\/image\/\",\"url\":\"https:\/\/secure.gravatar.com\/avatar\/386b1b183dce310c5ac8a8f475fdecd8?s=96&d=blank&r=g\",\"contentUrl\":\"https:\/\/secure.gravatar.com\/avatar\/386b1b183dce310c5ac8a8f475fdecd8?s=96&d=blank&r=g\",\"caption\":\"Ralph Hadem\"},\"sameAs\":[\"https:\/\/www.printweb.de\"],\"url\":\"https:\/\/www.printweb.de\/digitaldruck\/author\/ralphhadem\/\"}]}<\/script>\n<!-- \/ Yoast SEO plugin. -->","yoast_head_json":{"title":"Buchstabenmuseum.de: Eine Zeitreise | Was Print bewirken kann.","robots":{"index":"index","follow":"follow","max-snippet":"max-snippet:-1","max-image-preview":"max-image-preview:large","max-video-preview":"max-video-preview:-1"},"canonical":"https:\/\/www.printweb.de\/digitaldruck\/buchstabenmuseum-punkt-de-eine-zeitreise\/493\/","og_locale":"de_DE","og_type":"article","og_title":"Buchstabenmuseum.de: Eine Zeitreise | Was Print bewirken kann.","og_description":"Betrachtet man die Museumslandschaft einer Gesellschaft, kann man an deren Anzahl und den abgedeckten Themengebieten meines Erachtens sehr ... mehr","og_url":"https:\/\/www.printweb.de\/digitaldruck\/buchstabenmuseum-punkt-de-eine-zeitreise\/493\/","og_site_name":"Was Print bewirken kann.","article_publisher":"https:\/\/www.facebook.com\/printweb.de\/","article_published_time":"2009-02-03T14:01:31+00:00","article_modified_time":"2017-03-28T10:47:05+00:00","og_image":[{"width":458,"height":306,"url":"https:\/\/www.printweb.de\/digitaldruck\/wp-content\/uploads\/2009\/02\/bildschirmfoto-11.png","type":"image\/png"}],"author":"Ralph Hadem","twitter_card":"summary_large_image","twitter_creator":"@digitaldruck","twitter_site":"@digitaldruck","twitter_misc":{"Verfasst von":"Ralph Hadem","Gesch\u00e4tzte Lesezeit":"1 Minute"},"schema":{"@context":"https:\/\/schema.org","@graph":[{"@type":"Article","@id":"https:\/\/www.printweb.de\/digitaldruck\/buchstabenmuseum-punkt-de-eine-zeitreise\/493\/#article","isPartOf":{"@id":"https:\/\/www.printweb.de\/digitaldruck\/buchstabenmuseum-punkt-de-eine-zeitreise\/493\/"},"author":{"name":"Ralph Hadem","@id":"https:\/\/www.printweb.de\/digitaldruck\/#\/schema\/person\/0e0308818185589fb8602180e9273195"},"headline":"Buchstabenmuseum.de: Eine Zeitreise","datePublished":"2009-02-03T14:01:31+00:00","dateModified":"2017-03-28T10:47:05+00:00","mainEntityOfPage":{"@id":"https:\/\/www.printweb.de\/digitaldruck\/buchstabenmuseum-punkt-de-eine-zeitreise\/493\/"},"wordCount":153,"commentCount":0,"publisher":{"@id":"https:\/\/www.printweb.de\/digitaldruck\/#organization"},"image":{"@id":"https:\/\/www.printweb.de\/digitaldruck\/buchstabenmuseum-punkt-de-eine-zeitreise\/493\/#primaryimage"},"thumbnailUrl":"https:\/\/www.printweb.de\/digitaldruck\/wp-content\/uploads\/2009\/02\/bildschirmfoto-11.png","articleSection":["Digitaldruck+Veredlung","Passiert - notiert"],"inLanguage":"de-DE","potentialAction":[{"@type":"CommentAction","name":"Comment","target":["https:\/\/www.printweb.de\/digitaldruck\/buchstabenmuseum-punkt-de-eine-zeitreise\/493\/#respond"]}]},{"@type":"WebPage","@id":"https:\/\/www.printweb.de\/digitaldruck\/buchstabenmuseum-punkt-de-eine-zeitreise\/493\/","url":"https:\/\/www.printweb.de\/digitaldruck\/buchstabenmuseum-punkt-de-eine-zeitreise\/493\/","name":"Buchstabenmuseum.de: Eine Zeitreise | Was Print bewirken kann.","isPartOf":{"@id":"https:\/\/www.printweb.de\/digitaldruck\/#website"},"primaryImageOfPage":{"@id":"https:\/\/www.printweb.de\/digitaldruck\/buchstabenmuseum-punkt-de-eine-zeitreise\/493\/#primaryimage"},"image":{"@id":"https:\/\/www.printweb.de\/digitaldruck\/buchstabenmuseum-punkt-de-eine-zeitreise\/493\/#primaryimage"},"thumbnailUrl":"https:\/\/www.printweb.de\/digitaldruck\/wp-content\/uploads\/2009\/02\/bildschirmfoto-11.png","datePublished":"2009-02-03T14:01:31+00:00","dateModified":"2017-03-28T10:47:05+00:00","inLanguage":"de-DE","potentialAction":[{"@type":"ReadAction","target":["https:\/\/www.printweb.de\/digitaldruck\/buchstabenmuseum-punkt-de-eine-zeitreise\/493\/"]}]},{"@type":"ImageObject","inLanguage":"de-DE","@id":"https:\/\/www.printweb.de\/digitaldruck\/buchstabenmuseum-punkt-de-eine-zeitreise\/493\/#primaryimage","url":"https:\/\/www.printweb.de\/digitaldruck\/wp-content\/uploads\/2009\/02\/bildschirmfoto-11.png","contentUrl":"https:\/\/www.printweb.de\/digitaldruck\/wp-content\/uploads\/2009\/02\/bildschirmfoto-11.png","width":458,"height":306,"caption":"Zahlreiche Buchstaben aus der Zeit vor dem Digitaldruck ;-)."},{"@type":"WebSite","@id":"https:\/\/www.printweb.de\/digitaldruck\/#website","url":"https:\/\/www.printweb.de\/digitaldruck\/","name":"Was Print bewirken kann.","description":"Was Print bewirken kann \u2013 1700 Ideen.","publisher":{"@id":"https:\/\/www.printweb.de\/digitaldruck\/#organization"},"potentialAction":[{"@type":"SearchAction","target":{"@type":"EntryPoint","urlTemplate":"https:\/\/www.printweb.de\/digitaldruck\/?s={search_term_string}"},"query-input":"required name=search_term_string"}],"inLanguage":"de-DE"},{"@type":"Organization","@id":"https:\/\/www.printweb.de\/digitaldruck\/#organization","name":"Colour Connection GmbH, printweb.de, Frankfurt am Main","url":"https:\/\/www.printweb.de\/digitaldruck\/","logo":{"@type":"ImageObject","inLanguage":"de-DE","@id":"https:\/\/www.printweb.de\/digitaldruck\/#\/schema\/logo\/image\/","url":"https:\/\/www.printweb.de\/digitaldruck\/wp-content\/uploads\/2019\/11\/colour-connectio-printweb-logo.jpg","contentUrl":"https:\/\/www.printweb.de\/digitaldruck\/wp-content\/uploads\/2019\/11\/colour-connectio-printweb-logo.jpg","width":1014,"height":229,"caption":"Colour Connection GmbH, printweb.de, Frankfurt am Main"},"image":{"@id":"https:\/\/www.printweb.de\/digitaldruck\/#\/schema\/logo\/image\/"},"sameAs":["https:\/\/www.facebook.com\/printweb.de\/","https:\/\/x.com\/digitaldruck","https:\/\/www.instagram.com\/printweb.de\/","https:\/\/www.youtube.com\/user\/Digitaldruckerei"]},{"@type":"Person","@id":"https:\/\/www.printweb.de\/digitaldruck\/#\/schema\/person\/0e0308818185589fb8602180e9273195","name":"Ralph Hadem","image":{"@type":"ImageObject","inLanguage":"de-DE","@id":"https:\/\/www.printweb.de\/digitaldruck\/#\/schema\/person\/image\/","url":"https:\/\/secure.gravatar.com\/avatar\/386b1b183dce310c5ac8a8f475fdecd8?s=96&d=blank&r=g","contentUrl":"https:\/\/secure.gravatar.com\/avatar\/386b1b183dce310c5ac8a8f475fdecd8?s=96&d=blank&r=g","caption":"Ralph Hadem"},"sameAs":["https:\/\/www.printweb.de"],"url":"https:\/\/www.printweb.de\/digitaldruck\/author\/ralphhadem\/"}]}},"_links":{"self":[{"href":"https:\/\/www.printweb.de\/digitaldruck\/wp-json\/wp\/v2\/posts\/493"}],"collection":[{"href":"https:\/\/www.printweb.de\/digitaldruck\/wp-json\/wp\/v2\/posts"}],"about":[{"href":"https:\/\/www.printweb.de\/digitaldruck\/wp-json\/wp\/v2\/types\/post"}],"author":[{"embeddable":true,"href":"https:\/\/www.printweb.de\/digitaldruck\/wp-json\/wp\/v2\/users\/2"}],"replies":[{"embeddable":true,"href":"https:\/\/www.printweb.de\/digitaldruck\/wp-json\/wp\/v2\/comments?post=493"}],"version-history":[{"count":16,"href":"https:\/\/www.printweb.de\/digitaldruck\/wp-json\/wp\/v2\/posts\/493\/revisions"}],"predecessor-version":[{"id":501,"href":"https:\/\/www.printweb.de\/digitaldruck\/wp-json\/wp\/v2\/posts\/493\/revisions\/501"}],"wp:featuredmedia":[{"embeddable":true,"href":"https:\/\/www.printweb.de\/digitaldruck\/wp-json\/wp\/v2\/media\/495"}],"wp:attachment":[{"href":"https:\/\/www.printweb.de\/digitaldruck\/wp-json\/wp\/v2\/media?parent=493"}],"wp:term":[{"taxonomy":"category","embeddable":true,"href":"https:\/\/www.printweb.de\/digitaldruck\/wp-json\/wp\/v2\/categories?post=493"},{"taxonomy":"post_tag","embeddable":true,"href":"https:\/\/www.printweb.de\/digitaldruck\/wp-json\/wp\/v2\/tags?post=493"}],"curies":[{"name":"wp","href":"https:\/\/api.w.org\/{rel}","templated":true}]}}