{"id":5490,"date":"2012-02-06T10:13:46","date_gmt":"2012-02-06T09:13:46","guid":{"rendered":"https:\/\/www.printweb.de\/digitaldruck\/?p=5490"},"modified":"2013-07-22T09:27:31","modified_gmt":"2013-07-22T07:27:31","slug":"weinetikett-in-kleinauflage-mit-spotlack","status":"publish","type":"post","link":"https:\/\/www.printweb.de\/digitaldruck\/weinetikett-in-kleinauflage-mit-spotlack\/5490\/","title":{"rendered":"Weinetikett in Kleinauflage <br \/>mit Spotlack veredelt"},"content":{"rendered":"<p>Auch bei kleinen Auflagen muss man nicht auf schicke Etiketten verzichten. Dieses Weinetikett f\u00fcr einen Gr\u00fcnen Veltliner besticht durch schlichte Eleganz und den Traubenrapport in Mattlackoptik. F\u00fcr den Promotion\/Werbeartikelbereich k\u00f6nnte man zus\u00e4tzlich eine Personalisierung mit den jeweiligen Empf\u00e4ngernamen realisieren. Diesen Effekt erzielen Sie, indem Sie eine Sonderfarbe mit dem Namen Lack anlegen, die gew\u00fcnschten Elemente damit einf\u00e4rben und anschlie\u00dfend beim Erzeugen der PDF-Datei darauf achten, dass die Sonderfarbe erhalten bleibt. Abschlie\u00dfend beauftragen Sie uns und weisen darauf hin, dass Sie eine partielle Mattlackierung w\u00fcnschen.<\/p>\n<p>&nbsp;<\/p>\n<p style=\"text-align: center;\"><a href=\"https:\/\/www.printweb.de\/digitaldruck\/wp-content\/uploads\/2012\/02\/Weinetikett-mit-Spotlack.jpg\" target=\"_blank\"><img decoding=\"async\" class=\"aligncenter size-thumbnail wp-image-5491\" title=\"Weinetikett-mit-Spotlack\" alt=\"\" src=\"https:\/\/www.printweb.de\/digitaldruck\/wp-content\/uploads\/2012\/02\/Weinetikett-mit-Spotlack-765x574.jpg\" width=\"582\" height=\"437\" srcset=\"https:\/\/www.printweb.de\/digitaldruck\/wp-content\/uploads\/2012\/02\/Weinetikett-mit-Spotlack-765x574.jpg 765w, https:\/\/www.printweb.de\/digitaldruck\/wp-content\/uploads\/2012\/02\/Weinetikett-mit-Spotlack-768x576.jpg 768w, https:\/\/www.printweb.de\/digitaldruck\/wp-content\/uploads\/2012\/02\/Weinetikett-mit-Spotlack-653x490.jpg 653w, https:\/\/www.printweb.de\/digitaldruck\/wp-content\/uploads\/2012\/02\/Weinetikett-mit-Spotlack-320x240.jpg 320w\" sizes=\"(max-width: 582px) 100vw, 582px\" \/><\/a><\/p>\n","protected":false},"excerpt":{"rendered":"Auch bei kleinen Auflagen muss man nicht auf schicke Etiketten verzichten. Dieses Weinetikett f\u00fcr einen Gr\u00fcnen Veltliner besticht &#8230; <br><br><a class=\"readmore\" href=\"https:\/\/www.printweb.de\/digitaldruck\/weinetikett-in-kleinauflage-mit-spotlack\/5490\/\">mehr<\/a>","protected":false},"author":2,"featured_media":5491,"comment_status":"open","ping_status":"open","sticky":false,"template":"","format":"standard","meta":{"_acf_changed":false,"footnotes":""},"categories":[1,55,67],"tags":[],"class_list":["post-5490","post","type-post","status-publish","format-standard","has-post-thumbnail","hentry","category-alle-beitraege","category-digitaler-lack","category-1to1-marketing"],"acf":[],"yoast_head":"<!-- This site is optimized with the Yoast SEO plugin v23.1 - https:\/\/yoast.com\/wordpress\/plugins\/seo\/ -->\n<title>Weinetikett in Kleinauflage mit Spotlack veredelt | Was Print bewirken kann.<\/title>\n<meta name=\"robots\" content=\"index, follow, max-snippet:-1, max-image-preview:large, max-video-preview:-1\" \/>\n<link rel=\"canonical\" href=\"https:\/\/www.printweb.de\/digitaldruck\/weinetikett-in-kleinauflage-mit-spotlack\/5490\/\" \/>\n<meta property=\"og:locale\" content=\"de_DE\" \/>\n<meta property=\"og:type\" content=\"article\" \/>\n<meta property=\"og:title\" content=\"Weinetikett in Kleinauflage mit Spotlack veredelt | Was Print bewirken kann.\" \/>\n<meta property=\"og:description\" content=\"Auch bei kleinen Auflagen muss man nicht auf schicke Etiketten verzichten. Dieses Weinetikett f\u00fcr einen Gr\u00fcnen Veltliner besticht ... mehr\" \/>\n<meta property=\"og:url\" content=\"https:\/\/www.printweb.de\/digitaldruck\/weinetikett-in-kleinauflage-mit-spotlack\/5490\/\" \/>\n<meta property=\"og:site_name\" content=\"Was Print bewirken kann.\" \/>\n<meta property=\"article:publisher\" content=\"https:\/\/www.facebook.com\/printweb.de\/\" \/>\n<meta property=\"article:published_time\" content=\"2012-02-06T09:13:46+00:00\" \/>\n<meta property=\"article:modified_time\" content=\"2013-07-22T07:27:31+00:00\" \/>\n<meta property=\"og:image\" content=\"https:\/\/www.printweb.de\/digitaldruck\/wp-content\/uploads\/2012\/02\/Weinetikett-mit-Spotlack-765x490.jpg\" \/>\n\t<meta property=\"og:image:width\" content=\"765\" \/>\n\t<meta property=\"og:image:height\" content=\"490\" \/>\n\t<meta property=\"og:image:type\" content=\"image\/jpeg\" \/>\n<meta name=\"author\" content=\"Ralph Hadem\" \/>\n<meta name=\"twitter:card\" content=\"summary_large_image\" \/>\n<meta name=\"twitter:creator\" content=\"@digitaldruck\" \/>\n<meta name=\"twitter:site\" content=\"@digitaldruck\" \/>\n<meta name=\"twitter:label1\" content=\"Verfasst von\" \/>\n\t<meta name=\"twitter:data1\" content=\"Ralph Hadem\" \/>\n<script type=\"application\/ld+json\" class=\"yoast-schema-graph\">{\"@context\":\"https:\/\/schema.org\",\"@graph\":[{\"@type\":\"Article\",\"@id\":\"https:\/\/www.printweb.de\/digitaldruck\/weinetikett-in-kleinauflage-mit-spotlack\/5490\/#article\",\"isPartOf\":{\"@id\":\"https:\/\/www.printweb.de\/digitaldruck\/weinetikett-in-kleinauflage-mit-spotlack\/5490\/\"},\"author\":{\"name\":\"Ralph Hadem\",\"@id\":\"https:\/\/www.printweb.de\/digitaldruck\/#\/schema\/person\/0e0308818185589fb8602180e9273195\"},\"headline\":\"Weinetikett in Kleinauflage mit Spotlack veredelt\",\"datePublished\":\"2012-02-06T09:13:46+00:00\",\"dateModified\":\"2013-07-22T07:27:31+00:00\",\"mainEntityOfPage\":{\"@id\":\"https:\/\/www.printweb.de\/digitaldruck\/weinetikett-in-kleinauflage-mit-spotlack\/5490\/\"},\"wordCount\":103,\"commentCount\":0,\"publisher\":{\"@id\":\"https:\/\/www.printweb.de\/digitaldruck\/#organization\"},\"image\":{\"@id\":\"https:\/\/www.printweb.de\/digitaldruck\/weinetikett-in-kleinauflage-mit-spotlack\/5490\/#primaryimage\"},\"thumbnailUrl\":\"https:\/\/www.printweb.de\/digitaldruck\/wp-content\/uploads\/2012\/02\/Weinetikett-mit-Spotlack.jpg\",\"articleSection\":[\"Digitaldruck+Veredlung\",\"Digitaler Lack\",\"1to1-Marketing\"],\"inLanguage\":\"de-DE\",\"potentialAction\":[{\"@type\":\"CommentAction\",\"name\":\"Comment\",\"target\":[\"https:\/\/www.printweb.de\/digitaldruck\/weinetikett-in-kleinauflage-mit-spotlack\/5490\/#respond\"]}]},{\"@type\":\"WebPage\",\"@id\":\"https:\/\/www.printweb.de\/digitaldruck\/weinetikett-in-kleinauflage-mit-spotlack\/5490\/\",\"url\":\"https:\/\/www.printweb.de\/digitaldruck\/weinetikett-in-kleinauflage-mit-spotlack\/5490\/\",\"name\":\"Weinetikett in Kleinauflage mit Spotlack veredelt | Was Print bewirken kann.\",\"isPartOf\":{\"@id\":\"https:\/\/www.printweb.de\/digitaldruck\/#website\"},\"primaryImageOfPage\":{\"@id\":\"https:\/\/www.printweb.de\/digitaldruck\/weinetikett-in-kleinauflage-mit-spotlack\/5490\/#primaryimage\"},\"image\":{\"@id\":\"https:\/\/www.printweb.de\/digitaldruck\/weinetikett-in-kleinauflage-mit-spotlack\/5490\/#primaryimage\"},\"thumbnailUrl\":\"https:\/\/www.printweb.de\/digitaldruck\/wp-content\/uploads\/2012\/02\/Weinetikett-mit-Spotlack.jpg\",\"datePublished\":\"2012-02-06T09:13:46+00:00\",\"dateModified\":\"2013-07-22T07:27:31+00:00\",\"inLanguage\":\"de-DE\",\"potentialAction\":[{\"@type\":\"ReadAction\",\"target\":[\"https:\/\/www.printweb.de\/digitaldruck\/weinetikett-in-kleinauflage-mit-spotlack\/5490\/\"]}]},{\"@type\":\"ImageObject\",\"inLanguage\":\"de-DE\",\"@id\":\"https:\/\/www.printweb.de\/digitaldruck\/weinetikett-in-kleinauflage-mit-spotlack\/5490\/#primaryimage\",\"url\":\"https:\/\/www.printweb.de\/digitaldruck\/wp-content\/uploads\/2012\/02\/Weinetikett-mit-Spotlack.jpg\",\"contentUrl\":\"https:\/\/www.printweb.de\/digitaldruck\/wp-content\/uploads\/2012\/02\/Weinetikett-mit-Spotlack.jpg\",\"width\":3072,\"height\":2304},{\"@type\":\"WebSite\",\"@id\":\"https:\/\/www.printweb.de\/digitaldruck\/#website\",\"url\":\"https:\/\/www.printweb.de\/digitaldruck\/\",\"name\":\"Was Print bewirken kann.\",\"description\":\"Was Print bewirken kann \u2013 1700 Ideen.\",\"publisher\":{\"@id\":\"https:\/\/www.printweb.de\/digitaldruck\/#organization\"},\"potentialAction\":[{\"@type\":\"SearchAction\",\"target\":{\"@type\":\"EntryPoint\",\"urlTemplate\":\"https:\/\/www.printweb.de\/digitaldruck\/?s={search_term_string}\"},\"query-input\":\"required name=search_term_string\"}],\"inLanguage\":\"de-DE\"},{\"@type\":\"Organization\",\"@id\":\"https:\/\/www.printweb.de\/digitaldruck\/#organization\",\"name\":\"Colour Connection GmbH, printweb.de, Frankfurt am Main\",\"url\":\"https:\/\/www.printweb.de\/digitaldruck\/\",\"logo\":{\"@type\":\"ImageObject\",\"inLanguage\":\"de-DE\",\"@id\":\"https:\/\/www.printweb.de\/digitaldruck\/#\/schema\/logo\/image\/\",\"url\":\"https:\/\/www.printweb.de\/digitaldruck\/wp-content\/uploads\/2019\/11\/colour-connectio-printweb-logo.jpg\",\"contentUrl\":\"https:\/\/www.printweb.de\/digitaldruck\/wp-content\/uploads\/2019\/11\/colour-connectio-printweb-logo.jpg\",\"width\":1014,\"height\":229,\"caption\":\"Colour Connection GmbH, printweb.de, Frankfurt am Main\"},\"image\":{\"@id\":\"https:\/\/www.printweb.de\/digitaldruck\/#\/schema\/logo\/image\/\"},\"sameAs\":[\"https:\/\/www.facebook.com\/printweb.de\/\",\"https:\/\/x.com\/digitaldruck\",\"https:\/\/www.instagram.com\/printweb.de\/\",\"https:\/\/www.youtube.com\/user\/Digitaldruckerei\"]},{\"@type\":\"Person\",\"@id\":\"https:\/\/www.printweb.de\/digitaldruck\/#\/schema\/person\/0e0308818185589fb8602180e9273195\",\"name\":\"Ralph Hadem\",\"image\":{\"@type\":\"ImageObject\",\"inLanguage\":\"de-DE\",\"@id\":\"https:\/\/www.printweb.de\/digitaldruck\/#\/schema\/person\/image\/\",\"url\":\"https:\/\/secure.gravatar.com\/avatar\/386b1b183dce310c5ac8a8f475fdecd8?s=96&d=blank&r=g\",\"contentUrl\":\"https:\/\/secure.gravatar.com\/avatar\/386b1b183dce310c5ac8a8f475fdecd8?s=96&d=blank&r=g\",\"caption\":\"Ralph Hadem\"},\"sameAs\":[\"https:\/\/www.printweb.de\"],\"url\":\"https:\/\/www.printweb.de\/digitaldruck\/author\/ralphhadem\/\"}]}<\/script>\n<!-- \/ Yoast SEO plugin. -->","yoast_head_json":{"title":"Weinetikett in Kleinauflage mit Spotlack veredelt | Was Print bewirken kann.","robots":{"index":"index","follow":"follow","max-snippet":"max-snippet:-1","max-image-preview":"max-image-preview:large","max-video-preview":"max-video-preview:-1"},"canonical":"https:\/\/www.printweb.de\/digitaldruck\/weinetikett-in-kleinauflage-mit-spotlack\/5490\/","og_locale":"de_DE","og_type":"article","og_title":"Weinetikett in Kleinauflage mit Spotlack veredelt | Was Print bewirken kann.","og_description":"Auch bei kleinen Auflagen muss man nicht auf schicke Etiketten verzichten. Dieses Weinetikett f\u00fcr einen Gr\u00fcnen Veltliner besticht ... mehr","og_url":"https:\/\/www.printweb.de\/digitaldruck\/weinetikett-in-kleinauflage-mit-spotlack\/5490\/","og_site_name":"Was Print bewirken kann.","article_publisher":"https:\/\/www.facebook.com\/printweb.de\/","article_published_time":"2012-02-06T09:13:46+00:00","article_modified_time":"2013-07-22T07:27:31+00:00","og_image":[{"width":765,"height":490,"url":"https:\/\/www.printweb.de\/digitaldruck\/wp-content\/uploads\/2012\/02\/Weinetikett-mit-Spotlack-765x490.jpg","type":"image\/jpeg"}],"author":"Ralph Hadem","twitter_card":"summary_large_image","twitter_creator":"@digitaldruck","twitter_site":"@digitaldruck","twitter_misc":{"Verfasst von":"Ralph Hadem"},"schema":{"@context":"https:\/\/schema.org","@graph":[{"@type":"Article","@id":"https:\/\/www.printweb.de\/digitaldruck\/weinetikett-in-kleinauflage-mit-spotlack\/5490\/#article","isPartOf":{"@id":"https:\/\/www.printweb.de\/digitaldruck\/weinetikett-in-kleinauflage-mit-spotlack\/5490\/"},"author":{"name":"Ralph Hadem","@id":"https:\/\/www.printweb.de\/digitaldruck\/#\/schema\/person\/0e0308818185589fb8602180e9273195"},"headline":"Weinetikett in Kleinauflage mit Spotlack veredelt","datePublished":"2012-02-06T09:13:46+00:00","dateModified":"2013-07-22T07:27:31+00:00","mainEntityOfPage":{"@id":"https:\/\/www.printweb.de\/digitaldruck\/weinetikett-in-kleinauflage-mit-spotlack\/5490\/"},"wordCount":103,"commentCount":0,"publisher":{"@id":"https:\/\/www.printweb.de\/digitaldruck\/#organization"},"image":{"@id":"https:\/\/www.printweb.de\/digitaldruck\/weinetikett-in-kleinauflage-mit-spotlack\/5490\/#primaryimage"},"thumbnailUrl":"https:\/\/www.printweb.de\/digitaldruck\/wp-content\/uploads\/2012\/02\/Weinetikett-mit-Spotlack.jpg","articleSection":["Digitaldruck+Veredlung","Digitaler Lack","1to1-Marketing"],"inLanguage":"de-DE","potentialAction":[{"@type":"CommentAction","name":"Comment","target":["https:\/\/www.printweb.de\/digitaldruck\/weinetikett-in-kleinauflage-mit-spotlack\/5490\/#respond"]}]},{"@type":"WebPage","@id":"https:\/\/www.printweb.de\/digitaldruck\/weinetikett-in-kleinauflage-mit-spotlack\/5490\/","url":"https:\/\/www.printweb.de\/digitaldruck\/weinetikett-in-kleinauflage-mit-spotlack\/5490\/","name":"Weinetikett in Kleinauflage mit Spotlack veredelt | Was Print bewirken kann.","isPartOf":{"@id":"https:\/\/www.printweb.de\/digitaldruck\/#website"},"primaryImageOfPage":{"@id":"https:\/\/www.printweb.de\/digitaldruck\/weinetikett-in-kleinauflage-mit-spotlack\/5490\/#primaryimage"},"image":{"@id":"https:\/\/www.printweb.de\/digitaldruck\/weinetikett-in-kleinauflage-mit-spotlack\/5490\/#primaryimage"},"thumbnailUrl":"https:\/\/www.printweb.de\/digitaldruck\/wp-content\/uploads\/2012\/02\/Weinetikett-mit-Spotlack.jpg","datePublished":"2012-02-06T09:13:46+00:00","dateModified":"2013-07-22T07:27:31+00:00","inLanguage":"de-DE","potentialAction":[{"@type":"ReadAction","target":["https:\/\/www.printweb.de\/digitaldruck\/weinetikett-in-kleinauflage-mit-spotlack\/5490\/"]}]},{"@type":"ImageObject","inLanguage":"de-DE","@id":"https:\/\/www.printweb.de\/digitaldruck\/weinetikett-in-kleinauflage-mit-spotlack\/5490\/#primaryimage","url":"https:\/\/www.printweb.de\/digitaldruck\/wp-content\/uploads\/2012\/02\/Weinetikett-mit-Spotlack.jpg","contentUrl":"https:\/\/www.printweb.de\/digitaldruck\/wp-content\/uploads\/2012\/02\/Weinetikett-mit-Spotlack.jpg","width":3072,"height":2304},{"@type":"WebSite","@id":"https:\/\/www.printweb.de\/digitaldruck\/#website","url":"https:\/\/www.printweb.de\/digitaldruck\/","name":"Was Print bewirken kann.","description":"Was Print bewirken kann \u2013 1700 Ideen.","publisher":{"@id":"https:\/\/www.printweb.de\/digitaldruck\/#organization"},"potentialAction":[{"@type":"SearchAction","target":{"@type":"EntryPoint","urlTemplate":"https:\/\/www.printweb.de\/digitaldruck\/?s={search_term_string}"},"query-input":"required name=search_term_string"}],"inLanguage":"de-DE"},{"@type":"Organization","@id":"https:\/\/www.printweb.de\/digitaldruck\/#organization","name":"Colour Connection GmbH, printweb.de, Frankfurt am Main","url":"https:\/\/www.printweb.de\/digitaldruck\/","logo":{"@type":"ImageObject","inLanguage":"de-DE","@id":"https:\/\/www.printweb.de\/digitaldruck\/#\/schema\/logo\/image\/","url":"https:\/\/www.printweb.de\/digitaldruck\/wp-content\/uploads\/2019\/11\/colour-connectio-printweb-logo.jpg","contentUrl":"https:\/\/www.printweb.de\/digitaldruck\/wp-content\/uploads\/2019\/11\/colour-connectio-printweb-logo.jpg","width":1014,"height":229,"caption":"Colour Connection GmbH, printweb.de, Frankfurt am Main"},"image":{"@id":"https:\/\/www.printweb.de\/digitaldruck\/#\/schema\/logo\/image\/"},"sameAs":["https:\/\/www.facebook.com\/printweb.de\/","https:\/\/x.com\/digitaldruck","https:\/\/www.instagram.com\/printweb.de\/","https:\/\/www.youtube.com\/user\/Digitaldruckerei"]},{"@type":"Person","@id":"https:\/\/www.printweb.de\/digitaldruck\/#\/schema\/person\/0e0308818185589fb8602180e9273195","name":"Ralph Hadem","image":{"@type":"ImageObject","inLanguage":"de-DE","@id":"https:\/\/www.printweb.de\/digitaldruck\/#\/schema\/person\/image\/","url":"https:\/\/secure.gravatar.com\/avatar\/386b1b183dce310c5ac8a8f475fdecd8?s=96&d=blank&r=g","contentUrl":"https:\/\/secure.gravatar.com\/avatar\/386b1b183dce310c5ac8a8f475fdecd8?s=96&d=blank&r=g","caption":"Ralph Hadem"},"sameAs":["https:\/\/www.printweb.de"],"url":"https:\/\/www.printweb.de\/digitaldruck\/author\/ralphhadem\/"}]}},"_links":{"self":[{"href":"https:\/\/www.printweb.de\/digitaldruck\/wp-json\/wp\/v2\/posts\/5490"}],"collection":[{"href":"https:\/\/www.printweb.de\/digitaldruck\/wp-json\/wp\/v2\/posts"}],"about":[{"href":"https:\/\/www.printweb.de\/digitaldruck\/wp-json\/wp\/v2\/types\/post"}],"author":[{"embeddable":true,"href":"https:\/\/www.printweb.de\/digitaldruck\/wp-json\/wp\/v2\/users\/2"}],"replies":[{"embeddable":true,"href":"https:\/\/www.printweb.de\/digitaldruck\/wp-json\/wp\/v2\/comments?post=5490"}],"version-history":[{"count":8,"href":"https:\/\/www.printweb.de\/digitaldruck\/wp-json\/wp\/v2\/posts\/5490\/revisions"}],"predecessor-version":[{"id":5495,"href":"https:\/\/www.printweb.de\/digitaldruck\/wp-json\/wp\/v2\/posts\/5490\/revisions\/5495"}],"wp:featuredmedia":[{"embeddable":true,"href":"https:\/\/www.printweb.de\/digitaldruck\/wp-json\/wp\/v2\/media\/5491"}],"wp:attachment":[{"href":"https:\/\/www.printweb.de\/digitaldruck\/wp-json\/wp\/v2\/media?parent=5490"}],"wp:term":[{"taxonomy":"category","embeddable":true,"href":"https:\/\/www.printweb.de\/digitaldruck\/wp-json\/wp\/v2\/categories?post=5490"},{"taxonomy":"post_tag","embeddable":true,"href":"https:\/\/www.printweb.de\/digitaldruck\/wp-json\/wp\/v2\/tags?post=5490"}],"curies":[{"name":"wp","href":"https:\/\/api.w.org\/{rel}","templated":true}]}}