{"id":5596,"date":"2012-02-28T13:55:30","date_gmt":"2012-02-28T12:55:30","guid":{"rendered":"https:\/\/www.printweb.de\/digitaldruck\/?p=5596"},"modified":"2014-12-19T15:29:28","modified_gmt":"2014-12-19T14:29:28","slug":"ganz-und-gar-individuelle-notizbloecke-konfigurieren","status":"publish","type":"post","link":"https:\/\/www.printweb.de\/digitaldruck\/ganz-und-gar-individuelle-notizbloecke-konfigurieren\/5596\/","title":{"rendered":"Ganz und gar individuelle Notizbl\u00f6cke ..."},"content":{"rendered":"<p>Wenn Sie kleine Auflagen individueller Notizbl\u00f6cke mit nicht ganz allt\u00e4glichen Papieren ben\u00f6tigen, sollten Sie unser Angebot pr\u00fcfen. Angefangen bei 12 Formaten, individuellen Seitenzahlen, st\u00fcckgenauen Auflagen und einer gro\u00dfen Papierauswahl bis hin zu verschiedenen Varianten bei der Bindung k\u00f6nnen Sie sich Ihren eigenen Notizblock konfigurieren. Beispiel gef\u00e4llig?<\/p>\n<p>Notizblock quadratisch, 148 x 148 mm, Auflage 24 St\u00fcck, 15 Seiten, 4\/0-farbig, Druckfein Design-Papier in 130g, Klebebindung Kopfseite, R\u00fcckseite Fotokarton schwarz in 400g<\/p>\n<p><a title=\"Notizbl\u00f6cke in 12 Formaten und gro\u00dfer Papierauswahl online konfigurieren und bestellen\" href=\"https:\/\/www.printweb.de\/geschaeft\/notizbloecke\" target=\"_blank\">Probieren Sie es aus.<br \/>\n<\/a>Hier gehts es direkt zu den beliebtesten Formaten:<br \/>\n<a title=\"Notizbl\u00f6cke DIN A4\" href=\"https:\/\/www.printweb.de\/geschaeft\/notizbloecke-din-a4.product\" target=\"_blank\">Notizbl\u00f6cke DIN A4,<\/a> <a title=\"Notizbl\u00f6cke DIN A5\" href=\"https:\/\/www.printweb.de\/geschaeft\/notizbloecke-din-a5.product\" target=\"_blank\">Notizbl\u00f6cke DIN A5,<\/a> <a title=\"Notizbl\u00f6cke DIN A6\" href=\"https:\/\/www.printweb.de\/geschaeft\/notizbloecke-din-a6.product\" target=\"_blank\">Notizbl\u00f6cke DIN A6<\/a><\/p>\n<p>&nbsp;<\/p>\n<p style=\"text-align: center;\"><a href=\"https:\/\/www.printweb.de\/digitaldruck\/wp-content\/uploads\/2012\/02\/Bildschirmfoto-2012-02-28-um-13.51.32.png\" target=\"_blank\"><img decoding=\"async\" class=\"aligncenter size-thumbnail-vertikal wp-image-5597\" style=\"border: 1px solid black;\" title=\"Bildschirmfoto 2012-02-28 um 13.51.32\" alt=\"\" src=\"https:\/\/www.printweb.de\/digitaldruck\/wp-content\/uploads\/2012\/02\/Bildschirmfoto-2012-02-28-um-13.51.32-441x490.png\" width=\"441\" height=\"490\" srcset=\"https:\/\/www.printweb.de\/digitaldruck\/wp-content\/uploads\/2012\/02\/Bildschirmfoto-2012-02-28-um-13.51.32-441x490.png 441w, https:\/\/www.printweb.de\/digitaldruck\/wp-content\/uploads\/2012\/02\/Bildschirmfoto-2012-02-28-um-13.51.32-765x849.png 765w, https:\/\/www.printweb.de\/digitaldruck\/wp-content\/uploads\/2012\/02\/Bildschirmfoto-2012-02-28-um-13.51.32-768x853.png 768w, https:\/\/www.printweb.de\/digitaldruck\/wp-content\/uploads\/2012\/02\/Bildschirmfoto-2012-02-28-um-13.51.32.png 945w\" sizes=\"(max-width: 441px) 100vw, 441px\" \/><\/a><\/p>\n","protected":false},"excerpt":{"rendered":"Wenn Sie kleine Auflagen individueller Notizbl\u00f6cke mit nicht ganz allt\u00e4glichen Papieren ben\u00f6tigen, sollten Sie unser Angebot pr\u00fcfen. Angefangen &#8230; <br><br><a class=\"readmore\" href=\"https:\/\/www.printweb.de\/digitaldruck\/ganz-und-gar-individuelle-notizbloecke-konfigurieren\/5596\/\">mehr<\/a>","protected":false},"author":2,"featured_media":5597,"comment_status":"open","ping_status":"open","sticky":false,"template":"","format":"standard","meta":{"_acf_changed":false,"footnotes":""},"categories":[1],"tags":[],"class_list":["post-5596","post","type-post","status-publish","format-standard","has-post-thumbnail","hentry","category-alle-beitraege"],"acf":[],"yoast_head":"<!-- This site is optimized with the Yoast SEO plugin v23.1 - https:\/\/yoast.com\/wordpress\/plugins\/seo\/ -->\n<title>Ganz und gar individuelle Notizbl\u00f6cke konfigurieren | Was Print bewirken kann.<\/title>\n<meta name=\"robots\" content=\"index, follow, max-snippet:-1, max-image-preview:large, max-video-preview:-1\" \/>\n<link rel=\"canonical\" href=\"https:\/\/www.printweb.de\/digitaldruck\/ganz-und-gar-individuelle-notizbloecke-konfigurieren\/5596\/\" \/>\n<meta property=\"og:locale\" content=\"de_DE\" \/>\n<meta property=\"og:type\" content=\"article\" \/>\n<meta property=\"og:title\" content=\"Ganz und gar individuelle Notizbl\u00f6cke konfigurieren | Was Print bewirken kann.\" \/>\n<meta property=\"og:description\" content=\"Wenn Sie kleine Auflagen individueller Notizbl\u00f6cke mit nicht ganz allt\u00e4glichen Papieren ben\u00f6tigen, sollten Sie unser Angebot pr\u00fcfen. Angefangen ... mehr\" \/>\n<meta property=\"og:url\" content=\"https:\/\/www.printweb.de\/digitaldruck\/ganz-und-gar-individuelle-notizbloecke-konfigurieren\/5596\/\" \/>\n<meta property=\"og:site_name\" content=\"Was Print bewirken kann.\" \/>\n<meta property=\"article:publisher\" content=\"https:\/\/www.facebook.com\/printweb.de\/\" \/>\n<meta property=\"article:published_time\" content=\"2012-02-28T12:55:30+00:00\" \/>\n<meta property=\"article:modified_time\" content=\"2014-12-19T14:29:28+00:00\" \/>\n<meta property=\"og:image\" content=\"https:\/\/www.printweb.de\/digitaldruck\/wp-content\/uploads\/2012\/02\/Bildschirmfoto-2012-02-28-um-13.51.32.png\" \/>\n\t<meta property=\"og:image:width\" content=\"945\" \/>\n\t<meta property=\"og:image:height\" content=\"1049\" \/>\n\t<meta property=\"og:image:type\" content=\"image\/png\" \/>\n<meta name=\"author\" content=\"Ralph Hadem\" \/>\n<meta name=\"twitter:card\" content=\"summary_large_image\" \/>\n<meta name=\"twitter:creator\" content=\"@digitaldruck\" \/>\n<meta name=\"twitter:site\" content=\"@digitaldruck\" \/>\n<meta name=\"twitter:label1\" content=\"Verfasst von\" \/>\n\t<meta name=\"twitter:data1\" content=\"Ralph Hadem\" \/>\n<script type=\"application\/ld+json\" class=\"yoast-schema-graph\">{\"@context\":\"https:\/\/schema.org\",\"@graph\":[{\"@type\":\"Article\",\"@id\":\"https:\/\/www.printweb.de\/digitaldruck\/ganz-und-gar-individuelle-notizbloecke-konfigurieren\/5596\/#article\",\"isPartOf\":{\"@id\":\"https:\/\/www.printweb.de\/digitaldruck\/ganz-und-gar-individuelle-notizbloecke-konfigurieren\/5596\/\"},\"author\":{\"name\":\"Ralph Hadem\",\"@id\":\"https:\/\/www.printweb.de\/digitaldruck\/#\/schema\/person\/0e0308818185589fb8602180e9273195\"},\"headline\":\"Ganz und gar individuelle Notizbl\u00f6cke ...\",\"datePublished\":\"2012-02-28T12:55:30+00:00\",\"dateModified\":\"2014-12-19T14:29:28+00:00\",\"mainEntityOfPage\":{\"@id\":\"https:\/\/www.printweb.de\/digitaldruck\/ganz-und-gar-individuelle-notizbloecke-konfigurieren\/5596\/\"},\"wordCount\":106,\"commentCount\":0,\"publisher\":{\"@id\":\"https:\/\/www.printweb.de\/digitaldruck\/#organization\"},\"image\":{\"@id\":\"https:\/\/www.printweb.de\/digitaldruck\/ganz-und-gar-individuelle-notizbloecke-konfigurieren\/5596\/#primaryimage\"},\"thumbnailUrl\":\"https:\/\/www.printweb.de\/digitaldruck\/wp-content\/uploads\/2012\/02\/Bildschirmfoto-2012-02-28-um-13.51.32.png\",\"articleSection\":[\"Digitaldruck+Veredlung\"],\"inLanguage\":\"de-DE\",\"potentialAction\":[{\"@type\":\"CommentAction\",\"name\":\"Comment\",\"target\":[\"https:\/\/www.printweb.de\/digitaldruck\/ganz-und-gar-individuelle-notizbloecke-konfigurieren\/5596\/#respond\"]}]},{\"@type\":\"WebPage\",\"@id\":\"https:\/\/www.printweb.de\/digitaldruck\/ganz-und-gar-individuelle-notizbloecke-konfigurieren\/5596\/\",\"url\":\"https:\/\/www.printweb.de\/digitaldruck\/ganz-und-gar-individuelle-notizbloecke-konfigurieren\/5596\/\",\"name\":\"Ganz und gar individuelle Notizbl\u00f6cke konfigurieren | Was Print bewirken kann.\",\"isPartOf\":{\"@id\":\"https:\/\/www.printweb.de\/digitaldruck\/#website\"},\"primaryImageOfPage\":{\"@id\":\"https:\/\/www.printweb.de\/digitaldruck\/ganz-und-gar-individuelle-notizbloecke-konfigurieren\/5596\/#primaryimage\"},\"image\":{\"@id\":\"https:\/\/www.printweb.de\/digitaldruck\/ganz-und-gar-individuelle-notizbloecke-konfigurieren\/5596\/#primaryimage\"},\"thumbnailUrl\":\"https:\/\/www.printweb.de\/digitaldruck\/wp-content\/uploads\/2012\/02\/Bildschirmfoto-2012-02-28-um-13.51.32.png\",\"datePublished\":\"2012-02-28T12:55:30+00:00\",\"dateModified\":\"2014-12-19T14:29:28+00:00\",\"inLanguage\":\"de-DE\",\"potentialAction\":[{\"@type\":\"ReadAction\",\"target\":[\"https:\/\/www.printweb.de\/digitaldruck\/ganz-und-gar-individuelle-notizbloecke-konfigurieren\/5596\/\"]}]},{\"@type\":\"ImageObject\",\"inLanguage\":\"de-DE\",\"@id\":\"https:\/\/www.printweb.de\/digitaldruck\/ganz-und-gar-individuelle-notizbloecke-konfigurieren\/5596\/#primaryimage\",\"url\":\"https:\/\/www.printweb.de\/digitaldruck\/wp-content\/uploads\/2012\/02\/Bildschirmfoto-2012-02-28-um-13.51.32.png\",\"contentUrl\":\"https:\/\/www.printweb.de\/digitaldruck\/wp-content\/uploads\/2012\/02\/Bildschirmfoto-2012-02-28-um-13.51.32.png\",\"width\":945,\"height\":1049},{\"@type\":\"WebSite\",\"@id\":\"https:\/\/www.printweb.de\/digitaldruck\/#website\",\"url\":\"https:\/\/www.printweb.de\/digitaldruck\/\",\"name\":\"Was Print bewirken kann.\",\"description\":\"Was Print bewirken kann \u2013 1700 Ideen.\",\"publisher\":{\"@id\":\"https:\/\/www.printweb.de\/digitaldruck\/#organization\"},\"potentialAction\":[{\"@type\":\"SearchAction\",\"target\":{\"@type\":\"EntryPoint\",\"urlTemplate\":\"https:\/\/www.printweb.de\/digitaldruck\/?s={search_term_string}\"},\"query-input\":\"required name=search_term_string\"}],\"inLanguage\":\"de-DE\"},{\"@type\":\"Organization\",\"@id\":\"https:\/\/www.printweb.de\/digitaldruck\/#organization\",\"name\":\"Colour Connection GmbH, printweb.de, Frankfurt am Main\",\"url\":\"https:\/\/www.printweb.de\/digitaldruck\/\",\"logo\":{\"@type\":\"ImageObject\",\"inLanguage\":\"de-DE\",\"@id\":\"https:\/\/www.printweb.de\/digitaldruck\/#\/schema\/logo\/image\/\",\"url\":\"https:\/\/www.printweb.de\/digitaldruck\/wp-content\/uploads\/2019\/11\/colour-connectio-printweb-logo.jpg\",\"contentUrl\":\"https:\/\/www.printweb.de\/digitaldruck\/wp-content\/uploads\/2019\/11\/colour-connectio-printweb-logo.jpg\",\"width\":1014,\"height\":229,\"caption\":\"Colour Connection GmbH, printweb.de, Frankfurt am Main\"},\"image\":{\"@id\":\"https:\/\/www.printweb.de\/digitaldruck\/#\/schema\/logo\/image\/\"},\"sameAs\":[\"https:\/\/www.facebook.com\/printweb.de\/\",\"https:\/\/x.com\/digitaldruck\",\"https:\/\/www.instagram.com\/printweb.de\/\",\"https:\/\/www.youtube.com\/user\/Digitaldruckerei\"]},{\"@type\":\"Person\",\"@id\":\"https:\/\/www.printweb.de\/digitaldruck\/#\/schema\/person\/0e0308818185589fb8602180e9273195\",\"name\":\"Ralph Hadem\",\"image\":{\"@type\":\"ImageObject\",\"inLanguage\":\"de-DE\",\"@id\":\"https:\/\/www.printweb.de\/digitaldruck\/#\/schema\/person\/image\/\",\"url\":\"https:\/\/secure.gravatar.com\/avatar\/386b1b183dce310c5ac8a8f475fdecd8?s=96&d=blank&r=g\",\"contentUrl\":\"https:\/\/secure.gravatar.com\/avatar\/386b1b183dce310c5ac8a8f475fdecd8?s=96&d=blank&r=g\",\"caption\":\"Ralph Hadem\"},\"sameAs\":[\"https:\/\/www.printweb.de\"],\"url\":\"https:\/\/www.printweb.de\/digitaldruck\/author\/ralphhadem\/\"}]}<\/script>\n<!-- \/ Yoast SEO plugin. -->","yoast_head_json":{"title":"Ganz und gar individuelle Notizbl\u00f6cke konfigurieren | Was Print bewirken kann.","robots":{"index":"index","follow":"follow","max-snippet":"max-snippet:-1","max-image-preview":"max-image-preview:large","max-video-preview":"max-video-preview:-1"},"canonical":"https:\/\/www.printweb.de\/digitaldruck\/ganz-und-gar-individuelle-notizbloecke-konfigurieren\/5596\/","og_locale":"de_DE","og_type":"article","og_title":"Ganz und gar individuelle Notizbl\u00f6cke konfigurieren | Was Print bewirken kann.","og_description":"Wenn Sie kleine Auflagen individueller Notizbl\u00f6cke mit nicht ganz allt\u00e4glichen Papieren ben\u00f6tigen, sollten Sie unser Angebot pr\u00fcfen. Angefangen ... mehr","og_url":"https:\/\/www.printweb.de\/digitaldruck\/ganz-und-gar-individuelle-notizbloecke-konfigurieren\/5596\/","og_site_name":"Was Print bewirken kann.","article_publisher":"https:\/\/www.facebook.com\/printweb.de\/","article_published_time":"2012-02-28T12:55:30+00:00","article_modified_time":"2014-12-19T14:29:28+00:00","og_image":[{"width":945,"height":1049,"url":"https:\/\/www.printweb.de\/digitaldruck\/wp-content\/uploads\/2012\/02\/Bildschirmfoto-2012-02-28-um-13.51.32.png","type":"image\/png"}],"author":"Ralph Hadem","twitter_card":"summary_large_image","twitter_creator":"@digitaldruck","twitter_site":"@digitaldruck","twitter_misc":{"Verfasst von":"Ralph Hadem"},"schema":{"@context":"https:\/\/schema.org","@graph":[{"@type":"Article","@id":"https:\/\/www.printweb.de\/digitaldruck\/ganz-und-gar-individuelle-notizbloecke-konfigurieren\/5596\/#article","isPartOf":{"@id":"https:\/\/www.printweb.de\/digitaldruck\/ganz-und-gar-individuelle-notizbloecke-konfigurieren\/5596\/"},"author":{"name":"Ralph Hadem","@id":"https:\/\/www.printweb.de\/digitaldruck\/#\/schema\/person\/0e0308818185589fb8602180e9273195"},"headline":"Ganz und gar individuelle Notizbl\u00f6cke ...","datePublished":"2012-02-28T12:55:30+00:00","dateModified":"2014-12-19T14:29:28+00:00","mainEntityOfPage":{"@id":"https:\/\/www.printweb.de\/digitaldruck\/ganz-und-gar-individuelle-notizbloecke-konfigurieren\/5596\/"},"wordCount":106,"commentCount":0,"publisher":{"@id":"https:\/\/www.printweb.de\/digitaldruck\/#organization"},"image":{"@id":"https:\/\/www.printweb.de\/digitaldruck\/ganz-und-gar-individuelle-notizbloecke-konfigurieren\/5596\/#primaryimage"},"thumbnailUrl":"https:\/\/www.printweb.de\/digitaldruck\/wp-content\/uploads\/2012\/02\/Bildschirmfoto-2012-02-28-um-13.51.32.png","articleSection":["Digitaldruck+Veredlung"],"inLanguage":"de-DE","potentialAction":[{"@type":"CommentAction","name":"Comment","target":["https:\/\/www.printweb.de\/digitaldruck\/ganz-und-gar-individuelle-notizbloecke-konfigurieren\/5596\/#respond"]}]},{"@type":"WebPage","@id":"https:\/\/www.printweb.de\/digitaldruck\/ganz-und-gar-individuelle-notizbloecke-konfigurieren\/5596\/","url":"https:\/\/www.printweb.de\/digitaldruck\/ganz-und-gar-individuelle-notizbloecke-konfigurieren\/5596\/","name":"Ganz und gar individuelle Notizbl\u00f6cke konfigurieren | Was Print bewirken kann.","isPartOf":{"@id":"https:\/\/www.printweb.de\/digitaldruck\/#website"},"primaryImageOfPage":{"@id":"https:\/\/www.printweb.de\/digitaldruck\/ganz-und-gar-individuelle-notizbloecke-konfigurieren\/5596\/#primaryimage"},"image":{"@id":"https:\/\/www.printweb.de\/digitaldruck\/ganz-und-gar-individuelle-notizbloecke-konfigurieren\/5596\/#primaryimage"},"thumbnailUrl":"https:\/\/www.printweb.de\/digitaldruck\/wp-content\/uploads\/2012\/02\/Bildschirmfoto-2012-02-28-um-13.51.32.png","datePublished":"2012-02-28T12:55:30+00:00","dateModified":"2014-12-19T14:29:28+00:00","inLanguage":"de-DE","potentialAction":[{"@type":"ReadAction","target":["https:\/\/www.printweb.de\/digitaldruck\/ganz-und-gar-individuelle-notizbloecke-konfigurieren\/5596\/"]}]},{"@type":"ImageObject","inLanguage":"de-DE","@id":"https:\/\/www.printweb.de\/digitaldruck\/ganz-und-gar-individuelle-notizbloecke-konfigurieren\/5596\/#primaryimage","url":"https:\/\/www.printweb.de\/digitaldruck\/wp-content\/uploads\/2012\/02\/Bildschirmfoto-2012-02-28-um-13.51.32.png","contentUrl":"https:\/\/www.printweb.de\/digitaldruck\/wp-content\/uploads\/2012\/02\/Bildschirmfoto-2012-02-28-um-13.51.32.png","width":945,"height":1049},{"@type":"WebSite","@id":"https:\/\/www.printweb.de\/digitaldruck\/#website","url":"https:\/\/www.printweb.de\/digitaldruck\/","name":"Was Print bewirken kann.","description":"Was Print bewirken kann \u2013 1700 Ideen.","publisher":{"@id":"https:\/\/www.printweb.de\/digitaldruck\/#organization"},"potentialAction":[{"@type":"SearchAction","target":{"@type":"EntryPoint","urlTemplate":"https:\/\/www.printweb.de\/digitaldruck\/?s={search_term_string}"},"query-input":"required name=search_term_string"}],"inLanguage":"de-DE"},{"@type":"Organization","@id":"https:\/\/www.printweb.de\/digitaldruck\/#organization","name":"Colour Connection GmbH, printweb.de, Frankfurt am Main","url":"https:\/\/www.printweb.de\/digitaldruck\/","logo":{"@type":"ImageObject","inLanguage":"de-DE","@id":"https:\/\/www.printweb.de\/digitaldruck\/#\/schema\/logo\/image\/","url":"https:\/\/www.printweb.de\/digitaldruck\/wp-content\/uploads\/2019\/11\/colour-connectio-printweb-logo.jpg","contentUrl":"https:\/\/www.printweb.de\/digitaldruck\/wp-content\/uploads\/2019\/11\/colour-connectio-printweb-logo.jpg","width":1014,"height":229,"caption":"Colour Connection GmbH, printweb.de, Frankfurt am Main"},"image":{"@id":"https:\/\/www.printweb.de\/digitaldruck\/#\/schema\/logo\/image\/"},"sameAs":["https:\/\/www.facebook.com\/printweb.de\/","https:\/\/x.com\/digitaldruck","https:\/\/www.instagram.com\/printweb.de\/","https:\/\/www.youtube.com\/user\/Digitaldruckerei"]},{"@type":"Person","@id":"https:\/\/www.printweb.de\/digitaldruck\/#\/schema\/person\/0e0308818185589fb8602180e9273195","name":"Ralph Hadem","image":{"@type":"ImageObject","inLanguage":"de-DE","@id":"https:\/\/www.printweb.de\/digitaldruck\/#\/schema\/person\/image\/","url":"https:\/\/secure.gravatar.com\/avatar\/386b1b183dce310c5ac8a8f475fdecd8?s=96&d=blank&r=g","contentUrl":"https:\/\/secure.gravatar.com\/avatar\/386b1b183dce310c5ac8a8f475fdecd8?s=96&d=blank&r=g","caption":"Ralph Hadem"},"sameAs":["https:\/\/www.printweb.de"],"url":"https:\/\/www.printweb.de\/digitaldruck\/author\/ralphhadem\/"}]}},"_links":{"self":[{"href":"https:\/\/www.printweb.de\/digitaldruck\/wp-json\/wp\/v2\/posts\/5596"}],"collection":[{"href":"https:\/\/www.printweb.de\/digitaldruck\/wp-json\/wp\/v2\/posts"}],"about":[{"href":"https:\/\/www.printweb.de\/digitaldruck\/wp-json\/wp\/v2\/types\/post"}],"author":[{"embeddable":true,"href":"https:\/\/www.printweb.de\/digitaldruck\/wp-json\/wp\/v2\/users\/2"}],"replies":[{"embeddable":true,"href":"https:\/\/www.printweb.de\/digitaldruck\/wp-json\/wp\/v2\/comments?post=5596"}],"version-history":[{"count":10,"href":"https:\/\/www.printweb.de\/digitaldruck\/wp-json\/wp\/v2\/posts\/5596\/revisions"}],"predecessor-version":[{"id":10651,"href":"https:\/\/www.printweb.de\/digitaldruck\/wp-json\/wp\/v2\/posts\/5596\/revisions\/10651"}],"wp:featuredmedia":[{"embeddable":true,"href":"https:\/\/www.printweb.de\/digitaldruck\/wp-json\/wp\/v2\/media\/5597"}],"wp:attachment":[{"href":"https:\/\/www.printweb.de\/digitaldruck\/wp-json\/wp\/v2\/media?parent=5596"}],"wp:term":[{"taxonomy":"category","embeddable":true,"href":"https:\/\/www.printweb.de\/digitaldruck\/wp-json\/wp\/v2\/categories?post=5596"},{"taxonomy":"post_tag","embeddable":true,"href":"https:\/\/www.printweb.de\/digitaldruck\/wp-json\/wp\/v2\/tags?post=5596"}],"curies":[{"name":"wp","href":"https:\/\/api.w.org\/{rel}","templated":true}]}}