{"id":6307,"date":"2012-08-16T09:22:25","date_gmt":"2012-08-16T07:22:25","guid":{"rendered":"https:\/\/www.printweb.de\/digitaldruck\/?p=6307"},"modified":"2012-08-26T20:36:23","modified_gmt":"2012-08-26T18:36:23","slug":"klappkarte-mit-gelaserter-brezel","status":"publish","type":"post","link":"https:\/\/www.printweb.de\/digitaldruck\/klappkarte-mit-gelaserter-brezel\/6307\/","title":{"rendered":"Klappkarte mit gelaserter Brezel"},"content":{"rendered":"<p>Diese h\u00fcbsche Idee passt zu Einladungen, denen ein s\u00fcddeutscher, und je nach Gestaltung auch zutiefst bayrischer Touch verliehen werden soll. Bei einem 300g Feinkarton kosten solche Karten ab druckreifen Daten bei 50\/250 und 500 Exemplaren EUR 102,35\/260,92\/442,83 zzgl. MwSt. und Versand.<\/p>\n<p>Damit zaubern Sie ein Schmunzeln ins Gesicht der Empf\u00e4nger und k\u00f6nnen sicher sein, dass die Karte nicht gleich in der gro\u00dfen, runden Ablage landet. Eine Erh\u00f6hung der Responsequote umd 30% ist sicherlich keine zu hohe Erwartung &#8211; und damit rechnen sich die moderaten Mehrausgaben dann auch ohne Marketing-Sch\u00f6nf\u00e4rberei ;-).<\/p>\n<p>Bei einer zus\u00e4tzlichen Personalisierung erh\u00f6hen sich die Kosten um ca. 30%. Wir erledigen gerne auch Kuvertierung und Postauflieferung. Dann haben Sie alles aus einer Hand und k\u00f6nnen sich ganz der Ausgestaltung Ihres Events widmen.<\/p>\n<p>&nbsp;<\/p>\n<p><a href=\"https:\/\/www.printweb.de\/digitaldruck\/wp-content\/uploads\/2012\/08\/Klappkarte-mit-gelaserter-Brezel.jpg\"><img decoding=\"async\" class=\"aligncenter size-thumbnail wp-image-6308\" title=\"Klappkarte mit gelaserter Brezel\" src=\"https:\/\/www.printweb.de\/digitaldruck\/wp-content\/uploads\/2012\/08\/Klappkarte-mit-gelaserter-Brezel-765x574.jpg\" alt=\"\" width=\"582\" height=\"437\" srcset=\"https:\/\/www.printweb.de\/digitaldruck\/wp-content\/uploads\/2012\/08\/Klappkarte-mit-gelaserter-Brezel-765x574.jpg 765w, https:\/\/www.printweb.de\/digitaldruck\/wp-content\/uploads\/2012\/08\/Klappkarte-mit-gelaserter-Brezel-768x576.jpg 768w, https:\/\/www.printweb.de\/digitaldruck\/wp-content\/uploads\/2012\/08\/Klappkarte-mit-gelaserter-Brezel-653x490.jpg 653w, https:\/\/www.printweb.de\/digitaldruck\/wp-content\/uploads\/2012\/08\/Klappkarte-mit-gelaserter-Brezel-320x240.jpg 320w\" sizes=\"(max-width: 582px) 100vw, 582px\" \/><\/a><\/p>\n","protected":false},"excerpt":{"rendered":"Diese h\u00fcbsche Idee passt zu Einladungen, denen ein s\u00fcddeutscher, und je nach Gestaltung auch zutiefst bayrischer Touch verliehen &#8230; <br><br><a class=\"readmore\" href=\"https:\/\/www.printweb.de\/digitaldruck\/klappkarte-mit-gelaserter-brezel\/6307\/\">mehr<\/a>","protected":false},"author":2,"featured_media":6308,"comment_status":"open","ping_status":"open","sticky":false,"template":"","format":"standard","meta":{"_acf_changed":false,"footnotes":""},"categories":[1,49,18,67],"tags":[],"class_list":["post-6307","post","type-post","status-publish","format-standard","has-post-thumbnail","hentry","category-alle-beitraege","category-laserbearbeitung","category-flyer-und-karten","category-1to1-marketing"],"acf":[],"yoast_head":"<!-- This site is optimized with the Yoast SEO plugin v23.1 - https:\/\/yoast.com\/wordpress\/plugins\/seo\/ -->\n<title>Klappkarte mit gelaserter Brezel | Was Print bewirken kann.<\/title>\n<meta name=\"robots\" content=\"index, follow, max-snippet:-1, max-image-preview:large, max-video-preview:-1\" \/>\n<link rel=\"canonical\" href=\"https:\/\/www.printweb.de\/digitaldruck\/klappkarte-mit-gelaserter-brezel\/6307\/\" \/>\n<meta property=\"og:locale\" content=\"de_DE\" \/>\n<meta property=\"og:type\" content=\"article\" \/>\n<meta property=\"og:title\" content=\"Klappkarte mit gelaserter Brezel | Was Print bewirken kann.\" \/>\n<meta property=\"og:description\" content=\"Diese h\u00fcbsche Idee passt zu Einladungen, denen ein s\u00fcddeutscher, und je nach Gestaltung auch zutiefst bayrischer Touch verliehen ... mehr\" \/>\n<meta property=\"og:url\" content=\"https:\/\/www.printweb.de\/digitaldruck\/klappkarte-mit-gelaserter-brezel\/6307\/\" \/>\n<meta property=\"og:site_name\" content=\"Was Print bewirken kann.\" \/>\n<meta property=\"article:publisher\" content=\"https:\/\/www.facebook.com\/printweb.de\/\" \/>\n<meta property=\"article:published_time\" content=\"2012-08-16T07:22:25+00:00\" \/>\n<meta property=\"article:modified_time\" content=\"2012-08-26T18:36:23+00:00\" \/>\n<meta property=\"og:image\" content=\"https:\/\/www.printweb.de\/digitaldruck\/wp-content\/uploads\/2012\/08\/Klappkarte-mit-gelaserter-Brezel-765x490.jpg\" \/>\n\t<meta property=\"og:image:width\" content=\"765\" \/>\n\t<meta property=\"og:image:height\" content=\"490\" \/>\n\t<meta property=\"og:image:type\" content=\"image\/jpeg\" \/>\n<meta name=\"author\" content=\"Ralph Hadem\" \/>\n<meta name=\"twitter:card\" content=\"summary_large_image\" \/>\n<meta name=\"twitter:creator\" content=\"@digitaldruck\" \/>\n<meta name=\"twitter:site\" content=\"@digitaldruck\" \/>\n<meta name=\"twitter:label1\" content=\"Verfasst von\" \/>\n\t<meta name=\"twitter:data1\" content=\"Ralph Hadem\" \/>\n\t<meta name=\"twitter:label2\" content=\"Gesch\u00e4tzte Lesezeit\" \/>\n\t<meta name=\"twitter:data2\" content=\"1 Minute\" \/>\n<script type=\"application\/ld+json\" class=\"yoast-schema-graph\">{\"@context\":\"https:\/\/schema.org\",\"@graph\":[{\"@type\":\"Article\",\"@id\":\"https:\/\/www.printweb.de\/digitaldruck\/klappkarte-mit-gelaserter-brezel\/6307\/#article\",\"isPartOf\":{\"@id\":\"https:\/\/www.printweb.de\/digitaldruck\/klappkarte-mit-gelaserter-brezel\/6307\/\"},\"author\":{\"name\":\"Ralph Hadem\",\"@id\":\"https:\/\/www.printweb.de\/digitaldruck\/#\/schema\/person\/0e0308818185589fb8602180e9273195\"},\"headline\":\"Klappkarte mit gelaserter Brezel\",\"datePublished\":\"2012-08-16T07:22:25+00:00\",\"dateModified\":\"2012-08-26T18:36:23+00:00\",\"mainEntityOfPage\":{\"@id\":\"https:\/\/www.printweb.de\/digitaldruck\/klappkarte-mit-gelaserter-brezel\/6307\/\"},\"wordCount\":135,\"commentCount\":0,\"publisher\":{\"@id\":\"https:\/\/www.printweb.de\/digitaldruck\/#organization\"},\"image\":{\"@id\":\"https:\/\/www.printweb.de\/digitaldruck\/klappkarte-mit-gelaserter-brezel\/6307\/#primaryimage\"},\"thumbnailUrl\":\"https:\/\/www.printweb.de\/digitaldruck\/wp-content\/uploads\/2012\/08\/Klappkarte-mit-gelaserter-Brezel.jpg\",\"articleSection\":[\"Digitaldruck+Veredlung\",\"Laserbearbeitung\",\"Flyer, Folder und Karten\",\"1to1-Marketing\"],\"inLanguage\":\"de-DE\",\"potentialAction\":[{\"@type\":\"CommentAction\",\"name\":\"Comment\",\"target\":[\"https:\/\/www.printweb.de\/digitaldruck\/klappkarte-mit-gelaserter-brezel\/6307\/#respond\"]}]},{\"@type\":\"WebPage\",\"@id\":\"https:\/\/www.printweb.de\/digitaldruck\/klappkarte-mit-gelaserter-brezel\/6307\/\",\"url\":\"https:\/\/www.printweb.de\/digitaldruck\/klappkarte-mit-gelaserter-brezel\/6307\/\",\"name\":\"Klappkarte mit gelaserter Brezel | Was Print bewirken kann.\",\"isPartOf\":{\"@id\":\"https:\/\/www.printweb.de\/digitaldruck\/#website\"},\"primaryImageOfPage\":{\"@id\":\"https:\/\/www.printweb.de\/digitaldruck\/klappkarte-mit-gelaserter-brezel\/6307\/#primaryimage\"},\"image\":{\"@id\":\"https:\/\/www.printweb.de\/digitaldruck\/klappkarte-mit-gelaserter-brezel\/6307\/#primaryimage\"},\"thumbnailUrl\":\"https:\/\/www.printweb.de\/digitaldruck\/wp-content\/uploads\/2012\/08\/Klappkarte-mit-gelaserter-Brezel.jpg\",\"datePublished\":\"2012-08-16T07:22:25+00:00\",\"dateModified\":\"2012-08-26T18:36:23+00:00\",\"inLanguage\":\"de-DE\",\"potentialAction\":[{\"@type\":\"ReadAction\",\"target\":[\"https:\/\/www.printweb.de\/digitaldruck\/klappkarte-mit-gelaserter-brezel\/6307\/\"]}]},{\"@type\":\"ImageObject\",\"inLanguage\":\"de-DE\",\"@id\":\"https:\/\/www.printweb.de\/digitaldruck\/klappkarte-mit-gelaserter-brezel\/6307\/#primaryimage\",\"url\":\"https:\/\/www.printweb.de\/digitaldruck\/wp-content\/uploads\/2012\/08\/Klappkarte-mit-gelaserter-Brezel.jpg\",\"contentUrl\":\"https:\/\/www.printweb.de\/digitaldruck\/wp-content\/uploads\/2012\/08\/Klappkarte-mit-gelaserter-Brezel.jpg\",\"width\":3072,\"height\":2304},{\"@type\":\"WebSite\",\"@id\":\"https:\/\/www.printweb.de\/digitaldruck\/#website\",\"url\":\"https:\/\/www.printweb.de\/digitaldruck\/\",\"name\":\"Was Print bewirken kann.\",\"description\":\"Was Print bewirken kann \u2013 1700 Ideen.\",\"publisher\":{\"@id\":\"https:\/\/www.printweb.de\/digitaldruck\/#organization\"},\"potentialAction\":[{\"@type\":\"SearchAction\",\"target\":{\"@type\":\"EntryPoint\",\"urlTemplate\":\"https:\/\/www.printweb.de\/digitaldruck\/?s={search_term_string}\"},\"query-input\":\"required name=search_term_string\"}],\"inLanguage\":\"de-DE\"},{\"@type\":\"Organization\",\"@id\":\"https:\/\/www.printweb.de\/digitaldruck\/#organization\",\"name\":\"Colour Connection GmbH, printweb.de, Frankfurt am Main\",\"url\":\"https:\/\/www.printweb.de\/digitaldruck\/\",\"logo\":{\"@type\":\"ImageObject\",\"inLanguage\":\"de-DE\",\"@id\":\"https:\/\/www.printweb.de\/digitaldruck\/#\/schema\/logo\/image\/\",\"url\":\"https:\/\/www.printweb.de\/digitaldruck\/wp-content\/uploads\/2019\/11\/colour-connectio-printweb-logo.jpg\",\"contentUrl\":\"https:\/\/www.printweb.de\/digitaldruck\/wp-content\/uploads\/2019\/11\/colour-connectio-printweb-logo.jpg\",\"width\":1014,\"height\":229,\"caption\":\"Colour Connection GmbH, printweb.de, Frankfurt am Main\"},\"image\":{\"@id\":\"https:\/\/www.printweb.de\/digitaldruck\/#\/schema\/logo\/image\/\"},\"sameAs\":[\"https:\/\/www.facebook.com\/printweb.de\/\",\"https:\/\/x.com\/digitaldruck\",\"https:\/\/www.instagram.com\/printweb.de\/\",\"https:\/\/www.youtube.com\/user\/Digitaldruckerei\"]},{\"@type\":\"Person\",\"@id\":\"https:\/\/www.printweb.de\/digitaldruck\/#\/schema\/person\/0e0308818185589fb8602180e9273195\",\"name\":\"Ralph Hadem\",\"image\":{\"@type\":\"ImageObject\",\"inLanguage\":\"de-DE\",\"@id\":\"https:\/\/www.printweb.de\/digitaldruck\/#\/schema\/person\/image\/\",\"url\":\"https:\/\/secure.gravatar.com\/avatar\/386b1b183dce310c5ac8a8f475fdecd8?s=96&d=blank&r=g\",\"contentUrl\":\"https:\/\/secure.gravatar.com\/avatar\/386b1b183dce310c5ac8a8f475fdecd8?s=96&d=blank&r=g\",\"caption\":\"Ralph Hadem\"},\"sameAs\":[\"https:\/\/www.printweb.de\"],\"url\":\"https:\/\/www.printweb.de\/digitaldruck\/author\/ralphhadem\/\"}]}<\/script>\n<!-- \/ Yoast SEO plugin. -->","yoast_head_json":{"title":"Klappkarte mit gelaserter Brezel | Was Print bewirken kann.","robots":{"index":"index","follow":"follow","max-snippet":"max-snippet:-1","max-image-preview":"max-image-preview:large","max-video-preview":"max-video-preview:-1"},"canonical":"https:\/\/www.printweb.de\/digitaldruck\/klappkarte-mit-gelaserter-brezel\/6307\/","og_locale":"de_DE","og_type":"article","og_title":"Klappkarte mit gelaserter Brezel | Was Print bewirken kann.","og_description":"Diese h\u00fcbsche Idee passt zu Einladungen, denen ein s\u00fcddeutscher, und je nach Gestaltung auch zutiefst bayrischer Touch verliehen ... mehr","og_url":"https:\/\/www.printweb.de\/digitaldruck\/klappkarte-mit-gelaserter-brezel\/6307\/","og_site_name":"Was Print bewirken kann.","article_publisher":"https:\/\/www.facebook.com\/printweb.de\/","article_published_time":"2012-08-16T07:22:25+00:00","article_modified_time":"2012-08-26T18:36:23+00:00","og_image":[{"width":765,"height":490,"url":"https:\/\/www.printweb.de\/digitaldruck\/wp-content\/uploads\/2012\/08\/Klappkarte-mit-gelaserter-Brezel-765x490.jpg","type":"image\/jpeg"}],"author":"Ralph Hadem","twitter_card":"summary_large_image","twitter_creator":"@digitaldruck","twitter_site":"@digitaldruck","twitter_misc":{"Verfasst von":"Ralph Hadem","Gesch\u00e4tzte Lesezeit":"1 Minute"},"schema":{"@context":"https:\/\/schema.org","@graph":[{"@type":"Article","@id":"https:\/\/www.printweb.de\/digitaldruck\/klappkarte-mit-gelaserter-brezel\/6307\/#article","isPartOf":{"@id":"https:\/\/www.printweb.de\/digitaldruck\/klappkarte-mit-gelaserter-brezel\/6307\/"},"author":{"name":"Ralph Hadem","@id":"https:\/\/www.printweb.de\/digitaldruck\/#\/schema\/person\/0e0308818185589fb8602180e9273195"},"headline":"Klappkarte mit gelaserter Brezel","datePublished":"2012-08-16T07:22:25+00:00","dateModified":"2012-08-26T18:36:23+00:00","mainEntityOfPage":{"@id":"https:\/\/www.printweb.de\/digitaldruck\/klappkarte-mit-gelaserter-brezel\/6307\/"},"wordCount":135,"commentCount":0,"publisher":{"@id":"https:\/\/www.printweb.de\/digitaldruck\/#organization"},"image":{"@id":"https:\/\/www.printweb.de\/digitaldruck\/klappkarte-mit-gelaserter-brezel\/6307\/#primaryimage"},"thumbnailUrl":"https:\/\/www.printweb.de\/digitaldruck\/wp-content\/uploads\/2012\/08\/Klappkarte-mit-gelaserter-Brezel.jpg","articleSection":["Digitaldruck+Veredlung","Laserbearbeitung","Flyer, Folder und Karten","1to1-Marketing"],"inLanguage":"de-DE","potentialAction":[{"@type":"CommentAction","name":"Comment","target":["https:\/\/www.printweb.de\/digitaldruck\/klappkarte-mit-gelaserter-brezel\/6307\/#respond"]}]},{"@type":"WebPage","@id":"https:\/\/www.printweb.de\/digitaldruck\/klappkarte-mit-gelaserter-brezel\/6307\/","url":"https:\/\/www.printweb.de\/digitaldruck\/klappkarte-mit-gelaserter-brezel\/6307\/","name":"Klappkarte mit gelaserter Brezel | Was Print bewirken kann.","isPartOf":{"@id":"https:\/\/www.printweb.de\/digitaldruck\/#website"},"primaryImageOfPage":{"@id":"https:\/\/www.printweb.de\/digitaldruck\/klappkarte-mit-gelaserter-brezel\/6307\/#primaryimage"},"image":{"@id":"https:\/\/www.printweb.de\/digitaldruck\/klappkarte-mit-gelaserter-brezel\/6307\/#primaryimage"},"thumbnailUrl":"https:\/\/www.printweb.de\/digitaldruck\/wp-content\/uploads\/2012\/08\/Klappkarte-mit-gelaserter-Brezel.jpg","datePublished":"2012-08-16T07:22:25+00:00","dateModified":"2012-08-26T18:36:23+00:00","inLanguage":"de-DE","potentialAction":[{"@type":"ReadAction","target":["https:\/\/www.printweb.de\/digitaldruck\/klappkarte-mit-gelaserter-brezel\/6307\/"]}]},{"@type":"ImageObject","inLanguage":"de-DE","@id":"https:\/\/www.printweb.de\/digitaldruck\/klappkarte-mit-gelaserter-brezel\/6307\/#primaryimage","url":"https:\/\/www.printweb.de\/digitaldruck\/wp-content\/uploads\/2012\/08\/Klappkarte-mit-gelaserter-Brezel.jpg","contentUrl":"https:\/\/www.printweb.de\/digitaldruck\/wp-content\/uploads\/2012\/08\/Klappkarte-mit-gelaserter-Brezel.jpg","width":3072,"height":2304},{"@type":"WebSite","@id":"https:\/\/www.printweb.de\/digitaldruck\/#website","url":"https:\/\/www.printweb.de\/digitaldruck\/","name":"Was Print bewirken kann.","description":"Was Print bewirken kann \u2013 1700 Ideen.","publisher":{"@id":"https:\/\/www.printweb.de\/digitaldruck\/#organization"},"potentialAction":[{"@type":"SearchAction","target":{"@type":"EntryPoint","urlTemplate":"https:\/\/www.printweb.de\/digitaldruck\/?s={search_term_string}"},"query-input":"required name=search_term_string"}],"inLanguage":"de-DE"},{"@type":"Organization","@id":"https:\/\/www.printweb.de\/digitaldruck\/#organization","name":"Colour Connection GmbH, printweb.de, Frankfurt am Main","url":"https:\/\/www.printweb.de\/digitaldruck\/","logo":{"@type":"ImageObject","inLanguage":"de-DE","@id":"https:\/\/www.printweb.de\/digitaldruck\/#\/schema\/logo\/image\/","url":"https:\/\/www.printweb.de\/digitaldruck\/wp-content\/uploads\/2019\/11\/colour-connectio-printweb-logo.jpg","contentUrl":"https:\/\/www.printweb.de\/digitaldruck\/wp-content\/uploads\/2019\/11\/colour-connectio-printweb-logo.jpg","width":1014,"height":229,"caption":"Colour Connection GmbH, printweb.de, Frankfurt am Main"},"image":{"@id":"https:\/\/www.printweb.de\/digitaldruck\/#\/schema\/logo\/image\/"},"sameAs":["https:\/\/www.facebook.com\/printweb.de\/","https:\/\/x.com\/digitaldruck","https:\/\/www.instagram.com\/printweb.de\/","https:\/\/www.youtube.com\/user\/Digitaldruckerei"]},{"@type":"Person","@id":"https:\/\/www.printweb.de\/digitaldruck\/#\/schema\/person\/0e0308818185589fb8602180e9273195","name":"Ralph Hadem","image":{"@type":"ImageObject","inLanguage":"de-DE","@id":"https:\/\/www.printweb.de\/digitaldruck\/#\/schema\/person\/image\/","url":"https:\/\/secure.gravatar.com\/avatar\/386b1b183dce310c5ac8a8f475fdecd8?s=96&d=blank&r=g","contentUrl":"https:\/\/secure.gravatar.com\/avatar\/386b1b183dce310c5ac8a8f475fdecd8?s=96&d=blank&r=g","caption":"Ralph Hadem"},"sameAs":["https:\/\/www.printweb.de"],"url":"https:\/\/www.printweb.de\/digitaldruck\/author\/ralphhadem\/"}]}},"_links":{"self":[{"href":"https:\/\/www.printweb.de\/digitaldruck\/wp-json\/wp\/v2\/posts\/6307"}],"collection":[{"href":"https:\/\/www.printweb.de\/digitaldruck\/wp-json\/wp\/v2\/posts"}],"about":[{"href":"https:\/\/www.printweb.de\/digitaldruck\/wp-json\/wp\/v2\/types\/post"}],"author":[{"embeddable":true,"href":"https:\/\/www.printweb.de\/digitaldruck\/wp-json\/wp\/v2\/users\/2"}],"replies":[{"embeddable":true,"href":"https:\/\/www.printweb.de\/digitaldruck\/wp-json\/wp\/v2\/comments?post=6307"}],"version-history":[{"count":8,"href":"https:\/\/www.printweb.de\/digitaldruck\/wp-json\/wp\/v2\/posts\/6307\/revisions"}],"predecessor-version":[{"id":6315,"href":"https:\/\/www.printweb.de\/digitaldruck\/wp-json\/wp\/v2\/posts\/6307\/revisions\/6315"}],"wp:featuredmedia":[{"embeddable":true,"href":"https:\/\/www.printweb.de\/digitaldruck\/wp-json\/wp\/v2\/media\/6308"}],"wp:attachment":[{"href":"https:\/\/www.printweb.de\/digitaldruck\/wp-json\/wp\/v2\/media?parent=6307"}],"wp:term":[{"taxonomy":"category","embeddable":true,"href":"https:\/\/www.printweb.de\/digitaldruck\/wp-json\/wp\/v2\/categories?post=6307"},{"taxonomy":"post_tag","embeddable":true,"href":"https:\/\/www.printweb.de\/digitaldruck\/wp-json\/wp\/v2\/tags?post=6307"}],"curies":[{"name":"wp","href":"https:\/\/api.w.org\/{rel}","templated":true}]}}