{"id":6328,"date":"2012-08-20T11:39:30","date_gmt":"2012-08-20T09:39:30","guid":{"rendered":"https:\/\/www.printweb.de\/digitaldruck\/?p=6328"},"modified":"2015-02-11T16:36:53","modified_gmt":"2015-02-11T15:36:53","slug":"das-faltbare-elektroauto-ist-da","status":"publish","type":"post","link":"https:\/\/www.printweb.de\/digitaldruck\/das-faltbare-elektroauto-ist-da\/6328\/","title":{"rendered":"Das faltbare Elektroauto ist da!"},"content":{"rendered":"<p>Als ich die ersten Zeilen im<a href=\"http:\/\/www.best-practice-business.de\/blog\/\" target=\"_blank\"> best-practice-business-Blog<\/a> von Burkhard Schneider gelesen hatte, war der erste Gedanke: Na, das wird wieder so eine Luftnummer sein. Gro\u00dfe Ideen, gro\u00dfe Spr\u00fcche und dann ab in die Versenkung. Aber das ist doch schon erheblich n\u00e4her an der Realit\u00e4t und ich finde die Idee und die Umsetzung wirklich toll. Hier gibt&#8217;s ein <a href=\"http:\/\/www.best-practice-business.de\/blog\/?p=31025&amp;utm_source=feedburner&amp;utm_medium=feed&amp;utm_campaign=Feed%3A+best-practice-business%2FehHL+%28www.best-practice-business.de%2Fblog%29\" target=\"_blank\">Video<\/a> zum anschauen. Und irgendwann baut jemand mal so etwas, was neben 2 Personen auch einen gro\u00dfen Hund bef\u00f6rdern kann. Und dann bin ich dabei ;-).<\/p>\n<p>&nbsp;<\/p>\n<p style=\"text-align: center;\"><a href=\"https:\/\/www.printweb.de\/digitaldruck\/wp-content\/uploads\/2012\/08\/Bildschirmfoto-2012-08-20-um-11.37.01.png\"><img decoding=\"async\" class=\"aligncenter size-thumbnail wp-image-6329\" title=\"Bildschirmfoto 2012-08-20 um 11.37.01\" alt=\"Nachhaltigkeit, nicht nur in der Druckerei: Das faltbare Elektroauto ist da!\" src=\"https:\/\/www.printweb.de\/digitaldruck\/wp-content\/uploads\/2012\/08\/Bildschirmfoto-2012-08-20-um-11.37.01.png\" width=\"637\" height=\"357\" \/><\/a><\/p>\n","protected":false},"excerpt":{"rendered":"Als ich die ersten Zeilen im best-practice-business-Blog von Burkhard Schneider gelesen hatte, war der erste Gedanke: Na, das &#8230; <br><br><a class=\"readmore\" href=\"https:\/\/www.printweb.de\/digitaldruck\/das-faltbare-elektroauto-ist-da\/6328\/\">mehr<\/a>","protected":false},"author":2,"featured_media":6329,"comment_status":"open","ping_status":"open","sticky":false,"template":"","format":"standard","meta":{"_acf_changed":false,"footnotes":""},"categories":[1,6,30],"tags":[],"class_list":["post-6328","post","type-post","status-publish","format-standard","has-post-thumbnail","hentry","category-alle-beitraege","category-nachhaltigkeit","category-passiert-notiert"],"acf":[],"yoast_head":"<!-- This site is optimized with the Yoast SEO plugin v23.1 - https:\/\/yoast.com\/wordpress\/plugins\/seo\/ -->\n<title>Das faltbare Elektroauto ist da! | Was Print bewirken kann.<\/title>\n<meta name=\"robots\" content=\"index, follow, max-snippet:-1, max-image-preview:large, max-video-preview:-1\" \/>\n<link rel=\"canonical\" href=\"https:\/\/www.printweb.de\/digitaldruck\/das-faltbare-elektroauto-ist-da\/6328\/\" \/>\n<meta property=\"og:locale\" content=\"de_DE\" \/>\n<meta property=\"og:type\" content=\"article\" \/>\n<meta property=\"og:title\" content=\"Das faltbare Elektroauto ist da! | Was Print bewirken kann.\" \/>\n<meta property=\"og:description\" content=\"Als ich die ersten Zeilen im best-practice-business-Blog von Burkhard Schneider gelesen hatte, war der erste Gedanke: Na, das ... mehr\" \/>\n<meta property=\"og:url\" content=\"https:\/\/www.printweb.de\/digitaldruck\/das-faltbare-elektroauto-ist-da\/6328\/\" \/>\n<meta property=\"og:site_name\" content=\"Was Print bewirken kann.\" \/>\n<meta property=\"article:publisher\" content=\"https:\/\/www.facebook.com\/printweb.de\/\" \/>\n<meta property=\"article:published_time\" content=\"2012-08-20T09:39:30+00:00\" \/>\n<meta property=\"article:modified_time\" content=\"2015-02-11T15:36:53+00:00\" \/>\n<meta property=\"og:image\" content=\"https:\/\/www.printweb.de\/digitaldruck\/wp-content\/uploads\/2012\/08\/Bildschirmfoto-2012-08-20-um-11.37.01.png\" \/>\n\t<meta property=\"og:image:width\" content=\"637\" \/>\n\t<meta property=\"og:image:height\" content=\"357\" \/>\n\t<meta property=\"og:image:type\" content=\"image\/png\" \/>\n<meta name=\"author\" content=\"Ralph Hadem\" \/>\n<meta name=\"twitter:card\" content=\"summary_large_image\" \/>\n<meta name=\"twitter:creator\" content=\"@digitaldruck\" \/>\n<meta name=\"twitter:site\" content=\"@digitaldruck\" \/>\n<meta name=\"twitter:label1\" content=\"Verfasst von\" \/>\n\t<meta name=\"twitter:data1\" content=\"Ralph Hadem\" \/>\n<script type=\"application\/ld+json\" class=\"yoast-schema-graph\">{\"@context\":\"https:\/\/schema.org\",\"@graph\":[{\"@type\":\"Article\",\"@id\":\"https:\/\/www.printweb.de\/digitaldruck\/das-faltbare-elektroauto-ist-da\/6328\/#article\",\"isPartOf\":{\"@id\":\"https:\/\/www.printweb.de\/digitaldruck\/das-faltbare-elektroauto-ist-da\/6328\/\"},\"author\":{\"name\":\"Ralph Hadem\",\"@id\":\"https:\/\/www.printweb.de\/digitaldruck\/#\/schema\/person\/0e0308818185589fb8602180e9273195\"},\"headline\":\"Das faltbare Elektroauto ist da!\",\"datePublished\":\"2012-08-20T09:39:30+00:00\",\"dateModified\":\"2015-02-11T15:36:53+00:00\",\"mainEntityOfPage\":{\"@id\":\"https:\/\/www.printweb.de\/digitaldruck\/das-faltbare-elektroauto-ist-da\/6328\/\"},\"wordCount\":96,\"commentCount\":0,\"publisher\":{\"@id\":\"https:\/\/www.printweb.de\/digitaldruck\/#organization\"},\"image\":{\"@id\":\"https:\/\/www.printweb.de\/digitaldruck\/das-faltbare-elektroauto-ist-da\/6328\/#primaryimage\"},\"thumbnailUrl\":\"https:\/\/www.printweb.de\/digitaldruck\/wp-content\/uploads\/2012\/08\/Bildschirmfoto-2012-08-20-um-11.37.01.png\",\"articleSection\":[\"Digitaldruck+Veredlung\",\"Nachhaltigkeit\",\"Passiert - notiert\"],\"inLanguage\":\"de-DE\",\"potentialAction\":[{\"@type\":\"CommentAction\",\"name\":\"Comment\",\"target\":[\"https:\/\/www.printweb.de\/digitaldruck\/das-faltbare-elektroauto-ist-da\/6328\/#respond\"]}]},{\"@type\":\"WebPage\",\"@id\":\"https:\/\/www.printweb.de\/digitaldruck\/das-faltbare-elektroauto-ist-da\/6328\/\",\"url\":\"https:\/\/www.printweb.de\/digitaldruck\/das-faltbare-elektroauto-ist-da\/6328\/\",\"name\":\"Das faltbare Elektroauto ist da! | Was Print bewirken kann.\",\"isPartOf\":{\"@id\":\"https:\/\/www.printweb.de\/digitaldruck\/#website\"},\"primaryImageOfPage\":{\"@id\":\"https:\/\/www.printweb.de\/digitaldruck\/das-faltbare-elektroauto-ist-da\/6328\/#primaryimage\"},\"image\":{\"@id\":\"https:\/\/www.printweb.de\/digitaldruck\/das-faltbare-elektroauto-ist-da\/6328\/#primaryimage\"},\"thumbnailUrl\":\"https:\/\/www.printweb.de\/digitaldruck\/wp-content\/uploads\/2012\/08\/Bildschirmfoto-2012-08-20-um-11.37.01.png\",\"datePublished\":\"2012-08-20T09:39:30+00:00\",\"dateModified\":\"2015-02-11T15:36:53+00:00\",\"inLanguage\":\"de-DE\",\"potentialAction\":[{\"@type\":\"ReadAction\",\"target\":[\"https:\/\/www.printweb.de\/digitaldruck\/das-faltbare-elektroauto-ist-da\/6328\/\"]}]},{\"@type\":\"ImageObject\",\"inLanguage\":\"de-DE\",\"@id\":\"https:\/\/www.printweb.de\/digitaldruck\/das-faltbare-elektroauto-ist-da\/6328\/#primaryimage\",\"url\":\"https:\/\/www.printweb.de\/digitaldruck\/wp-content\/uploads\/2012\/08\/Bildschirmfoto-2012-08-20-um-11.37.01.png\",\"contentUrl\":\"https:\/\/www.printweb.de\/digitaldruck\/wp-content\/uploads\/2012\/08\/Bildschirmfoto-2012-08-20-um-11.37.01.png\",\"width\":637,\"height\":357},{\"@type\":\"WebSite\",\"@id\":\"https:\/\/www.printweb.de\/digitaldruck\/#website\",\"url\":\"https:\/\/www.printweb.de\/digitaldruck\/\",\"name\":\"Was Print bewirken kann.\",\"description\":\"Was Print bewirken kann \u2013 1700 Ideen.\",\"publisher\":{\"@id\":\"https:\/\/www.printweb.de\/digitaldruck\/#organization\"},\"potentialAction\":[{\"@type\":\"SearchAction\",\"target\":{\"@type\":\"EntryPoint\",\"urlTemplate\":\"https:\/\/www.printweb.de\/digitaldruck\/?s={search_term_string}\"},\"query-input\":\"required name=search_term_string\"}],\"inLanguage\":\"de-DE\"},{\"@type\":\"Organization\",\"@id\":\"https:\/\/www.printweb.de\/digitaldruck\/#organization\",\"name\":\"Colour Connection GmbH, printweb.de, Frankfurt am Main\",\"url\":\"https:\/\/www.printweb.de\/digitaldruck\/\",\"logo\":{\"@type\":\"ImageObject\",\"inLanguage\":\"de-DE\",\"@id\":\"https:\/\/www.printweb.de\/digitaldruck\/#\/schema\/logo\/image\/\",\"url\":\"https:\/\/www.printweb.de\/digitaldruck\/wp-content\/uploads\/2019\/11\/colour-connectio-printweb-logo.jpg\",\"contentUrl\":\"https:\/\/www.printweb.de\/digitaldruck\/wp-content\/uploads\/2019\/11\/colour-connectio-printweb-logo.jpg\",\"width\":1014,\"height\":229,\"caption\":\"Colour Connection GmbH, printweb.de, Frankfurt am Main\"},\"image\":{\"@id\":\"https:\/\/www.printweb.de\/digitaldruck\/#\/schema\/logo\/image\/\"},\"sameAs\":[\"https:\/\/www.facebook.com\/printweb.de\/\",\"https:\/\/x.com\/digitaldruck\",\"https:\/\/www.instagram.com\/printweb.de\/\",\"https:\/\/www.youtube.com\/user\/Digitaldruckerei\"]},{\"@type\":\"Person\",\"@id\":\"https:\/\/www.printweb.de\/digitaldruck\/#\/schema\/person\/0e0308818185589fb8602180e9273195\",\"name\":\"Ralph Hadem\",\"image\":{\"@type\":\"ImageObject\",\"inLanguage\":\"de-DE\",\"@id\":\"https:\/\/www.printweb.de\/digitaldruck\/#\/schema\/person\/image\/\",\"url\":\"https:\/\/secure.gravatar.com\/avatar\/386b1b183dce310c5ac8a8f475fdecd8?s=96&d=blank&r=g\",\"contentUrl\":\"https:\/\/secure.gravatar.com\/avatar\/386b1b183dce310c5ac8a8f475fdecd8?s=96&d=blank&r=g\",\"caption\":\"Ralph Hadem\"},\"sameAs\":[\"https:\/\/www.printweb.de\"],\"url\":\"https:\/\/www.printweb.de\/digitaldruck\/author\/ralphhadem\/\"}]}<\/script>\n<!-- \/ Yoast SEO plugin. -->","yoast_head_json":{"title":"Das faltbare Elektroauto ist da! | Was Print bewirken kann.","robots":{"index":"index","follow":"follow","max-snippet":"max-snippet:-1","max-image-preview":"max-image-preview:large","max-video-preview":"max-video-preview:-1"},"canonical":"https:\/\/www.printweb.de\/digitaldruck\/das-faltbare-elektroauto-ist-da\/6328\/","og_locale":"de_DE","og_type":"article","og_title":"Das faltbare Elektroauto ist da! | Was Print bewirken kann.","og_description":"Als ich die ersten Zeilen im best-practice-business-Blog von Burkhard Schneider gelesen hatte, war der erste Gedanke: Na, das ... mehr","og_url":"https:\/\/www.printweb.de\/digitaldruck\/das-faltbare-elektroauto-ist-da\/6328\/","og_site_name":"Was Print bewirken kann.","article_publisher":"https:\/\/www.facebook.com\/printweb.de\/","article_published_time":"2012-08-20T09:39:30+00:00","article_modified_time":"2015-02-11T15:36:53+00:00","og_image":[{"width":637,"height":357,"url":"https:\/\/www.printweb.de\/digitaldruck\/wp-content\/uploads\/2012\/08\/Bildschirmfoto-2012-08-20-um-11.37.01.png","type":"image\/png"}],"author":"Ralph Hadem","twitter_card":"summary_large_image","twitter_creator":"@digitaldruck","twitter_site":"@digitaldruck","twitter_misc":{"Verfasst von":"Ralph Hadem"},"schema":{"@context":"https:\/\/schema.org","@graph":[{"@type":"Article","@id":"https:\/\/www.printweb.de\/digitaldruck\/das-faltbare-elektroauto-ist-da\/6328\/#article","isPartOf":{"@id":"https:\/\/www.printweb.de\/digitaldruck\/das-faltbare-elektroauto-ist-da\/6328\/"},"author":{"name":"Ralph Hadem","@id":"https:\/\/www.printweb.de\/digitaldruck\/#\/schema\/person\/0e0308818185589fb8602180e9273195"},"headline":"Das faltbare Elektroauto ist da!","datePublished":"2012-08-20T09:39:30+00:00","dateModified":"2015-02-11T15:36:53+00:00","mainEntityOfPage":{"@id":"https:\/\/www.printweb.de\/digitaldruck\/das-faltbare-elektroauto-ist-da\/6328\/"},"wordCount":96,"commentCount":0,"publisher":{"@id":"https:\/\/www.printweb.de\/digitaldruck\/#organization"},"image":{"@id":"https:\/\/www.printweb.de\/digitaldruck\/das-faltbare-elektroauto-ist-da\/6328\/#primaryimage"},"thumbnailUrl":"https:\/\/www.printweb.de\/digitaldruck\/wp-content\/uploads\/2012\/08\/Bildschirmfoto-2012-08-20-um-11.37.01.png","articleSection":["Digitaldruck+Veredlung","Nachhaltigkeit","Passiert - notiert"],"inLanguage":"de-DE","potentialAction":[{"@type":"CommentAction","name":"Comment","target":["https:\/\/www.printweb.de\/digitaldruck\/das-faltbare-elektroauto-ist-da\/6328\/#respond"]}]},{"@type":"WebPage","@id":"https:\/\/www.printweb.de\/digitaldruck\/das-faltbare-elektroauto-ist-da\/6328\/","url":"https:\/\/www.printweb.de\/digitaldruck\/das-faltbare-elektroauto-ist-da\/6328\/","name":"Das faltbare Elektroauto ist da! | Was Print bewirken kann.","isPartOf":{"@id":"https:\/\/www.printweb.de\/digitaldruck\/#website"},"primaryImageOfPage":{"@id":"https:\/\/www.printweb.de\/digitaldruck\/das-faltbare-elektroauto-ist-da\/6328\/#primaryimage"},"image":{"@id":"https:\/\/www.printweb.de\/digitaldruck\/das-faltbare-elektroauto-ist-da\/6328\/#primaryimage"},"thumbnailUrl":"https:\/\/www.printweb.de\/digitaldruck\/wp-content\/uploads\/2012\/08\/Bildschirmfoto-2012-08-20-um-11.37.01.png","datePublished":"2012-08-20T09:39:30+00:00","dateModified":"2015-02-11T15:36:53+00:00","inLanguage":"de-DE","potentialAction":[{"@type":"ReadAction","target":["https:\/\/www.printweb.de\/digitaldruck\/das-faltbare-elektroauto-ist-da\/6328\/"]}]},{"@type":"ImageObject","inLanguage":"de-DE","@id":"https:\/\/www.printweb.de\/digitaldruck\/das-faltbare-elektroauto-ist-da\/6328\/#primaryimage","url":"https:\/\/www.printweb.de\/digitaldruck\/wp-content\/uploads\/2012\/08\/Bildschirmfoto-2012-08-20-um-11.37.01.png","contentUrl":"https:\/\/www.printweb.de\/digitaldruck\/wp-content\/uploads\/2012\/08\/Bildschirmfoto-2012-08-20-um-11.37.01.png","width":637,"height":357},{"@type":"WebSite","@id":"https:\/\/www.printweb.de\/digitaldruck\/#website","url":"https:\/\/www.printweb.de\/digitaldruck\/","name":"Was Print bewirken kann.","description":"Was Print bewirken kann \u2013 1700 Ideen.","publisher":{"@id":"https:\/\/www.printweb.de\/digitaldruck\/#organization"},"potentialAction":[{"@type":"SearchAction","target":{"@type":"EntryPoint","urlTemplate":"https:\/\/www.printweb.de\/digitaldruck\/?s={search_term_string}"},"query-input":"required name=search_term_string"}],"inLanguage":"de-DE"},{"@type":"Organization","@id":"https:\/\/www.printweb.de\/digitaldruck\/#organization","name":"Colour Connection GmbH, printweb.de, Frankfurt am Main","url":"https:\/\/www.printweb.de\/digitaldruck\/","logo":{"@type":"ImageObject","inLanguage":"de-DE","@id":"https:\/\/www.printweb.de\/digitaldruck\/#\/schema\/logo\/image\/","url":"https:\/\/www.printweb.de\/digitaldruck\/wp-content\/uploads\/2019\/11\/colour-connectio-printweb-logo.jpg","contentUrl":"https:\/\/www.printweb.de\/digitaldruck\/wp-content\/uploads\/2019\/11\/colour-connectio-printweb-logo.jpg","width":1014,"height":229,"caption":"Colour Connection GmbH, printweb.de, Frankfurt am Main"},"image":{"@id":"https:\/\/www.printweb.de\/digitaldruck\/#\/schema\/logo\/image\/"},"sameAs":["https:\/\/www.facebook.com\/printweb.de\/","https:\/\/x.com\/digitaldruck","https:\/\/www.instagram.com\/printweb.de\/","https:\/\/www.youtube.com\/user\/Digitaldruckerei"]},{"@type":"Person","@id":"https:\/\/www.printweb.de\/digitaldruck\/#\/schema\/person\/0e0308818185589fb8602180e9273195","name":"Ralph Hadem","image":{"@type":"ImageObject","inLanguage":"de-DE","@id":"https:\/\/www.printweb.de\/digitaldruck\/#\/schema\/person\/image\/","url":"https:\/\/secure.gravatar.com\/avatar\/386b1b183dce310c5ac8a8f475fdecd8?s=96&d=blank&r=g","contentUrl":"https:\/\/secure.gravatar.com\/avatar\/386b1b183dce310c5ac8a8f475fdecd8?s=96&d=blank&r=g","caption":"Ralph Hadem"},"sameAs":["https:\/\/www.printweb.de"],"url":"https:\/\/www.printweb.de\/digitaldruck\/author\/ralphhadem\/"}]}},"_links":{"self":[{"href":"https:\/\/www.printweb.de\/digitaldruck\/wp-json\/wp\/v2\/posts\/6328"}],"collection":[{"href":"https:\/\/www.printweb.de\/digitaldruck\/wp-json\/wp\/v2\/posts"}],"about":[{"href":"https:\/\/www.printweb.de\/digitaldruck\/wp-json\/wp\/v2\/types\/post"}],"author":[{"embeddable":true,"href":"https:\/\/www.printweb.de\/digitaldruck\/wp-json\/wp\/v2\/users\/2"}],"replies":[{"embeddable":true,"href":"https:\/\/www.printweb.de\/digitaldruck\/wp-json\/wp\/v2\/comments?post=6328"}],"version-history":[{"count":4,"href":"https:\/\/www.printweb.de\/digitaldruck\/wp-json\/wp\/v2\/posts\/6328\/revisions"}],"predecessor-version":[{"id":6332,"href":"https:\/\/www.printweb.de\/digitaldruck\/wp-json\/wp\/v2\/posts\/6328\/revisions\/6332"}],"wp:featuredmedia":[{"embeddable":true,"href":"https:\/\/www.printweb.de\/digitaldruck\/wp-json\/wp\/v2\/media\/6329"}],"wp:attachment":[{"href":"https:\/\/www.printweb.de\/digitaldruck\/wp-json\/wp\/v2\/media?parent=6328"}],"wp:term":[{"taxonomy":"category","embeddable":true,"href":"https:\/\/www.printweb.de\/digitaldruck\/wp-json\/wp\/v2\/categories?post=6328"},{"taxonomy":"post_tag","embeddable":true,"href":"https:\/\/www.printweb.de\/digitaldruck\/wp-json\/wp\/v2\/tags?post=6328"}],"curies":[{"name":"wp","href":"https:\/\/api.w.org\/{rel}","templated":true}]}}