{"id":7093,"date":"2012-12-14T08:45:46","date_gmt":"2012-12-14T07:45:46","guid":{"rendered":"https:\/\/www.printweb.de\/digitaldruck\/?p=7093"},"modified":"2017-03-28T12:03:15","modified_gmt":"2017-03-28T10:03:15","slug":"laser-und-weihnachten","status":"publish","type":"post","link":"https:\/\/www.printweb.de\/digitaldruck\/laser-und-weihnachten\/7093\/","title":{"rendered":"Laser und Weihnachten"},"content":{"rendered":"<p>Wenn es f\u00fcr unseren Laser so etwas wie eine Primetime gibt, ist es der Dezember. Ist ja auch toll, wenn die Weihnachtskarten mit filigranen Ornamenten und Veredlungen verziert sind und dem Empf\u00e4nger ein L\u00e4cheln in&#8217;s Gesicht zaubern. So unter Licht sieht das System ganz sch\u00f6n spacig aus &#8230;<\/p>\n<p>&nbsp;<\/p>\n<p style=\"text-align: center;\"><a href=\"https:\/\/www.printweb.de\/digitaldruck\/wp-content\/uploads\/2012\/12\/Galo-Laser.jpg\"><img decoding=\"async\" class=\"aligncenter size-thumbnail-vertikal wp-image-7096\" title=\"Galvo-Laser\" alt=\"Rasant schnell bei filigranen Laserstanzungen: Unser Galvo-Laser\" src=\"https:\/\/www.printweb.de\/digitaldruck\/wp-content\/uploads\/2012\/12\/Galo-Laser-366x490.jpg\" width=\"366\" height=\"490\" srcset=\"https:\/\/www.printweb.de\/digitaldruck\/wp-content\/uploads\/2012\/12\/Galo-Laser-366x490.jpg 366w, https:\/\/www.printweb.de\/digitaldruck\/wp-content\/uploads\/2012\/12\/Galo-Laser-765x1024.jpg 765w, https:\/\/www.printweb.de\/digitaldruck\/wp-content\/uploads\/2012\/12\/Galo-Laser-768x1028.jpg 768w, https:\/\/www.printweb.de\/digitaldruck\/wp-content\/uploads\/2012\/12\/Galo-Laser.jpg 1936w\" sizes=\"(max-width: 366px) 100vw, 366px\" \/><\/a><\/p>\n<p style=\"margin-top: 15px; margin-bottom: -5px;\"><a href=\"http:\/\/www.facebook.com\/printweb.de\" target=\"_blank\" class=\"broken_link\"><img decoding=\"async\" title=\"Die Colour Connection auf Facebook\" alt=\"printweb.de auf Facebook\" src=\"\/digitaldruck\/wp-content\/uploads\/fb-postlogo.png\" \/><\/a> <a href=\"http:\/\/www.twitter.com\/digitaldruck\" target=\"_blank\" class=\"broken_link\"><img decoding=\"async\" title=\"Die Colour Connection auf Twitter\" alt=\"printweb.de auf Twitter\" src=\"\/digitaldruck\/wp-content\/uploads\/twitter-postlogo.png\" \/><\/a><\/p>\n","protected":false},"excerpt":{"rendered":"Wenn es f\u00fcr unseren Laser so etwas wie eine Primetime gibt, ist es der Dezember. Ist ja auch &#8230; <br><br><a class=\"readmore\" href=\"https:\/\/www.printweb.de\/digitaldruck\/laser-und-weihnachten\/7093\/\">mehr<\/a>","protected":false},"author":2,"featured_media":7096,"comment_status":"open","ping_status":"open","sticky":false,"template":"","format":"standard","meta":{"_acf_changed":false,"footnotes":""},"categories":[1,20],"tags":[],"class_list":["post-7093","post","type-post","status-publish","format-standard","has-post-thumbnail","hentry","category-alle-beitraege","category-produktion"],"acf":[],"yoast_head":"<!-- This site is optimized with the Yoast SEO plugin v23.1 - https:\/\/yoast.com\/wordpress\/plugins\/seo\/ -->\n<title>Laser und Weihnachten | Was Print bewirken kann.<\/title>\n<meta name=\"robots\" content=\"index, follow, max-snippet:-1, max-image-preview:large, max-video-preview:-1\" \/>\n<link rel=\"canonical\" href=\"https:\/\/www.printweb.de\/digitaldruck\/laser-und-weihnachten\/7093\/\" \/>\n<meta property=\"og:locale\" content=\"de_DE\" \/>\n<meta property=\"og:type\" content=\"article\" \/>\n<meta property=\"og:title\" content=\"Laser und Weihnachten | Was Print bewirken kann.\" \/>\n<meta property=\"og:description\" content=\"Wenn es f\u00fcr unseren Laser so etwas wie eine Primetime gibt, ist es der Dezember. Ist ja auch ... mehr\" \/>\n<meta property=\"og:url\" content=\"https:\/\/www.printweb.de\/digitaldruck\/laser-und-weihnachten\/7093\/\" \/>\n<meta property=\"og:site_name\" content=\"Was Print bewirken kann.\" \/>\n<meta property=\"article:publisher\" content=\"https:\/\/www.facebook.com\/printweb.de\/\" \/>\n<meta property=\"article:published_time\" content=\"2012-12-14T07:45:46+00:00\" \/>\n<meta property=\"article:modified_time\" content=\"2017-03-28T10:03:15+00:00\" \/>\n<meta property=\"og:image\" content=\"https:\/\/www.printweb.de\/digitaldruck\/wp-content\/uploads\/2012\/12\/Galo-Laser-765x490.jpg\" \/>\n\t<meta property=\"og:image:width\" content=\"765\" \/>\n\t<meta property=\"og:image:height\" content=\"490\" \/>\n\t<meta property=\"og:image:type\" content=\"image\/jpeg\" \/>\n<meta name=\"author\" content=\"Ralph Hadem\" \/>\n<meta name=\"twitter:card\" content=\"summary_large_image\" \/>\n<meta name=\"twitter:creator\" content=\"@digitaldruck\" \/>\n<meta name=\"twitter:site\" content=\"@digitaldruck\" \/>\n<meta name=\"twitter:label1\" content=\"Verfasst von\" \/>\n\t<meta name=\"twitter:data1\" content=\"Ralph Hadem\" \/>\n<script type=\"application\/ld+json\" class=\"yoast-schema-graph\">{\"@context\":\"https:\/\/schema.org\",\"@graph\":[{\"@type\":\"Article\",\"@id\":\"https:\/\/www.printweb.de\/digitaldruck\/laser-und-weihnachten\/7093\/#article\",\"isPartOf\":{\"@id\":\"https:\/\/www.printweb.de\/digitaldruck\/laser-und-weihnachten\/7093\/\"},\"author\":{\"name\":\"Ralph Hadem\",\"@id\":\"https:\/\/www.printweb.de\/digitaldruck\/#\/schema\/person\/0e0308818185589fb8602180e9273195\"},\"headline\":\"Laser und Weihnachten\",\"datePublished\":\"2012-12-14T07:45:46+00:00\",\"dateModified\":\"2017-03-28T10:03:15+00:00\",\"mainEntityOfPage\":{\"@id\":\"https:\/\/www.printweb.de\/digitaldruck\/laser-und-weihnachten\/7093\/\"},\"wordCount\":56,\"commentCount\":0,\"publisher\":{\"@id\":\"https:\/\/www.printweb.de\/digitaldruck\/#organization\"},\"image\":{\"@id\":\"https:\/\/www.printweb.de\/digitaldruck\/laser-und-weihnachten\/7093\/#primaryimage\"},\"thumbnailUrl\":\"https:\/\/www.printweb.de\/digitaldruck\/wp-content\/uploads\/2012\/12\/Galo-Laser.jpg\",\"articleSection\":[\"Digitaldruck+Veredlung\",\"Produktion, Beratung\"],\"inLanguage\":\"de-DE\",\"potentialAction\":[{\"@type\":\"CommentAction\",\"name\":\"Comment\",\"target\":[\"https:\/\/www.printweb.de\/digitaldruck\/laser-und-weihnachten\/7093\/#respond\"]}]},{\"@type\":\"WebPage\",\"@id\":\"https:\/\/www.printweb.de\/digitaldruck\/laser-und-weihnachten\/7093\/\",\"url\":\"https:\/\/www.printweb.de\/digitaldruck\/laser-und-weihnachten\/7093\/\",\"name\":\"Laser und Weihnachten | Was Print bewirken kann.\",\"isPartOf\":{\"@id\":\"https:\/\/www.printweb.de\/digitaldruck\/#website\"},\"primaryImageOfPage\":{\"@id\":\"https:\/\/www.printweb.de\/digitaldruck\/laser-und-weihnachten\/7093\/#primaryimage\"},\"image\":{\"@id\":\"https:\/\/www.printweb.de\/digitaldruck\/laser-und-weihnachten\/7093\/#primaryimage\"},\"thumbnailUrl\":\"https:\/\/www.printweb.de\/digitaldruck\/wp-content\/uploads\/2012\/12\/Galo-Laser.jpg\",\"datePublished\":\"2012-12-14T07:45:46+00:00\",\"dateModified\":\"2017-03-28T10:03:15+00:00\",\"inLanguage\":\"de-DE\",\"potentialAction\":[{\"@type\":\"ReadAction\",\"target\":[\"https:\/\/www.printweb.de\/digitaldruck\/laser-und-weihnachten\/7093\/\"]}]},{\"@type\":\"ImageObject\",\"inLanguage\":\"de-DE\",\"@id\":\"https:\/\/www.printweb.de\/digitaldruck\/laser-und-weihnachten\/7093\/#primaryimage\",\"url\":\"https:\/\/www.printweb.de\/digitaldruck\/wp-content\/uploads\/2012\/12\/Galo-Laser.jpg\",\"contentUrl\":\"https:\/\/www.printweb.de\/digitaldruck\/wp-content\/uploads\/2012\/12\/Galo-Laser.jpg\",\"width\":1936,\"height\":2592},{\"@type\":\"WebSite\",\"@id\":\"https:\/\/www.printweb.de\/digitaldruck\/#website\",\"url\":\"https:\/\/www.printweb.de\/digitaldruck\/\",\"name\":\"Was Print bewirken kann.\",\"description\":\"Was Print bewirken kann \u2013 1700 Ideen.\",\"publisher\":{\"@id\":\"https:\/\/www.printweb.de\/digitaldruck\/#organization\"},\"potentialAction\":[{\"@type\":\"SearchAction\",\"target\":{\"@type\":\"EntryPoint\",\"urlTemplate\":\"https:\/\/www.printweb.de\/digitaldruck\/?s={search_term_string}\"},\"query-input\":\"required name=search_term_string\"}],\"inLanguage\":\"de-DE\"},{\"@type\":\"Organization\",\"@id\":\"https:\/\/www.printweb.de\/digitaldruck\/#organization\",\"name\":\"Colour Connection GmbH, printweb.de, Frankfurt am Main\",\"url\":\"https:\/\/www.printweb.de\/digitaldruck\/\",\"logo\":{\"@type\":\"ImageObject\",\"inLanguage\":\"de-DE\",\"@id\":\"https:\/\/www.printweb.de\/digitaldruck\/#\/schema\/logo\/image\/\",\"url\":\"https:\/\/www.printweb.de\/digitaldruck\/wp-content\/uploads\/2019\/11\/colour-connectio-printweb-logo.jpg\",\"contentUrl\":\"https:\/\/www.printweb.de\/digitaldruck\/wp-content\/uploads\/2019\/11\/colour-connectio-printweb-logo.jpg\",\"width\":1014,\"height\":229,\"caption\":\"Colour Connection GmbH, printweb.de, Frankfurt am Main\"},\"image\":{\"@id\":\"https:\/\/www.printweb.de\/digitaldruck\/#\/schema\/logo\/image\/\"},\"sameAs\":[\"https:\/\/www.facebook.com\/printweb.de\/\",\"https:\/\/x.com\/digitaldruck\",\"https:\/\/www.instagram.com\/printweb.de\/\",\"https:\/\/www.youtube.com\/user\/Digitaldruckerei\"]},{\"@type\":\"Person\",\"@id\":\"https:\/\/www.printweb.de\/digitaldruck\/#\/schema\/person\/0e0308818185589fb8602180e9273195\",\"name\":\"Ralph Hadem\",\"image\":{\"@type\":\"ImageObject\",\"inLanguage\":\"de-DE\",\"@id\":\"https:\/\/www.printweb.de\/digitaldruck\/#\/schema\/person\/image\/\",\"url\":\"https:\/\/secure.gravatar.com\/avatar\/386b1b183dce310c5ac8a8f475fdecd8?s=96&d=blank&r=g\",\"contentUrl\":\"https:\/\/secure.gravatar.com\/avatar\/386b1b183dce310c5ac8a8f475fdecd8?s=96&d=blank&r=g\",\"caption\":\"Ralph Hadem\"},\"sameAs\":[\"https:\/\/www.printweb.de\"],\"url\":\"https:\/\/www.printweb.de\/digitaldruck\/author\/ralphhadem\/\"}]}<\/script>\n<!-- \/ Yoast SEO plugin. -->","yoast_head_json":{"title":"Laser und Weihnachten | Was Print bewirken kann.","robots":{"index":"index","follow":"follow","max-snippet":"max-snippet:-1","max-image-preview":"max-image-preview:large","max-video-preview":"max-video-preview:-1"},"canonical":"https:\/\/www.printweb.de\/digitaldruck\/laser-und-weihnachten\/7093\/","og_locale":"de_DE","og_type":"article","og_title":"Laser und Weihnachten | Was Print bewirken kann.","og_description":"Wenn es f\u00fcr unseren Laser so etwas wie eine Primetime gibt, ist es der Dezember. Ist ja auch ... mehr","og_url":"https:\/\/www.printweb.de\/digitaldruck\/laser-und-weihnachten\/7093\/","og_site_name":"Was Print bewirken kann.","article_publisher":"https:\/\/www.facebook.com\/printweb.de\/","article_published_time":"2012-12-14T07:45:46+00:00","article_modified_time":"2017-03-28T10:03:15+00:00","og_image":[{"width":765,"height":490,"url":"https:\/\/www.printweb.de\/digitaldruck\/wp-content\/uploads\/2012\/12\/Galo-Laser-765x490.jpg","type":"image\/jpeg"}],"author":"Ralph Hadem","twitter_card":"summary_large_image","twitter_creator":"@digitaldruck","twitter_site":"@digitaldruck","twitter_misc":{"Verfasst von":"Ralph Hadem"},"schema":{"@context":"https:\/\/schema.org","@graph":[{"@type":"Article","@id":"https:\/\/www.printweb.de\/digitaldruck\/laser-und-weihnachten\/7093\/#article","isPartOf":{"@id":"https:\/\/www.printweb.de\/digitaldruck\/laser-und-weihnachten\/7093\/"},"author":{"name":"Ralph Hadem","@id":"https:\/\/www.printweb.de\/digitaldruck\/#\/schema\/person\/0e0308818185589fb8602180e9273195"},"headline":"Laser und Weihnachten","datePublished":"2012-12-14T07:45:46+00:00","dateModified":"2017-03-28T10:03:15+00:00","mainEntityOfPage":{"@id":"https:\/\/www.printweb.de\/digitaldruck\/laser-und-weihnachten\/7093\/"},"wordCount":56,"commentCount":0,"publisher":{"@id":"https:\/\/www.printweb.de\/digitaldruck\/#organization"},"image":{"@id":"https:\/\/www.printweb.de\/digitaldruck\/laser-und-weihnachten\/7093\/#primaryimage"},"thumbnailUrl":"https:\/\/www.printweb.de\/digitaldruck\/wp-content\/uploads\/2012\/12\/Galo-Laser.jpg","articleSection":["Digitaldruck+Veredlung","Produktion, Beratung"],"inLanguage":"de-DE","potentialAction":[{"@type":"CommentAction","name":"Comment","target":["https:\/\/www.printweb.de\/digitaldruck\/laser-und-weihnachten\/7093\/#respond"]}]},{"@type":"WebPage","@id":"https:\/\/www.printweb.de\/digitaldruck\/laser-und-weihnachten\/7093\/","url":"https:\/\/www.printweb.de\/digitaldruck\/laser-und-weihnachten\/7093\/","name":"Laser und Weihnachten | Was Print bewirken kann.","isPartOf":{"@id":"https:\/\/www.printweb.de\/digitaldruck\/#website"},"primaryImageOfPage":{"@id":"https:\/\/www.printweb.de\/digitaldruck\/laser-und-weihnachten\/7093\/#primaryimage"},"image":{"@id":"https:\/\/www.printweb.de\/digitaldruck\/laser-und-weihnachten\/7093\/#primaryimage"},"thumbnailUrl":"https:\/\/www.printweb.de\/digitaldruck\/wp-content\/uploads\/2012\/12\/Galo-Laser.jpg","datePublished":"2012-12-14T07:45:46+00:00","dateModified":"2017-03-28T10:03:15+00:00","inLanguage":"de-DE","potentialAction":[{"@type":"ReadAction","target":["https:\/\/www.printweb.de\/digitaldruck\/laser-und-weihnachten\/7093\/"]}]},{"@type":"ImageObject","inLanguage":"de-DE","@id":"https:\/\/www.printweb.de\/digitaldruck\/laser-und-weihnachten\/7093\/#primaryimage","url":"https:\/\/www.printweb.de\/digitaldruck\/wp-content\/uploads\/2012\/12\/Galo-Laser.jpg","contentUrl":"https:\/\/www.printweb.de\/digitaldruck\/wp-content\/uploads\/2012\/12\/Galo-Laser.jpg","width":1936,"height":2592},{"@type":"WebSite","@id":"https:\/\/www.printweb.de\/digitaldruck\/#website","url":"https:\/\/www.printweb.de\/digitaldruck\/","name":"Was Print bewirken kann.","description":"Was Print bewirken kann \u2013 1700 Ideen.","publisher":{"@id":"https:\/\/www.printweb.de\/digitaldruck\/#organization"},"potentialAction":[{"@type":"SearchAction","target":{"@type":"EntryPoint","urlTemplate":"https:\/\/www.printweb.de\/digitaldruck\/?s={search_term_string}"},"query-input":"required name=search_term_string"}],"inLanguage":"de-DE"},{"@type":"Organization","@id":"https:\/\/www.printweb.de\/digitaldruck\/#organization","name":"Colour Connection GmbH, printweb.de, Frankfurt am Main","url":"https:\/\/www.printweb.de\/digitaldruck\/","logo":{"@type":"ImageObject","inLanguage":"de-DE","@id":"https:\/\/www.printweb.de\/digitaldruck\/#\/schema\/logo\/image\/","url":"https:\/\/www.printweb.de\/digitaldruck\/wp-content\/uploads\/2019\/11\/colour-connectio-printweb-logo.jpg","contentUrl":"https:\/\/www.printweb.de\/digitaldruck\/wp-content\/uploads\/2019\/11\/colour-connectio-printweb-logo.jpg","width":1014,"height":229,"caption":"Colour Connection GmbH, printweb.de, Frankfurt am Main"},"image":{"@id":"https:\/\/www.printweb.de\/digitaldruck\/#\/schema\/logo\/image\/"},"sameAs":["https:\/\/www.facebook.com\/printweb.de\/","https:\/\/x.com\/digitaldruck","https:\/\/www.instagram.com\/printweb.de\/","https:\/\/www.youtube.com\/user\/Digitaldruckerei"]},{"@type":"Person","@id":"https:\/\/www.printweb.de\/digitaldruck\/#\/schema\/person\/0e0308818185589fb8602180e9273195","name":"Ralph Hadem","image":{"@type":"ImageObject","inLanguage":"de-DE","@id":"https:\/\/www.printweb.de\/digitaldruck\/#\/schema\/person\/image\/","url":"https:\/\/secure.gravatar.com\/avatar\/386b1b183dce310c5ac8a8f475fdecd8?s=96&d=blank&r=g","contentUrl":"https:\/\/secure.gravatar.com\/avatar\/386b1b183dce310c5ac8a8f475fdecd8?s=96&d=blank&r=g","caption":"Ralph Hadem"},"sameAs":["https:\/\/www.printweb.de"],"url":"https:\/\/www.printweb.de\/digitaldruck\/author\/ralphhadem\/"}]}},"_links":{"self":[{"href":"https:\/\/www.printweb.de\/digitaldruck\/wp-json\/wp\/v2\/posts\/7093"}],"collection":[{"href":"https:\/\/www.printweb.de\/digitaldruck\/wp-json\/wp\/v2\/posts"}],"about":[{"href":"https:\/\/www.printweb.de\/digitaldruck\/wp-json\/wp\/v2\/types\/post"}],"author":[{"embeddable":true,"href":"https:\/\/www.printweb.de\/digitaldruck\/wp-json\/wp\/v2\/users\/2"}],"replies":[{"embeddable":true,"href":"https:\/\/www.printweb.de\/digitaldruck\/wp-json\/wp\/v2\/comments?post=7093"}],"version-history":[{"count":7,"href":"https:\/\/www.printweb.de\/digitaldruck\/wp-json\/wp\/v2\/posts\/7093\/revisions"}],"predecessor-version":[{"id":13474,"href":"https:\/\/www.printweb.de\/digitaldruck\/wp-json\/wp\/v2\/posts\/7093\/revisions\/13474"}],"wp:featuredmedia":[{"embeddable":true,"href":"https:\/\/www.printweb.de\/digitaldruck\/wp-json\/wp\/v2\/media\/7096"}],"wp:attachment":[{"href":"https:\/\/www.printweb.de\/digitaldruck\/wp-json\/wp\/v2\/media?parent=7093"}],"wp:term":[{"taxonomy":"category","embeddable":true,"href":"https:\/\/www.printweb.de\/digitaldruck\/wp-json\/wp\/v2\/categories?post=7093"},{"taxonomy":"post_tag","embeddable":true,"href":"https:\/\/www.printweb.de\/digitaldruck\/wp-json\/wp\/v2\/tags?post=7093"}],"curies":[{"name":"wp","href":"https:\/\/api.w.org\/{rel}","templated":true}]}}