{"id":7608,"date":"2013-02-28T15:51:55","date_gmt":"2013-02-28T14:51:55","guid":{"rendered":"https:\/\/www.printweb.de\/digitaldruck\/?p=7608"},"modified":"2017-03-28T12:01:18","modified_gmt":"2017-03-28T10:01:18","slug":"was-man-mit-farblosem-lack-so-anstellen-kann","status":"publish","type":"post","link":"https:\/\/www.printweb.de\/digitaldruck\/was-man-mit-farblosem-lack-so-anstellen-kann\/7608\/","title":{"rendered":"Was man mit farblosem Lack so ..."},"content":{"rendered":"<p>Diese coole Karte im Wickelfalz misst im offenen Format 442 x 148 mm, geschlossen 148 x 148 mm. Auf das hochwei\u00dfe, 300g schwere Feinpapier wurde ein sehr dezenter, partieller Mattlack aufgetragen &#8211; und sonst nichts. Dieser Effekt l\u00e4sst sich sehr gut im Digitaldruck realisieren. Reduziert, pur und schick.<\/p>\n<p>&nbsp;<\/p>\n<p><a href=\"https:\/\/www.printweb.de\/digitaldruck\/wp-content\/uploads\/2013\/02\/134-white-floor-2550-1-1.jpg\"><img decoding=\"async\" class=\"aligncenter size-thumbnail wp-image-7609\" alt=\"134-white floor-2550--1-1\" src=\"https:\/\/www.printweb.de\/digitaldruck\/wp-content\/uploads\/2013\/02\/134-white-floor-2550-1-1-765x510.jpg\" width=\"656\" height=\"437\" srcset=\"https:\/\/www.printweb.de\/digitaldruck\/wp-content\/uploads\/2013\/02\/134-white-floor-2550-1-1-765x510.jpg 765w, https:\/\/www.printweb.de\/digitaldruck\/wp-content\/uploads\/2013\/02\/134-white-floor-2550-1-1-768x512.jpg 768w, https:\/\/www.printweb.de\/digitaldruck\/wp-content\/uploads\/2013\/02\/134-white-floor-2550-1-1-735x490.jpg 735w\" sizes=\"(max-width: 656px) 100vw, 656px\" \/><\/a> <a href=\"https:\/\/www.printweb.de\/digitaldruck\/wp-content\/uploads\/2013\/02\/134-white-floor-2551-1-1.jpg\"><img decoding=\"async\" class=\"aligncenter size-thumbnail wp-image-7610\" alt=\"134-white floor-2551--1-1\" src=\"https:\/\/www.printweb.de\/digitaldruck\/wp-content\/uploads\/2013\/02\/134-white-floor-2551-1-1-765x510.jpg\" width=\"656\" height=\"437\" srcset=\"https:\/\/www.printweb.de\/digitaldruck\/wp-content\/uploads\/2013\/02\/134-white-floor-2551-1-1-765x510.jpg 765w, https:\/\/www.printweb.de\/digitaldruck\/wp-content\/uploads\/2013\/02\/134-white-floor-2551-1-1-768x512.jpg 768w, https:\/\/www.printweb.de\/digitaldruck\/wp-content\/uploads\/2013\/02\/134-white-floor-2551-1-1-735x490.jpg 735w\" sizes=\"(max-width: 656px) 100vw, 656px\" \/><\/a> <a href=\"https:\/\/www.printweb.de\/digitaldruck\/wp-content\/uploads\/2013\/02\/134-white-floor-2552-1-1.jpg\"><img decoding=\"async\" class=\"aligncenter size-thumbnail wp-image-7611\" alt=\"134-white floor-2552--1-1\" src=\"https:\/\/www.printweb.de\/digitaldruck\/wp-content\/uploads\/2013\/02\/134-white-floor-2552-1-1-765x557.jpg\" width=\"600\" height=\"437\" srcset=\"https:\/\/www.printweb.de\/digitaldruck\/wp-content\/uploads\/2013\/02\/134-white-floor-2552-1-1-765x557.jpg 765w, https:\/\/www.printweb.de\/digitaldruck\/wp-content\/uploads\/2013\/02\/134-white-floor-2552-1-1-768x559.jpg 768w, https:\/\/www.printweb.de\/digitaldruck\/wp-content\/uploads\/2013\/02\/134-white-floor-2552-1-1-673x490.jpg 673w\" sizes=\"(max-width: 600px) 100vw, 600px\" \/><\/a><\/p>\n<p style=\"text-align: center;\"><em>Klick auf&#8217;s Bild f\u00fcr eine h\u00f6here Aufl\u00f6sung.<br \/>\n<\/em><\/p>\n<p style=\"margin-top: 15px; margin-bottom: -5px;\"><a href=\"http:\/\/www.facebook.com\/printweb.de\" target=\"_blank\" class=\"broken_link\"><img decoding=\"async\" title=\"Die Colour Connection auf Facebook\" alt=\"printweb.de auf Facebook\" src=\"https:\/\/www.printweb.de\/digitaldruck\/wp-content\/uploads\/fb-postlogo.png\" \/><\/a> <a href=\"http:\/\/www.twitter.com\/digitaldruck\" target=\"_blank\" class=\"broken_link\"><img decoding=\"async\" title=\"Die Colour Connection auf Twitter\" alt=\"printweb.de auf Twitter\" src=\"https:\/\/www.printweb.de\/digitaldruck\/wp-content\/uploads\/twitter-postlogo.png\" \/><\/a><\/p>\n","protected":false},"excerpt":{"rendered":"Diese coole Karte im Wickelfalz misst im offenen Format 442 x 148 mm, geschlossen 148 x 148 mm. &#8230; <br><br><a class=\"readmore\" href=\"https:\/\/www.printweb.de\/digitaldruck\/was-man-mit-farblosem-lack-so-anstellen-kann\/7608\/\">mehr<\/a>","protected":false},"author":2,"featured_media":7609,"comment_status":"open","ping_status":"open","sticky":false,"template":"","format":"standard","meta":{"_acf_changed":false,"footnotes":""},"categories":[1,34,55,18,30],"tags":[],"class_list":["post-7608","post","type-post","status-publish","format-standard","has-post-thumbnail","hentry","category-alle-beitraege","category-papier-und-bedruckstoffe","category-digitaler-lack","category-flyer-und-karten","category-passiert-notiert"],"acf":[],"yoast_head":"<!-- This site is optimized with the Yoast SEO plugin v23.1 - https:\/\/yoast.com\/wordpress\/plugins\/seo\/ -->\n<title>Was man mit farblosem Lack so anstellen kann | Was Print bewirken kann.<\/title>\n<meta name=\"robots\" content=\"index, follow, max-snippet:-1, max-image-preview:large, max-video-preview:-1\" \/>\n<link rel=\"canonical\" href=\"https:\/\/www.printweb.de\/digitaldruck\/was-man-mit-farblosem-lack-so-anstellen-kann\/7608\/\" \/>\n<meta property=\"og:locale\" content=\"de_DE\" \/>\n<meta property=\"og:type\" content=\"article\" \/>\n<meta property=\"og:title\" content=\"Was man mit farblosem Lack so anstellen kann | Was Print bewirken kann.\" \/>\n<meta property=\"og:description\" content=\"Diese coole Karte im Wickelfalz misst im offenen Format 442 x 148 mm, geschlossen 148 x 148 mm. ... mehr\" \/>\n<meta property=\"og:url\" content=\"https:\/\/www.printweb.de\/digitaldruck\/was-man-mit-farblosem-lack-so-anstellen-kann\/7608\/\" \/>\n<meta property=\"og:site_name\" content=\"Was Print bewirken kann.\" \/>\n<meta property=\"article:publisher\" content=\"https:\/\/www.facebook.com\/printweb.de\/\" \/>\n<meta property=\"article:published_time\" content=\"2013-02-28T14:51:55+00:00\" \/>\n<meta property=\"article:modified_time\" content=\"2017-03-28T10:01:18+00:00\" \/>\n<meta property=\"og:image\" content=\"https:\/\/www.printweb.de\/digitaldruck\/wp-content\/uploads\/2013\/02\/134-white-floor-2550-1-1.jpg\" \/>\n\t<meta property=\"og:image:width\" content=\"2362\" \/>\n\t<meta property=\"og:image:height\" content=\"1575\" \/>\n\t<meta property=\"og:image:type\" content=\"image\/jpeg\" \/>\n<meta name=\"author\" content=\"Ralph Hadem\" \/>\n<meta name=\"twitter:card\" content=\"summary_large_image\" \/>\n<meta name=\"twitter:creator\" content=\"@digitaldruck\" \/>\n<meta name=\"twitter:site\" content=\"@digitaldruck\" \/>\n<meta name=\"twitter:label1\" content=\"Verfasst von\" \/>\n\t<meta name=\"twitter:data1\" content=\"Ralph Hadem\" \/>\n<script type=\"application\/ld+json\" class=\"yoast-schema-graph\">{\"@context\":\"https:\/\/schema.org\",\"@graph\":[{\"@type\":\"Article\",\"@id\":\"https:\/\/www.printweb.de\/digitaldruck\/was-man-mit-farblosem-lack-so-anstellen-kann\/7608\/#article\",\"isPartOf\":{\"@id\":\"https:\/\/www.printweb.de\/digitaldruck\/was-man-mit-farblosem-lack-so-anstellen-kann\/7608\/\"},\"author\":{\"name\":\"Ralph Hadem\",\"@id\":\"https:\/\/www.printweb.de\/digitaldruck\/#\/schema\/person\/0e0308818185589fb8602180e9273195\"},\"headline\":\"Was man mit farblosem Lack so ...\",\"datePublished\":\"2013-02-28T14:51:55+00:00\",\"dateModified\":\"2017-03-28T10:01:18+00:00\",\"mainEntityOfPage\":{\"@id\":\"https:\/\/www.printweb.de\/digitaldruck\/was-man-mit-farblosem-lack-so-anstellen-kann\/7608\/\"},\"wordCount\":66,\"commentCount\":0,\"publisher\":{\"@id\":\"https:\/\/www.printweb.de\/digitaldruck\/#organization\"},\"image\":{\"@id\":\"https:\/\/www.printweb.de\/digitaldruck\/was-man-mit-farblosem-lack-so-anstellen-kann\/7608\/#primaryimage\"},\"thumbnailUrl\":\"https:\/\/www.printweb.de\/digitaldruck\/wp-content\/uploads\/2013\/02\/134-white-floor-2550-1-1.jpg\",\"articleSection\":[\"Digitaldruck+Veredlung\",\"Papier &amp; Bedruckstoffe\",\"Digitaler Lack\",\"Flyer, Folder und Karten\",\"Passiert - notiert\"],\"inLanguage\":\"de-DE\",\"potentialAction\":[{\"@type\":\"CommentAction\",\"name\":\"Comment\",\"target\":[\"https:\/\/www.printweb.de\/digitaldruck\/was-man-mit-farblosem-lack-so-anstellen-kann\/7608\/#respond\"]}]},{\"@type\":\"WebPage\",\"@id\":\"https:\/\/www.printweb.de\/digitaldruck\/was-man-mit-farblosem-lack-so-anstellen-kann\/7608\/\",\"url\":\"https:\/\/www.printweb.de\/digitaldruck\/was-man-mit-farblosem-lack-so-anstellen-kann\/7608\/\",\"name\":\"Was man mit farblosem Lack so anstellen kann | Was Print bewirken kann.\",\"isPartOf\":{\"@id\":\"https:\/\/www.printweb.de\/digitaldruck\/#website\"},\"primaryImageOfPage\":{\"@id\":\"https:\/\/www.printweb.de\/digitaldruck\/was-man-mit-farblosem-lack-so-anstellen-kann\/7608\/#primaryimage\"},\"image\":{\"@id\":\"https:\/\/www.printweb.de\/digitaldruck\/was-man-mit-farblosem-lack-so-anstellen-kann\/7608\/#primaryimage\"},\"thumbnailUrl\":\"https:\/\/www.printweb.de\/digitaldruck\/wp-content\/uploads\/2013\/02\/134-white-floor-2550-1-1.jpg\",\"datePublished\":\"2013-02-28T14:51:55+00:00\",\"dateModified\":\"2017-03-28T10:01:18+00:00\",\"inLanguage\":\"de-DE\",\"potentialAction\":[{\"@type\":\"ReadAction\",\"target\":[\"https:\/\/www.printweb.de\/digitaldruck\/was-man-mit-farblosem-lack-so-anstellen-kann\/7608\/\"]}]},{\"@type\":\"ImageObject\",\"inLanguage\":\"de-DE\",\"@id\":\"https:\/\/www.printweb.de\/digitaldruck\/was-man-mit-farblosem-lack-so-anstellen-kann\/7608\/#primaryimage\",\"url\":\"https:\/\/www.printweb.de\/digitaldruck\/wp-content\/uploads\/2013\/02\/134-white-floor-2550-1-1.jpg\",\"contentUrl\":\"https:\/\/www.printweb.de\/digitaldruck\/wp-content\/uploads\/2013\/02\/134-white-floor-2550-1-1.jpg\",\"width\":2362,\"height\":1575},{\"@type\":\"WebSite\",\"@id\":\"https:\/\/www.printweb.de\/digitaldruck\/#website\",\"url\":\"https:\/\/www.printweb.de\/digitaldruck\/\",\"name\":\"Was Print bewirken kann.\",\"description\":\"Was Print bewirken kann \u2013 1700 Ideen.\",\"publisher\":{\"@id\":\"https:\/\/www.printweb.de\/digitaldruck\/#organization\"},\"potentialAction\":[{\"@type\":\"SearchAction\",\"target\":{\"@type\":\"EntryPoint\",\"urlTemplate\":\"https:\/\/www.printweb.de\/digitaldruck\/?s={search_term_string}\"},\"query-input\":\"required name=search_term_string\"}],\"inLanguage\":\"de-DE\"},{\"@type\":\"Organization\",\"@id\":\"https:\/\/www.printweb.de\/digitaldruck\/#organization\",\"name\":\"Colour Connection GmbH, printweb.de, Frankfurt am Main\",\"url\":\"https:\/\/www.printweb.de\/digitaldruck\/\",\"logo\":{\"@type\":\"ImageObject\",\"inLanguage\":\"de-DE\",\"@id\":\"https:\/\/www.printweb.de\/digitaldruck\/#\/schema\/logo\/image\/\",\"url\":\"https:\/\/www.printweb.de\/digitaldruck\/wp-content\/uploads\/2019\/11\/colour-connectio-printweb-logo.jpg\",\"contentUrl\":\"https:\/\/www.printweb.de\/digitaldruck\/wp-content\/uploads\/2019\/11\/colour-connectio-printweb-logo.jpg\",\"width\":1014,\"height\":229,\"caption\":\"Colour Connection GmbH, printweb.de, Frankfurt am Main\"},\"image\":{\"@id\":\"https:\/\/www.printweb.de\/digitaldruck\/#\/schema\/logo\/image\/\"},\"sameAs\":[\"https:\/\/www.facebook.com\/printweb.de\/\",\"https:\/\/x.com\/digitaldruck\",\"https:\/\/www.instagram.com\/printweb.de\/\",\"https:\/\/www.youtube.com\/user\/Digitaldruckerei\"]},{\"@type\":\"Person\",\"@id\":\"https:\/\/www.printweb.de\/digitaldruck\/#\/schema\/person\/0e0308818185589fb8602180e9273195\",\"name\":\"Ralph Hadem\",\"image\":{\"@type\":\"ImageObject\",\"inLanguage\":\"de-DE\",\"@id\":\"https:\/\/www.printweb.de\/digitaldruck\/#\/schema\/person\/image\/\",\"url\":\"https:\/\/secure.gravatar.com\/avatar\/386b1b183dce310c5ac8a8f475fdecd8?s=96&d=blank&r=g\",\"contentUrl\":\"https:\/\/secure.gravatar.com\/avatar\/386b1b183dce310c5ac8a8f475fdecd8?s=96&d=blank&r=g\",\"caption\":\"Ralph Hadem\"},\"sameAs\":[\"https:\/\/www.printweb.de\"],\"url\":\"https:\/\/www.printweb.de\/digitaldruck\/author\/ralphhadem\/\"}]}<\/script>\n<!-- \/ Yoast SEO plugin. -->","yoast_head_json":{"title":"Was man mit farblosem Lack so anstellen kann | Was Print bewirken kann.","robots":{"index":"index","follow":"follow","max-snippet":"max-snippet:-1","max-image-preview":"max-image-preview:large","max-video-preview":"max-video-preview:-1"},"canonical":"https:\/\/www.printweb.de\/digitaldruck\/was-man-mit-farblosem-lack-so-anstellen-kann\/7608\/","og_locale":"de_DE","og_type":"article","og_title":"Was man mit farblosem Lack so anstellen kann | Was Print bewirken kann.","og_description":"Diese coole Karte im Wickelfalz misst im offenen Format 442 x 148 mm, geschlossen 148 x 148 mm. ... mehr","og_url":"https:\/\/www.printweb.de\/digitaldruck\/was-man-mit-farblosem-lack-so-anstellen-kann\/7608\/","og_site_name":"Was Print bewirken kann.","article_publisher":"https:\/\/www.facebook.com\/printweb.de\/","article_published_time":"2013-02-28T14:51:55+00:00","article_modified_time":"2017-03-28T10:01:18+00:00","og_image":[{"width":2362,"height":1575,"url":"https:\/\/www.printweb.de\/digitaldruck\/wp-content\/uploads\/2013\/02\/134-white-floor-2550-1-1.jpg","type":"image\/jpeg"}],"author":"Ralph Hadem","twitter_card":"summary_large_image","twitter_creator":"@digitaldruck","twitter_site":"@digitaldruck","twitter_misc":{"Verfasst von":"Ralph Hadem"},"schema":{"@context":"https:\/\/schema.org","@graph":[{"@type":"Article","@id":"https:\/\/www.printweb.de\/digitaldruck\/was-man-mit-farblosem-lack-so-anstellen-kann\/7608\/#article","isPartOf":{"@id":"https:\/\/www.printweb.de\/digitaldruck\/was-man-mit-farblosem-lack-so-anstellen-kann\/7608\/"},"author":{"name":"Ralph Hadem","@id":"https:\/\/www.printweb.de\/digitaldruck\/#\/schema\/person\/0e0308818185589fb8602180e9273195"},"headline":"Was man mit farblosem Lack so ...","datePublished":"2013-02-28T14:51:55+00:00","dateModified":"2017-03-28T10:01:18+00:00","mainEntityOfPage":{"@id":"https:\/\/www.printweb.de\/digitaldruck\/was-man-mit-farblosem-lack-so-anstellen-kann\/7608\/"},"wordCount":66,"commentCount":0,"publisher":{"@id":"https:\/\/www.printweb.de\/digitaldruck\/#organization"},"image":{"@id":"https:\/\/www.printweb.de\/digitaldruck\/was-man-mit-farblosem-lack-so-anstellen-kann\/7608\/#primaryimage"},"thumbnailUrl":"https:\/\/www.printweb.de\/digitaldruck\/wp-content\/uploads\/2013\/02\/134-white-floor-2550-1-1.jpg","articleSection":["Digitaldruck+Veredlung","Papier &amp; Bedruckstoffe","Digitaler Lack","Flyer, Folder und Karten","Passiert - notiert"],"inLanguage":"de-DE","potentialAction":[{"@type":"CommentAction","name":"Comment","target":["https:\/\/www.printweb.de\/digitaldruck\/was-man-mit-farblosem-lack-so-anstellen-kann\/7608\/#respond"]}]},{"@type":"WebPage","@id":"https:\/\/www.printweb.de\/digitaldruck\/was-man-mit-farblosem-lack-so-anstellen-kann\/7608\/","url":"https:\/\/www.printweb.de\/digitaldruck\/was-man-mit-farblosem-lack-so-anstellen-kann\/7608\/","name":"Was man mit farblosem Lack so anstellen kann | Was Print bewirken kann.","isPartOf":{"@id":"https:\/\/www.printweb.de\/digitaldruck\/#website"},"primaryImageOfPage":{"@id":"https:\/\/www.printweb.de\/digitaldruck\/was-man-mit-farblosem-lack-so-anstellen-kann\/7608\/#primaryimage"},"image":{"@id":"https:\/\/www.printweb.de\/digitaldruck\/was-man-mit-farblosem-lack-so-anstellen-kann\/7608\/#primaryimage"},"thumbnailUrl":"https:\/\/www.printweb.de\/digitaldruck\/wp-content\/uploads\/2013\/02\/134-white-floor-2550-1-1.jpg","datePublished":"2013-02-28T14:51:55+00:00","dateModified":"2017-03-28T10:01:18+00:00","inLanguage":"de-DE","potentialAction":[{"@type":"ReadAction","target":["https:\/\/www.printweb.de\/digitaldruck\/was-man-mit-farblosem-lack-so-anstellen-kann\/7608\/"]}]},{"@type":"ImageObject","inLanguage":"de-DE","@id":"https:\/\/www.printweb.de\/digitaldruck\/was-man-mit-farblosem-lack-so-anstellen-kann\/7608\/#primaryimage","url":"https:\/\/www.printweb.de\/digitaldruck\/wp-content\/uploads\/2013\/02\/134-white-floor-2550-1-1.jpg","contentUrl":"https:\/\/www.printweb.de\/digitaldruck\/wp-content\/uploads\/2013\/02\/134-white-floor-2550-1-1.jpg","width":2362,"height":1575},{"@type":"WebSite","@id":"https:\/\/www.printweb.de\/digitaldruck\/#website","url":"https:\/\/www.printweb.de\/digitaldruck\/","name":"Was Print bewirken kann.","description":"Was Print bewirken kann \u2013 1700 Ideen.","publisher":{"@id":"https:\/\/www.printweb.de\/digitaldruck\/#organization"},"potentialAction":[{"@type":"SearchAction","target":{"@type":"EntryPoint","urlTemplate":"https:\/\/www.printweb.de\/digitaldruck\/?s={search_term_string}"},"query-input":"required name=search_term_string"}],"inLanguage":"de-DE"},{"@type":"Organization","@id":"https:\/\/www.printweb.de\/digitaldruck\/#organization","name":"Colour Connection GmbH, printweb.de, Frankfurt am Main","url":"https:\/\/www.printweb.de\/digitaldruck\/","logo":{"@type":"ImageObject","inLanguage":"de-DE","@id":"https:\/\/www.printweb.de\/digitaldruck\/#\/schema\/logo\/image\/","url":"https:\/\/www.printweb.de\/digitaldruck\/wp-content\/uploads\/2019\/11\/colour-connectio-printweb-logo.jpg","contentUrl":"https:\/\/www.printweb.de\/digitaldruck\/wp-content\/uploads\/2019\/11\/colour-connectio-printweb-logo.jpg","width":1014,"height":229,"caption":"Colour Connection GmbH, printweb.de, Frankfurt am Main"},"image":{"@id":"https:\/\/www.printweb.de\/digitaldruck\/#\/schema\/logo\/image\/"},"sameAs":["https:\/\/www.facebook.com\/printweb.de\/","https:\/\/x.com\/digitaldruck","https:\/\/www.instagram.com\/printweb.de\/","https:\/\/www.youtube.com\/user\/Digitaldruckerei"]},{"@type":"Person","@id":"https:\/\/www.printweb.de\/digitaldruck\/#\/schema\/person\/0e0308818185589fb8602180e9273195","name":"Ralph Hadem","image":{"@type":"ImageObject","inLanguage":"de-DE","@id":"https:\/\/www.printweb.de\/digitaldruck\/#\/schema\/person\/image\/","url":"https:\/\/secure.gravatar.com\/avatar\/386b1b183dce310c5ac8a8f475fdecd8?s=96&d=blank&r=g","contentUrl":"https:\/\/secure.gravatar.com\/avatar\/386b1b183dce310c5ac8a8f475fdecd8?s=96&d=blank&r=g","caption":"Ralph Hadem"},"sameAs":["https:\/\/www.printweb.de"],"url":"https:\/\/www.printweb.de\/digitaldruck\/author\/ralphhadem\/"}]}},"_links":{"self":[{"href":"https:\/\/www.printweb.de\/digitaldruck\/wp-json\/wp\/v2\/posts\/7608"}],"collection":[{"href":"https:\/\/www.printweb.de\/digitaldruck\/wp-json\/wp\/v2\/posts"}],"about":[{"href":"https:\/\/www.printweb.de\/digitaldruck\/wp-json\/wp\/v2\/types\/post"}],"author":[{"embeddable":true,"href":"https:\/\/www.printweb.de\/digitaldruck\/wp-json\/wp\/v2\/users\/2"}],"replies":[{"embeddable":true,"href":"https:\/\/www.printweb.de\/digitaldruck\/wp-json\/wp\/v2\/comments?post=7608"}],"version-history":[{"count":11,"href":"https:\/\/www.printweb.de\/digitaldruck\/wp-json\/wp\/v2\/posts\/7608\/revisions"}],"predecessor-version":[{"id":13458,"href":"https:\/\/www.printweb.de\/digitaldruck\/wp-json\/wp\/v2\/posts\/7608\/revisions\/13458"}],"wp:featuredmedia":[{"embeddable":true,"href":"https:\/\/www.printweb.de\/digitaldruck\/wp-json\/wp\/v2\/media\/7609"}],"wp:attachment":[{"href":"https:\/\/www.printweb.de\/digitaldruck\/wp-json\/wp\/v2\/media?parent=7608"}],"wp:term":[{"taxonomy":"category","embeddable":true,"href":"https:\/\/www.printweb.de\/digitaldruck\/wp-json\/wp\/v2\/categories?post=7608"},{"taxonomy":"post_tag","embeddable":true,"href":"https:\/\/www.printweb.de\/digitaldruck\/wp-json\/wp\/v2\/tags?post=7608"}],"curies":[{"name":"wp","href":"https:\/\/api.w.org\/{rel}","templated":true}]}}