{"id":8194,"date":"2013-06-12T08:24:34","date_gmt":"2013-06-12T06:24:34","guid":{"rendered":"https:\/\/www.printweb.de\/digitaldruck\/?p=8194"},"modified":"2017-03-30T09:21:30","modified_gmt":"2017-03-30T07:21:30","slug":"tres-chic-schwarze-visitenkarte-fuer-eine-fotografin","status":"publish","type":"post","link":"https:\/\/www.printweb.de\/digitaldruck\/tres-chic-schwarze-visitenkarte-fuer-eine-fotografin\/8194\/","title":{"rendered":"Tr\u00e8s chic! Schwarze Visitenkarte f\u00fcr ..."},"content":{"rendered":"<p>Ausgesprochen elegant ist diese Visitenkarte f\u00fcr die Fotografin <a href=\"http:\/\/cathah.fotograf.de\/\" target=\"_blank\">Catharina Hoepfner.<\/a> Auf schwarzem Curious Skin Karton mit 380g haben wir im digitalen Siebdruck zun\u00e4chst ein deckendes Wei\u00df aufgebracht. Die roten Punkte wurden anschlie\u00dfend, ebenfalls im digitalen Siebdruck, \u00fcbergedruckt. Das passiert in einem Arbeitsgang und ist daher nicht teurer als \u201enur\u201d einfarbig wei\u00df zu drucken. Ein weiteres Beispiel f\u00fcr solche Karten und Preisinfos gibt&#8217;s <a href=\"https:\/\/www.printweb.de\/digitaldruck\/edel-edel-visitenkarten-fuer-frankfurter-werbetechniker\" target=\"_blank\">hier in einem anderen Beitrag<\/a>. \u00dcbrigens: Der Wei\u00dfdruck sorgt auch f\u00fcr einen verbl\u00fcffenden Reliefeffekt, der der Karte zus\u00e4tzlich eine feine haptische Wirkung gibt.<\/p>\n<p>&nbsp;<\/p>\n<p><a href=\"https:\/\/www.printweb.de\/digitaldruck\/wp-content\/uploads\/2013\/06\/191-V.-rote-Punkte-3260-1.jpg\"><img decoding=\"async\" class=\"aligncenter size-thumbnail wp-image-8195\" alt=\"191-V. rote Punkte-3260--1\" src=\"https:\/\/www.printweb.de\/digitaldruck\/wp-content\/uploads\/2013\/06\/191-V.-rote-Punkte-3260-1-765x503.jpg\" width=\"665\" height=\"437\" srcset=\"https:\/\/www.printweb.de\/digitaldruck\/wp-content\/uploads\/2013\/06\/191-V.-rote-Punkte-3260-1-765x503.jpg 765w, https:\/\/www.printweb.de\/digitaldruck\/wp-content\/uploads\/2013\/06\/191-V.-rote-Punkte-3260-1-768x505.jpg 768w, https:\/\/www.printweb.de\/digitaldruck\/wp-content\/uploads\/2013\/06\/191-V.-rote-Punkte-3260-1-745x490.jpg 745w\" sizes=\"(max-width: 665px) 100vw, 665px\" \/><\/a><\/p>\n<p>&nbsp;<\/p>\n<p><a href=\"https:\/\/www.printweb.de\/digitaldruck\/wp-content\/uploads\/2013\/06\/191-V.-rote-Punkte-3261-1.jpg\"><img decoding=\"async\" class=\"aligncenter size-thumbnail wp-image-8196\" alt=\"191-V. rote Punkte-3261--1\" src=\"https:\/\/www.printweb.de\/digitaldruck\/wp-content\/uploads\/2013\/06\/191-V.-rote-Punkte-3261-1-765x478.jpg\" width=\"683\" height=\"427\" srcset=\"https:\/\/www.printweb.de\/digitaldruck\/wp-content\/uploads\/2013\/06\/191-V.-rote-Punkte-3261-1-765x478.jpg 765w, https:\/\/www.printweb.de\/digitaldruck\/wp-content\/uploads\/2013\/06\/191-V.-rote-Punkte-3261-1-768x480.jpg 768w\" sizes=\"(max-width: 683px) 100vw, 683px\" \/><\/a><\/p>\n<p style=\"text-align: center;\"><em>Klick auf&#8217;s Bild f\u00fcr eine h\u00f6here Aufl\u00f6sung.<br \/>\n<\/em><\/p>\n<p style=\"margin-top: 15px; margin-bottom: -5px;\"><a href=\"http:\/\/www.facebook.com\/printweb.de\" target=\"_blank\" class=\"broken_link\"><img decoding=\"async\" title=\"Die Colour Connection auf Facebook\" alt=\"printweb.de auf Facebook\" src=\"https:\/\/www.printweb.de\/digitaldruck\/wp-content\/uploads\/fb-postlogo.png\" \/><\/a> <a href=\"http:\/\/www.twitter.com\/digitaldruck\" target=\"_blank\" class=\"broken_link\"><img decoding=\"async\" title=\"Die Colour Connection auf Twitter\" alt=\"printweb.de auf Twitter\" src=\"https:\/\/www.printweb.de\/digitaldruck\/wp-content\/uploads\/twitter-postlogo.png\" \/> <\/a><\/p>\n","protected":false},"excerpt":{"rendered":"Ausgesprochen elegant ist diese Visitenkarte f\u00fcr die Fotografin Catharina Hoepfner. Auf schwarzem Curious Skin Karton mit 380g haben &#8230; <br><br><a class=\"readmore\" href=\"https:\/\/www.printweb.de\/digitaldruck\/tres-chic-schwarze-visitenkarte-fuer-eine-fotografin\/8194\/\">mehr<\/a>","protected":false},"author":2,"featured_media":8195,"comment_status":"open","ping_status":"open","sticky":false,"template":"","format":"standard","meta":{"_acf_changed":false,"footnotes":""},"categories":[1,34,20,48,72,64],"tags":[],"class_list":["post-8194","post","type-post","status-publish","format-standard","has-post-thumbnail","hentry","category-alle-beitraege","category-papier-und-bedruckstoffe","category-produktion","category-haptik-highlights","category-sonderfarbe-weiss","category-visitenkarten"],"acf":[],"yoast_head":"<!-- This site is optimized with the Yoast SEO plugin v23.1 - https:\/\/yoast.com\/wordpress\/plugins\/seo\/ -->\n<title>Tr\u00e8s chic! Schwarze Visitenkarte f\u00fcr eine Fotografin | Was Print bewirken kann.<\/title>\n<meta name=\"robots\" content=\"index, follow, max-snippet:-1, max-image-preview:large, max-video-preview:-1\" \/>\n<link rel=\"canonical\" href=\"https:\/\/www.printweb.de\/digitaldruck\/tres-chic-schwarze-visitenkarte-fuer-eine-fotografin\/8194\/\" \/>\n<meta property=\"og:locale\" content=\"de_DE\" \/>\n<meta property=\"og:type\" content=\"article\" \/>\n<meta property=\"og:title\" content=\"Tr\u00e8s chic! Schwarze Visitenkarte f\u00fcr eine Fotografin | Was Print bewirken kann.\" \/>\n<meta property=\"og:description\" content=\"Ausgesprochen elegant ist diese Visitenkarte f\u00fcr die Fotografin Catharina Hoepfner. Auf schwarzem Curious Skin Karton mit 380g haben ... mehr\" \/>\n<meta property=\"og:url\" content=\"https:\/\/www.printweb.de\/digitaldruck\/tres-chic-schwarze-visitenkarte-fuer-eine-fotografin\/8194\/\" \/>\n<meta property=\"og:site_name\" content=\"Was Print bewirken kann.\" \/>\n<meta property=\"article:publisher\" content=\"https:\/\/www.facebook.com\/printweb.de\/\" \/>\n<meta property=\"article:published_time\" content=\"2013-06-12T06:24:34+00:00\" \/>\n<meta property=\"article:modified_time\" content=\"2017-03-30T07:21:30+00:00\" \/>\n<meta property=\"og:image\" content=\"https:\/\/www.printweb.de\/digitaldruck\/wp-content\/uploads\/2013\/06\/191-V.-rote-Punkte-3260-1.jpg\" \/>\n\t<meta property=\"og:image:width\" content=\"2362\" \/>\n\t<meta property=\"og:image:height\" content=\"1553\" \/>\n\t<meta property=\"og:image:type\" content=\"image\/jpeg\" \/>\n<meta name=\"author\" content=\"Ralph Hadem\" \/>\n<meta name=\"twitter:card\" content=\"summary_large_image\" \/>\n<meta name=\"twitter:creator\" content=\"@digitaldruck\" \/>\n<meta name=\"twitter:site\" content=\"@digitaldruck\" \/>\n<meta name=\"twitter:label1\" content=\"Verfasst von\" \/>\n\t<meta name=\"twitter:data1\" content=\"Ralph Hadem\" \/>\n\t<meta name=\"twitter:label2\" content=\"Gesch\u00e4tzte Lesezeit\" \/>\n\t<meta name=\"twitter:data2\" content=\"1 Minute\" \/>\n<script type=\"application\/ld+json\" class=\"yoast-schema-graph\">{\"@context\":\"https:\/\/schema.org\",\"@graph\":[{\"@type\":\"Article\",\"@id\":\"https:\/\/www.printweb.de\/digitaldruck\/tres-chic-schwarze-visitenkarte-fuer-eine-fotografin\/8194\/#article\",\"isPartOf\":{\"@id\":\"https:\/\/www.printweb.de\/digitaldruck\/tres-chic-schwarze-visitenkarte-fuer-eine-fotografin\/8194\/\"},\"author\":{\"name\":\"Ralph Hadem\",\"@id\":\"https:\/\/www.printweb.de\/digitaldruck\/#\/schema\/person\/0e0308818185589fb8602180e9273195\"},\"headline\":\"Tr\u00e8s chic! Schwarze Visitenkarte f\u00fcr ...\",\"datePublished\":\"2013-06-12T06:24:34+00:00\",\"dateModified\":\"2017-03-30T07:21:30+00:00\",\"mainEntityOfPage\":{\"@id\":\"https:\/\/www.printweb.de\/digitaldruck\/tres-chic-schwarze-visitenkarte-fuer-eine-fotografin\/8194\/\"},\"wordCount\":116,\"commentCount\":0,\"publisher\":{\"@id\":\"https:\/\/www.printweb.de\/digitaldruck\/#organization\"},\"image\":{\"@id\":\"https:\/\/www.printweb.de\/digitaldruck\/tres-chic-schwarze-visitenkarte-fuer-eine-fotografin\/8194\/#primaryimage\"},\"thumbnailUrl\":\"https:\/\/www.printweb.de\/digitaldruck\/wp-content\/uploads\/2013\/06\/191-V.-rote-Punkte-3260-1.jpg\",\"articleSection\":[\"Digitaldruck+Veredlung\",\"Papier &amp; Bedruckstoffe\",\"Produktion, Beratung\",\"Haptik-Highlights\",\"Sonderfarbe Wei\u00df\",\"Visitenkarten\"],\"inLanguage\":\"de-DE\",\"potentialAction\":[{\"@type\":\"CommentAction\",\"name\":\"Comment\",\"target\":[\"https:\/\/www.printweb.de\/digitaldruck\/tres-chic-schwarze-visitenkarte-fuer-eine-fotografin\/8194\/#respond\"]}]},{\"@type\":\"WebPage\",\"@id\":\"https:\/\/www.printweb.de\/digitaldruck\/tres-chic-schwarze-visitenkarte-fuer-eine-fotografin\/8194\/\",\"url\":\"https:\/\/www.printweb.de\/digitaldruck\/tres-chic-schwarze-visitenkarte-fuer-eine-fotografin\/8194\/\",\"name\":\"Tr\u00e8s chic! Schwarze Visitenkarte f\u00fcr eine Fotografin | Was Print bewirken kann.\",\"isPartOf\":{\"@id\":\"https:\/\/www.printweb.de\/digitaldruck\/#website\"},\"primaryImageOfPage\":{\"@id\":\"https:\/\/www.printweb.de\/digitaldruck\/tres-chic-schwarze-visitenkarte-fuer-eine-fotografin\/8194\/#primaryimage\"},\"image\":{\"@id\":\"https:\/\/www.printweb.de\/digitaldruck\/tres-chic-schwarze-visitenkarte-fuer-eine-fotografin\/8194\/#primaryimage\"},\"thumbnailUrl\":\"https:\/\/www.printweb.de\/digitaldruck\/wp-content\/uploads\/2013\/06\/191-V.-rote-Punkte-3260-1.jpg\",\"datePublished\":\"2013-06-12T06:24:34+00:00\",\"dateModified\":\"2017-03-30T07:21:30+00:00\",\"inLanguage\":\"de-DE\",\"potentialAction\":[{\"@type\":\"ReadAction\",\"target\":[\"https:\/\/www.printweb.de\/digitaldruck\/tres-chic-schwarze-visitenkarte-fuer-eine-fotografin\/8194\/\"]}]},{\"@type\":\"ImageObject\",\"inLanguage\":\"de-DE\",\"@id\":\"https:\/\/www.printweb.de\/digitaldruck\/tres-chic-schwarze-visitenkarte-fuer-eine-fotografin\/8194\/#primaryimage\",\"url\":\"https:\/\/www.printweb.de\/digitaldruck\/wp-content\/uploads\/2013\/06\/191-V.-rote-Punkte-3260-1.jpg\",\"contentUrl\":\"https:\/\/www.printweb.de\/digitaldruck\/wp-content\/uploads\/2013\/06\/191-V.-rote-Punkte-3260-1.jpg\",\"width\":2362,\"height\":1553},{\"@type\":\"WebSite\",\"@id\":\"https:\/\/www.printweb.de\/digitaldruck\/#website\",\"url\":\"https:\/\/www.printweb.de\/digitaldruck\/\",\"name\":\"Was Print bewirken kann.\",\"description\":\"Was Print bewirken kann \u2013 1700 Ideen.\",\"publisher\":{\"@id\":\"https:\/\/www.printweb.de\/digitaldruck\/#organization\"},\"potentialAction\":[{\"@type\":\"SearchAction\",\"target\":{\"@type\":\"EntryPoint\",\"urlTemplate\":\"https:\/\/www.printweb.de\/digitaldruck\/?s={search_term_string}\"},\"query-input\":\"required name=search_term_string\"}],\"inLanguage\":\"de-DE\"},{\"@type\":\"Organization\",\"@id\":\"https:\/\/www.printweb.de\/digitaldruck\/#organization\",\"name\":\"Colour Connection GmbH, printweb.de, Frankfurt am Main\",\"url\":\"https:\/\/www.printweb.de\/digitaldruck\/\",\"logo\":{\"@type\":\"ImageObject\",\"inLanguage\":\"de-DE\",\"@id\":\"https:\/\/www.printweb.de\/digitaldruck\/#\/schema\/logo\/image\/\",\"url\":\"https:\/\/www.printweb.de\/digitaldruck\/wp-content\/uploads\/2019\/11\/colour-connectio-printweb-logo.jpg\",\"contentUrl\":\"https:\/\/www.printweb.de\/digitaldruck\/wp-content\/uploads\/2019\/11\/colour-connectio-printweb-logo.jpg\",\"width\":1014,\"height\":229,\"caption\":\"Colour Connection GmbH, printweb.de, Frankfurt am Main\"},\"image\":{\"@id\":\"https:\/\/www.printweb.de\/digitaldruck\/#\/schema\/logo\/image\/\"},\"sameAs\":[\"https:\/\/www.facebook.com\/printweb.de\/\",\"https:\/\/x.com\/digitaldruck\",\"https:\/\/www.instagram.com\/printweb.de\/\",\"https:\/\/www.youtube.com\/user\/Digitaldruckerei\"]},{\"@type\":\"Person\",\"@id\":\"https:\/\/www.printweb.de\/digitaldruck\/#\/schema\/person\/0e0308818185589fb8602180e9273195\",\"name\":\"Ralph Hadem\",\"image\":{\"@type\":\"ImageObject\",\"inLanguage\":\"de-DE\",\"@id\":\"https:\/\/www.printweb.de\/digitaldruck\/#\/schema\/person\/image\/\",\"url\":\"https:\/\/secure.gravatar.com\/avatar\/386b1b183dce310c5ac8a8f475fdecd8?s=96&d=blank&r=g\",\"contentUrl\":\"https:\/\/secure.gravatar.com\/avatar\/386b1b183dce310c5ac8a8f475fdecd8?s=96&d=blank&r=g\",\"caption\":\"Ralph Hadem\"},\"sameAs\":[\"https:\/\/www.printweb.de\"],\"url\":\"https:\/\/www.printweb.de\/digitaldruck\/author\/ralphhadem\/\"}]}<\/script>\n<!-- \/ Yoast SEO plugin. -->","yoast_head_json":{"title":"Tr\u00e8s chic! Schwarze Visitenkarte f\u00fcr eine Fotografin | Was Print bewirken kann.","robots":{"index":"index","follow":"follow","max-snippet":"max-snippet:-1","max-image-preview":"max-image-preview:large","max-video-preview":"max-video-preview:-1"},"canonical":"https:\/\/www.printweb.de\/digitaldruck\/tres-chic-schwarze-visitenkarte-fuer-eine-fotografin\/8194\/","og_locale":"de_DE","og_type":"article","og_title":"Tr\u00e8s chic! Schwarze Visitenkarte f\u00fcr eine Fotografin | Was Print bewirken kann.","og_description":"Ausgesprochen elegant ist diese Visitenkarte f\u00fcr die Fotografin Catharina Hoepfner. Auf schwarzem Curious Skin Karton mit 380g haben ... mehr","og_url":"https:\/\/www.printweb.de\/digitaldruck\/tres-chic-schwarze-visitenkarte-fuer-eine-fotografin\/8194\/","og_site_name":"Was Print bewirken kann.","article_publisher":"https:\/\/www.facebook.com\/printweb.de\/","article_published_time":"2013-06-12T06:24:34+00:00","article_modified_time":"2017-03-30T07:21:30+00:00","og_image":[{"width":2362,"height":1553,"url":"https:\/\/www.printweb.de\/digitaldruck\/wp-content\/uploads\/2013\/06\/191-V.-rote-Punkte-3260-1.jpg","type":"image\/jpeg"}],"author":"Ralph Hadem","twitter_card":"summary_large_image","twitter_creator":"@digitaldruck","twitter_site":"@digitaldruck","twitter_misc":{"Verfasst von":"Ralph Hadem","Gesch\u00e4tzte Lesezeit":"1 Minute"},"schema":{"@context":"https:\/\/schema.org","@graph":[{"@type":"Article","@id":"https:\/\/www.printweb.de\/digitaldruck\/tres-chic-schwarze-visitenkarte-fuer-eine-fotografin\/8194\/#article","isPartOf":{"@id":"https:\/\/www.printweb.de\/digitaldruck\/tres-chic-schwarze-visitenkarte-fuer-eine-fotografin\/8194\/"},"author":{"name":"Ralph Hadem","@id":"https:\/\/www.printweb.de\/digitaldruck\/#\/schema\/person\/0e0308818185589fb8602180e9273195"},"headline":"Tr\u00e8s chic! Schwarze Visitenkarte f\u00fcr ...","datePublished":"2013-06-12T06:24:34+00:00","dateModified":"2017-03-30T07:21:30+00:00","mainEntityOfPage":{"@id":"https:\/\/www.printweb.de\/digitaldruck\/tres-chic-schwarze-visitenkarte-fuer-eine-fotografin\/8194\/"},"wordCount":116,"commentCount":0,"publisher":{"@id":"https:\/\/www.printweb.de\/digitaldruck\/#organization"},"image":{"@id":"https:\/\/www.printweb.de\/digitaldruck\/tres-chic-schwarze-visitenkarte-fuer-eine-fotografin\/8194\/#primaryimage"},"thumbnailUrl":"https:\/\/www.printweb.de\/digitaldruck\/wp-content\/uploads\/2013\/06\/191-V.-rote-Punkte-3260-1.jpg","articleSection":["Digitaldruck+Veredlung","Papier &amp; Bedruckstoffe","Produktion, Beratung","Haptik-Highlights","Sonderfarbe Wei\u00df","Visitenkarten"],"inLanguage":"de-DE","potentialAction":[{"@type":"CommentAction","name":"Comment","target":["https:\/\/www.printweb.de\/digitaldruck\/tres-chic-schwarze-visitenkarte-fuer-eine-fotografin\/8194\/#respond"]}]},{"@type":"WebPage","@id":"https:\/\/www.printweb.de\/digitaldruck\/tres-chic-schwarze-visitenkarte-fuer-eine-fotografin\/8194\/","url":"https:\/\/www.printweb.de\/digitaldruck\/tres-chic-schwarze-visitenkarte-fuer-eine-fotografin\/8194\/","name":"Tr\u00e8s chic! Schwarze Visitenkarte f\u00fcr eine Fotografin | Was Print bewirken kann.","isPartOf":{"@id":"https:\/\/www.printweb.de\/digitaldruck\/#website"},"primaryImageOfPage":{"@id":"https:\/\/www.printweb.de\/digitaldruck\/tres-chic-schwarze-visitenkarte-fuer-eine-fotografin\/8194\/#primaryimage"},"image":{"@id":"https:\/\/www.printweb.de\/digitaldruck\/tres-chic-schwarze-visitenkarte-fuer-eine-fotografin\/8194\/#primaryimage"},"thumbnailUrl":"https:\/\/www.printweb.de\/digitaldruck\/wp-content\/uploads\/2013\/06\/191-V.-rote-Punkte-3260-1.jpg","datePublished":"2013-06-12T06:24:34+00:00","dateModified":"2017-03-30T07:21:30+00:00","inLanguage":"de-DE","potentialAction":[{"@type":"ReadAction","target":["https:\/\/www.printweb.de\/digitaldruck\/tres-chic-schwarze-visitenkarte-fuer-eine-fotografin\/8194\/"]}]},{"@type":"ImageObject","inLanguage":"de-DE","@id":"https:\/\/www.printweb.de\/digitaldruck\/tres-chic-schwarze-visitenkarte-fuer-eine-fotografin\/8194\/#primaryimage","url":"https:\/\/www.printweb.de\/digitaldruck\/wp-content\/uploads\/2013\/06\/191-V.-rote-Punkte-3260-1.jpg","contentUrl":"https:\/\/www.printweb.de\/digitaldruck\/wp-content\/uploads\/2013\/06\/191-V.-rote-Punkte-3260-1.jpg","width":2362,"height":1553},{"@type":"WebSite","@id":"https:\/\/www.printweb.de\/digitaldruck\/#website","url":"https:\/\/www.printweb.de\/digitaldruck\/","name":"Was Print bewirken kann.","description":"Was Print bewirken kann \u2013 1700 Ideen.","publisher":{"@id":"https:\/\/www.printweb.de\/digitaldruck\/#organization"},"potentialAction":[{"@type":"SearchAction","target":{"@type":"EntryPoint","urlTemplate":"https:\/\/www.printweb.de\/digitaldruck\/?s={search_term_string}"},"query-input":"required name=search_term_string"}],"inLanguage":"de-DE"},{"@type":"Organization","@id":"https:\/\/www.printweb.de\/digitaldruck\/#organization","name":"Colour Connection GmbH, printweb.de, Frankfurt am Main","url":"https:\/\/www.printweb.de\/digitaldruck\/","logo":{"@type":"ImageObject","inLanguage":"de-DE","@id":"https:\/\/www.printweb.de\/digitaldruck\/#\/schema\/logo\/image\/","url":"https:\/\/www.printweb.de\/digitaldruck\/wp-content\/uploads\/2019\/11\/colour-connectio-printweb-logo.jpg","contentUrl":"https:\/\/www.printweb.de\/digitaldruck\/wp-content\/uploads\/2019\/11\/colour-connectio-printweb-logo.jpg","width":1014,"height":229,"caption":"Colour Connection GmbH, printweb.de, Frankfurt am Main"},"image":{"@id":"https:\/\/www.printweb.de\/digitaldruck\/#\/schema\/logo\/image\/"},"sameAs":["https:\/\/www.facebook.com\/printweb.de\/","https:\/\/x.com\/digitaldruck","https:\/\/www.instagram.com\/printweb.de\/","https:\/\/www.youtube.com\/user\/Digitaldruckerei"]},{"@type":"Person","@id":"https:\/\/www.printweb.de\/digitaldruck\/#\/schema\/person\/0e0308818185589fb8602180e9273195","name":"Ralph Hadem","image":{"@type":"ImageObject","inLanguage":"de-DE","@id":"https:\/\/www.printweb.de\/digitaldruck\/#\/schema\/person\/image\/","url":"https:\/\/secure.gravatar.com\/avatar\/386b1b183dce310c5ac8a8f475fdecd8?s=96&d=blank&r=g","contentUrl":"https:\/\/secure.gravatar.com\/avatar\/386b1b183dce310c5ac8a8f475fdecd8?s=96&d=blank&r=g","caption":"Ralph Hadem"},"sameAs":["https:\/\/www.printweb.de"],"url":"https:\/\/www.printweb.de\/digitaldruck\/author\/ralphhadem\/"}]}},"_links":{"self":[{"href":"https:\/\/www.printweb.de\/digitaldruck\/wp-json\/wp\/v2\/posts\/8194"}],"collection":[{"href":"https:\/\/www.printweb.de\/digitaldruck\/wp-json\/wp\/v2\/posts"}],"about":[{"href":"https:\/\/www.printweb.de\/digitaldruck\/wp-json\/wp\/v2\/types\/post"}],"author":[{"embeddable":true,"href":"https:\/\/www.printweb.de\/digitaldruck\/wp-json\/wp\/v2\/users\/2"}],"replies":[{"embeddable":true,"href":"https:\/\/www.printweb.de\/digitaldruck\/wp-json\/wp\/v2\/comments?post=8194"}],"version-history":[{"count":6,"href":"https:\/\/www.printweb.de\/digitaldruck\/wp-json\/wp\/v2\/posts\/8194\/revisions"}],"predecessor-version":[{"id":13520,"href":"https:\/\/www.printweb.de\/digitaldruck\/wp-json\/wp\/v2\/posts\/8194\/revisions\/13520"}],"wp:featuredmedia":[{"embeddable":true,"href":"https:\/\/www.printweb.de\/digitaldruck\/wp-json\/wp\/v2\/media\/8195"}],"wp:attachment":[{"href":"https:\/\/www.printweb.de\/digitaldruck\/wp-json\/wp\/v2\/media?parent=8194"}],"wp:term":[{"taxonomy":"category","embeddable":true,"href":"https:\/\/www.printweb.de\/digitaldruck\/wp-json\/wp\/v2\/categories?post=8194"},{"taxonomy":"post_tag","embeddable":true,"href":"https:\/\/www.printweb.de\/digitaldruck\/wp-json\/wp\/v2\/tags?post=8194"}],"curies":[{"name":"wp","href":"https:\/\/api.w.org\/{rel}","templated":true}]}}