{"id":8324,"date":"2013-07-03T10:31:24","date_gmt":"2013-07-03T08:31:24","guid":{"rendered":"https:\/\/www.printweb.de\/digitaldruck\/?p=8324"},"modified":"2013-07-03T17:54:55","modified_gmt":"2013-07-03T15:54:55","slug":"vistenkarten-fuer-fernsehkoch-frank-oehler-schwarz-und-cool","status":"publish","type":"post","link":"https:\/\/www.printweb.de\/digitaldruck\/vistenkarten-fuer-fernsehkoch-frank-oehler-schwarz-und-cool\/8324\/","title":{"rendered":"Visitenkarten f\u00fcr Fernsehkoch Frank ..."},"content":{"rendered":"<p>Gerade bekomme ich Fotos, die unseren Lackschwarz-Effekt auf dem mattschwarzen Karton sehr sch\u00f6n zeigen. Dieser Glanz ist nicht eben mal einfach mit einem Schnappschuss einzufangen. EIn Lob der Fotografin ;-). Das <a href=\"http:\/\/www.i-dbuero.de\/de\/12\/Willkommen.html\" target=\"_blank\" class=\"broken_link\">id buero in Stuttgart<\/a> hat f\u00fcr die ebenfalls in Stuttgart ans\u00e4ssige <a href=\"http:\/\/www.speisemeisterei.de\/\" target=\"_blank\">Speisemeisterei<\/a> von Fernsehkoch Frank Oehler diese coolen Karten bei uns produziert. Karton: Curious Skin, 380g, mattschwarz. Druck: Digitaler Siebdruck, 2\/2-farbig, reliefweiss und lackschwarz.<\/p>\n<p>&nbsp;<\/p>\n<p><a href=\"https:\/\/www.printweb.de\/digitaldruck\/wp-content\/uploads\/2013\/07\/205-V.schwarz-3474-1.jpg\"><img decoding=\"async\" class=\"aligncenter size-thumbnail wp-image-8326\" alt=\"205-V.schwarz-3474--1\" src=\"https:\/\/www.printweb.de\/digitaldruck\/wp-content\/uploads\/2013\/07\/205-V.schwarz-3474-1-765x529.jpg\" width=\"632\" height=\"437\" srcset=\"https:\/\/www.printweb.de\/digitaldruck\/wp-content\/uploads\/2013\/07\/205-V.schwarz-3474-1-765x529.jpg 765w, https:\/\/www.printweb.de\/digitaldruck\/wp-content\/uploads\/2013\/07\/205-V.schwarz-3474-1-768x531.jpg 768w, https:\/\/www.printweb.de\/digitaldruck\/wp-content\/uploads\/2013\/07\/205-V.schwarz-3474-1-709x490.jpg 709w\" sizes=\"(max-width: 632px) 100vw, 632px\" \/><\/a><\/p>\n<p>&nbsp;<\/p>\n<p><a href=\"https:\/\/www.printweb.de\/digitaldruck\/wp-content\/uploads\/2013\/07\/205-V.schwarz-3488-1.jpg\"><img decoding=\"async\" class=\"aligncenter size-thumbnail wp-image-8325\" alt=\"205-V.schwarz-3488--1\" src=\"https:\/\/www.printweb.de\/digitaldruck\/wp-content\/uploads\/2013\/07\/205-V.schwarz-3488-1-765x527.jpg\" width=\"634\" height=\"437\" srcset=\"https:\/\/www.printweb.de\/digitaldruck\/wp-content\/uploads\/2013\/07\/205-V.schwarz-3488-1-765x527.jpg 765w, https:\/\/www.printweb.de\/digitaldruck\/wp-content\/uploads\/2013\/07\/205-V.schwarz-3488-1-768x529.jpg 768w, https:\/\/www.printweb.de\/digitaldruck\/wp-content\/uploads\/2013\/07\/205-V.schwarz-3488-1-711x490.jpg 711w\" sizes=\"(max-width: 634px) 100vw, 634px\" \/><\/a><\/p>\n<p>&nbsp;<\/p>\n<p><a href=\"https:\/\/www.printweb.de\/digitaldruck\/wp-content\/uploads\/2013\/07\/205-V.schwarz-3496-1.jpg\"><img decoding=\"async\" class=\"aligncenter size-thumbnail wp-image-8327\" alt=\"205-V.schwarz-3496--1\" src=\"https:\/\/www.printweb.de\/digitaldruck\/wp-content\/uploads\/2013\/07\/205-V.schwarz-3496-1-765x515.jpg\" width=\"649\" height=\"437\" srcset=\"https:\/\/www.printweb.de\/digitaldruck\/wp-content\/uploads\/2013\/07\/205-V.schwarz-3496-1-765x515.jpg 765w, https:\/\/www.printweb.de\/digitaldruck\/wp-content\/uploads\/2013\/07\/205-V.schwarz-3496-1-768x517.jpg 768w, https:\/\/www.printweb.de\/digitaldruck\/wp-content\/uploads\/2013\/07\/205-V.schwarz-3496-1-728x490.jpg 728w\" sizes=\"(max-width: 649px) 100vw, 649px\" \/><\/a><\/p>\n<p style=\"text-align: center;\"><em>Klick auf&#8217;s Bild f\u00fcr eine h\u00f6here Aufl\u00f6sung.<br \/>\n<\/em><\/p>\n<p style=\"margin-top: 15px; margin-bottom: -5px;\"><a href=\"http:\/\/www.facebook.com\/printweb.de\" target=\"_blank\" class=\"broken_link\"><img decoding=\"async\" title=\"Die Colour Connection auf Facebook\" alt=\"printweb.de auf Facebook\" src=\"https:\/\/www.printweb.de\/digitaldruck\/wp-content\/uploads\/fb-postlogo.png\" \/><\/a> <a href=\"http:\/\/www.twitter.com\/digitaldruck\" target=\"_blank\" class=\"broken_link\"><img decoding=\"async\" title=\"Die Colour Connection auf Twitter\" alt=\"printweb.de auf Twitter\" src=\"https:\/\/www.printweb.de\/digitaldruck\/wp-content\/uploads\/twitter-postlogo.png\" \/><\/a><\/p>\n","protected":false},"excerpt":{"rendered":"Gerade bekomme ich Fotos, die unseren Lackschwarz-Effekt auf dem mattschwarzen Karton sehr sch\u00f6n zeigen. Dieser Glanz ist nicht &#8230; <br><br><a class=\"readmore\" href=\"https:\/\/www.printweb.de\/digitaldruck\/vistenkarten-fuer-fernsehkoch-frank-oehler-schwarz-und-cool\/8324\/\">mehr<\/a>","protected":false},"author":2,"featured_media":8326,"comment_status":"open","ping_status":"open","sticky":false,"template":"","format":"standard","meta":{"_acf_changed":false,"footnotes":""},"categories":[1,34,48,54,64],"tags":[],"class_list":["post-8324","post","type-post","status-publish","format-standard","has-post-thumbnail","hentry","category-alle-beitraege","category-papier-und-bedruckstoffe","category-haptik-highlights","category-digitaler-siebdruck","category-visitenkarten"],"acf":[],"yoast_head":"<!-- This site is optimized with the Yoast SEO plugin v23.1 - https:\/\/yoast.com\/wordpress\/plugins\/seo\/ -->\n<title>Visitenkarten f\u00fcr Fernsehkoch Frank Oehler: Schwarz und cool. | Was Print bewirken kann.<\/title>\n<meta name=\"robots\" content=\"index, follow, max-snippet:-1, max-image-preview:large, max-video-preview:-1\" \/>\n<link rel=\"canonical\" href=\"https:\/\/www.printweb.de\/digitaldruck\/vistenkarten-fuer-fernsehkoch-frank-oehler-schwarz-und-cool\/8324\/\" \/>\n<meta property=\"og:locale\" content=\"de_DE\" \/>\n<meta property=\"og:type\" content=\"article\" \/>\n<meta property=\"og:title\" content=\"Visitenkarten f\u00fcr Fernsehkoch Frank Oehler: Schwarz und cool. | Was Print bewirken kann.\" \/>\n<meta property=\"og:description\" content=\"Gerade bekomme ich Fotos, die unseren Lackschwarz-Effekt auf dem mattschwarzen Karton sehr sch\u00f6n zeigen. Dieser Glanz ist nicht ... mehr\" \/>\n<meta property=\"og:url\" content=\"https:\/\/www.printweb.de\/digitaldruck\/vistenkarten-fuer-fernsehkoch-frank-oehler-schwarz-und-cool\/8324\/\" \/>\n<meta property=\"og:site_name\" content=\"Was Print bewirken kann.\" \/>\n<meta property=\"article:publisher\" content=\"https:\/\/www.facebook.com\/printweb.de\/\" \/>\n<meta property=\"article:published_time\" content=\"2013-07-03T08:31:24+00:00\" \/>\n<meta property=\"article:modified_time\" content=\"2013-07-03T15:54:55+00:00\" \/>\n<meta property=\"og:image\" content=\"https:\/\/www.printweb.de\/digitaldruck\/wp-content\/uploads\/2013\/07\/205-V.schwarz-3474-1.jpg\" \/>\n\t<meta property=\"og:image:width\" content=\"2362\" \/>\n\t<meta property=\"og:image:height\" content=\"1632\" \/>\n\t<meta property=\"og:image:type\" content=\"image\/jpeg\" \/>\n<meta name=\"author\" content=\"Ralph Hadem\" \/>\n<meta name=\"twitter:card\" content=\"summary_large_image\" \/>\n<meta name=\"twitter:creator\" content=\"@digitaldruck\" \/>\n<meta name=\"twitter:site\" content=\"@digitaldruck\" \/>\n<meta name=\"twitter:label1\" content=\"Verfasst von\" \/>\n\t<meta name=\"twitter:data1\" content=\"Ralph Hadem\" \/>\n<script type=\"application\/ld+json\" class=\"yoast-schema-graph\">{\"@context\":\"https:\/\/schema.org\",\"@graph\":[{\"@type\":\"Article\",\"@id\":\"https:\/\/www.printweb.de\/digitaldruck\/vistenkarten-fuer-fernsehkoch-frank-oehler-schwarz-und-cool\/8324\/#article\",\"isPartOf\":{\"@id\":\"https:\/\/www.printweb.de\/digitaldruck\/vistenkarten-fuer-fernsehkoch-frank-oehler-schwarz-und-cool\/8324\/\"},\"author\":{\"name\":\"Ralph Hadem\",\"@id\":\"https:\/\/www.printweb.de\/digitaldruck\/#\/schema\/person\/0e0308818185589fb8602180e9273195\"},\"headline\":\"Visitenkarten f\u00fcr Fernsehkoch Frank ...\",\"datePublished\":\"2013-07-03T08:31:24+00:00\",\"dateModified\":\"2013-07-03T15:54:55+00:00\",\"mainEntityOfPage\":{\"@id\":\"https:\/\/www.printweb.de\/digitaldruck\/vistenkarten-fuer-fernsehkoch-frank-oehler-schwarz-und-cool\/8324\/\"},\"wordCount\":91,\"commentCount\":0,\"publisher\":{\"@id\":\"https:\/\/www.printweb.de\/digitaldruck\/#organization\"},\"image\":{\"@id\":\"https:\/\/www.printweb.de\/digitaldruck\/vistenkarten-fuer-fernsehkoch-frank-oehler-schwarz-und-cool\/8324\/#primaryimage\"},\"thumbnailUrl\":\"https:\/\/www.printweb.de\/digitaldruck\/wp-content\/uploads\/2013\/07\/205-V.schwarz-3474-1.jpg\",\"articleSection\":[\"Digitaldruck+Veredlung\",\"Papier &amp; Bedruckstoffe\",\"Haptik-Highlights\",\"Digitaler Siebdruck\",\"Visitenkarten\"],\"inLanguage\":\"de-DE\",\"potentialAction\":[{\"@type\":\"CommentAction\",\"name\":\"Comment\",\"target\":[\"https:\/\/www.printweb.de\/digitaldruck\/vistenkarten-fuer-fernsehkoch-frank-oehler-schwarz-und-cool\/8324\/#respond\"]}]},{\"@type\":\"WebPage\",\"@id\":\"https:\/\/www.printweb.de\/digitaldruck\/vistenkarten-fuer-fernsehkoch-frank-oehler-schwarz-und-cool\/8324\/\",\"url\":\"https:\/\/www.printweb.de\/digitaldruck\/vistenkarten-fuer-fernsehkoch-frank-oehler-schwarz-und-cool\/8324\/\",\"name\":\"Visitenkarten f\u00fcr Fernsehkoch Frank Oehler: Schwarz und cool. | Was Print bewirken kann.\",\"isPartOf\":{\"@id\":\"https:\/\/www.printweb.de\/digitaldruck\/#website\"},\"primaryImageOfPage\":{\"@id\":\"https:\/\/www.printweb.de\/digitaldruck\/vistenkarten-fuer-fernsehkoch-frank-oehler-schwarz-und-cool\/8324\/#primaryimage\"},\"image\":{\"@id\":\"https:\/\/www.printweb.de\/digitaldruck\/vistenkarten-fuer-fernsehkoch-frank-oehler-schwarz-und-cool\/8324\/#primaryimage\"},\"thumbnailUrl\":\"https:\/\/www.printweb.de\/digitaldruck\/wp-content\/uploads\/2013\/07\/205-V.schwarz-3474-1.jpg\",\"datePublished\":\"2013-07-03T08:31:24+00:00\",\"dateModified\":\"2013-07-03T15:54:55+00:00\",\"inLanguage\":\"de-DE\",\"potentialAction\":[{\"@type\":\"ReadAction\",\"target\":[\"https:\/\/www.printweb.de\/digitaldruck\/vistenkarten-fuer-fernsehkoch-frank-oehler-schwarz-und-cool\/8324\/\"]}]},{\"@type\":\"ImageObject\",\"inLanguage\":\"de-DE\",\"@id\":\"https:\/\/www.printweb.de\/digitaldruck\/vistenkarten-fuer-fernsehkoch-frank-oehler-schwarz-und-cool\/8324\/#primaryimage\",\"url\":\"https:\/\/www.printweb.de\/digitaldruck\/wp-content\/uploads\/2013\/07\/205-V.schwarz-3474-1.jpg\",\"contentUrl\":\"https:\/\/www.printweb.de\/digitaldruck\/wp-content\/uploads\/2013\/07\/205-V.schwarz-3474-1.jpg\",\"width\":2362,\"height\":1632},{\"@type\":\"WebSite\",\"@id\":\"https:\/\/www.printweb.de\/digitaldruck\/#website\",\"url\":\"https:\/\/www.printweb.de\/digitaldruck\/\",\"name\":\"Was Print bewirken kann.\",\"description\":\"Was Print bewirken kann \u2013 1700 Ideen.\",\"publisher\":{\"@id\":\"https:\/\/www.printweb.de\/digitaldruck\/#organization\"},\"potentialAction\":[{\"@type\":\"SearchAction\",\"target\":{\"@type\":\"EntryPoint\",\"urlTemplate\":\"https:\/\/www.printweb.de\/digitaldruck\/?s={search_term_string}\"},\"query-input\":\"required name=search_term_string\"}],\"inLanguage\":\"de-DE\"},{\"@type\":\"Organization\",\"@id\":\"https:\/\/www.printweb.de\/digitaldruck\/#organization\",\"name\":\"Colour Connection GmbH, printweb.de, Frankfurt am Main\",\"url\":\"https:\/\/www.printweb.de\/digitaldruck\/\",\"logo\":{\"@type\":\"ImageObject\",\"inLanguage\":\"de-DE\",\"@id\":\"https:\/\/www.printweb.de\/digitaldruck\/#\/schema\/logo\/image\/\",\"url\":\"https:\/\/www.printweb.de\/digitaldruck\/wp-content\/uploads\/2019\/11\/colour-connectio-printweb-logo.jpg\",\"contentUrl\":\"https:\/\/www.printweb.de\/digitaldruck\/wp-content\/uploads\/2019\/11\/colour-connectio-printweb-logo.jpg\",\"width\":1014,\"height\":229,\"caption\":\"Colour Connection GmbH, printweb.de, Frankfurt am Main\"},\"image\":{\"@id\":\"https:\/\/www.printweb.de\/digitaldruck\/#\/schema\/logo\/image\/\"},\"sameAs\":[\"https:\/\/www.facebook.com\/printweb.de\/\",\"https:\/\/x.com\/digitaldruck\",\"https:\/\/www.instagram.com\/printweb.de\/\",\"https:\/\/www.youtube.com\/user\/Digitaldruckerei\"]},{\"@type\":\"Person\",\"@id\":\"https:\/\/www.printweb.de\/digitaldruck\/#\/schema\/person\/0e0308818185589fb8602180e9273195\",\"name\":\"Ralph Hadem\",\"image\":{\"@type\":\"ImageObject\",\"inLanguage\":\"de-DE\",\"@id\":\"https:\/\/www.printweb.de\/digitaldruck\/#\/schema\/person\/image\/\",\"url\":\"https:\/\/secure.gravatar.com\/avatar\/386b1b183dce310c5ac8a8f475fdecd8?s=96&d=blank&r=g\",\"contentUrl\":\"https:\/\/secure.gravatar.com\/avatar\/386b1b183dce310c5ac8a8f475fdecd8?s=96&d=blank&r=g\",\"caption\":\"Ralph Hadem\"},\"sameAs\":[\"https:\/\/www.printweb.de\"],\"url\":\"https:\/\/www.printweb.de\/digitaldruck\/author\/ralphhadem\/\"}]}<\/script>\n<!-- \/ Yoast SEO plugin. -->","yoast_head_json":{"title":"Visitenkarten f\u00fcr Fernsehkoch Frank Oehler: Schwarz und cool. | Was Print bewirken kann.","robots":{"index":"index","follow":"follow","max-snippet":"max-snippet:-1","max-image-preview":"max-image-preview:large","max-video-preview":"max-video-preview:-1"},"canonical":"https:\/\/www.printweb.de\/digitaldruck\/vistenkarten-fuer-fernsehkoch-frank-oehler-schwarz-und-cool\/8324\/","og_locale":"de_DE","og_type":"article","og_title":"Visitenkarten f\u00fcr Fernsehkoch Frank Oehler: Schwarz und cool. | Was Print bewirken kann.","og_description":"Gerade bekomme ich Fotos, die unseren Lackschwarz-Effekt auf dem mattschwarzen Karton sehr sch\u00f6n zeigen. Dieser Glanz ist nicht ... mehr","og_url":"https:\/\/www.printweb.de\/digitaldruck\/vistenkarten-fuer-fernsehkoch-frank-oehler-schwarz-und-cool\/8324\/","og_site_name":"Was Print bewirken kann.","article_publisher":"https:\/\/www.facebook.com\/printweb.de\/","article_published_time":"2013-07-03T08:31:24+00:00","article_modified_time":"2013-07-03T15:54:55+00:00","og_image":[{"width":2362,"height":1632,"url":"https:\/\/www.printweb.de\/digitaldruck\/wp-content\/uploads\/2013\/07\/205-V.schwarz-3474-1.jpg","type":"image\/jpeg"}],"author":"Ralph Hadem","twitter_card":"summary_large_image","twitter_creator":"@digitaldruck","twitter_site":"@digitaldruck","twitter_misc":{"Verfasst von":"Ralph Hadem"},"schema":{"@context":"https:\/\/schema.org","@graph":[{"@type":"Article","@id":"https:\/\/www.printweb.de\/digitaldruck\/vistenkarten-fuer-fernsehkoch-frank-oehler-schwarz-und-cool\/8324\/#article","isPartOf":{"@id":"https:\/\/www.printweb.de\/digitaldruck\/vistenkarten-fuer-fernsehkoch-frank-oehler-schwarz-und-cool\/8324\/"},"author":{"name":"Ralph Hadem","@id":"https:\/\/www.printweb.de\/digitaldruck\/#\/schema\/person\/0e0308818185589fb8602180e9273195"},"headline":"Visitenkarten f\u00fcr Fernsehkoch Frank ...","datePublished":"2013-07-03T08:31:24+00:00","dateModified":"2013-07-03T15:54:55+00:00","mainEntityOfPage":{"@id":"https:\/\/www.printweb.de\/digitaldruck\/vistenkarten-fuer-fernsehkoch-frank-oehler-schwarz-und-cool\/8324\/"},"wordCount":91,"commentCount":0,"publisher":{"@id":"https:\/\/www.printweb.de\/digitaldruck\/#organization"},"image":{"@id":"https:\/\/www.printweb.de\/digitaldruck\/vistenkarten-fuer-fernsehkoch-frank-oehler-schwarz-und-cool\/8324\/#primaryimage"},"thumbnailUrl":"https:\/\/www.printweb.de\/digitaldruck\/wp-content\/uploads\/2013\/07\/205-V.schwarz-3474-1.jpg","articleSection":["Digitaldruck+Veredlung","Papier &amp; Bedruckstoffe","Haptik-Highlights","Digitaler Siebdruck","Visitenkarten"],"inLanguage":"de-DE","potentialAction":[{"@type":"CommentAction","name":"Comment","target":["https:\/\/www.printweb.de\/digitaldruck\/vistenkarten-fuer-fernsehkoch-frank-oehler-schwarz-und-cool\/8324\/#respond"]}]},{"@type":"WebPage","@id":"https:\/\/www.printweb.de\/digitaldruck\/vistenkarten-fuer-fernsehkoch-frank-oehler-schwarz-und-cool\/8324\/","url":"https:\/\/www.printweb.de\/digitaldruck\/vistenkarten-fuer-fernsehkoch-frank-oehler-schwarz-und-cool\/8324\/","name":"Visitenkarten f\u00fcr Fernsehkoch Frank Oehler: Schwarz und cool. | Was Print bewirken kann.","isPartOf":{"@id":"https:\/\/www.printweb.de\/digitaldruck\/#website"},"primaryImageOfPage":{"@id":"https:\/\/www.printweb.de\/digitaldruck\/vistenkarten-fuer-fernsehkoch-frank-oehler-schwarz-und-cool\/8324\/#primaryimage"},"image":{"@id":"https:\/\/www.printweb.de\/digitaldruck\/vistenkarten-fuer-fernsehkoch-frank-oehler-schwarz-und-cool\/8324\/#primaryimage"},"thumbnailUrl":"https:\/\/www.printweb.de\/digitaldruck\/wp-content\/uploads\/2013\/07\/205-V.schwarz-3474-1.jpg","datePublished":"2013-07-03T08:31:24+00:00","dateModified":"2013-07-03T15:54:55+00:00","inLanguage":"de-DE","potentialAction":[{"@type":"ReadAction","target":["https:\/\/www.printweb.de\/digitaldruck\/vistenkarten-fuer-fernsehkoch-frank-oehler-schwarz-und-cool\/8324\/"]}]},{"@type":"ImageObject","inLanguage":"de-DE","@id":"https:\/\/www.printweb.de\/digitaldruck\/vistenkarten-fuer-fernsehkoch-frank-oehler-schwarz-und-cool\/8324\/#primaryimage","url":"https:\/\/www.printweb.de\/digitaldruck\/wp-content\/uploads\/2013\/07\/205-V.schwarz-3474-1.jpg","contentUrl":"https:\/\/www.printweb.de\/digitaldruck\/wp-content\/uploads\/2013\/07\/205-V.schwarz-3474-1.jpg","width":2362,"height":1632},{"@type":"WebSite","@id":"https:\/\/www.printweb.de\/digitaldruck\/#website","url":"https:\/\/www.printweb.de\/digitaldruck\/","name":"Was Print bewirken kann.","description":"Was Print bewirken kann \u2013 1700 Ideen.","publisher":{"@id":"https:\/\/www.printweb.de\/digitaldruck\/#organization"},"potentialAction":[{"@type":"SearchAction","target":{"@type":"EntryPoint","urlTemplate":"https:\/\/www.printweb.de\/digitaldruck\/?s={search_term_string}"},"query-input":"required name=search_term_string"}],"inLanguage":"de-DE"},{"@type":"Organization","@id":"https:\/\/www.printweb.de\/digitaldruck\/#organization","name":"Colour Connection GmbH, printweb.de, Frankfurt am Main","url":"https:\/\/www.printweb.de\/digitaldruck\/","logo":{"@type":"ImageObject","inLanguage":"de-DE","@id":"https:\/\/www.printweb.de\/digitaldruck\/#\/schema\/logo\/image\/","url":"https:\/\/www.printweb.de\/digitaldruck\/wp-content\/uploads\/2019\/11\/colour-connectio-printweb-logo.jpg","contentUrl":"https:\/\/www.printweb.de\/digitaldruck\/wp-content\/uploads\/2019\/11\/colour-connectio-printweb-logo.jpg","width":1014,"height":229,"caption":"Colour Connection GmbH, printweb.de, Frankfurt am Main"},"image":{"@id":"https:\/\/www.printweb.de\/digitaldruck\/#\/schema\/logo\/image\/"},"sameAs":["https:\/\/www.facebook.com\/printweb.de\/","https:\/\/x.com\/digitaldruck","https:\/\/www.instagram.com\/printweb.de\/","https:\/\/www.youtube.com\/user\/Digitaldruckerei"]},{"@type":"Person","@id":"https:\/\/www.printweb.de\/digitaldruck\/#\/schema\/person\/0e0308818185589fb8602180e9273195","name":"Ralph Hadem","image":{"@type":"ImageObject","inLanguage":"de-DE","@id":"https:\/\/www.printweb.de\/digitaldruck\/#\/schema\/person\/image\/","url":"https:\/\/secure.gravatar.com\/avatar\/386b1b183dce310c5ac8a8f475fdecd8?s=96&d=blank&r=g","contentUrl":"https:\/\/secure.gravatar.com\/avatar\/386b1b183dce310c5ac8a8f475fdecd8?s=96&d=blank&r=g","caption":"Ralph Hadem"},"sameAs":["https:\/\/www.printweb.de"],"url":"https:\/\/www.printweb.de\/digitaldruck\/author\/ralphhadem\/"}]}},"_links":{"self":[{"href":"https:\/\/www.printweb.de\/digitaldruck\/wp-json\/wp\/v2\/posts\/8324"}],"collection":[{"href":"https:\/\/www.printweb.de\/digitaldruck\/wp-json\/wp\/v2\/posts"}],"about":[{"href":"https:\/\/www.printweb.de\/digitaldruck\/wp-json\/wp\/v2\/types\/post"}],"author":[{"embeddable":true,"href":"https:\/\/www.printweb.de\/digitaldruck\/wp-json\/wp\/v2\/users\/2"}],"replies":[{"embeddable":true,"href":"https:\/\/www.printweb.de\/digitaldruck\/wp-json\/wp\/v2\/comments?post=8324"}],"version-history":[{"count":6,"href":"https:\/\/www.printweb.de\/digitaldruck\/wp-json\/wp\/v2\/posts\/8324\/revisions"}],"predecessor-version":[{"id":8332,"href":"https:\/\/www.printweb.de\/digitaldruck\/wp-json\/wp\/v2\/posts\/8324\/revisions\/8332"}],"wp:featuredmedia":[{"embeddable":true,"href":"https:\/\/www.printweb.de\/digitaldruck\/wp-json\/wp\/v2\/media\/8326"}],"wp:attachment":[{"href":"https:\/\/www.printweb.de\/digitaldruck\/wp-json\/wp\/v2\/media?parent=8324"}],"wp:term":[{"taxonomy":"category","embeddable":true,"href":"https:\/\/www.printweb.de\/digitaldruck\/wp-json\/wp\/v2\/categories?post=8324"},{"taxonomy":"post_tag","embeddable":true,"href":"https:\/\/www.printweb.de\/digitaldruck\/wp-json\/wp\/v2\/tags?post=8324"}],"curies":[{"name":"wp","href":"https:\/\/api.w.org\/{rel}","templated":true}]}}