{"id":8505,"date":"2013-07-29T10:03:25","date_gmt":"2013-07-29T08:03:25","guid":{"rendered":"https:\/\/www.printweb.de\/digitaldruck\/?p=8505"},"modified":"2016-03-04T11:44:29","modified_gmt":"2016-03-04T10:44:29","slug":"design-mit-outdoor-eignung","status":"publish","type":"post","link":"https:\/\/www.printweb.de\/digitaldruck\/design-mit-outdoor-eignung\/8505\/","title":{"rendered":"Design mit Outdoor-Eignung &#8230;"},"content":{"rendered":"<p>Die Frankfurter Designagentur <a href=\"http:\/\/www.3karat.de\" target=\"_blank\">3Karat<\/a> (nicht weit von uns, ebenfalls auf der Hanauer Landstra\u00dfe) hat in eigener Sache diese au\u00dfergew\u00f6hnlichen Visitenkarten aus 1,2 mm starkem Kunststoff produzieren lassen. Das Material nennt sich Priplak und ist in einer Vielzahl von Farben, Ausf\u00fchrungen und St\u00e4rken lieferbar. In diesem Fall erfolgte der Druck 5\/0-farbig inkl. deckendem Wei\u00df im digitalen Siebdruck. Material und Druck sind, wie unten zu sehen, outdoorf\u00e4hig und nehmen weder Regeng\u00fcsse noch Schwimmbadbesuche \u00fcbel ;-).<\/p>\n<p>&nbsp;<\/p>\n<p><a href=\"https:\/\/www.printweb.de\/digitaldruck\/wp-content\/uploads\/2013\/07\/221-V.Kunststoff-1655-1.jpg\"><img decoding=\"async\" class=\"aligncenter size-thumbnail wp-image-8506\" alt=\"221-V.Kunststoff-1655--1\" src=\"https:\/\/www.printweb.de\/digitaldruck\/wp-content\/uploads\/2013\/07\/221-V.Kunststoff-1655-1-765x556.jpg\" width=\"601\" height=\"437\" srcset=\"https:\/\/www.printweb.de\/digitaldruck\/wp-content\/uploads\/2013\/07\/221-V.Kunststoff-1655-1-765x556.jpg 765w, https:\/\/www.printweb.de\/digitaldruck\/wp-content\/uploads\/2013\/07\/221-V.Kunststoff-1655-1-768x558.jpg 768w, https:\/\/www.printweb.de\/digitaldruck\/wp-content\/uploads\/2013\/07\/221-V.Kunststoff-1655-1-674x490.jpg 674w\" sizes=\"(max-width: 601px) 100vw, 601px\" \/><\/a><\/p>\n<p>&nbsp;<\/p>\n<p><a href=\"https:\/\/www.printweb.de\/digitaldruck\/wp-content\/uploads\/2013\/07\/221-V.Kunststoff-1649-1.jpg\"><img decoding=\"async\" class=\"aligncenter size-thumbnail wp-image-8507\" alt=\"221-V.Kunststoff-1649--1\" src=\"https:\/\/www.printweb.de\/digitaldruck\/wp-content\/uploads\/2013\/07\/221-V.Kunststoff-1649-1-765x560.jpg\" width=\"597\" height=\"437\" srcset=\"https:\/\/www.printweb.de\/digitaldruck\/wp-content\/uploads\/2013\/07\/221-V.Kunststoff-1649-1-765x560.jpg 765w, https:\/\/www.printweb.de\/digitaldruck\/wp-content\/uploads\/2013\/07\/221-V.Kunststoff-1649-1-768x563.jpg 768w, https:\/\/www.printweb.de\/digitaldruck\/wp-content\/uploads\/2013\/07\/221-V.Kunststoff-1649-1-669x490.jpg 669w\" sizes=\"(max-width: 597px) 100vw, 597px\" \/><\/a><\/p>\n<p style=\"text-align: center;\"><em>Klick auf&#8217;s Bild f\u00fcr eine h\u00f6here Aufl\u00f6sung.<br \/>\n<\/em><\/p>\n<p style=\"margin-top: 15px; margin-bottom: -5px;\"><a href=\"http:\/\/www.facebook.com\/printweb.de\" target=\"_blank\" class=\"broken_link\"><img decoding=\"async\" title=\"Die Colour Connection auf Facebook\" alt=\"printweb.de auf Facebook\" src=\"https:\/\/www.printweb.de\/digitaldruck\/wp-content\/uploads\/fb-postlogo.png\" \/><\/a> <a href=\"http:\/\/www.twitter.com\/digitaldruck\" target=\"_blank\" class=\"broken_link\"><img decoding=\"async\" title=\"Die Colour Connection auf Twitter\" alt=\"printweb.de auf Twitter\" src=\"https:\/\/www.printweb.de\/digitaldruck\/wp-content\/uploads\/twitter-postlogo.png\" \/> <\/a><\/p>\n","protected":false},"excerpt":{"rendered":"Die Frankfurter Designagentur 3Karat (nicht weit von uns, ebenfalls auf der Hanauer Landstra\u00dfe) hat in eigener Sache diese &#8230; <br><br><a class=\"readmore\" href=\"https:\/\/www.printweb.de\/digitaldruck\/design-mit-outdoor-eignung\/8505\/\">mehr<\/a>","protected":false},"author":2,"featured_media":8506,"comment_status":"open","ping_status":"open","sticky":false,"template":"","format":"standard","meta":{"_acf_changed":false,"footnotes":""},"categories":[1,34,48,54],"tags":[56,57],"class_list":["post-8505","post","type-post","status-publish","format-standard","has-post-thumbnail","hentry","category-alle-beitraege","category-papier-und-bedruckstoffe","category-haptik-highlights","category-digitaler-siebdruck","tag-priplak","tag-priplak-bedrucken"],"acf":[],"yoast_head":"<!-- This site is optimized with the Yoast SEO plugin v23.1 - https:\/\/yoast.com\/wordpress\/plugins\/seo\/ -->\n<title>Design mit Outdoor-Eignung ... | Was Print bewirken kann.<\/title>\n<meta name=\"robots\" content=\"index, follow, max-snippet:-1, max-image-preview:large, max-video-preview:-1\" \/>\n<link rel=\"canonical\" href=\"https:\/\/www.printweb.de\/digitaldruck\/design-mit-outdoor-eignung\/8505\/\" \/>\n<meta property=\"og:locale\" content=\"de_DE\" \/>\n<meta property=\"og:type\" content=\"article\" \/>\n<meta property=\"og:title\" content=\"Design mit Outdoor-Eignung ... | Was Print bewirken kann.\" \/>\n<meta property=\"og:description\" content=\"Die Frankfurter Designagentur 3Karat (nicht weit von uns, ebenfalls auf der Hanauer Landstra\u00dfe) hat in eigener Sache diese ... mehr\" \/>\n<meta property=\"og:url\" content=\"https:\/\/www.printweb.de\/digitaldruck\/design-mit-outdoor-eignung\/8505\/\" \/>\n<meta property=\"og:site_name\" content=\"Was Print bewirken kann.\" \/>\n<meta property=\"article:publisher\" content=\"https:\/\/www.facebook.com\/printweb.de\/\" \/>\n<meta property=\"article:published_time\" content=\"2013-07-29T08:03:25+00:00\" \/>\n<meta property=\"article:modified_time\" content=\"2016-03-04T10:44:29+00:00\" \/>\n<meta property=\"og:image\" content=\"https:\/\/www.printweb.de\/digitaldruck\/wp-content\/uploads\/2013\/07\/221-V.Kunststoff-1655-1-765x490.jpg\" \/>\n\t<meta property=\"og:image:width\" content=\"765\" \/>\n\t<meta property=\"og:image:height\" content=\"490\" \/>\n\t<meta property=\"og:image:type\" content=\"image\/jpeg\" \/>\n<meta name=\"author\" content=\"Ralph Hadem\" \/>\n<meta name=\"twitter:card\" content=\"summary_large_image\" \/>\n<meta name=\"twitter:creator\" content=\"@digitaldruck\" \/>\n<meta name=\"twitter:site\" content=\"@digitaldruck\" \/>\n<meta name=\"twitter:label1\" content=\"Verfasst von\" \/>\n\t<meta name=\"twitter:data1\" content=\"Ralph Hadem\" \/>\n<script type=\"application\/ld+json\" class=\"yoast-schema-graph\">{\"@context\":\"https:\/\/schema.org\",\"@graph\":[{\"@type\":\"Article\",\"@id\":\"https:\/\/www.printweb.de\/digitaldruck\/design-mit-outdoor-eignung\/8505\/#article\",\"isPartOf\":{\"@id\":\"https:\/\/www.printweb.de\/digitaldruck\/design-mit-outdoor-eignung\/8505\/\"},\"author\":{\"name\":\"Ralph Hadem\",\"@id\":\"https:\/\/www.printweb.de\/digitaldruck\/#\/schema\/person\/0e0308818185589fb8602180e9273195\"},\"headline\":\"Design mit Outdoor-Eignung &#8230;\",\"datePublished\":\"2013-07-29T08:03:25+00:00\",\"dateModified\":\"2016-03-04T10:44:29+00:00\",\"mainEntityOfPage\":{\"@id\":\"https:\/\/www.printweb.de\/digitaldruck\/design-mit-outdoor-eignung\/8505\/\"},\"wordCount\":95,\"commentCount\":0,\"publisher\":{\"@id\":\"https:\/\/www.printweb.de\/digitaldruck\/#organization\"},\"image\":{\"@id\":\"https:\/\/www.printweb.de\/digitaldruck\/design-mit-outdoor-eignung\/8505\/#primaryimage\"},\"thumbnailUrl\":\"https:\/\/www.printweb.de\/digitaldruck\/wp-content\/uploads\/2013\/07\/221-V.Kunststoff-1655-1.jpg\",\"keywords\":[\"Priplak\",\"Priplak bedrucken\"],\"articleSection\":[\"Digitaldruck+Veredlung\",\"Papier &amp; Bedruckstoffe\",\"Haptik-Highlights\",\"Digitaler Siebdruck\"],\"inLanguage\":\"de-DE\",\"potentialAction\":[{\"@type\":\"CommentAction\",\"name\":\"Comment\",\"target\":[\"https:\/\/www.printweb.de\/digitaldruck\/design-mit-outdoor-eignung\/8505\/#respond\"]}]},{\"@type\":\"WebPage\",\"@id\":\"https:\/\/www.printweb.de\/digitaldruck\/design-mit-outdoor-eignung\/8505\/\",\"url\":\"https:\/\/www.printweb.de\/digitaldruck\/design-mit-outdoor-eignung\/8505\/\",\"name\":\"Design mit Outdoor-Eignung ... | Was Print bewirken kann.\",\"isPartOf\":{\"@id\":\"https:\/\/www.printweb.de\/digitaldruck\/#website\"},\"primaryImageOfPage\":{\"@id\":\"https:\/\/www.printweb.de\/digitaldruck\/design-mit-outdoor-eignung\/8505\/#primaryimage\"},\"image\":{\"@id\":\"https:\/\/www.printweb.de\/digitaldruck\/design-mit-outdoor-eignung\/8505\/#primaryimage\"},\"thumbnailUrl\":\"https:\/\/www.printweb.de\/digitaldruck\/wp-content\/uploads\/2013\/07\/221-V.Kunststoff-1655-1.jpg\",\"datePublished\":\"2013-07-29T08:03:25+00:00\",\"dateModified\":\"2016-03-04T10:44:29+00:00\",\"inLanguage\":\"de-DE\",\"potentialAction\":[{\"@type\":\"ReadAction\",\"target\":[\"https:\/\/www.printweb.de\/digitaldruck\/design-mit-outdoor-eignung\/8505\/\"]}]},{\"@type\":\"ImageObject\",\"inLanguage\":\"de-DE\",\"@id\":\"https:\/\/www.printweb.de\/digitaldruck\/design-mit-outdoor-eignung\/8505\/#primaryimage\",\"url\":\"https:\/\/www.printweb.de\/digitaldruck\/wp-content\/uploads\/2013\/07\/221-V.Kunststoff-1655-1.jpg\",\"contentUrl\":\"https:\/\/www.printweb.de\/digitaldruck\/wp-content\/uploads\/2013\/07\/221-V.Kunststoff-1655-1.jpg\",\"width\":2362,\"height\":1716},{\"@type\":\"WebSite\",\"@id\":\"https:\/\/www.printweb.de\/digitaldruck\/#website\",\"url\":\"https:\/\/www.printweb.de\/digitaldruck\/\",\"name\":\"Was Print bewirken kann.\",\"description\":\"Was Print bewirken kann \u2013 1700 Ideen.\",\"publisher\":{\"@id\":\"https:\/\/www.printweb.de\/digitaldruck\/#organization\"},\"potentialAction\":[{\"@type\":\"SearchAction\",\"target\":{\"@type\":\"EntryPoint\",\"urlTemplate\":\"https:\/\/www.printweb.de\/digitaldruck\/?s={search_term_string}\"},\"query-input\":\"required name=search_term_string\"}],\"inLanguage\":\"de-DE\"},{\"@type\":\"Organization\",\"@id\":\"https:\/\/www.printweb.de\/digitaldruck\/#organization\",\"name\":\"Colour Connection GmbH, printweb.de, Frankfurt am Main\",\"url\":\"https:\/\/www.printweb.de\/digitaldruck\/\",\"logo\":{\"@type\":\"ImageObject\",\"inLanguage\":\"de-DE\",\"@id\":\"https:\/\/www.printweb.de\/digitaldruck\/#\/schema\/logo\/image\/\",\"url\":\"https:\/\/www.printweb.de\/digitaldruck\/wp-content\/uploads\/2019\/11\/colour-connectio-printweb-logo.jpg\",\"contentUrl\":\"https:\/\/www.printweb.de\/digitaldruck\/wp-content\/uploads\/2019\/11\/colour-connectio-printweb-logo.jpg\",\"width\":1014,\"height\":229,\"caption\":\"Colour Connection GmbH, printweb.de, Frankfurt am Main\"},\"image\":{\"@id\":\"https:\/\/www.printweb.de\/digitaldruck\/#\/schema\/logo\/image\/\"},\"sameAs\":[\"https:\/\/www.facebook.com\/printweb.de\/\",\"https:\/\/x.com\/digitaldruck\",\"https:\/\/www.instagram.com\/printweb.de\/\",\"https:\/\/www.youtube.com\/user\/Digitaldruckerei\"]},{\"@type\":\"Person\",\"@id\":\"https:\/\/www.printweb.de\/digitaldruck\/#\/schema\/person\/0e0308818185589fb8602180e9273195\",\"name\":\"Ralph Hadem\",\"image\":{\"@type\":\"ImageObject\",\"inLanguage\":\"de-DE\",\"@id\":\"https:\/\/www.printweb.de\/digitaldruck\/#\/schema\/person\/image\/\",\"url\":\"https:\/\/secure.gravatar.com\/avatar\/386b1b183dce310c5ac8a8f475fdecd8?s=96&d=blank&r=g\",\"contentUrl\":\"https:\/\/secure.gravatar.com\/avatar\/386b1b183dce310c5ac8a8f475fdecd8?s=96&d=blank&r=g\",\"caption\":\"Ralph Hadem\"},\"sameAs\":[\"https:\/\/www.printweb.de\"],\"url\":\"https:\/\/www.printweb.de\/digitaldruck\/author\/ralphhadem\/\"}]}<\/script>\n<!-- \/ Yoast SEO plugin. -->","yoast_head_json":{"title":"Design mit Outdoor-Eignung ... | Was Print bewirken kann.","robots":{"index":"index","follow":"follow","max-snippet":"max-snippet:-1","max-image-preview":"max-image-preview:large","max-video-preview":"max-video-preview:-1"},"canonical":"https:\/\/www.printweb.de\/digitaldruck\/design-mit-outdoor-eignung\/8505\/","og_locale":"de_DE","og_type":"article","og_title":"Design mit Outdoor-Eignung ... | Was Print bewirken kann.","og_description":"Die Frankfurter Designagentur 3Karat (nicht weit von uns, ebenfalls auf der Hanauer Landstra\u00dfe) hat in eigener Sache diese ... mehr","og_url":"https:\/\/www.printweb.de\/digitaldruck\/design-mit-outdoor-eignung\/8505\/","og_site_name":"Was Print bewirken kann.","article_publisher":"https:\/\/www.facebook.com\/printweb.de\/","article_published_time":"2013-07-29T08:03:25+00:00","article_modified_time":"2016-03-04T10:44:29+00:00","og_image":[{"width":765,"height":490,"url":"https:\/\/www.printweb.de\/digitaldruck\/wp-content\/uploads\/2013\/07\/221-V.Kunststoff-1655-1-765x490.jpg","type":"image\/jpeg"}],"author":"Ralph Hadem","twitter_card":"summary_large_image","twitter_creator":"@digitaldruck","twitter_site":"@digitaldruck","twitter_misc":{"Verfasst von":"Ralph Hadem"},"schema":{"@context":"https:\/\/schema.org","@graph":[{"@type":"Article","@id":"https:\/\/www.printweb.de\/digitaldruck\/design-mit-outdoor-eignung\/8505\/#article","isPartOf":{"@id":"https:\/\/www.printweb.de\/digitaldruck\/design-mit-outdoor-eignung\/8505\/"},"author":{"name":"Ralph Hadem","@id":"https:\/\/www.printweb.de\/digitaldruck\/#\/schema\/person\/0e0308818185589fb8602180e9273195"},"headline":"Design mit Outdoor-Eignung &#8230;","datePublished":"2013-07-29T08:03:25+00:00","dateModified":"2016-03-04T10:44:29+00:00","mainEntityOfPage":{"@id":"https:\/\/www.printweb.de\/digitaldruck\/design-mit-outdoor-eignung\/8505\/"},"wordCount":95,"commentCount":0,"publisher":{"@id":"https:\/\/www.printweb.de\/digitaldruck\/#organization"},"image":{"@id":"https:\/\/www.printweb.de\/digitaldruck\/design-mit-outdoor-eignung\/8505\/#primaryimage"},"thumbnailUrl":"https:\/\/www.printweb.de\/digitaldruck\/wp-content\/uploads\/2013\/07\/221-V.Kunststoff-1655-1.jpg","keywords":["Priplak","Priplak bedrucken"],"articleSection":["Digitaldruck+Veredlung","Papier &amp; Bedruckstoffe","Haptik-Highlights","Digitaler Siebdruck"],"inLanguage":"de-DE","potentialAction":[{"@type":"CommentAction","name":"Comment","target":["https:\/\/www.printweb.de\/digitaldruck\/design-mit-outdoor-eignung\/8505\/#respond"]}]},{"@type":"WebPage","@id":"https:\/\/www.printweb.de\/digitaldruck\/design-mit-outdoor-eignung\/8505\/","url":"https:\/\/www.printweb.de\/digitaldruck\/design-mit-outdoor-eignung\/8505\/","name":"Design mit Outdoor-Eignung ... | Was Print bewirken kann.","isPartOf":{"@id":"https:\/\/www.printweb.de\/digitaldruck\/#website"},"primaryImageOfPage":{"@id":"https:\/\/www.printweb.de\/digitaldruck\/design-mit-outdoor-eignung\/8505\/#primaryimage"},"image":{"@id":"https:\/\/www.printweb.de\/digitaldruck\/design-mit-outdoor-eignung\/8505\/#primaryimage"},"thumbnailUrl":"https:\/\/www.printweb.de\/digitaldruck\/wp-content\/uploads\/2013\/07\/221-V.Kunststoff-1655-1.jpg","datePublished":"2013-07-29T08:03:25+00:00","dateModified":"2016-03-04T10:44:29+00:00","inLanguage":"de-DE","potentialAction":[{"@type":"ReadAction","target":["https:\/\/www.printweb.de\/digitaldruck\/design-mit-outdoor-eignung\/8505\/"]}]},{"@type":"ImageObject","inLanguage":"de-DE","@id":"https:\/\/www.printweb.de\/digitaldruck\/design-mit-outdoor-eignung\/8505\/#primaryimage","url":"https:\/\/www.printweb.de\/digitaldruck\/wp-content\/uploads\/2013\/07\/221-V.Kunststoff-1655-1.jpg","contentUrl":"https:\/\/www.printweb.de\/digitaldruck\/wp-content\/uploads\/2013\/07\/221-V.Kunststoff-1655-1.jpg","width":2362,"height":1716},{"@type":"WebSite","@id":"https:\/\/www.printweb.de\/digitaldruck\/#website","url":"https:\/\/www.printweb.de\/digitaldruck\/","name":"Was Print bewirken kann.","description":"Was Print bewirken kann \u2013 1700 Ideen.","publisher":{"@id":"https:\/\/www.printweb.de\/digitaldruck\/#organization"},"potentialAction":[{"@type":"SearchAction","target":{"@type":"EntryPoint","urlTemplate":"https:\/\/www.printweb.de\/digitaldruck\/?s={search_term_string}"},"query-input":"required name=search_term_string"}],"inLanguage":"de-DE"},{"@type":"Organization","@id":"https:\/\/www.printweb.de\/digitaldruck\/#organization","name":"Colour Connection GmbH, printweb.de, Frankfurt am Main","url":"https:\/\/www.printweb.de\/digitaldruck\/","logo":{"@type":"ImageObject","inLanguage":"de-DE","@id":"https:\/\/www.printweb.de\/digitaldruck\/#\/schema\/logo\/image\/","url":"https:\/\/www.printweb.de\/digitaldruck\/wp-content\/uploads\/2019\/11\/colour-connectio-printweb-logo.jpg","contentUrl":"https:\/\/www.printweb.de\/digitaldruck\/wp-content\/uploads\/2019\/11\/colour-connectio-printweb-logo.jpg","width":1014,"height":229,"caption":"Colour Connection GmbH, printweb.de, Frankfurt am Main"},"image":{"@id":"https:\/\/www.printweb.de\/digitaldruck\/#\/schema\/logo\/image\/"},"sameAs":["https:\/\/www.facebook.com\/printweb.de\/","https:\/\/x.com\/digitaldruck","https:\/\/www.instagram.com\/printweb.de\/","https:\/\/www.youtube.com\/user\/Digitaldruckerei"]},{"@type":"Person","@id":"https:\/\/www.printweb.de\/digitaldruck\/#\/schema\/person\/0e0308818185589fb8602180e9273195","name":"Ralph Hadem","image":{"@type":"ImageObject","inLanguage":"de-DE","@id":"https:\/\/www.printweb.de\/digitaldruck\/#\/schema\/person\/image\/","url":"https:\/\/secure.gravatar.com\/avatar\/386b1b183dce310c5ac8a8f475fdecd8?s=96&d=blank&r=g","contentUrl":"https:\/\/secure.gravatar.com\/avatar\/386b1b183dce310c5ac8a8f475fdecd8?s=96&d=blank&r=g","caption":"Ralph Hadem"},"sameAs":["https:\/\/www.printweb.de"],"url":"https:\/\/www.printweb.de\/digitaldruck\/author\/ralphhadem\/"}]}},"_links":{"self":[{"href":"https:\/\/www.printweb.de\/digitaldruck\/wp-json\/wp\/v2\/posts\/8505"}],"collection":[{"href":"https:\/\/www.printweb.de\/digitaldruck\/wp-json\/wp\/v2\/posts"}],"about":[{"href":"https:\/\/www.printweb.de\/digitaldruck\/wp-json\/wp\/v2\/types\/post"}],"author":[{"embeddable":true,"href":"https:\/\/www.printweb.de\/digitaldruck\/wp-json\/wp\/v2\/users\/2"}],"replies":[{"embeddable":true,"href":"https:\/\/www.printweb.de\/digitaldruck\/wp-json\/wp\/v2\/comments?post=8505"}],"version-history":[{"count":7,"href":"https:\/\/www.printweb.de\/digitaldruck\/wp-json\/wp\/v2\/posts\/8505\/revisions"}],"predecessor-version":[{"id":12562,"href":"https:\/\/www.printweb.de\/digitaldruck\/wp-json\/wp\/v2\/posts\/8505\/revisions\/12562"}],"wp:featuredmedia":[{"embeddable":true,"href":"https:\/\/www.printweb.de\/digitaldruck\/wp-json\/wp\/v2\/media\/8506"}],"wp:attachment":[{"href":"https:\/\/www.printweb.de\/digitaldruck\/wp-json\/wp\/v2\/media?parent=8505"}],"wp:term":[{"taxonomy":"category","embeddable":true,"href":"https:\/\/www.printweb.de\/digitaldruck\/wp-json\/wp\/v2\/categories?post=8505"},{"taxonomy":"post_tag","embeddable":true,"href":"https:\/\/www.printweb.de\/digitaldruck\/wp-json\/wp\/v2\/tags?post=8505"}],"curies":[{"name":"wp","href":"https:\/\/api.w.org\/{rel}","templated":true}]}}